
{"id":9890,"date":"2021-09-16T14:09:04","date_gmt":"2021-09-16T14:09:04","guid":{"rendered":"https:\/\/www.casasrurales.net\/blog\/?p=9890"},"modified":"2021-09-16T14:09:04","modified_gmt":"2021-09-16T14:09:04","slug":"5-excursiones-imprescindibles-en-lleida","status":"publish","type":"post","link":"https:\/\/www.casasrurales.net\/blog\/5-excursiones-imprescindibles-en-lleida","title":{"rendered":"5 excursiones imprescindibles en Lleida"},"content":{"rendered":"\n<p><strong>Lleida <\/strong>es una provincia que guarda aut\u00e9nticos <strong>paisajes sobrecogedores <\/strong>por su belleza, desde los pintorescos pueblecitos que plagan su geograf\u00eda, hasta los espectaculares parajes de monta\u00f1a en Los Pirineos.<\/p>\n\n\n\n<p>Es por ello, que hemos decidido recopilar algunas de las <strong>mejores rutas y excursiones <\/strong>para conocer a golpe de zapatilla -aunque sin ser la \u00fanica manera- y llevarte, a la vuelta de tus vacaciones, un <strong>memorable recuerdo<\/strong> que compartir con los tuyos.<\/p>\n\n\n\n<p>Toma nota, porque <strong><em>\u00a1empezamos nuestra selecta lista de <a href=\"https:\/\/www.casasrurales.net\/casas-rurales\/lleida\" data-type=\"URL\" data-id=\"https:\/\/www.casasrurales.net\/casas-rurales\/lleida\" target=\"_blank\" rel=\"noreferrer noopener\">excursiones en Lleida<\/a>!<\/em><\/strong><\/p>\n\n\n\n<p><\/p>\n\n\n\n<h2><strong>PARQUE NACIONAL DE AIG\u00dcESTORTES<\/strong><\/h2>\n\n\n\n<figure class=\"wp-block-image size-large\"><img width=\"800\" height=\"531\" src=\"https:\/\/cdn1.es.casasrurales.net\/blog\/wp-content\/emp\/blogcasas\/2021\/09\/Enric-Rubio-Ros-FLICKR-1.jpg\" alt=\"\" class=\"wp-image-9892\" srcset=\"https:\/\/cdn1.es.casasrurales.net\/blog\/wp-content\/emp\/blogcasas\/2021\/09\/Enric-Rubio-Ros-FLICKR-1.jpg 800w, https:\/\/cdn1.es.casasrurales.net\/blog\/wp-content\/emp\/blogcasas\/2021\/09\/Enric-Rubio-Ros-FLICKR-1-300x199.jpg 300w, https:\/\/cdn1.es.casasrurales.net\/blog\/wp-content\/emp\/blogcasas\/2021\/09\/Enric-Rubio-Ros-FLICKR-1-768x510.jpg 768w, https:\/\/cdn1.es.casasrurales.net\/blog\/wp-content\/emp\/blogcasas\/2021\/09\/Enric-Rubio-Ros-FLICKR-1-320x213.jpg 320w\" sizes=\"(max-width: 800px) 100vw, 800px\" \/><\/figure>\n\n\n\n<p>Para quienes buscan un <strong>para\u00edso en la naturaleza,<\/strong> este es, podemos decir, que es el sitio m\u00e1s indicado.<\/p>\n\n\n\n<p>Y es que el paisaje que vas a encontrar es de <strong>una belleza indiscutible<\/strong>, donde meandros, riscos y lagos, junto con una frondosa <strong>vegetaci\u00f3n de intenso verde<\/strong>, ofrecen un espect\u00e1culo para la vista.<\/p>\n\n\n\n<p>Una de las <strong>rutas m\u00e1s famosas <\/strong>es la que discurre por el<strong> Valle de Bo\u00ed, <\/strong>muy pr\u00f3xima a Los Pirineos, donde la mano del hombre es visible a trav\u00e9s del conjunto de <strong>arte rom\u00e1nico <\/strong>del que forman parte iglesias como las de <strong>Sant Climent o Santa Eul\u00e0lia de Erill,<\/strong> por poner algunos ejemplos, y que est\u00e1n declarados <strong>Patrimonio de la Humanidad<\/strong> desde el a\u00f1o 2000.<\/p>\n\n\n\n<p>Si nos fijamos exclusivamente en el paisaje natural, estas son <strong>algunos de los recorridos<\/strong> que mejores vistas te ofrecen de este incre\u00edble espacio natural:<\/p>\n\n\n\n<ul><li><strong>Ruta del Valle de Espot o del r\u00edo Escrita<\/strong>, en la que se puede contemplar uno de los emblemas del parque, como es la monta\u00f1a de Els Encantats.<\/li><li>El <strong>Estany de Sant Maurici<\/strong>, es otro de los s\u00edmbolos del parque, ofreciendo uno de los paisajes m\u00e1s bonitos que puedas imaginar.<\/li><li><strong>Ruta Ribera Aiguam\u00f2g<\/strong>, que se adentra en el Valle de Ar\u00e1n.<\/li><\/ul>\n\n\n\n<p><\/p>\n\n\n\n<h2><strong>TREN DE LOS LAGOS<\/strong><\/h2>\n\n\n\n<figure class=\"wp-block-image size-large\"><img width=\"799\" height=\"533\" src=\"https:\/\/cdn1.es.casasrurales.net\/blog\/wp-content\/emp\/blogcasas\/2021\/09\/Daniel-Luis-Gomez-Adenis-FLICKR.jpg\" alt=\"\" class=\"wp-image-9893\" srcset=\"https:\/\/cdn1.es.casasrurales.net\/blog\/wp-content\/emp\/blogcasas\/2021\/09\/Daniel-Luis-Gomez-Adenis-FLICKR.jpg 799w, https:\/\/cdn1.es.casasrurales.net\/blog\/wp-content\/emp\/blogcasas\/2021\/09\/Daniel-Luis-Gomez-Adenis-FLICKR-300x200.jpg 300w, https:\/\/cdn1.es.casasrurales.net\/blog\/wp-content\/emp\/blogcasas\/2021\/09\/Daniel-Luis-Gomez-Adenis-FLICKR-768x512.jpg 768w, https:\/\/cdn1.es.casasrurales.net\/blog\/wp-content\/emp\/blogcasas\/2021\/09\/Daniel-Luis-Gomez-Adenis-FLICKR-320x213.jpg 320w\" sizes=\"(max-width: 799px) 100vw, 799px\" \/><\/figure>\n\n\n\n<p>Si lo que te apetece es disfrutar del paisaje <strong>sin mucho esfuerzo<\/strong>, esta es una de las mejores excursiones que vas a poder hacer, y especialmente recomendada si se viaja con los m\u00e1s peque\u00f1os.<\/p>\n\n\n\n<p>La ruta parte <strong>desde la estaci\u00f3n de trenes de Lleida Pirineus<\/strong>, en la capital de la provincia, haciendo el recorrido<strong> hasta Pobla de Segur. <\/strong>Hay dos opciones: una de ellas es hacerlo mediante un<strong> <\/strong>tren regular, y la segunda, la m\u00e1s interesante, es con un<strong> tren hist\u00f3rico <\/strong>que da mucho m\u00e1s encanto al viaje -eso s\u00ed, hay que tener en cuenta que este tren solo parte los <strong>s\u00e1bados <\/strong>desde abril hasta octubre-.<\/p>\n\n\n\n<p>El gran atractivo de esta excursi\u00f3n es, adem\u00e1s de la experiencia de<strong> viajar en un tren antiguo<\/strong>, son los paisajes que recorre, <strong>atravesando zonas de valle<\/strong> salpicadas por r\u00edos y lagos, con las monta\u00f1as pirenaicas como tel\u00f3n de fondo.<\/p>\n\n\n\n<p>Adem\u00e1s, al contar con <strong>m\u00faltiples paradas<\/strong>, podr\u00e1s descubrir el encanto de algunos pueblecitos leridanos como <strong>Balaguer<\/strong>, hasta llegar al destino, Pobla de Segur, una localidad donde adentrarte en el casco hist\u00f3rico y conocer su Conjunto Modernista de edificios o el <strong>Museo de Raiers.<\/strong><\/p>\n\n\n\n<p>El tren tiene programada su vuelta el mismo d\u00eda, pero existe la posibilidad de <strong>hacer noche en el mismo pueblo<\/strong> para una experiencia m\u00e1s completa.<\/p>\n\n\n\n<p><\/p>\n\n\n\n<h2><strong>RUTA DEL CASTILLO DE VAL\u00c8NCIA D\u2019\u00c0NEU<\/strong><\/h2>\n\n\n\n<figure class=\"wp-block-image size-large\"><img width=\"800\" height=\"531\" src=\"https:\/\/cdn1.es.casasrurales.net\/blog\/wp-content\/emp\/blogcasas\/2021\/09\/Diego-Silva-Galan-FLICKR.jpg\" alt=\"\" class=\"wp-image-9896\" srcset=\"https:\/\/cdn1.es.casasrurales.net\/blog\/wp-content\/emp\/blogcasas\/2021\/09\/Diego-Silva-Galan-FLICKR.jpg 800w, https:\/\/cdn1.es.casasrurales.net\/blog\/wp-content\/emp\/blogcasas\/2021\/09\/Diego-Silva-Galan-FLICKR-300x199.jpg 300w, https:\/\/cdn1.es.casasrurales.net\/blog\/wp-content\/emp\/blogcasas\/2021\/09\/Diego-Silva-Galan-FLICKR-768x510.jpg 768w, https:\/\/cdn1.es.casasrurales.net\/blog\/wp-content\/emp\/blogcasas\/2021\/09\/Diego-Silva-Galan-FLICKR-320x213.jpg 320w\" sizes=\"(max-width: 800px) 100vw, 800px\" \/><\/figure>\n\n\n\n<p>La <strong>comarca de Pallars Sobir\u00e1<\/strong> es uno de los territorios hist\u00f3ricos m\u00e1s importantes de la provincia, y es precisamente donde se encuentra nuestro castillo, o, m\u00e1s bien, lo que queda de \u00e9l.<\/p>\n\n\n\n<p>A <strong>poca distancia de Val\u00e8ncia d\u2019\u00c0neu <\/strong>es donde se encuentra su ubicaci\u00f3n, sobre un promontorio elevado desde el que se observan unas vistas impresionantes, y las <strong>ruinas <\/strong>no se quedan atr\u00e1s, pues dan buena muestra de la imponente construcci\u00f3n castrense que fue, m\u00e1s los restos de la villa medieval <strong>originarios del siglo X <\/strong>aproximadamente.<\/p>\n\n\n\n<p>La ruta que nos conduce desde el pueblo hasta el enclave del castillo <strong>no es demasiado complicada<\/strong>, pero al ser un <strong>camino pedregoso,<\/strong> hay que poner especial atenci\u00f3n, sobre todo si en la excursi\u00f3n van ni\u00f1os.<\/p>\n\n\n\n<p>Para completar la excursi\u00f3n se puede hacer un recorrido por el pueblo, donde se puede visitar la <strong>iglesia rom\u00e1nica de San Andr\u00e9s<\/strong> o la antigua <strong>Capilla de San Cosme<\/strong>, as\u00ed como la parroquia del<strong> Castillo de Val\u00e8ncia d\u2019\u00c0neu, <\/strong>ubicada a las afueras del casco urbano, en el punto m\u00e1s alto de la localidad.<\/p>\n\n\n\n<p><\/p>\n\n\n\n<h2><strong>RUTA DE LAS NUTRIAS<\/strong><\/h2>\n\n\n\n<figure class=\"wp-block-image size-large\"><img width=\"800\" height=\"600\" src=\"https:\/\/cdn1.es.casasrurales.net\/blog\/wp-content\/emp\/blogcasas\/2021\/09\/Medi-Ambient.-Generalitat-de-Catalunya-FLICKR.jpg\" alt=\"\" class=\"wp-image-9894\" srcset=\"https:\/\/cdn1.es.casasrurales.net\/blog\/wp-content\/emp\/blogcasas\/2021\/09\/Medi-Ambient.-Generalitat-de-Catalunya-FLICKR.jpg 800w, https:\/\/cdn1.es.casasrurales.net\/blog\/wp-content\/emp\/blogcasas\/2021\/09\/Medi-Ambient.-Generalitat-de-Catalunya-FLICKR-300x225.jpg 300w, https:\/\/cdn1.es.casasrurales.net\/blog\/wp-content\/emp\/blogcasas\/2021\/09\/Medi-Ambient.-Generalitat-de-Catalunya-FLICKR-768x576.jpg 768w, https:\/\/cdn1.es.casasrurales.net\/blog\/wp-content\/emp\/blogcasas\/2021\/09\/Medi-Ambient.-Generalitat-de-Catalunya-FLICKR-156x117.jpg 156w\" sizes=\"(max-width: 800px) 100vw, 800px\" \/><\/figure>\n\n\n\n<p>Volviendo a la naturaleza, nos trasladamos de nuevo al<strong> Parque Natural de Aig\u00fcestortes<\/strong>, ya que queremos hacer especial menci\u00f3n a esta ruta, en la que<strong> los peque\u00f1os podr\u00e1n disfrutar <\/strong>de una experiencia did\u00e1ctica sobre el mundo natural.<\/p>\n\n\n\n<p>El recorrido da<strong> comienzo desde Bo\u00ec<\/strong>, en el aparcamiento de Palanca de la Molina, lugar donde dejaremos el veh\u00edculo por unas horas, ya que su duraci\u00f3n es de<strong> unas dos horas.<\/strong><\/p>\n\n\n\n<p>Toda la senda va <strong>pegada al margen del r\u00edo de Sant Nicolau<\/strong>, lugar en el que habitan las nutrias que dan nombre a esta ruta, pasando por los asombrosos <strong>paisajes del Estany de Llebreta<\/strong>, la <strong>Cascada de Sant Esperit<\/strong> o el <strong>Planell d\u2019Aig\u00fcestortes.<\/strong><\/p>\n\n\n\n<p>Para completar la visita, a unos 25 minutos del aparcamiento donde empezamos el recorrido, se puede visitar el <strong>Centro de Fauna del Pont de Suert,<\/strong> donde tanto mayores como peque\u00f1os, pueden conocer los esfuerzos de conservaci\u00f3n y concienciaci\u00f3n para mantener el <strong>h\u00e1bitat de las nutrias<\/strong> y otras especies animales que pueblan este precioso paisaje natural.<\/p>\n\n\n\n<p><\/p>\n\n\n\n<h2><strong>RUTA LLEIDA SECRETA<\/strong><\/h2>\n\n\n\n<figure class=\"wp-block-image size-large\"><img width=\"799\" height=\"533\" src=\"https:\/\/cdn1.es.casasrurales.net\/blog\/wp-content\/emp\/blogcasas\/2021\/09\/Jorge-Franganillo-FLICKR.jpg\" alt=\"\" class=\"wp-image-9895\" srcset=\"https:\/\/cdn1.es.casasrurales.net\/blog\/wp-content\/emp\/blogcasas\/2021\/09\/Jorge-Franganillo-FLICKR.jpg 799w, https:\/\/cdn1.es.casasrurales.net\/blog\/wp-content\/emp\/blogcasas\/2021\/09\/Jorge-Franganillo-FLICKR-300x200.jpg 300w, https:\/\/cdn1.es.casasrurales.net\/blog\/wp-content\/emp\/blogcasas\/2021\/09\/Jorge-Franganillo-FLICKR-768x512.jpg 768w, https:\/\/cdn1.es.casasrurales.net\/blog\/wp-content\/emp\/blogcasas\/2021\/09\/Jorge-Franganillo-FLICKR-320x213.jpg 320w\" sizes=\"(max-width: 799px) 100vw, 799px\" \/><\/figure>\n\n\n\n<p>En este caso, <strong>viajamos hasta la ciudad de Lleida<\/strong>, para descubrir, a trav\u00e9s de esta ruta, los rincones de la localidad que albergan vestigios de la <strong>\u00e9poca romana y medieval<\/strong> que dieron origen a la ciudad.<\/p>\n\n\n\n<p>Desde el <strong>Palacio de la Paeria,<\/strong> nos paramos en los <strong>restos de un edificio romano<\/strong> en el que se hallaron diversos objetos datados en el siglo V d.C., as\u00ed como disfrutar de la impresionante vista de los<strong> ba\u00f1os andalus\u00edes <\/strong>de los cuales ya se ten\u00eda constancia en los siglos IX y X.<\/p>\n\n\n\n<p>En la<strong> calle Anselm Clav\u00e9,<\/strong> a la altura del n\u00famero 47, nos detenemos para contemplar los <strong>restos de la muralla medieval<\/strong> andalus\u00ed, de la misma \u00e9poca que los ba\u00f1os, as\u00ed como la parte feudal, que se adentra entre los siglos XII y XIV.<\/p>\n\n\n\n<p>No muy lejos, alcanzamos el <strong>Auditorio Municipal Enric Granados, <\/strong>en cuyos subterr\u00e1neos encontramos varios niveles pertenecientes a diferentes \u00e9pocas.<\/p>\n\n\n\n<p>Por una parte, tenemos la tardo ib\u00e9rica o la romana republicana, datadas en los <strong>siglos II y I a.C.<\/strong> Despu\u00e9s encontramos otro nivel datado en la \u00e9poca romano imperial (I y II d. de C.), y otro del per\u00edodo tardo romano del siglo III al X d.C.<\/p>\n\n\n\n<p>Adentr\u00e1ndonos en el per\u00edodo medieval, un nivel pertenece a la <strong>\u00e9poca andalus\u00ed<\/strong> del siglo X &#8211; XII, otro, de los siglos XII al XV perteneciente al per\u00edodo cristiano y, por \u00faltimo, el per\u00edodo moderno en los siglos XV al XVIII.<\/p>\n\n\n\n<p>Nuestro recorrido acaba en la<strong> Iglesia de Sant Joan <\/strong>que, en su interior, esconde los restos medievales que van del per\u00edodo comprendido entre los <strong>siglos XII al XVIII, <\/strong>en el que destaca el antiguo \u00e1bside.<\/p>\n","protected":false},"excerpt":{"rendered":"<p>Lleida es una provincia que guarda aut\u00e9nticos paisajes sobrecogedores por su belleza, desde los pintorescos pueblecitos que plagan su geograf\u00eda, hasta los espectaculares parajes de monta\u00f1a en Los Pirineos. Es por ello, que hemos decidido recopilar algunas de las mejores&hellip; <br \/><a class=\"read-more-button\" href=\"https:\/\/www.casasrurales.net\/blog\/5-excursiones-imprescindibles-en-lleida\">Leer m\u00e1s<\/a><\/p>\n","protected":false},"author":9,"featured_media":9897,"comment_status":"open","ping_status":"open","sticky":false,"template":"","format":"standard","meta":[],"categories":[12],"tags":[50],"_links":{"self":[{"href":"https:\/\/www.casasrurales.net\/blog\/wp-json\/wp\/v2\/posts\/9890"}],"collection":[{"href":"https:\/\/www.casasrurales.net\/blog\/wp-json\/wp\/v2\/posts"}],"about":[{"href":"https:\/\/www.casasrurales.net\/blog\/wp-json\/wp\/v2\/types\/post"}],"author":[{"embeddable":true,"href":"https:\/\/www.casasrurales.net\/blog\/wp-json\/wp\/v2\/users\/9"}],"replies":[{"embeddable":true,"href":"https:\/\/www.casasrurales.net\/blog\/wp-json\/wp\/v2\/comments?post=9890"}],"version-history":[{"count":2,"href":"https:\/\/www.casasrurales.net\/blog\/wp-json\/wp\/v2\/posts\/9890\/revisions"}],"predecessor-version":[{"id":9898,"href":"https:\/\/www.casasrurales.net\/blog\/wp-json\/wp\/v2\/posts\/9890\/revisions\/9898"}],"wp:featuredmedia":[{"embeddable":true,"href":"https:\/\/www.casasrurales.net\/blog\/wp-json\/wp\/v2\/media\/9897"}],"wp:attachment":[{"href":"https:\/\/www.casasrurales.net\/blog\/wp-json\/wp\/v2\/media?parent=9890"}],"wp:term":[{"taxonomy":"category","embeddable":true,"href":"https:\/\/www.casasrurales.net\/blog\/wp-json\/wp\/v2\/categories?post=9890"},{"taxonomy":"post_tag","embeddable":true,"href":"https:\/\/www.casasrurales.net\/blog\/wp-json\/wp\/v2\/tags?post=9890"}],"curies":[{"name":"wp","href":"https:\/\/api.w.org\/{rel}","templated":true}]}}