
{"id":9652,"date":"2024-07-01T11:12:32","date_gmt":"2024-07-01T11:12:32","guid":{"rendered":"https:\/\/www.casasrurales.net\/blog\/?p=9652"},"modified":"2024-07-01T11:12:32","modified_gmt":"2024-07-01T11:12:32","slug":"brihuega-y-los-campos-de-lavanda-infinitos","status":"publish","type":"post","link":"https:\/\/www.casasrurales.net\/blog\/brihuega-y-los-campos-de-lavanda-infinitos","title":{"rendered":"Brihuega y los campos de lavanda infinitos"},"content":{"rendered":"\n<p>La <strong>lavanda<\/strong>, como <strong>planta medicinal <\/strong>por excelencia, guarda un sinf\u00edn de propiedades, especialmente en cosm\u00e9tica, pero que van incluso m\u00e1s all\u00e1, puesto que se puede utilizar su aroma como relajante, adem\u00e1s de ser un <strong>potente antis\u00e9ptico <\/strong>natural, entre otros beneficios.<\/p>\n\n\n\n<p>Quien est\u00e1 familiarizado con la lavanda, tiene en la mente esas preciosas y <strong>buc\u00f3licas fotograf\u00edas <\/strong>de los extensos campos de lavanda en la Provenza francesa que ti\u00f1en el paisaje de<strong> tonos viol\u00e1ceos<\/strong>, pero, aunque Francia es uno de los mayores productores de lavanda, nuestro pa\u00eds no se queda atr\u00e1s\u2026<\/p>\n\n\n\n<p><em>\u00bfSab\u00edas que en plena <strong>Alcarria <\/strong>hay campos de lavanda? <\/em>Pues aunque pueda ser dif\u00edcil de creer, es as\u00ed, y, en concreto, la <strong><a href=\"https:\/\/www.casasrurales.net\/casas-rurales\/guadalajara\/brihuega\" data-type=\"URL\" data-id=\"https:\/\/www.casasrurales.net\/casas-rurales\/guadalajara\/brihuega\" target=\"_blank\" rel=\"noreferrer noopener\">poblaci\u00f3n de Brihuega<\/a><\/strong> (<strong>Guadalajara<\/strong>) es la que se lleva el m\u00e9rito, con aproximadamente <strong>1.000 hect\u00e1reas, <\/strong>representando el <strong>10% de la producci\u00f3n mundial<\/strong>. Este es el motivo de que algunos la llamen<em><strong> La Provenza espa\u00f1ola. <\/strong><\/em>\u00bfQui\u00e9n lo dir\u00eda, verdad?<\/p>\n\n\n\n<p>Acomp\u00e1\u00f1anos a descubrir el aroma de la lavanda y\u2026 <em><strong>\u00a1d\u00e9jate sorprender por una postal de ensue\u00f1o!<\/strong><\/em><\/p>\n\n\n\n<p><\/p>\n\n\n\n<h2><strong><em>\u00bfQU\u00c9 \u00c9POCA ES LA MEJOR PARA VER LA FLORACI\u00d3N?<\/em><\/strong><\/h2>\n\n\n\n<figure class=\"wp-block-image size-large\"><img width=\"720\" height=\"481\" src=\"https:\/\/cdn1.es.casasrurales.net\/blog\/wp-content\/emp\/blogcasas\/2021\/07\/Teresa-Lomas-FLICKR.jpg\" alt=\"\" class=\"wp-image-9654\" srcset=\"https:\/\/cdn1.es.casasrurales.net\/blog\/wp-content\/emp\/blogcasas\/2021\/07\/Teresa-Lomas-FLICKR.jpg 720w, https:\/\/cdn1.es.casasrurales.net\/blog\/wp-content\/emp\/blogcasas\/2021\/07\/Teresa-Lomas-FLICKR-300x200.jpg 300w, https:\/\/cdn1.es.casasrurales.net\/blog\/wp-content\/emp\/blogcasas\/2021\/07\/Teresa-Lomas-FLICKR-320x213.jpg 320w\" sizes=\"(max-width: 720px) 100vw, 720px\" \/><\/figure>\n\n\n\n<p>Cualquier \u00e9poca del a\u00f1o es buena para visitar la Alcarria, pero si lo que te apetece es disfrutar de un<strong> paisaje \u00fanico<\/strong> donde el<strong> color morado <\/strong>se extienda all\u00e1 donde pongas la vista, entonces tendr\u00e1s que planear tu visita <strong>en verano.<\/strong><\/p>\n\n\n\n<p>Y es que, el momento preciso para contemplar la floraci\u00f3n de la lavanda es en el <strong>mes de julio, <\/strong>y, aunque es probable que pases calor, la recompensa bien merece la pena, no solo por la imagen, sino por el <strong>intenso aroma <\/strong>que desprenden las largas y perfectas <strong>hileras de lavanda.<\/strong><\/p>\n\n\n\n<p>Adem\u00e1s, si te interesa conocer cada aspecto de <strong>c\u00f3mo se cultiva y se fabrica el aceite<\/strong> esencial de lavanda, las visitas guiadas que se organizan <strong>de viernes a domingo<\/strong> te ser\u00e1n de gran utilidad.<\/p>\n\n\n\n<p><\/p>\n\n\n\n<h2><strong>FESTIVAL DE LA LAVANDA<\/strong><\/h2>\n\n\n\n<figure class=\"wp-block-image size-large\"><img width=\"800\" height=\"600\" src=\"https:\/\/cdn1.es.casasrurales.net\/blog\/wp-content\/emp\/blogcasas\/2021\/07\/lo.tangelini-FLICKR.jpg\" alt=\"\" class=\"wp-image-9655\" srcset=\"https:\/\/cdn1.es.casasrurales.net\/blog\/wp-content\/emp\/blogcasas\/2021\/07\/lo.tangelini-FLICKR.jpg 800w, https:\/\/cdn1.es.casasrurales.net\/blog\/wp-content\/emp\/blogcasas\/2021\/07\/lo.tangelini-FLICKR-300x225.jpg 300w, https:\/\/cdn1.es.casasrurales.net\/blog\/wp-content\/emp\/blogcasas\/2021\/07\/lo.tangelini-FLICKR-768x576.jpg 768w, https:\/\/cdn1.es.casasrurales.net\/blog\/wp-content\/emp\/blogcasas\/2021\/07\/lo.tangelini-FLICKR-156x117.jpg 156w\" sizes=\"(max-width: 800px) 100vw, 800px\" \/><\/figure>\n\n\n\n<p><em>\u00bf<strong>Conciertos <\/strong>en medio de un campo de lavanda?<\/em> Exactamente\u2026 Imagina<strong> al atardecer,<\/strong> rodeado de el embriagador aroma de la lavanda, disfrutar de un concierto al aire libre\u2026 aunque, no hace falta que lo imagines, porque <em><strong>\u00a1lo puedes hacer!<\/strong><\/em><\/p>\n\n\n\n<p>Por lo general, durante la <strong>segunda quincena de julio <\/strong>es cuando se organiza la <strong>Fiesta de la Lavanda,<\/strong> donde, cada a\u00f1o, se invita a diversos artistas para ofrecer <strong>conciertos al aire libre<\/strong> con los campos de lavanda como escenario.<\/p>\n\n\n\n<p>Adem\u00e1s, para disfrutar de la velada totalmente, se habilita un <strong>espacio gastron\u00f3mico <\/strong>para quienes quieran conjugar arte, aroma y<strong> sabores manchegos.<\/strong><\/p>\n\n\n\n<p>Por cierto, no se nos puede olvidar contarte que hay<strong> dos requisitos<\/strong> para asistir a este festival: en primer lugar, <strong>vestir de blanco<\/strong>, por el bonito contraste que hace con el tono morado de la lavanda, y en segundo lugar\u2026 <em><strong>\u00a1ganas de disfrutar de una experiencia \u00fanica!<\/strong><\/em><\/p>\n\n\n\n<p><\/p>\n\n\n\n<h2><strong>EL PUEBLO DE BRIHUEGA<\/strong><\/h2>\n\n\n\n<figure class=\"wp-block-image size-large\"><img width=\"800\" height=\"600\" src=\"https:\/\/cdn1.es.casasrurales.net\/blog\/wp-content\/emp\/blogcasas\/2021\/07\/jacinta-lluch-valero-FLICKR.jpg\" alt=\"\" class=\"wp-image-9657\" srcset=\"https:\/\/cdn1.es.casasrurales.net\/blog\/wp-content\/emp\/blogcasas\/2021\/07\/jacinta-lluch-valero-FLICKR.jpg 800w, https:\/\/cdn1.es.casasrurales.net\/blog\/wp-content\/emp\/blogcasas\/2021\/07\/jacinta-lluch-valero-FLICKR-300x225.jpg 300w, https:\/\/cdn1.es.casasrurales.net\/blog\/wp-content\/emp\/blogcasas\/2021\/07\/jacinta-lluch-valero-FLICKR-768x576.jpg 768w, https:\/\/cdn1.es.casasrurales.net\/blog\/wp-content\/emp\/blogcasas\/2021\/07\/jacinta-lluch-valero-FLICKR-156x117.jpg 156w\" sizes=\"(max-width: 800px) 100vw, 800px\" \/><\/figure>\n\n\n\n<p>Aunque son los campos de lavanda los que se llevan el mayor protagonismo, no debes perder la oportunidad de <strong>visitar Brihuega<\/strong>, ya que, adem\u00e1s, podr\u00e1s encontrar todo tipo de <strong>productos locales<\/strong> que tienen como ingrediente principal la lavanda y llevarte un arom\u00e1tico recuerdo a casa.<\/p>\n\n\n\n<p>Puedes encontrar, en el <strong>mercado <\/strong>que se despliega en la calle durante el festival, desde el propio aceite esencial de lavanda, pasando por productos como <strong>miel de lavanda, jabones<\/strong> u otros productos cosm\u00e9ticos.<\/p>\n\n\n\n<p>Durante la \u00e9poca de floraci\u00f3n sus calles se engalanan para el festival con bonitos adornos de tonos morados y violetas, aportando a\u00fan m\u00e1s belleza a un <strong>casco hist\u00f3rico<\/strong> que guarda aut\u00e9nticos tesoros que merece la pena visitar.<\/p>\n\n\n\n<p>El <strong>origen <\/strong>de esta villa se remonta a la<strong> \u00e9poca musulmana<\/strong>, y como vestigio de ello, quedan las<strong> Cuevas \u00c1rabes,<\/strong> situadas en la Plaza del Coso, excavadas en la misma piedra entre los<strong> siglos X y XI.<\/strong><\/p>\n\n\n\n<p>El casco antiguo est\u00e1 catalogado como <strong>Conjunto Hist\u00f3rico Art\u00edstico,<\/strong> en el cual podr\u00e1s recorrer los tramos que quedan en pie de la antigua muralla medieval, visitar el <strong>Castillo de la Pe\u00f1a Bermeja,<\/strong> que tiene origen en un alc\u00e1zar musulm\u00e1n.<\/p>\n\n\n\n<figure class=\"wp-block-image size-large\"><img width=\"800\" height=\"600\" src=\"https:\/\/cdn1.es.casasrurales.net\/blog\/wp-content\/emp\/blogcasas\/2021\/07\/a_marga-FLICKR.jpg\" alt=\"\" class=\"wp-image-9656\" srcset=\"https:\/\/cdn1.es.casasrurales.net\/blog\/wp-content\/emp\/blogcasas\/2021\/07\/a_marga-FLICKR.jpg 800w, https:\/\/cdn1.es.casasrurales.net\/blog\/wp-content\/emp\/blogcasas\/2021\/07\/a_marga-FLICKR-300x225.jpg 300w, https:\/\/cdn1.es.casasrurales.net\/blog\/wp-content\/emp\/blogcasas\/2021\/07\/a_marga-FLICKR-768x576.jpg 768w, https:\/\/cdn1.es.casasrurales.net\/blog\/wp-content\/emp\/blogcasas\/2021\/07\/a_marga-FLICKR-156x117.jpg 156w\" sizes=\"(max-width: 800px) 100vw, 800px\" \/><\/figure>\n\n\n\n<p>Como monumentos religiosos cabe destacar la<strong> iglesia de Santa Mar\u00eda de la Pe\u00f1a<\/strong>, muy cercana al castillo, de estilo rom\u00e1nico, o las iglesias de San Felipe o San Miguel, ambas medievales, utiliz\u00e1ndose esta \u00faltima como espacio cultural actualmente.<\/p>\n\n\n\n<p>A esta bonita villa medieval tambi\u00e9n se la conoce como el <strong>Jard\u00edn de la Alcarria, <\/strong>y es que los numerosos jardines y fuentes que podemos encontrar en todo su entramado de calles son como peque\u00f1os oasis que ir\u00e1s encontrando a cada paso.<\/p>\n\n\n\n<p>Un espacio que no queremos olvidar es la <strong>Real F\u00e1brica de Pa\u00f1os<\/strong>, con la que la localidad vivi\u00f3 su m\u00e1ximo esplendor durante el siglo XVIII y, aunque del edificio lo que quedan son <strong>ruinas<\/strong>, un precioso <strong>jard\u00edn <\/strong>da cuenta de la importancia de este lugar, donde el espacio est\u00e1 repleto de<strong> cipreses, rosales, laberintos <\/strong>de setos y, adem\u00e1s, es un incre\u00edble mirador hacia la misma villa y el Valle del Taju\u00f1a.<\/p>\n\n\n\n<p>Como \u00faltima recomendaci\u00f3n, si tienes tiempo, puedes <strong>visitar una destiler\u00eda<\/strong> en la que explican el proceso para obtener el valioso y tan preciado aceite esencial de lavanda.<\/p>\n\n\n\n<p>An\u00edmate a hacer una escapada a Brihuega y sus <strong>campos de lavanda<\/strong> y\u2026 <em><strong>\u00a1deja que tu olfato te gu\u00ede!<\/strong><\/em><\/p>\n","protected":false},"excerpt":{"rendered":"<p>La lavanda, como planta medicinal por excelencia, guarda un sinf\u00edn de propiedades, especialmente en cosm\u00e9tica, pero que van incluso m\u00e1s all\u00e1, puesto que se puede utilizar su aroma como relajante, adem\u00e1s de ser un potente antis\u00e9ptico natural, entre otros beneficios.&hellip; <br \/><a class=\"read-more-button\" href=\"https:\/\/www.casasrurales.net\/blog\/brihuega-y-los-campos-de-lavanda-infinitos\">Leer m\u00e1s<\/a><\/p>\n","protected":false},"author":9,"featured_media":9653,"comment_status":"open","ping_status":"open","sticky":false,"template":"","format":"standard","meta":[],"categories":[12],"tags":[43],"_links":{"self":[{"href":"https:\/\/www.casasrurales.net\/blog\/wp-json\/wp\/v2\/posts\/9652"}],"collection":[{"href":"https:\/\/www.casasrurales.net\/blog\/wp-json\/wp\/v2\/posts"}],"about":[{"href":"https:\/\/www.casasrurales.net\/blog\/wp-json\/wp\/v2\/types\/post"}],"author":[{"embeddable":true,"href":"https:\/\/www.casasrurales.net\/blog\/wp-json\/wp\/v2\/users\/9"}],"replies":[{"embeddable":true,"href":"https:\/\/www.casasrurales.net\/blog\/wp-json\/wp\/v2\/comments?post=9652"}],"version-history":[{"count":1,"href":"https:\/\/www.casasrurales.net\/blog\/wp-json\/wp\/v2\/posts\/9652\/revisions"}],"predecessor-version":[{"id":9658,"href":"https:\/\/www.casasrurales.net\/blog\/wp-json\/wp\/v2\/posts\/9652\/revisions\/9658"}],"wp:featuredmedia":[{"embeddable":true,"href":"https:\/\/www.casasrurales.net\/blog\/wp-json\/wp\/v2\/media\/9653"}],"wp:attachment":[{"href":"https:\/\/www.casasrurales.net\/blog\/wp-json\/wp\/v2\/media?parent=9652"}],"wp:term":[{"taxonomy":"category","embeddable":true,"href":"https:\/\/www.casasrurales.net\/blog\/wp-json\/wp\/v2\/categories?post=9652"},{"taxonomy":"post_tag","embeddable":true,"href":"https:\/\/www.casasrurales.net\/blog\/wp-json\/wp\/v2\/tags?post=9652"}],"curies":[{"name":"wp","href":"https:\/\/api.w.org\/{rel}","templated":true}]}}