
{"id":935,"date":"2018-01-23T15:59:20","date_gmt":"2018-01-23T15:59:20","guid":{"rendered":"https:\/\/www.casasrurales.net\/blog\/?p=935"},"modified":"2023-10-31T14:08:46","modified_gmt":"2023-10-31T14:08:46","slug":"hoteles-rurales-de-montana","status":"publish","type":"post","link":"https:\/\/www.casasrurales.net\/blog\/hoteles-rurales-de-montana","title":{"rendered":"Hoteles rurales de monta\u00f1a"},"content":{"rendered":"<p>Muchos de vosotros, a la hora de hacer una escapada rural, busc\u00e1is entrar en contacto con la naturaleza y respirar aire puro. Es incre\u00edble la sensaci\u00f3n de tener un entorno natural a poca distancia y poder disfrutar de \u00e9l al m\u00e1ximo, pero imaginaos como debe ser el despertarse despu\u00e9s de haber dormido como nunca y tener desde la propia habitaci\u00f3n unas vistas espectaculares de un paisaje paradis\u00edaco y poder desayunar en la terraza con este fondo.<\/p>\n<p>La monta\u00f1a es probablemente el entorno que mejores vistas proporciona, teniendo, gracias a su geograf\u00eda variada, la posibilidad de visitar diferentes lugares y realizar un variado n\u00famero de deportes. Hoy os proponemos un listado de los, que a nuestro parecer, mejores hoteles situados en monta\u00f1as y con vistas a las mismas.<\/p>\n<h2><strong>Hotel Nabia<\/strong><\/h2>\n<div id=\"attachment_936\" style=\"width: 310px\" class=\"wp-caption alignleft\"><a href=\"https:\/\/cdn1.es.casasrurales.net\/blog\/wp-content\/emp\/blogcasas\/2016\/02\/Bar-hotel-Nabia.jpg\"><img aria-describedby=\"caption-attachment-936\" class=\"wp-image-936 size-medium\" src=\"https:\/\/cdn1.es.casasrurales.net\/blog\/wp-content\/emp\/blogcasas\/2016\/02\/Bar-hotel-Nabia-300x200.jpg\" alt=\"Bar hotel Nabia\" width=\"300\" height=\"200\" srcset=\"https:\/\/cdn1.es.casasrurales.net\/blog\/wp-content\/emp\/blogcasas\/2016\/02\/Bar-hotel-Nabia-300x200.jpg 300w, https:\/\/cdn1.es.casasrurales.net\/blog\/wp-content\/emp\/blogcasas\/2016\/02\/Bar-hotel-Nabia-320x213.jpg 320w, https:\/\/cdn1.es.casasrurales.net\/blog\/wp-content\/emp\/blogcasas\/2016\/02\/Bar-hotel-Nabia.jpg 1014w\" sizes=\"(max-width: 300px) 100vw, 300px\" \/><\/a><p id=\"caption-attachment-936\" class=\"wp-caption-text\">Bar hotel Nabia<\/p><\/div>\n<p>Situado en \u00c1vila, m\u00e1s concretamente en la <a href=\"https:\/\/www.casasrurales.net\/casas-rurales\/avila\/candeleda\">localidad de Candeleda<\/a>, encontramos este hotelito rodeado por bosques de casta\u00f1os y valles paradis\u00edacos. El hotel se ha preocupado muy mucho de la orientaci\u00f3n del mismo, ya que ha sabido apreciar la espectacularidad de este entorno y no ha querido que ninguno de sus hu\u00e9spedes se quede sin poder disfrutar de este entorno tan singular.<\/p>\n<div id=\"attachment_937\" style=\"width: 310px\" class=\"wp-caption alignleft\"><a href=\"https:\/\/cdn1.es.casasrurales.net\/blog\/wp-content\/emp\/blogcasas\/2016\/02\/Chimenea-hotel-Nabia.jpg\"><img aria-describedby=\"caption-attachment-937\" class=\"size-medium wp-image-937\" src=\"https:\/\/cdn1.es.casasrurales.net\/blog\/wp-content\/emp\/blogcasas\/2016\/02\/Chimenea-hotel-Nabia-300x223.jpg\" alt=\"Chimenea hotel Nabia\" width=\"300\" height=\"223\" srcset=\"https:\/\/cdn1.es.casasrurales.net\/blog\/wp-content\/emp\/blogcasas\/2016\/02\/Chimenea-hotel-Nabia-300x223.jpg 300w, https:\/\/cdn1.es.casasrurales.net\/blog\/wp-content\/emp\/blogcasas\/2016\/02\/Chimenea-hotel-Nabia-156x117.jpg 156w, https:\/\/cdn1.es.casasrurales.net\/blog\/wp-content\/emp\/blogcasas\/2016\/02\/Chimenea-hotel-Nabia.jpg 906w\" sizes=\"(max-width: 300px) 100vw, 300px\" \/><\/a><p id=\"caption-attachment-937\" class=\"wp-caption-text\">Chimenea hotel Nabia<\/p><\/div>\n<p>Los dormitorios cuentan con unos ventanales de gran tama\u00f1o, que como si de un cuadro se tratase, enmarcan el paisaje para disfrute de los inquilinos, quienes tambi\u00e9n podr\u00e1n admirar las vistas desde el jard\u00edn y la terraza, teniendo el Valle del Ti\u00e9tar y el Almanzor como lugares m\u00e1s significativos.<\/p>\n<h2><strong>Parador de Cruz de Tejeda<\/strong><\/h2>\n<div id=\"attachment_939\" style=\"width: 310px\" class=\"wp-caption alignleft\"><a href=\"https:\/\/cdn1.es.casasrurales.net\/blog\/wp-content\/emp\/blogcasas\/2016\/02\/Enclave-Parador-de-Cruz-de-Tejada.jpg\"><img aria-describedby=\"caption-attachment-939\" class=\"size-medium wp-image-939\" src=\"https:\/\/cdn1.es.casasrurales.net\/blog\/wp-content\/emp\/blogcasas\/2016\/02\/Enclave-Parador-de-Cruz-de-Tejada-300x200.jpg\" alt=\"Enclave Parador de Cruz de Tejada\" width=\"300\" height=\"200\" srcset=\"https:\/\/cdn1.es.casasrurales.net\/blog\/wp-content\/emp\/blogcasas\/2016\/02\/Enclave-Parador-de-Cruz-de-Tejada-300x200.jpg 300w, https:\/\/cdn1.es.casasrurales.net\/blog\/wp-content\/emp\/blogcasas\/2016\/02\/Enclave-Parador-de-Cruz-de-Tejada-320x213.jpg 320w, https:\/\/cdn1.es.casasrurales.net\/blog\/wp-content\/emp\/blogcasas\/2016\/02\/Enclave-Parador-de-Cruz-de-Tejada.jpg 638w\" sizes=\"(max-width: 300px) 100vw, 300px\" \/><\/a><p id=\"caption-attachment-939\" class=\"wp-caption-text\">Enclave Parador de Cruz de Tejada<\/p><\/div>\n<p>Construido en la localidad de hom\u00f3nima, Cruz de Tejeda, dentro de la isla de Gran Canaria, se encuentra a una altitud sobre el nivel del mar de aproximadamente unos 1500 kil\u00f3metros. El Paisaje Protegido de Cumbres y el Parque Natural del Nublo son dos formaciones que respaldan nuestro parador, ofreciendo unas vistas que ya los antiguos griegos confund\u00edan con el para\u00edso, a\u00f1adiendo a la belleza del entorno el fant\u00e1stico clima.<\/p>\n<div id=\"attachment_940\" style=\"width: 310px\" class=\"wp-caption alignleft\"><a href=\"https:\/\/cdn1.es.casasrurales.net\/blog\/wp-content\/emp\/blogcasas\/2016\/02\/Spa-Parador-de-Cruz-de-Tejeda.jpg\"><img aria-describedby=\"caption-attachment-940\" class=\"size-medium wp-image-940\" src=\"https:\/\/cdn1.es.casasrurales.net\/blog\/wp-content\/emp\/blogcasas\/2016\/02\/Spa-Parador-de-Cruz-de-Tejeda-300x200.jpg\" alt=\"Spa Parador de Cruz de Tejeda\" width=\"300\" height=\"200\" srcset=\"https:\/\/cdn1.es.casasrurales.net\/blog\/wp-content\/emp\/blogcasas\/2016\/02\/Spa-Parador-de-Cruz-de-Tejeda-300x200.jpg 300w, https:\/\/cdn1.es.casasrurales.net\/blog\/wp-content\/emp\/blogcasas\/2016\/02\/Spa-Parador-de-Cruz-de-Tejeda-320x213.jpg 320w, https:\/\/cdn1.es.casasrurales.net\/blog\/wp-content\/emp\/blogcasas\/2016\/02\/Spa-Parador-de-Cruz-de-Tejeda.jpg 638w\" sizes=\"(max-width: 300px) 100vw, 300px\" \/><\/a><p id=\"caption-attachment-940\" class=\"wp-caption-text\">Spa Parador de Cruz de Tejeda<\/p><\/div>\n<p>El hotelito sigue una estructura de construcci\u00f3n t\u00edpica de las islas, siendo la terraza la joya del lugar, ya que desde ella podr\u00e9is maravillaros con los espectaculares roques\u00a0 de el Fraile o Nublo, considerados monumentos naturales.<\/p>\n<h2><strong>Parador de Bielsa<\/strong><\/h2>\n<div id=\"attachment_941\" style=\"width: 310px\" class=\"wp-caption alignleft\"><a href=\"https:\/\/cdn1.es.casasrurales.net\/blog\/wp-content\/emp\/blogcasas\/2016\/02\/Enclave-Parador-de-Bielsa.jpg\"><img aria-describedby=\"caption-attachment-941\" class=\"size-medium wp-image-941\" src=\"https:\/\/cdn1.es.casasrurales.net\/blog\/wp-content\/emp\/blogcasas\/2016\/02\/Enclave-Parador-de-Bielsa-300x220.jpg\" alt=\"Enclave Parador de Bielsa\" width=\"300\" height=\"220\" srcset=\"https:\/\/cdn1.es.casasrurales.net\/blog\/wp-content\/emp\/blogcasas\/2016\/02\/Enclave-Parador-de-Bielsa-300x220.jpg 300w, https:\/\/cdn1.es.casasrurales.net\/blog\/wp-content\/emp\/blogcasas\/2016\/02\/Enclave-Parador-de-Bielsa.jpg 639w\" sizes=\"(max-width: 300px) 100vw, 300px\" \/><\/a><p id=\"caption-attachment-941\" class=\"wp-caption-text\">Enclave Parador de Bielsa<\/p><\/div>\n<p>Si os decimos que hay un parador fabuloso desde el que se puede disfrutar de un entorno natural declarado por la Unesco como Patrimonio de la Humanidad desde hace m\u00e1s de veinte a\u00f1os, seguro que pregunt\u00e1is donde est\u00e1 y porqu\u00e9 no hab\u00e9is ido a visitarlo todav\u00eda. Pod\u00e9is pasar unos d\u00edas fabulosos en Bielsa, pueblecito de la provincia de Huesca.<\/p>\n<div id=\"attachment_942\" style=\"width: 310px\" class=\"wp-caption alignleft\"><a href=\"https:\/\/cdn1.es.casasrurales.net\/blog\/wp-content\/emp\/blogcasas\/2016\/02\/Habitaci\u00f3n-Parador-de-Bielsa.jpg\"><img aria-describedby=\"caption-attachment-942\" class=\"size-medium wp-image-942\" src=\"https:\/\/cdn1.es.casasrurales.net\/blog\/wp-content\/emp\/blogcasas\/2016\/02\/Habitaci\u00f3n-Parador-de-Bielsa-300x230.jpg\" alt=\"Habitaci\u00f3n Parador de Bielsa\" width=\"300\" height=\"230\" srcset=\"https:\/\/cdn1.es.casasrurales.net\/blog\/wp-content\/emp\/blogcasas\/2016\/02\/Habitaci\u00f3n-Parador-de-Bielsa-300x230.jpg 300w, https:\/\/cdn1.es.casasrurales.net\/blog\/wp-content\/emp\/blogcasas\/2016\/02\/Habitaci\u00f3n-Parador-de-Bielsa.jpg 636w\" sizes=\"(max-width: 300px) 100vw, 300px\" \/><\/a><p id=\"caption-attachment-942\" class=\"wp-caption-text\">Habitaci\u00f3n Parador de Bielsa<\/p><\/div>\n<p>El parador tiene una terraza desde la que podr\u00e9is observar el Parque Nacional de Ordesa y Monte Perdido, mientras plane\u00e1is qu\u00e9 deporte realizar\u00e9is en este espacio tan impresionante y bello. Os proponemos reponer fuerzas degustando nuestra gastronom\u00eda en la cercana villa medieval de L\u00b4Ainsa, en donde tambi\u00e9n podr\u00e9is hacer turismo cultural.<\/p>\n<h2><strong>Molino Grande del Durat\u00f3n<\/strong><\/h2>\n<div id=\"attachment_3977\" style=\"width: 310px\" class=\"wp-caption alignleft\"><img aria-describedby=\"caption-attachment-3977\" class=\"size-medium wp-image-3977\" src=\"https:\/\/cdn1.es.casasrurales.net\/blog\/wp-content\/emp\/blogcasas\/2016\/02\/Molino-Grande-del-Durat\u00f3n-acceso-300x224.jpg\" alt=\"Molino Grande del Durat\u00f3n acceso\" width=\"300\" height=\"224\" srcset=\"https:\/\/cdn1.es.casasrurales.net\/blog\/wp-content\/emp\/blogcasas\/2016\/02\/Molino-Grande-del-Durat\u00f3n-acceso-300x224.jpg 300w, https:\/\/cdn1.es.casasrurales.net\/blog\/wp-content\/emp\/blogcasas\/2016\/02\/Molino-Grande-del-Durat\u00f3n-acceso-156x117.jpg 156w, https:\/\/cdn1.es.casasrurales.net\/blog\/wp-content\/emp\/blogcasas\/2016\/02\/Molino-Grande-del-Durat\u00f3n-acceso.jpg 700w\" sizes=\"(max-width: 300px) 100vw, 300px\" \/><p id=\"caption-attachment-3977\" class=\"wp-caption-text\">Molino Grande del Durat\u00f3n acceso<\/p><\/div>\n<p>En la <strong>provincia de Segovia<\/strong>, y concretamente en<strong> San Miguel de Bernuy<\/strong> nos encontramos con este <a href=\"https:\/\/www.casasrurales.net\/hoteles-rurales\/c-t-r-molino-grande-del-duraton--c5681\">hotel de impresionantes vistas<\/a>. No le falta detalle.<\/p>\n<p>Con <strong>17 opciones de alojamiento,<\/strong> entre las que se encuentran suites, salas de estar con ventanas tipo mirador hacia el paisaje que dejan las <strong>Hoces del Durat\u00f3n<\/strong>, y cuatro plantas llenas de encanto, este hotel te permitir\u00e1 disfrutar de la desconexi\u00f3n que necesitas.<\/p>\n<div id=\"attachment_3978\" style=\"width: 310px\" class=\"wp-caption alignleft\"><img aria-describedby=\"caption-attachment-3978\" class=\"size-medium wp-image-3978\" src=\"https:\/\/cdn1.es.casasrurales.net\/blog\/wp-content\/emp\/blogcasas\/2016\/02\/Molino-Grande-del-Durat\u00f3n-sala-300x227.jpg\" alt=\"Molino Grande del Durat\u00f3n sala\" width=\"300\" height=\"227\" srcset=\"https:\/\/cdn1.es.casasrurales.net\/blog\/wp-content\/emp\/blogcasas\/2016\/02\/Molino-Grande-del-Durat\u00f3n-sala-300x227.jpg 300w, https:\/\/cdn1.es.casasrurales.net\/blog\/wp-content\/emp\/blogcasas\/2016\/02\/Molino-Grande-del-Durat\u00f3n-sala-156x117.jpg 156w, https:\/\/cdn1.es.casasrurales.net\/blog\/wp-content\/emp\/blogcasas\/2016\/02\/Molino-Grande-del-Durat\u00f3n-sala.jpg 695w\" sizes=\"(max-width: 300px) 100vw, 300px\" \/><p id=\"caption-attachment-3978\" class=\"wp-caption-text\">Molino Grande del Durat\u00f3n sala<\/p><\/div>\n<p><strong>Su SPA<\/strong>, es uno de sus puntos fuertes, as\u00ed que no olvides alojarte en esta zona que sin duda, es m\u00e1gica.<\/p>\n<p>Adem\u00e1s, el pueblo te ofrece una gran variedad de opciones para conocer y visitar, como es el caso de la<strong> iglesia en honor a San Miguel Arc\u00e1ngel<\/strong>, y las <strong>diferentes ermitas<\/strong><\/p>\n<h2><strong>El Jard\u00edn del Convento<\/strong><\/h2>\n<div id=\"attachment_943\" style=\"width: 310px\" class=\"wp-caption alignleft\"><a href=\"https:\/\/cdn1.es.casasrurales.net\/blog\/wp-content\/emp\/blogcasas\/2016\/02\/El-Jard\u00edn-del-Convento.jpg\"><img aria-describedby=\"caption-attachment-943\" class=\"size-medium wp-image-943\" src=\"https:\/\/cdn1.es.casasrurales.net\/blog\/wp-content\/emp\/blogcasas\/2016\/02\/El-Jard\u00edn-del-Convento-300x214.jpg\" alt=\"El Jard\u00edn del Convento\" width=\"300\" height=\"214\" srcset=\"https:\/\/cdn1.es.casasrurales.net\/blog\/wp-content\/emp\/blogcasas\/2016\/02\/El-Jard\u00edn-del-Convento-300x214.jpg 300w, https:\/\/cdn1.es.casasrurales.net\/blog\/wp-content\/emp\/blogcasas\/2016\/02\/El-Jard\u00edn-del-Convento.jpg 485w\" sizes=\"(max-width: 300px) 100vw, 300px\" \/><\/a><p id=\"caption-attachment-943\" class=\"wp-caption-text\">El Jard\u00edn del Convento<\/p><\/div>\n<p>En el siglo XIX se decidi\u00f3 convertir una casa solariega localizada en C\u00e1ceres, m\u00e1s <a href=\"https:\/\/www.casasrurales.net\/casas-rurales\/caceres\/hervas\">concretamente en el pueblo de Herv\u00e1s<\/a>, en un maravilloso hotel que mantiene, tras la remodelaci\u00f3n, los detalles m\u00e1s significativos de la construcci\u00f3n, como por ejemplo el entramado en madera de los muros y techos, as\u00ed como la conservaci\u00f3n y restauraci\u00f3n de mobiliario espectacular.<\/p>\n<div id=\"attachment_944\" style=\"width: 310px\" class=\"wp-caption alignleft\"><a href=\"https:\/\/cdn1.es.casasrurales.net\/blog\/wp-content\/emp\/blogcasas\/2016\/02\/Vistas-El-Jard\u00edn-del-Convento.jpg\"><img aria-describedby=\"caption-attachment-944\" class=\"size-medium wp-image-944\" src=\"https:\/\/cdn1.es.casasrurales.net\/blog\/wp-content\/emp\/blogcasas\/2016\/02\/Vistas-El-Jard\u00edn-del-Convento-300x212.jpg\" alt=\"Vistas El Jard\u00edn del Convento\" width=\"300\" height=\"212\" srcset=\"https:\/\/cdn1.es.casasrurales.net\/blog\/wp-content\/emp\/blogcasas\/2016\/02\/Vistas-El-Jard\u00edn-del-Convento-300x212.jpg 300w, https:\/\/cdn1.es.casasrurales.net\/blog\/wp-content\/emp\/blogcasas\/2016\/02\/Vistas-El-Jard\u00edn-del-Convento.jpg 486w\" sizes=\"(max-width: 300px) 100vw, 300px\" \/><\/a><p id=\"caption-attachment-944\" class=\"wp-caption-text\">Vistas El Jard\u00edn del Convento<\/p><\/div>\n<p>Si os parece poca la belleza que desprende el jard\u00edn, de un kil\u00f3metro cuadrado, florido y cuidado al m\u00e1s m\u00ednimo detalle, elevad un poco la mirada y sorprendeos con las vistas espectaculares que ofrece de la Sierra de Gredos, pudiendo disfrutar de la misma mientras com\u00e9is en su terraza.<\/p>\n<h2><strong>Santa Cristina Petit Spa<\/strong><\/h2>\n<div id=\"attachment_945\" style=\"width: 310px\" class=\"wp-caption alignleft\"><a href=\"https:\/\/cdn1.es.casasrurales.net\/blog\/wp-content\/emp\/blogcasas\/2016\/02\/Desayuno-terraza-Santa-Cristina.jpg\"><img aria-describedby=\"caption-attachment-945\" class=\"size-medium wp-image-945\" src=\"https:\/\/cdn1.es.casasrurales.net\/blog\/wp-content\/emp\/blogcasas\/2016\/02\/Desayuno-terraza-Santa-Cristina-300x196.jpg\" alt=\"Desayuno terraza Santa Cristina\" width=\"300\" height=\"196\" srcset=\"https:\/\/cdn1.es.casasrurales.net\/blog\/wp-content\/emp\/blogcasas\/2016\/02\/Desayuno-terraza-Santa-Cristina-300x196.jpg 300w, https:\/\/cdn1.es.casasrurales.net\/blog\/wp-content\/emp\/blogcasas\/2016\/02\/Desayuno-terraza-Santa-Cristina.jpg 580w\" sizes=\"(max-width: 300px) 100vw, 300px\" \/><\/a><p id=\"caption-attachment-945\" class=\"wp-caption-text\">Desayuno terraza Santa Cristina<\/p><\/div>\n<p>Este hotelito de la provincia de Huesca, en la localidad de Canfranc, simplemente es casi una obligaci\u00f3n para visitar. Los materiales naturales utilizados en su construcci\u00f3n como la piedra descubierta y la madera, as\u00ed como el tono crudo de su ornamentaci\u00f3n crean el ambiente perfecto que difumina la l\u00ednea divisoria con el entorno que le rodea.<\/p>\n<div id=\"attachment_946\" style=\"width: 310px\" class=\"wp-caption alignleft\"><a href=\"https:\/\/cdn1.es.casasrurales.net\/blog\/wp-content\/emp\/blogcasas\/2016\/02\/Sala-con-chimenea-Santa-Cristina-Petit.jpg\"><img aria-describedby=\"caption-attachment-946\" class=\"size-medium wp-image-946\" src=\"https:\/\/cdn1.es.casasrurales.net\/blog\/wp-content\/emp\/blogcasas\/2016\/02\/Sala-con-chimenea-Santa-Cristina-Petit-300x253.jpg\" alt=\"Sala con chimenea Santa Cristina Petit\" width=\"300\" height=\"253\" srcset=\"https:\/\/cdn1.es.casasrurales.net\/blog\/wp-content\/emp\/blogcasas\/2016\/02\/Sala-con-chimenea-Santa-Cristina-Petit-300x253.jpg 300w, https:\/\/cdn1.es.casasrurales.net\/blog\/wp-content\/emp\/blogcasas\/2016\/02\/Sala-con-chimenea-Santa-Cristina-Petit.jpg 651w\" sizes=\"(max-width: 300px) 100vw, 300px\" \/><\/a><p id=\"caption-attachment-946\" class=\"wp-caption-text\">Sala con chimenea Santa Cristina Petit<\/p><\/div>\n<p>Desde finales del siglo XIX se encuentra en activo, situ\u00e1ndose entre el camino de Santiago y el Parque Nacional de los Pirineos, en donde poder pasar d\u00edas fenomenales en las estaciones de esqu\u00ed de Candanch\u00fa.<\/p>\n<h2><strong>Husa Sant Bernat<\/strong><\/h2>\n<div id=\"attachment_947\" style=\"width: 310px\" class=\"wp-caption alignleft\"><a href=\"https:\/\/cdn1.es.casasrurales.net\/blog\/wp-content\/emp\/blogcasas\/2016\/02\/Vistas-desde-Husa-Sant-Bernat.jpg\"><img aria-describedby=\"caption-attachment-947\" class=\"size-medium wp-image-947\" src=\"https:\/\/cdn1.es.casasrurales.net\/blog\/wp-content\/emp\/blogcasas\/2016\/02\/Vistas-desde-Husa-Sant-Bernat-300x212.jpg\" alt=\"Vistas desde Husa Sant Bernat\" width=\"300\" height=\"212\" srcset=\"https:\/\/cdn1.es.casasrurales.net\/blog\/wp-content\/emp\/blogcasas\/2016\/02\/Vistas-desde-Husa-Sant-Bernat-300x212.jpg 300w, https:\/\/cdn1.es.casasrurales.net\/blog\/wp-content\/emp\/blogcasas\/2016\/02\/Vistas-desde-Husa-Sant-Bernat.jpg 636w\" sizes=\"(max-width: 300px) 100vw, 300px\" \/><\/a><p id=\"caption-attachment-947\" class=\"wp-caption-text\">Vistas desde Husa Sant Bernat<\/p><\/div>\n<p>El hotel est\u00e1 localizado en pleno coraz\u00f3n del Parque Natural del Montseny, una zona natural maravillosa que pertenece a la provincia de Barcelona. Estas vistas parecer\u00e1n echas expl\u00edcitamente para nosotros,\u00a0 ya que cada una de las habitaciones cuenta con una terraza desde la que disfrutar del entorno.<\/p>\n<div id=\"attachment_948\" style=\"width: 310px\" class=\"wp-caption alignleft\"><a href=\"https:\/\/cdn1.es.casasrurales.net\/blog\/wp-content\/emp\/blogcasas\/2016\/02\/Entrada-al-Husa-Sant-Bernat.jpg\"><img aria-describedby=\"caption-attachment-948\" class=\"size-medium wp-image-948\" src=\"https:\/\/cdn1.es.casasrurales.net\/blog\/wp-content\/emp\/blogcasas\/2016\/02\/Entrada-al-Husa-Sant-Bernat-300x201.jpg\" alt=\"Entrada al Husa Sant Bernat\" width=\"300\" height=\"201\" srcset=\"https:\/\/cdn1.es.casasrurales.net\/blog\/wp-content\/emp\/blogcasas\/2016\/02\/Entrada-al-Husa-Sant-Bernat-300x201.jpg 300w, https:\/\/cdn1.es.casasrurales.net\/blog\/wp-content\/emp\/blogcasas\/2016\/02\/Entrada-al-Husa-Sant-Bernat-320x213.jpg 320w, https:\/\/cdn1.es.casasrurales.net\/blog\/wp-content\/emp\/blogcasas\/2016\/02\/Entrada-al-Husa-Sant-Bernat.jpg 795w\" sizes=\"(max-width: 300px) 100vw, 300px\" \/><\/a><p id=\"caption-attachment-948\" class=\"wp-caption-text\">Entrada al Husa Sant Bernat<\/p><\/div>\n<p>Pero no es la \u00fanica posibilidad de sumergirse en la naturaleza, ya que el propio hotel oferta una serie de actividades deportivas y excursiones que har\u00e1n que os enamor\u00e9is m\u00e1s a\u00fan si cabe de este enclave tan especial. Tambi\u00e9n podr\u00e9is disfrutar de la gastronom\u00eda monta\u00f1esa en su restaurante.<\/p>\n<h2><strong>La Almunia del Valle<\/strong><\/h2>\n<div id=\"attachment_950\" style=\"width: 310px\" class=\"wp-caption alignleft\"><a href=\"https:\/\/cdn1.es.casasrurales.net\/blog\/wp-content\/emp\/blogcasas\/2016\/02\/Vistas-la-Almunia-del-Valle.jpg\"><img aria-describedby=\"caption-attachment-950\" class=\"size-medium wp-image-950\" src=\"https:\/\/cdn1.es.casasrurales.net\/blog\/wp-content\/emp\/blogcasas\/2016\/02\/Vistas-la-Almunia-del-Valle-300x198.jpg\" alt=\"Vistas la Almunia del Valle\" width=\"300\" height=\"198\" srcset=\"https:\/\/cdn1.es.casasrurales.net\/blog\/wp-content\/emp\/blogcasas\/2016\/02\/Vistas-la-Almunia-del-Valle-300x198.jpg 300w, https:\/\/cdn1.es.casasrurales.net\/blog\/wp-content\/emp\/blogcasas\/2016\/02\/Vistas-la-Almunia-del-Valle.jpg 511w\" sizes=\"(max-width: 300px) 100vw, 300px\" \/><\/a><p id=\"caption-attachment-950\" class=\"wp-caption-text\">Vistas la Almunia del Valle<\/p><\/div>\n<p>A las afueras del pueblecito de Monachil, en la provincia de Granada, se encuentra el coqueto hotel boutique de La Almunia del Valle, cuyo nacimiento se erige sobre los cimientos de un cortijo granadino y manteniendo la estructura t\u00edpica de la zona, manteniendo en todo momento la uni\u00f3n natural con el entorno en el que se halla.<\/p>\n<div id=\"attachment_949\" style=\"width: 310px\" class=\"wp-caption alignleft\"><a href=\"https:\/\/cdn1.es.casasrurales.net\/blog\/wp-content\/emp\/blogcasas\/2016\/02\/Habitaci\u00f3n-con-terraza-La-Almunia-del-Valle.jpg\"><img aria-describedby=\"caption-attachment-949\" class=\"size-medium wp-image-949\" src=\"https:\/\/cdn1.es.casasrurales.net\/blog\/wp-content\/emp\/blogcasas\/2016\/02\/Habitaci\u00f3n-con-terraza-La-Almunia-del-Valle-300x198.jpg\" alt=\"Habitaci\u00f3n con terraza La Almunia del Valle\" width=\"300\" height=\"198\" srcset=\"https:\/\/cdn1.es.casasrurales.net\/blog\/wp-content\/emp\/blogcasas\/2016\/02\/Habitaci\u00f3n-con-terraza-La-Almunia-del-Valle-300x198.jpg 300w, https:\/\/cdn1.es.casasrurales.net\/blog\/wp-content\/emp\/blogcasas\/2016\/02\/Habitaci\u00f3n-con-terraza-La-Almunia-del-Valle.jpg 510w\" sizes=\"(max-width: 300px) 100vw, 300px\" \/><\/a><p id=\"caption-attachment-949\" class=\"wp-caption-text\">Habitaci\u00f3n con terraza La Almunia del Valle<\/p><\/div>\n<p>Este entorno tan maravilloso no podr\u00eda ser otro que el fabuloso Parque Natural de Sierra Nevada, foco de las miradas y elogios de todos nuestros hu\u00e9spedes, ya que todas las habitaciones de este lugar con encanto se encuentran mirando hacia esta sierra, la cual ofrece una tranquilidad sin igual, que ayuda a que desconectemos de la vida ajetreada de los grandes n\u00facleos urbanos.\u00a0 No os olvid\u00e9is de visitar Granada, que est\u00e1 a muy poca distancia.<\/p>\n<p><strong><em>\u00a0<\/em><\/strong><\/p>\n<p><strong><em>\u00a0<\/em><\/strong><\/p>\n<h3><em><strong>\u00bfSab\u00edas que\u2026?<\/strong><\/em><\/h3>\n<p>&#8230; Pasar unos d\u00edas en la monta\u00f1a puede ser m\u00e1s beneficioso de lo que podr\u00edas llegar a imaginar ya que ofrece la posibilidad de realizar deporte al aire libre, respirar aire puro, descansar del ajetreo de vuestras mon\u00f3tonas vidas e incluso puede ser el marco perfecto para reavivar la llama del amor.<\/p>\n","protected":false},"excerpt":{"rendered":"<p>Muchos de vosotros, a la hora de hacer una escapada rural, busc\u00e1is entrar en contacto con la naturaleza y respirar aire puro. Es incre\u00edble la sensaci\u00f3n de tener un entorno natural a poca distancia y poder disfrutar de \u00e9l al&hellip; <br \/><a class=\"read-more-button\" href=\"https:\/\/www.casasrurales.net\/blog\/hoteles-rurales-de-montana\">Leer m\u00e1s<\/a><\/p>\n","protected":false},"author":5,"featured_media":955,"comment_status":"open","ping_status":"open","sticky":false,"template":"","format":"standard","meta":[],"categories":[11],"tags":[],"_links":{"self":[{"href":"https:\/\/www.casasrurales.net\/blog\/wp-json\/wp\/v2\/posts\/935"}],"collection":[{"href":"https:\/\/www.casasrurales.net\/blog\/wp-json\/wp\/v2\/posts"}],"about":[{"href":"https:\/\/www.casasrurales.net\/blog\/wp-json\/wp\/v2\/types\/post"}],"author":[{"embeddable":true,"href":"https:\/\/www.casasrurales.net\/blog\/wp-json\/wp\/v2\/users\/5"}],"replies":[{"embeddable":true,"href":"https:\/\/www.casasrurales.net\/blog\/wp-json\/wp\/v2\/comments?post=935"}],"version-history":[{"count":6,"href":"https:\/\/www.casasrurales.net\/blog\/wp-json\/wp\/v2\/posts\/935\/revisions"}],"predecessor-version":[{"id":11953,"href":"https:\/\/www.casasrurales.net\/blog\/wp-json\/wp\/v2\/posts\/935\/revisions\/11953"}],"wp:featuredmedia":[{"embeddable":true,"href":"https:\/\/www.casasrurales.net\/blog\/wp-json\/wp\/v2\/media\/955"}],"wp:attachment":[{"href":"https:\/\/www.casasrurales.net\/blog\/wp-json\/wp\/v2\/media?parent=935"}],"wp:term":[{"taxonomy":"category","embeddable":true,"href":"https:\/\/www.casasrurales.net\/blog\/wp-json\/wp\/v2\/categories?post=935"},{"taxonomy":"post_tag","embeddable":true,"href":"https:\/\/www.casasrurales.net\/blog\/wp-json\/wp\/v2\/tags?post=935"}],"curies":[{"name":"wp","href":"https:\/\/api.w.org\/{rel}","templated":true}]}}