
{"id":890,"date":"2016-02-22T16:55:31","date_gmt":"2016-02-22T16:55:31","guid":{"rendered":"https:\/\/www.casasrurales.net\/blog\/?p=890"},"modified":"2023-10-11T06:22:17","modified_gmt":"2023-10-11T06:22:17","slug":"las-mejores-vistas-de-la-costa-brava","status":"publish","type":"post","link":"https:\/\/www.casasrurales.net\/blog\/las-mejores-vistas-de-la-costa-brava","title":{"rendered":"Las mejores vistas de la Costa Brava"},"content":{"rendered":"\n<p>\u00bfTe gustar\u00eda <strong>volar<\/strong> por encima del <strong>mar<\/strong> sin mover los pies de la tierra? \u00bfTe gustar\u00eda rodearte de <strong>naturaleza virgen y salvaje<\/strong> mientras contemplas el <strong>infinito<\/strong>? \u00bfTe gustar\u00eda experimentar como el <strong>tiempo<\/strong> se para ante tus ojos? Y dime, \u00bfte gustar\u00eda <strong>aislarte<\/strong> y dejar que el <strong>mar<\/strong> ponga la banda sonora de ese momento? Si la respuesta es s\u00ed, coge el ba\u00f1ador y tu c\u00e1mara porque hoy nos vamos a la <strong><a href=\"https:\/\/www.casasrurales.net\/casas-rurales\/costa-brava\" data-type=\"URL\" data-id=\"https:\/\/www.casasrurales.net\/casas-rurales\/costa-brava\" target=\"_blank\" rel=\"noreferrer noopener\">Costa Brava<\/a><\/strong>, a conocer los rincones donde ver\u00e1s las mejores <strong>calas y acantilados.<\/strong><\/p>\n\n\n\n<p>Y es que resulta que la naturaleza es caprichosa, encargada de dibujar a su antojo paisajes de gran <strong>bravura<\/strong> en su orograf\u00eda, con cortes, alturas y l\u00edneas que se adentran en el mar, formando previamente preciosas <strong>calas<\/strong>. Y en este sentido, la Costa Brava es un tesoro, con una numerosa variedad de lugares donde perderse para volver a encontrarse, donde elevarse para volver a asentarse. Prep\u00e1rate para conocer los mejores paisajes de postal.<\/p>\n\n\n\n<h2><strong>Lloret de Mar<\/strong><\/h2>\n\n\n\n<div class=\"wp-block-image\"><figure class=\"alignleft\"><a href=\"https:\/\/cdn1.es.casasrurales.net\/blog\/wp-content\/emp\/blogcasas\/2016\/02\/1Lloret-de-Mar.jpg\"><img width=\"300\" height=\"200\" src=\"https:\/\/cdn1.es.casasrurales.net\/blog\/wp-content\/emp\/blogcasas\/2016\/02\/1Lloret-de-Mar-300x200.jpg\" alt=\"Lloret de Mar\" class=\"wp-image-891\" srcset=\"https:\/\/cdn1.es.casasrurales.net\/blog\/wp-content\/emp\/blogcasas\/2016\/02\/1Lloret-de-Mar-300x200.jpg 300w, https:\/\/cdn1.es.casasrurales.net\/blog\/wp-content\/emp\/blogcasas\/2016\/02\/1Lloret-de-Mar-320x213.jpg 320w, https:\/\/cdn1.es.casasrurales.net\/blog\/wp-content\/emp\/blogcasas\/2016\/02\/1Lloret-de-Mar.jpg 640w\" sizes=\"(max-width: 300px) 100vw, 300px\" \/><\/a><figcaption>Lloret de Mar<\/figcaption><\/figure><\/div>\n\n\n\n<p>Supongo que ya lo sabr\u00e1s, <a href=\"https:\/\/www.casasrurales.net\/casas-rurales\/girona\/lloret-de-mar\">Lloret del Mar<\/a> es m\u00e1s que playas, diversi\u00f3n, discotecas\u2026 Y si no es el caso, que esta etiqueta de turismo nocturno no te enga\u00f1e, porque ante todo reconocemos un pueblo marinero y costero, que ofrece en su paisaje uno de los <strong>acantilados<\/strong> m\u00e1s bonitos de la costa catalana.<\/p>\n\n\n\n<p><\/p>\n\n\n\n<p><\/p>\n\n\n\n<p><\/p>\n\n\n\n<p><\/p>\n\n\n\n<p> <\/p>\n\n\n\n<div class=\"wp-block-image\"><figure class=\"alignleft\"><a href=\"https:\/\/cdn1.es.casasrurales.net\/blog\/wp-content\/emp\/blogcasas\/2016\/02\/1Vistas-Lloret-de-Mar.jpg\"><img width=\"300\" height=\"200\" src=\"https:\/\/cdn1.es.casasrurales.net\/blog\/wp-content\/emp\/blogcasas\/2016\/02\/1Vistas-Lloret-de-Mar-300x200.jpg\" alt=\"Vistas Lloret de Mar\" class=\"wp-image-892\" srcset=\"https:\/\/cdn1.es.casasrurales.net\/blog\/wp-content\/emp\/blogcasas\/2016\/02\/1Vistas-Lloret-de-Mar-300x200.jpg 300w, https:\/\/cdn1.es.casasrurales.net\/blog\/wp-content\/emp\/blogcasas\/2016\/02\/1Vistas-Lloret-de-Mar.jpg 1024w, https:\/\/cdn1.es.casasrurales.net\/blog\/wp-content\/emp\/blogcasas\/2016\/02\/1Vistas-Lloret-de-Mar-320x213.jpg 320w\" sizes=\"(max-width: 300px) 100vw, 300px\" \/><\/a><figcaption>Vistas Lloret de Mar<\/figcaption><\/figure><\/div>\n\n\n\n<p>Y es que sobre el mismo se asientan los <strong>jardines de Santa Clotilde<\/strong>, por los que podemos pasear gracias a un acceso facilitado por escalinatas y completado con diferentes fuentes. Y en el horizonte, la mejor de las panor\u00e1micas del mar.<\/p>\n\n\n\n<p><\/p>\n\n\n\n<p><\/p>\n\n\n\n<p><\/p>\n\n\n\n<p><\/p>\n\n\n\n<p><\/p>\n\n\n\n<h2><strong>Tossa de Mar<\/strong><\/h2>\n\n\n\n<div class=\"wp-block-image\"><figure class=\"alignleft\"><a href=\"https:\/\/cdn1.es.casasrurales.net\/blog\/wp-content\/emp\/blogcasas\/2016\/02\/2Tossa-de-Mar.jpg\"><img width=\"300\" height=\"200\" src=\"https:\/\/cdn1.es.casasrurales.net\/blog\/wp-content\/emp\/blogcasas\/2016\/02\/2Tossa-de-Mar-300x200.jpg\" alt=\"Tossa de Mar\" class=\"wp-image-894\" srcset=\"https:\/\/cdn1.es.casasrurales.net\/blog\/wp-content\/emp\/blogcasas\/2016\/02\/2Tossa-de-Mar-300x200.jpg 300w, https:\/\/cdn1.es.casasrurales.net\/blog\/wp-content\/emp\/blogcasas\/2016\/02\/2Tossa-de-Mar.jpg 1024w, https:\/\/cdn1.es.casasrurales.net\/blog\/wp-content\/emp\/blogcasas\/2016\/02\/2Tossa-de-Mar-320x213.jpg 320w\" sizes=\"(max-width: 300px) 100vw, 300px\" \/><\/a><figcaption>Tossa de Mar<\/figcaption><\/figure><\/div>\n\n\n\n<p>En Tossa de Mar escalas por la <strong>historia<\/strong>, pues su reconocido acantilado est\u00e1 poblado o mejor dicho, est\u00e1 formado, bajo el <strong>casco medieval<\/strong>. Un territorio amurallado, reconocido como <strong>la Vila Vella<\/strong>, cuyo recorrido finaliza en el punto m\u00e1s rom\u00e1ntico y con la mejor fotograf\u00eda, como es el faro.<\/p>\n\n\n\n<p><\/p>\n\n\n\n<p><\/p>\n\n\n\n<p><\/p>\n\n\n\n<p><\/p>\n\n\n\n<p><\/p>\n\n\n\n<div class=\"wp-block-image\"><figure class=\"alignleft\"><a href=\"https:\/\/cdn1.es.casasrurales.net\/blog\/wp-content\/emp\/blogcasas\/2016\/02\/2Casco-Medieval.-Tossa-de-Mar.jpg\"><img width=\"300\" height=\"199\" src=\"https:\/\/cdn1.es.casasrurales.net\/blog\/wp-content\/emp\/blogcasas\/2016\/02\/2Casco-Medieval.-Tossa-de-Mar-300x199.jpg\" alt=\"Casco Medieval. Tossa de Mar\" class=\"wp-image-893\" srcset=\"https:\/\/cdn1.es.casasrurales.net\/blog\/wp-content\/emp\/blogcasas\/2016\/02\/2Casco-Medieval.-Tossa-de-Mar-300x199.jpg 300w, https:\/\/cdn1.es.casasrurales.net\/blog\/wp-content\/emp\/blogcasas\/2016\/02\/2Casco-Medieval.-Tossa-de-Mar-320x213.jpg 320w, https:\/\/cdn1.es.casasrurales.net\/blog\/wp-content\/emp\/blogcasas\/2016\/02\/2Casco-Medieval.-Tossa-de-Mar.jpg 640w\" sizes=\"(max-width: 300px) 100vw, 300px\" \/><\/a><figcaption>Casco Medieval. Tossa de Mar<\/figcaption><\/figure><\/div>\n\n\n\n<p>Por el camino te topar\u00e1s con puntos como la iglesia de San Vicente, la capilla de Sant Miquel o el museo, con movimientos art\u00edsticos de gran relieve.<\/p>\n\n\n\n<p><\/p>\n\n\n\n<p><\/p>\n\n\n\n<p><\/p>\n\n\n\n<p><\/p>\n\n\n\n<p><\/p>\n\n\n\n<p><\/p>\n\n\n\n<p><\/p>\n\n\n\n<h2><strong>Platja d&#8217;Aro<\/strong><\/h2>\n\n\n\n<div class=\"wp-block-image\"><figure class=\"alignleft\"><a href=\"https:\/\/cdn1.es.casasrurales.net\/blog\/wp-content\/emp\/blogcasas\/2016\/02\/3Naturaleza-en-Platja-d\u00b4Aro.jpg\"><img width=\"300\" height=\"201\" src=\"https:\/\/cdn1.es.casasrurales.net\/blog\/wp-content\/emp\/blogcasas\/2016\/02\/3Naturaleza-en-Platja-d\u00b4Aro-300x201.jpg\" alt=\"Platja d'Aro\" class=\"wp-image-896\" srcset=\"https:\/\/cdn1.es.casasrurales.net\/blog\/wp-content\/emp\/blogcasas\/2016\/02\/3Naturaleza-en-Platja-d\u00b4Aro-300x201.jpg 300w, https:\/\/cdn1.es.casasrurales.net\/blog\/wp-content\/emp\/blogcasas\/2016\/02\/3Naturaleza-en-Platja-d\u00b4Aro-320x213.jpg 320w, https:\/\/cdn1.es.casasrurales.net\/blog\/wp-content\/emp\/blogcasas\/2016\/02\/3Naturaleza-en-Platja-d\u00b4Aro.jpg 640w\" sizes=\"(max-width: 300px) 100vw, 300px\" \/><\/a><figcaption>Platja d&#8217;Aro<\/figcaption><\/figure><\/div>\n\n\n\n<p>Un lugar de gran relevancia para el turismo de sol y playa. Su orograf\u00eda ha formado numerosas <strong>calas<\/strong> llenas de <strong>intimidad<\/strong>, encanto y mucha magia. Para conocerlas un camino, el de <strong>Ronda de S&#8217;Agar\u00f3<\/strong>, que conduce desde la playa de Sant Pol hasta Sa Conca de S&#8217;Agar\u00f3, la cala que te premia con privilegiadas vistas sobre el mediterr\u00e1neo.<\/p>\n\n\n\n<p><\/p>\n\n\n\n<p><\/p>\n\n\n\n<p><\/p>\n\n\n\n<p><\/p>\n\n\n\n<p><\/p>\n\n\n\n<div class=\"wp-block-image\"><figure class=\"alignleft\"><a href=\"https:\/\/cdn1.es.casasrurales.net\/blog\/wp-content\/emp\/blogcasas\/2016\/02\/3Ronda-de-S\u00b4Agar\u00f3-Platja-d\u00b4Aro.jpg\"><img width=\"300\" height=\"200\" src=\"https:\/\/cdn1.es.casasrurales.net\/blog\/wp-content\/emp\/blogcasas\/2016\/02\/3Ronda-de-S\u00b4Agar\u00f3-Platja-d\u00b4Aro-300x200.jpg\" alt=\"Ronda de S'Agar\u00f3, Platja d'Aro\" class=\"wp-image-898\" srcset=\"https:\/\/cdn1.es.casasrurales.net\/blog\/wp-content\/emp\/blogcasas\/2016\/02\/3Ronda-de-S\u00b4Agar\u00f3-Platja-d\u00b4Aro-300x200.jpg 300w, https:\/\/cdn1.es.casasrurales.net\/blog\/wp-content\/emp\/blogcasas\/2016\/02\/3Ronda-de-S\u00b4Agar\u00f3-Platja-d\u00b4Aro-1024x683.jpg 1024w, https:\/\/cdn1.es.casasrurales.net\/blog\/wp-content\/emp\/blogcasas\/2016\/02\/3Ronda-de-S\u00b4Agar\u00f3-Platja-d\u00b4Aro-320x213.jpg 320w, https:\/\/cdn1.es.casasrurales.net\/blog\/wp-content\/emp\/blogcasas\/2016\/02\/3Ronda-de-S\u00b4Agar\u00f3-Platja-d\u00b4Aro-1170x780.jpg 1170w, https:\/\/cdn1.es.casasrurales.net\/blog\/wp-content\/emp\/blogcasas\/2016\/02\/3Ronda-de-S\u00b4Agar\u00f3-Platja-d\u00b4Aro.jpg 1600w\" sizes=\"(max-width: 300px) 100vw, 300px\" \/><\/a><figcaption>Ronda de S&#8217;Agar\u00f3, Platja d&#8217;Aro<\/figcaption><\/figure><\/div>\n\n\n\n<p>Y puntualizar que el municipio tambi\u00e9n cuenta con un destacado <strong>legado hist\u00f3rico<\/strong>, con la villa romana como mayor reclamo.<\/p>\n\n\n\n<p><\/p>\n\n\n\n<p><\/p>\n\n\n\n<p><\/p>\n\n\n\n<p><\/p>\n\n\n\n<p><\/p>\n\n\n\n<p><\/p>\n\n\n\n<h2><strong>Calella de Palafrugell<\/strong><\/h2>\n\n\n\n<div class=\"wp-block-image\"><figure class=\"alignleft\"><a href=\"https:\/\/cdn1.es.casasrurales.net\/blog\/wp-content\/emp\/blogcasas\/2016\/02\/4Calella-de-Palafrugell.jpg\"><img width=\"300\" height=\"169\" src=\"https:\/\/cdn1.es.casasrurales.net\/blog\/wp-content\/emp\/blogcasas\/2016\/02\/4Calella-de-Palafrugell-300x169.jpg\" alt=\"Calella de Palafrugell\" class=\"wp-image-899\" srcset=\"https:\/\/cdn1.es.casasrurales.net\/blog\/wp-content\/emp\/blogcasas\/2016\/02\/4Calella-de-Palafrugell-300x169.jpg 300w, https:\/\/cdn1.es.casasrurales.net\/blog\/wp-content\/emp\/blogcasas\/2016\/02\/4Calella-de-Palafrugell.jpg 640w\" sizes=\"(max-width: 300px) 100vw, 300px\" \/><\/a><figcaption>Calella de Palafrugell<\/figcaption><\/figure><\/div>\n\n\n\n<p>Quiz\u00e1s <strong><a href=\"https:\/\/www.casasrurales.net\/casas-rurales\/girona\/calella-de-palafrugell\" data-type=\"URL\" data-id=\"https:\/\/www.casasrurales.net\/casas-rurales\/girona\/calella-de-palafrugell\" target=\"_blank\" rel=\"noreferrer noopener\">este municipio<\/a><\/strong> sea la mayor expresi\u00f3n de Costa Brava, formado en su totalidad por <strong>rocas y acantilados<\/strong>, que en su evoluci\u00f3n forma <strong>calas<\/strong> de belleza incalculable.<\/p>\n\n\n\n<p><\/p>\n\n\n\n<p><\/p>\n\n\n\n<p><\/p>\n\n\n\n<p><\/p>\n\n\n\n<p><\/p>\n\n\n\n<div class=\"wp-block-image\"><figure class=\"alignleft\"><a href=\"https:\/\/cdn1.es.casasrurales.net\/blog\/wp-content\/emp\/blogcasas\/2016\/02\/4Vistas-Calella-de-Palafrugell.jpg\"><img width=\"300\" height=\"94\" src=\"https:\/\/cdn1.es.casasrurales.net\/blog\/wp-content\/emp\/blogcasas\/2016\/02\/4Vistas-Calella-de-Palafrugell-300x94.jpg\" alt=\"Vistas Calella de Palafrugell\" class=\"wp-image-901\" srcset=\"https:\/\/cdn1.es.casasrurales.net\/blog\/wp-content\/emp\/blogcasas\/2016\/02\/4Vistas-Calella-de-Palafrugell-300x94.jpg 300w, https:\/\/cdn1.es.casasrurales.net\/blog\/wp-content\/emp\/blogcasas\/2016\/02\/4Vistas-Calella-de-Palafrugell.jpg 1024w\" sizes=\"(max-width: 300px) 100vw, 300px\" \/><\/a><figcaption>Vistas Calella de Palafrugell<\/figcaption><\/figure><\/div>\n\n\n\n<p>Miremos donde miremos este pueblo pesquero no har\u00e1 m\u00e1s que regalarnos <strong>fotograf\u00edas<\/strong> imborrables en la mente. Y todo ello, completado con <strong>casas blancas y bajas<\/strong> que lejos de obstruir o bloquear el paisaje, lo complementan.<\/p>\n\n\n\n<p><\/p>\n\n\n\n<p><\/p>\n\n\n\n<p><\/p>\n\n\n\n<h2><strong>L &#8216;Escala<\/strong><\/h2>\n\n\n\n<div class=\"wp-block-image\"><figure class=\"alignleft\"><a href=\"https:\/\/cdn1.es.casasrurales.net\/blog\/wp-content\/emp\/blogcasas\/2016\/02\/5Ruinas-de-Emp\u00faries.-L-\u00b4Escala.jpg\"><img width=\"300\" height=\"225\" src=\"https:\/\/cdn1.es.casasrurales.net\/blog\/wp-content\/emp\/blogcasas\/2016\/02\/5Ruinas-de-Emp\u00faries.-L-\u00b4Escala-300x225.jpg\" alt=\"Ruinas de Emp\u00faries. L 'Escala\" class=\"wp-image-908\" srcset=\"https:\/\/cdn1.es.casasrurales.net\/blog\/wp-content\/emp\/blogcasas\/2016\/02\/5Ruinas-de-Emp\u00faries.-L-\u00b4Escala-300x225.jpg 300w, https:\/\/cdn1.es.casasrurales.net\/blog\/wp-content\/emp\/blogcasas\/2016\/02\/5Ruinas-de-Emp\u00faries.-L-\u00b4Escala-156x117.jpg 156w, https:\/\/cdn1.es.casasrurales.net\/blog\/wp-content\/emp\/blogcasas\/2016\/02\/5Ruinas-de-Emp\u00faries.-L-\u00b4Escala.jpg 640w\" sizes=\"(max-width: 300px) 100vw, 300px\" \/><\/a><figcaption>Ruinas de Emp\u00faries. L &#8216;Escala<\/figcaption><\/figure><\/div>\n\n\n\n<p>Decimos mucho, decimos todo, cuando recordamos que L&#8217;Escala se encuentra dentro del \u201c<strong>Club de las Bah\u00edas m\u00e1s bonitas del mundo<\/strong>\u201d. Y por algo ser\u00e1.<\/p>\n\n\n\n<p><\/p>\n\n\n\n<p><\/p>\n\n\n\n<p><\/p>\n\n\n\n<p><\/p>\n\n\n\n<p><\/p>\n\n\n\n<p><\/p>\n\n\n\n<div class=\"wp-block-image\"><figure class=\"alignleft\"><a href=\"https:\/\/cdn1.es.casasrurales.net\/blog\/wp-content\/emp\/blogcasas\/2016\/02\/5Pasea-por-L-\u00b4Escala.jpg\"><img width=\"300\" height=\"190\" src=\"https:\/\/cdn1.es.casasrurales.net\/blog\/wp-content\/emp\/blogcasas\/2016\/02\/5Pasea-por-L-\u00b4Escala-300x190.jpg\" alt=\"Pasea por L 'Escala\" class=\"wp-image-902\" srcset=\"https:\/\/cdn1.es.casasrurales.net\/blog\/wp-content\/emp\/blogcasas\/2016\/02\/5Pasea-por-L-\u00b4Escala-300x190.jpg 300w, https:\/\/cdn1.es.casasrurales.net\/blog\/wp-content\/emp\/blogcasas\/2016\/02\/5Pasea-por-L-\u00b4Escala.jpg 646w\" sizes=\"(max-width: 300px) 100vw, 300px\" \/><\/a><figcaption>Pasea por L &#8216;Escala<\/figcaption><\/figure><\/div>\n\n\n\n<p>Bienvenidos a un lugar donde no solo se respira la tradici\u00f3n marinera, sino que tambi\u00e9n se viaja en el tiempo. As\u00ed es amigos, L&#8217;Escala presenta, ocupa y completa toda su paisaj\u00edstica, sus m\u00e1s de 2 kil\u00f3metros de costa, con el <strong>conjunto arqueol\u00f3gico griego<\/strong> de mayor relieve en nuestro pa\u00eds, pues todo acantilado aqu\u00ed est\u00e1 abrazado por las famosas <strong>ruinas de<\/strong> <strong>Emp\u00faries<\/strong>. \u00a1Una delicia!<\/p>\n\n\n\n<p><\/p>\n\n\n\n<p><\/p>\n\n\n\n<p><\/p>\n\n\n\n<p><\/p>\n\n\n\n<h2><strong>Roses<\/strong><\/h2>\n\n\n\n<div class=\"wp-block-image\"><figure class=\"alignleft\"><a href=\"https:\/\/cdn1.es.casasrurales.net\/blog\/wp-content\/emp\/blogcasas\/2016\/02\/6Vista-panor\u00e1mica-de-Roses.jpg\"><img width=\"300\" height=\"200\" src=\"https:\/\/cdn1.es.casasrurales.net\/blog\/wp-content\/emp\/blogcasas\/2016\/02\/6Vista-panor\u00e1mica-de-Roses-300x200.jpg\" alt=\"Vista panor\u00e1mica de Roses\" class=\"wp-image-904\" srcset=\"https:\/\/cdn1.es.casasrurales.net\/blog\/wp-content\/emp\/blogcasas\/2016\/02\/6Vista-panor\u00e1mica-de-Roses-300x200.jpg 300w, https:\/\/cdn1.es.casasrurales.net\/blog\/wp-content\/emp\/blogcasas\/2016\/02\/6Vista-panor\u00e1mica-de-Roses-320x213.jpg 320w, https:\/\/cdn1.es.casasrurales.net\/blog\/wp-content\/emp\/blogcasas\/2016\/02\/6Vista-panor\u00e1mica-de-Roses.jpg 640w\" sizes=\"(max-width: 300px) 100vw, 300px\" \/><\/a><figcaption>Vista panor\u00e1mica de Roses<\/figcaption><\/figure><\/div>\n\n\n\n<p>Roses es turismo de sol y playa o mejor dicho, <strong>turismo de sol y calas<\/strong>. Porque este municipio es el lugar donde m\u00e1s <strong>calas<\/strong> se citan, convirti\u00e9ndose en un aut\u00e9ntico referente tur\u00edstico en los meses donde Lorenzo aprieta.<\/p>\n\n\n\n<p><\/p>\n\n\n\n<p><\/p>\n\n\n\n<p><\/p>\n\n\n\n<p><\/p>\n\n\n\n<p><\/p>\n\n\n\n<div class=\"wp-block-image\"><figure class=\"alignleft\"><a href=\"https:\/\/cdn1.es.casasrurales.net\/blog\/wp-content\/emp\/blogcasas\/2016\/02\/6Playa-de-Roses.jpg\"><img width=\"300\" height=\"175\" src=\"https:\/\/cdn1.es.casasrurales.net\/blog\/wp-content\/emp\/blogcasas\/2016\/02\/6Playa-de-Roses-300x175.jpg\" alt=\"Playa de Roses\" class=\"wp-image-903\" srcset=\"https:\/\/cdn1.es.casasrurales.net\/blog\/wp-content\/emp\/blogcasas\/2016\/02\/6Playa-de-Roses-300x175.jpg 300w, https:\/\/cdn1.es.casasrurales.net\/blog\/wp-content\/emp\/blogcasas\/2016\/02\/6Playa-de-Roses.jpg 644w\" sizes=\"(max-width: 300px) 100vw, 300px\" \/><\/a><figcaption>Playa de Roses<\/figcaption><\/figure><\/div>\n\n\n\n<p>La naturaleza hace de Roses un destino ideal tambi\u00e9n para realizar actividades tales como vela, parapente o remo, pr\u00e1cticas que acaban con tu aburrimiento y adem\u00e1s te ayudan a disfrutar del enorme paisaje que se abre ante vosotros.<\/p>\n\n\n\n<p><\/p>\n\n\n\n<p><\/p>\n\n\n\n<p><\/p>\n\n\n\n<p><\/p>\n\n\n\n<p><\/p>\n\n\n\n<h2><strong>L &#8216;Estartit<\/strong><\/h2>\n\n\n\n<div class=\"wp-block-image\"><figure class=\"alignleft\"><a href=\"https:\/\/cdn1.es.casasrurales.net\/blog\/wp-content\/emp\/blogcasas\/2016\/02\/7Costa-Rocosa-en-L-Estartit.jpg\"><img width=\"300\" height=\"188\" src=\"https:\/\/cdn1.es.casasrurales.net\/blog\/wp-content\/emp\/blogcasas\/2016\/02\/7Costa-Rocosa-en-L-Estartit-300x188.jpg\" alt=\"Costa Rocosa en L 'Estartit\" class=\"wp-image-905\" srcset=\"https:\/\/cdn1.es.casasrurales.net\/blog\/wp-content\/emp\/blogcasas\/2016\/02\/7Costa-Rocosa-en-L-Estartit-300x188.jpg 300w, https:\/\/cdn1.es.casasrurales.net\/blog\/wp-content\/emp\/blogcasas\/2016\/02\/7Costa-Rocosa-en-L-Estartit.jpg 640w\" sizes=\"(max-width: 300px) 100vw, 300px\" \/><\/a><figcaption>Costa Rocosa en L &#8216;Estartit<\/figcaption><\/figure><\/div>\n\n\n\n<p>Este municipio regala una franja litoral de unos <strong>15 kil\u00f3metros<\/strong>, siendo 5 de playas y los 10 restantes de costa rocosa.<\/p>\n\n\n\n<p><\/p>\n\n\n\n<p><\/p>\n\n\n\n<p><\/p>\n\n\n\n<p><\/p>\n\n\n\n<p><\/p>\n\n\n\n<p><\/p>\n\n\n\n<div class=\"wp-block-image\"><figure class=\"alignleft\"><a href=\"https:\/\/cdn1.es.casasrurales.net\/blog\/wp-content\/emp\/blogcasas\/2016\/02\/7L-Estartit.jpg\"><img width=\"300\" height=\"203\" src=\"https:\/\/cdn1.es.casasrurales.net\/blog\/wp-content\/emp\/blogcasas\/2016\/02\/7L-Estartit-300x203.jpg\" alt=\"L 'Estartit\" class=\"wp-image-906\" srcset=\"https:\/\/cdn1.es.casasrurales.net\/blog\/wp-content\/emp\/blogcasas\/2016\/02\/7L-Estartit-300x203.jpg 300w, https:\/\/cdn1.es.casasrurales.net\/blog\/wp-content\/emp\/blogcasas\/2016\/02\/7L-Estartit.jpg 640w\" sizes=\"(max-width: 300px) 100vw, 300px\" \/><\/a><figcaption>L &#8216;Estartit<\/figcaption><\/figure><\/div>\n\n\n\n<p>Ofrece a los ojos playas de arena fina y sobre todo, peque\u00f1as <strong>calas<\/strong> y grandes <strong>acantilados<\/strong>, a los cuales se puede llegar a pie si seguimos las huellas de la <strong>costa del Montgr\u00ed<\/strong>. Todo un entorno de <strong>paz<\/strong> y <strong>tranquilidad<\/strong>, donde la infinitud del mar te sumergir\u00e1 en la mejor de las desconexiones, aquella capitaneada por la <strong>naturaleza<\/strong>.<\/p>\n\n\n\n<p><\/p>\n\n\n\n<p><\/p>\n\n\n\n<p><\/p>\n\n\n\n<p><\/p>\n\n\n\n<p><\/p>\n\n\n\n<p>Y por si te falta un empujoncito, \u00a1aqu\u00ed te dejamos algunas de las mejores instant\u00e1neas!<\/p>\n\n\n\n<figure class=\"wp-block-gallery columns-4 is-cropped\"><ul class=\"blocks-gallery-grid\"><li class=\"blocks-gallery-item\"><figure><a href=\"https:\/\/cdn1.es.casasrurales.net\/blog\/wp-content\/emp\/blogcasas\/2016\/02\/5Ruinas-de-Emp\u00faries.-L-\u00b4Escala.jpg\"><img width=\"640\" height=\"480\" src=\"https:\/\/cdn1.es.casasrurales.net\/blog\/wp-content\/emp\/blogcasas\/2016\/02\/5Ruinas-de-Emp\u00faries.-L-\u00b4Escala.jpg\" alt=\"Ruinas de Emp\u00faries. L 'Escala\" data-id=\"908\" class=\"wp-image-908\" srcset=\"https:\/\/cdn1.es.casasrurales.net\/blog\/wp-content\/emp\/blogcasas\/2016\/02\/5Ruinas-de-Emp\u00faries.-L-\u00b4Escala.jpg 640w, https:\/\/cdn1.es.casasrurales.net\/blog\/wp-content\/emp\/blogcasas\/2016\/02\/5Ruinas-de-Emp\u00faries.-L-\u00b4Escala-300x225.jpg 300w, https:\/\/cdn1.es.casasrurales.net\/blog\/wp-content\/emp\/blogcasas\/2016\/02\/5Ruinas-de-Emp\u00faries.-L-\u00b4Escala-156x117.jpg 156w\" sizes=\"(max-width: 640px) 100vw, 640px\" \/><\/a><\/figure><\/li><li class=\"blocks-gallery-item\"><figure><a href=\"https:\/\/cdn1.es.casasrurales.net\/blog\/wp-content\/emp\/blogcasas\/2016\/02\/7Costa-Rocosa-en-L-Estartit.jpg\"><img width=\"640\" height=\"400\" src=\"https:\/\/cdn1.es.casasrurales.net\/blog\/wp-content\/emp\/blogcasas\/2016\/02\/7Costa-Rocosa-en-L-Estartit.jpg\" alt=\"Costa Rocosa en L 'Estartit\" data-id=\"905\" class=\"wp-image-905\" srcset=\"https:\/\/cdn1.es.casasrurales.net\/blog\/wp-content\/emp\/blogcasas\/2016\/02\/7Costa-Rocosa-en-L-Estartit.jpg 640w, https:\/\/cdn1.es.casasrurales.net\/blog\/wp-content\/emp\/blogcasas\/2016\/02\/7Costa-Rocosa-en-L-Estartit-300x188.jpg 300w\" sizes=\"(max-width: 640px) 100vw, 640px\" \/><\/a><\/figure><\/li><li class=\"blocks-gallery-item\"><figure><a href=\"https:\/\/cdn1.es.casasrurales.net\/blog\/wp-content\/emp\/blogcasas\/2016\/02\/7L-Estartit.jpg\"><img width=\"640\" height=\"434\" src=\"https:\/\/cdn1.es.casasrurales.net\/blog\/wp-content\/emp\/blogcasas\/2016\/02\/7L-Estartit.jpg\" alt=\"L 'Estartit\" data-id=\"906\" class=\"wp-image-906\" srcset=\"https:\/\/cdn1.es.casasrurales.net\/blog\/wp-content\/emp\/blogcasas\/2016\/02\/7L-Estartit.jpg 640w, https:\/\/cdn1.es.casasrurales.net\/blog\/wp-content\/emp\/blogcasas\/2016\/02\/7L-Estartit-300x203.jpg 300w\" sizes=\"(max-width: 640px) 100vw, 640px\" \/><\/a><\/figure><\/li><li class=\"blocks-gallery-item\"><figure><a href=\"https:\/\/cdn1.es.casasrurales.net\/blog\/wp-content\/emp\/blogcasas\/2016\/02\/6Vista-panor\u00e1mica-de-Roses.jpg\"><img width=\"640\" height=\"427\" src=\"https:\/\/cdn1.es.casasrurales.net\/blog\/wp-content\/emp\/blogcasas\/2016\/02\/6Vista-panor\u00e1mica-de-Roses.jpg\" alt=\"Vista panor\u00e1mica de Roses\" data-id=\"904\" class=\"wp-image-904\" srcset=\"https:\/\/cdn1.es.casasrurales.net\/blog\/wp-content\/emp\/blogcasas\/2016\/02\/6Vista-panor\u00e1mica-de-Roses.jpg 640w, https:\/\/cdn1.es.casasrurales.net\/blog\/wp-content\/emp\/blogcasas\/2016\/02\/6Vista-panor\u00e1mica-de-Roses-300x200.jpg 300w, https:\/\/cdn1.es.casasrurales.net\/blog\/wp-content\/emp\/blogcasas\/2016\/02\/6Vista-panor\u00e1mica-de-Roses-320x213.jpg 320w\" sizes=\"(max-width: 640px) 100vw, 640px\" \/><\/a><\/figure><\/li><li class=\"blocks-gallery-item\"><figure><a href=\"https:\/\/cdn1.es.casasrurales.net\/blog\/wp-content\/emp\/blogcasas\/2016\/02\/5Pasea-por-L-\u00b4Escala.jpg\"><img width=\"646\" height=\"409\" src=\"https:\/\/cdn1.es.casasrurales.net\/blog\/wp-content\/emp\/blogcasas\/2016\/02\/5Pasea-por-L-\u00b4Escala.jpg\" alt=\"Pasea por L 'Escala\" data-id=\"902\" class=\"wp-image-902\" srcset=\"https:\/\/cdn1.es.casasrurales.net\/blog\/wp-content\/emp\/blogcasas\/2016\/02\/5Pasea-por-L-\u00b4Escala.jpg 646w, https:\/\/cdn1.es.casasrurales.net\/blog\/wp-content\/emp\/blogcasas\/2016\/02\/5Pasea-por-L-\u00b4Escala-300x190.jpg 300w\" sizes=\"(max-width: 646px) 100vw, 646px\" \/><\/a><\/figure><\/li><li class=\"blocks-gallery-item\"><figure><a href=\"https:\/\/cdn1.es.casasrurales.net\/blog\/wp-content\/emp\/blogcasas\/2016\/02\/3Platja-d\u00b4Aro.jpg\"><img width=\"640\" height=\"474\" src=\"https:\/\/cdn1.es.casasrurales.net\/blog\/wp-content\/emp\/blogcasas\/2016\/02\/3Platja-d\u00b4Aro.jpg\" alt=\"Platja d'Aro\" data-id=\"897\" class=\"wp-image-897\" srcset=\"https:\/\/cdn1.es.casasrurales.net\/blog\/wp-content\/emp\/blogcasas\/2016\/02\/3Platja-d\u00b4Aro.jpg 640w, https:\/\/cdn1.es.casasrurales.net\/blog\/wp-content\/emp\/blogcasas\/2016\/02\/3Platja-d\u00b4Aro-300x222.jpg 300w, https:\/\/cdn1.es.casasrurales.net\/blog\/wp-content\/emp\/blogcasas\/2016\/02\/3Platja-d\u00b4Aro-156x117.jpg 156w\" sizes=\"(max-width: 640px) 100vw, 640px\" \/><\/a><\/figure><\/li><li class=\"blocks-gallery-item\"><figure><a href=\"https:\/\/cdn1.es.casasrurales.net\/blog\/wp-content\/emp\/blogcasas\/2016\/02\/4Calella-de-Palafrugell.jpg\"><img width=\"640\" height=\"360\" src=\"https:\/\/cdn1.es.casasrurales.net\/blog\/wp-content\/emp\/blogcasas\/2016\/02\/4Calella-de-Palafrugell.jpg\" alt=\"Calella de Palafrugell\" data-id=\"899\" class=\"wp-image-899\" srcset=\"https:\/\/cdn1.es.casasrurales.net\/blog\/wp-content\/emp\/blogcasas\/2016\/02\/4Calella-de-Palafrugell.jpg 640w, https:\/\/cdn1.es.casasrurales.net\/blog\/wp-content\/emp\/blogcasas\/2016\/02\/4Calella-de-Palafrugell-300x169.jpg 300w\" sizes=\"(max-width: 640px) 100vw, 640px\" \/><\/a><\/figure><\/li><li class=\"blocks-gallery-item\"><figure><a href=\"https:\/\/cdn1.es.casasrurales.net\/blog\/wp-content\/emp\/blogcasas\/2016\/02\/4Casas-en-Calella-de-Palafrugell.jpg\"><img width=\"898\" height=\"367\" src=\"https:\/\/cdn1.es.casasrurales.net\/blog\/wp-content\/emp\/blogcasas\/2016\/02\/4Casas-en-Calella-de-Palafrugell.jpg\" alt=\"Casas en Calella de Palafrugell\" data-id=\"900\" class=\"wp-image-900\" srcset=\"https:\/\/cdn1.es.casasrurales.net\/blog\/wp-content\/emp\/blogcasas\/2016\/02\/4Casas-en-Calella-de-Palafrugell.jpg 898w, https:\/\/cdn1.es.casasrurales.net\/blog\/wp-content\/emp\/blogcasas\/2016\/02\/4Casas-en-Calella-de-Palafrugell-300x123.jpg 300w\" sizes=\"(max-width: 898px) 100vw, 898px\" \/><\/a><\/figure><\/li><li class=\"blocks-gallery-item\"><figure><a href=\"https:\/\/cdn1.es.casasrurales.net\/blog\/wp-content\/emp\/blogcasas\/2016\/02\/4Vistas-Calella-de-Palafrugell.jpg\"><img width=\"1024\" height=\"321\" src=\"https:\/\/cdn1.es.casasrurales.net\/blog\/wp-content\/emp\/blogcasas\/2016\/02\/4Vistas-Calella-de-Palafrugell.jpg\" alt=\"Vistas Calella de Palafrugell\" data-id=\"901\" class=\"wp-image-901\" srcset=\"https:\/\/cdn1.es.casasrurales.net\/blog\/wp-content\/emp\/blogcasas\/2016\/02\/4Vistas-Calella-de-Palafrugell.jpg 1024w, https:\/\/cdn1.es.casasrurales.net\/blog\/wp-content\/emp\/blogcasas\/2016\/02\/4Vistas-Calella-de-Palafrugell-300x94.jpg 300w\" sizes=\"(max-width: 1024px) 100vw, 1024px\" \/><\/a><\/figure><\/li><li class=\"blocks-gallery-item\"><figure><a href=\"https:\/\/cdn1.es.casasrurales.net\/blog\/wp-content\/emp\/blogcasas\/2016\/02\/6Playa-de-Roses.jpg\"><img width=\"644\" height=\"376\" src=\"https:\/\/cdn1.es.casasrurales.net\/blog\/wp-content\/emp\/blogcasas\/2016\/02\/6Playa-de-Roses.jpg\" alt=\"Playa de Roses\" data-id=\"903\" class=\"wp-image-903\" srcset=\"https:\/\/cdn1.es.casasrurales.net\/blog\/wp-content\/emp\/blogcasas\/2016\/02\/6Playa-de-Roses.jpg 644w, https:\/\/cdn1.es.casasrurales.net\/blog\/wp-content\/emp\/blogcasas\/2016\/02\/6Playa-de-Roses-300x175.jpg 300w\" sizes=\"(max-width: 644px) 100vw, 644px\" \/><\/a><\/figure><\/li><li class=\"blocks-gallery-item\"><figure><a href=\"https:\/\/cdn1.es.casasrurales.net\/blog\/wp-content\/emp\/blogcasas\/2016\/02\/3Ronda-de-S\u00b4Agar\u00f3-Platja-d\u00b4Aro.jpg\"><img width=\"1600\" height=\"1067\" src=\"https:\/\/cdn1.es.casasrurales.net\/blog\/wp-content\/emp\/blogcasas\/2016\/02\/3Ronda-de-S\u00b4Agar\u00f3-Platja-d\u00b4Aro.jpg\" alt=\"Ronda de S'Agar\u00f3, Platja d'Aro\" data-id=\"898\" class=\"wp-image-898\" srcset=\"https:\/\/cdn1.es.casasrurales.net\/blog\/wp-content\/emp\/blogcasas\/2016\/02\/3Ronda-de-S\u00b4Agar\u00f3-Platja-d\u00b4Aro.jpg 1600w, https:\/\/cdn1.es.casasrurales.net\/blog\/wp-content\/emp\/blogcasas\/2016\/02\/3Ronda-de-S\u00b4Agar\u00f3-Platja-d\u00b4Aro-300x200.jpg 300w, https:\/\/cdn1.es.casasrurales.net\/blog\/wp-content\/emp\/blogcasas\/2016\/02\/3Ronda-de-S\u00b4Agar\u00f3-Platja-d\u00b4Aro-1024x683.jpg 1024w, https:\/\/cdn1.es.casasrurales.net\/blog\/wp-content\/emp\/blogcasas\/2016\/02\/3Ronda-de-S\u00b4Agar\u00f3-Platja-d\u00b4Aro-320x213.jpg 320w, https:\/\/cdn1.es.casasrurales.net\/blog\/wp-content\/emp\/blogcasas\/2016\/02\/3Ronda-de-S\u00b4Agar\u00f3-Platja-d\u00b4Aro-1170x780.jpg 1170w\" sizes=\"(max-width: 1600px) 100vw, 1600px\" \/><\/a><\/figure><\/li><li class=\"blocks-gallery-item\"><figure><a href=\"https:\/\/cdn1.es.casasrurales.net\/blog\/wp-content\/emp\/blogcasas\/2016\/02\/3Naturaleza-en-Platja-d\u00b4Aro.jpg\"><img width=\"640\" height=\"429\" src=\"https:\/\/cdn1.es.casasrurales.net\/blog\/wp-content\/emp\/blogcasas\/2016\/02\/3Naturaleza-en-Platja-d\u00b4Aro.jpg\" alt=\"Platja d'Aro\" data-id=\"896\" class=\"wp-image-896\" srcset=\"https:\/\/cdn1.es.casasrurales.net\/blog\/wp-content\/emp\/blogcasas\/2016\/02\/3Naturaleza-en-Platja-d\u00b4Aro.jpg 640w, https:\/\/cdn1.es.casasrurales.net\/blog\/wp-content\/emp\/blogcasas\/2016\/02\/3Naturaleza-en-Platja-d\u00b4Aro-300x201.jpg 300w\" sizes=\"(max-width: 640px) 100vw, 640px\" \/><\/a><\/figure><\/li><li class=\"blocks-gallery-item\"><figure><a href=\"https:\/\/cdn1.es.casasrurales.net\/blog\/wp-content\/emp\/blogcasas\/2016\/02\/2Vila-Vella.-Tossa-de-Mar.jpg\"><img width=\"640\" height=\"238\" src=\"https:\/\/cdn1.es.casasrurales.net\/blog\/wp-content\/emp\/blogcasas\/2016\/02\/2Vila-Vella.-Tossa-de-Mar.jpg\" alt=\"Vila Vella. Tossa de Mar\" data-id=\"895\" class=\"wp-image-895\" srcset=\"https:\/\/cdn1.es.casasrurales.net\/blog\/wp-content\/emp\/blogcasas\/2016\/02\/2Vila-Vella.-Tossa-de-Mar.jpg 640w, https:\/\/cdn1.es.casasrurales.net\/blog\/wp-content\/emp\/blogcasas\/2016\/02\/2Vila-Vella.-Tossa-de-Mar-300x112.jpg 300w\" sizes=\"(max-width: 640px) 100vw, 640px\" \/><\/a><\/figure><\/li><li class=\"blocks-gallery-item\"><figure><a href=\"https:\/\/cdn1.es.casasrurales.net\/blog\/wp-content\/emp\/blogcasas\/2016\/02\/2Tossa-de-Mar.jpg\"><img width=\"1024\" height=\"683\" src=\"https:\/\/cdn1.es.casasrurales.net\/blog\/wp-content\/emp\/blogcasas\/2016\/02\/2Tossa-de-Mar.jpg\" alt=\"Tossa de Mar\" data-id=\"894\" class=\"wp-image-894\" srcset=\"https:\/\/cdn1.es.casasrurales.net\/blog\/wp-content\/emp\/blogcasas\/2016\/02\/2Tossa-de-Mar.jpg 1024w, https:\/\/cdn1.es.casasrurales.net\/blog\/wp-content\/emp\/blogcasas\/2016\/02\/2Tossa-de-Mar-300x200.jpg 300w, https:\/\/cdn1.es.casasrurales.net\/blog\/wp-content\/emp\/blogcasas\/2016\/02\/2Tossa-de-Mar-320x213.jpg 320w\" sizes=\"(max-width: 1024px) 100vw, 1024px\" \/><\/a><\/figure><\/li><li class=\"blocks-gallery-item\"><figure><a href=\"https:\/\/cdn1.es.casasrurales.net\/blog\/wp-content\/emp\/blogcasas\/2016\/02\/2Casco-Medieval.-Tossa-de-Mar.jpg\"><img width=\"640\" height=\"425\" src=\"https:\/\/cdn1.es.casasrurales.net\/blog\/wp-content\/emp\/blogcasas\/2016\/02\/2Casco-Medieval.-Tossa-de-Mar.jpg\" alt=\"Casco Medieval. Tossa de Mar\" data-id=\"893\" class=\"wp-image-893\" srcset=\"https:\/\/cdn1.es.casasrurales.net\/blog\/wp-content\/emp\/blogcasas\/2016\/02\/2Casco-Medieval.-Tossa-de-Mar.jpg 640w, https:\/\/cdn1.es.casasrurales.net\/blog\/wp-content\/emp\/blogcasas\/2016\/02\/2Casco-Medieval.-Tossa-de-Mar-300x199.jpg 300w, https:\/\/cdn1.es.casasrurales.net\/blog\/wp-content\/emp\/blogcasas\/2016\/02\/2Casco-Medieval.-Tossa-de-Mar-320x213.jpg 320w\" sizes=\"(max-width: 640px) 100vw, 640px\" \/><\/a><\/figure><\/li><li class=\"blocks-gallery-item\"><figure><a href=\"https:\/\/cdn1.es.casasrurales.net\/blog\/wp-content\/emp\/blogcasas\/2016\/02\/1Vistas-Lloret-de-Mar.jpg\"><img width=\"1024\" height=\"683\" src=\"https:\/\/cdn1.es.casasrurales.net\/blog\/wp-content\/emp\/blogcasas\/2016\/02\/1Vistas-Lloret-de-Mar.jpg\" alt=\"Vistas Lloret de Mar\" data-id=\"892\" class=\"wp-image-892\" srcset=\"https:\/\/cdn1.es.casasrurales.net\/blog\/wp-content\/emp\/blogcasas\/2016\/02\/1Vistas-Lloret-de-Mar.jpg 1024w, https:\/\/cdn1.es.casasrurales.net\/blog\/wp-content\/emp\/blogcasas\/2016\/02\/1Vistas-Lloret-de-Mar-300x200.jpg 300w, https:\/\/cdn1.es.casasrurales.net\/blog\/wp-content\/emp\/blogcasas\/2016\/02\/1Vistas-Lloret-de-Mar-320x213.jpg 320w\" sizes=\"(max-width: 1024px) 100vw, 1024px\" \/><\/a><\/figure><\/li><li class=\"blocks-gallery-item\"><figure><a href=\"https:\/\/cdn1.es.casasrurales.net\/blog\/wp-content\/emp\/blogcasas\/2016\/02\/1Lloret-de-Mar.jpg\"><img width=\"640\" height=\"427\" src=\"https:\/\/cdn1.es.casasrurales.net\/blog\/wp-content\/emp\/blogcasas\/2016\/02\/1Lloret-de-Mar.jpg\" alt=\"Lloret de Mar\" data-id=\"891\" class=\"wp-image-891\" srcset=\"https:\/\/cdn1.es.casasrurales.net\/blog\/wp-content\/emp\/blogcasas\/2016\/02\/1Lloret-de-Mar.jpg 640w, https:\/\/cdn1.es.casasrurales.net\/blog\/wp-content\/emp\/blogcasas\/2016\/02\/1Lloret-de-Mar-300x200.jpg 300w, https:\/\/cdn1.es.casasrurales.net\/blog\/wp-content\/emp\/blogcasas\/2016\/02\/1Lloret-de-Mar-320x213.jpg 320w\" sizes=\"(max-width: 640px) 100vw, 640px\" \/><\/a><\/figure><\/li><\/ul><\/figure>\n","protected":false},"excerpt":{"rendered":"<p>\u00bfTe gustar\u00eda volar por encima del mar sin mover los pies de la tierra? \u00bfTe gustar\u00eda rodearte de naturaleza virgen y salvaje mientras contemplas el infinito? \u00bfTe gustar\u00eda experimentar como el tiempo se para ante tus ojos? Y dime, \u00bfte&hellip; <br \/><a class=\"read-more-button\" href=\"https:\/\/www.casasrurales.net\/blog\/las-mejores-vistas-de-la-costa-brava\">Leer m\u00e1s<\/a><\/p>\n","protected":false},"author":4,"featured_media":906,"comment_status":"closed","ping_status":"open","sticky":false,"template":"","format":"standard","meta":[],"categories":[11],"tags":[],"_links":{"self":[{"href":"https:\/\/www.casasrurales.net\/blog\/wp-json\/wp\/v2\/posts\/890"}],"collection":[{"href":"https:\/\/www.casasrurales.net\/blog\/wp-json\/wp\/v2\/posts"}],"about":[{"href":"https:\/\/www.casasrurales.net\/blog\/wp-json\/wp\/v2\/types\/post"}],"author":[{"embeddable":true,"href":"https:\/\/www.casasrurales.net\/blog\/wp-json\/wp\/v2\/users\/4"}],"replies":[{"embeddable":true,"href":"https:\/\/www.casasrurales.net\/blog\/wp-json\/wp\/v2\/comments?post=890"}],"version-history":[{"count":26,"href":"https:\/\/www.casasrurales.net\/blog\/wp-json\/wp\/v2\/posts\/890\/revisions"}],"predecessor-version":[{"id":11693,"href":"https:\/\/www.casasrurales.net\/blog\/wp-json\/wp\/v2\/posts\/890\/revisions\/11693"}],"wp:featuredmedia":[{"embeddable":true,"href":"https:\/\/www.casasrurales.net\/blog\/wp-json\/wp\/v2\/media\/906"}],"wp:attachment":[{"href":"https:\/\/www.casasrurales.net\/blog\/wp-json\/wp\/v2\/media?parent=890"}],"wp:term":[{"taxonomy":"category","embeddable":true,"href":"https:\/\/www.casasrurales.net\/blog\/wp-json\/wp\/v2\/categories?post=890"},{"taxonomy":"post_tag","embeddable":true,"href":"https:\/\/www.casasrurales.net\/blog\/wp-json\/wp\/v2\/tags?post=890"}],"curies":[{"name":"wp","href":"https:\/\/api.w.org\/{rel}","templated":true}]}}