
{"id":8659,"date":"2022-06-17T10:00:00","date_gmt":"2022-06-17T10:00:00","guid":{"rendered":"https:\/\/www.casasrurales.net\/blog\/?p=8659"},"modified":"2022-06-17T11:30:12","modified_gmt":"2022-06-17T11:30:12","slug":"5-barrios-de-espana-a-todo-color","status":"publish","type":"post","link":"https:\/\/www.casasrurales.net\/blog\/5-barrios-de-espana-a-todo-color","title":{"rendered":"5 barrios de Espa\u00f1a a todo color"},"content":{"rendered":"<p><strong>\u00a1Qu\u00e9 aburrido es vivir en grises, y la de vida que nos aportan los colores!<\/strong> Incluso seg\u00fan alg\u00fan estudio, si el d\u00eda que est\u00e1s m\u00e1s triste, te vistes con colores vivos, empieza a mejorar la jornada.<\/p>\n<p>Pues bien, hoy hemos querido comprobar si eso es as\u00ed, pero<strong> viajando a algunos barrios que tienen una infinidad de colores<\/strong> y que son motivo de atracci\u00f3n tur\u00edstica. Son los barrios m\u00e1s coloridos de Espa\u00f1a y haznos caso: deber\u00edas visitarlos porque <strong>te van a sorprender much\u00edsimo.<\/strong><\/p>\n<p>Si no puedes esperar m\u00e1s,<em><strong> \u00a1te los mostramos ahora mismo!<\/strong><\/em><\/p>\n<p>&nbsp;<\/p>\n<h2><strong>Barrio de la Marina, Guip\u00fazcoa<\/strong><\/h2>\n<div id=\"attachment_8664\" style=\"width: 810px\" class=\"wp-caption aligncenter\"><img aria-describedby=\"caption-attachment-8664\" class=\"size-full wp-image-8664\" src=\"https:\/\/cdn1.es.casasrurales.net\/blog\/wp-content\/emp\/blogcasas\/2020\/06\/Miguel-\u00c1ngel-Garc\u00eda.-FLICKR-2.jpg\" alt=\"Miguel \u00c1ngel Garc\u00eda.-FLICKR\" width=\"800\" height=\"535\" srcset=\"https:\/\/cdn1.es.casasrurales.net\/blog\/wp-content\/emp\/blogcasas\/2020\/06\/Miguel-\u00c1ngel-Garc\u00eda.-FLICKR-2.jpg 800w, https:\/\/cdn1.es.casasrurales.net\/blog\/wp-content\/emp\/blogcasas\/2020\/06\/Miguel-\u00c1ngel-Garc\u00eda.-FLICKR-2-300x201.jpg 300w, https:\/\/cdn1.es.casasrurales.net\/blog\/wp-content\/emp\/blogcasas\/2020\/06\/Miguel-\u00c1ngel-Garc\u00eda.-FLICKR-2-768x514.jpg 768w, https:\/\/cdn1.es.casasrurales.net\/blog\/wp-content\/emp\/blogcasas\/2020\/06\/Miguel-\u00c1ngel-Garc\u00eda.-FLICKR-2-320x213.jpg 320w\" sizes=\"(max-width: 800px) 100vw, 800px\" \/><p id=\"caption-attachment-8664\" class=\"wp-caption-text\">Miguel \u00c1ngel Garc\u00eda.-FLICKR<\/p><\/div>\n<p>Unas vacaciones a todo color es lo que vas a poder disfrutar en <strong><a href=\"https:\/\/www.casasrurales.net\/casas-rurales\/guipuzcoa\/hondarribia\">este barrio que pertenece a Hondarribia<\/a><\/strong>. Un rinconcito que <strong>atrae a much\u00edsimos turistas<\/strong> por la estampa que ofrece, y por supuesto, por el <strong>ambiente costero<\/strong> que se desprende de cada una de sus calles.<\/p>\n<p><strong>Tradici\u00f3n, color y aire tranquilo<\/strong> es lo que vas a encontrar si decides <strong>pasear por su casco urbano<\/strong>, observando la arquitectura tradicional que se ha conservado en la mayor\u00eda de las casas.<\/p>\n<p>Tal es la belleza que crean las<strong> t\u00edpicas casas de pescadores<\/strong> con sus <strong>coloridos balcones<\/strong>, que ha sido declarado <strong>Monumento Hist\u00f3rico Art\u00edstico.<\/strong><\/p>\n<p><strong>\u00a1Una pasada!<\/strong><\/p>\n<h2><strong>Casco Antiguo de Estepona, M\u00e1laga<\/strong><\/h2>\n<div id=\"attachment_8663\" style=\"width: 810px\" class=\"wp-caption aligncenter\"><img aria-describedby=\"caption-attachment-8663\" class=\"size-full wp-image-8663\" src=\"https:\/\/cdn1.es.casasrurales.net\/blog\/wp-content\/emp\/blogcasas\/2020\/06\/Harald-Johnsen-FLICKR.jpg\" alt=\"Harald Johnsen-FLICKR\" width=\"800\" height=\"600\" srcset=\"https:\/\/cdn1.es.casasrurales.net\/blog\/wp-content\/emp\/blogcasas\/2020\/06\/Harald-Johnsen-FLICKR.jpg 800w, https:\/\/cdn1.es.casasrurales.net\/blog\/wp-content\/emp\/blogcasas\/2020\/06\/Harald-Johnsen-FLICKR-300x225.jpg 300w, https:\/\/cdn1.es.casasrurales.net\/blog\/wp-content\/emp\/blogcasas\/2020\/06\/Harald-Johnsen-FLICKR-768x576.jpg 768w, https:\/\/cdn1.es.casasrurales.net\/blog\/wp-content\/emp\/blogcasas\/2020\/06\/Harald-Johnsen-FLICKR-156x117.jpg 156w\" sizes=\"(max-width: 800px) 100vw, 800px\" \/><p id=\"caption-attachment-8663\" class=\"wp-caption-text\">Harald Johnsen-FLICKR<\/p><\/div>\n<p>Que el sur de Espa\u00f1a es un lugar en el que el <strong>arte, la vida y el color son primordiales<\/strong> no es ning\u00fan secreto. Pero sin duda, hay lugares con m\u00e1s color que otros, y eso es lo que ocurre precisamente en el <strong><a href=\"https:\/\/www.casasrurales.net\/casas-rurales\/malaga\">casco antiguo del pueblo malague\u00f1o<\/a><\/strong> de <strong>Estepona<\/strong>.<\/p>\n<p>No son precisamente las <strong>casas<\/strong> las que aportan color a su casco antiguo, porque <strong>todas ellas son de color blanco,<\/strong> y respetando la l\u00ednea <strong>cl\u00e1sica de los pueblos andaluces<\/strong>. En este caso, <strong>lo que le da color son las macetas con flores<\/strong> de colores en cada uno de los rincones de las calles, lo que crea una de las mejores estampas que puedas imaginar.<\/p>\n<p>Sin duda<strong>, un paseo muy recomendable.<\/strong><\/p>\n<h2><strong>Barrio de Triana, Sevilla<\/strong><\/h2>\n<div id=\"attachment_8662\" style=\"width: 810px\" class=\"wp-caption aligncenter\"><img aria-describedby=\"caption-attachment-8662\" class=\"size-full wp-image-8662\" src=\"https:\/\/cdn1.es.casasrurales.net\/blog\/wp-content\/emp\/blogcasas\/2020\/06\/Guzm\u00e1n-Lozano-FLICKR.jpg\" alt=\"Guzm\u00e1n Lozano-FLICKR\" width=\"800\" height=\"440\" srcset=\"https:\/\/cdn1.es.casasrurales.net\/blog\/wp-content\/emp\/blogcasas\/2020\/06\/Guzm\u00e1n-Lozano-FLICKR.jpg 800w, https:\/\/cdn1.es.casasrurales.net\/blog\/wp-content\/emp\/blogcasas\/2020\/06\/Guzm\u00e1n-Lozano-FLICKR-300x165.jpg 300w, https:\/\/cdn1.es.casasrurales.net\/blog\/wp-content\/emp\/blogcasas\/2020\/06\/Guzm\u00e1n-Lozano-FLICKR-768x422.jpg 768w\" sizes=\"(max-width: 800px) 100vw, 800px\" \/><p id=\"caption-attachment-8662\" class=\"wp-caption-text\">Guzm\u00e1n Lozano-FLICKR<\/p><\/div>\n<p>Seguimos en el sur disfrutando de la<strong> esencia de Andaluc\u00eda<\/strong> pero esta vez, <strong><a href=\"https:\/\/www.casasrurales.net\/casas-rurales\/sevilla\">viajamos a la provincia de Sevilla<\/a><\/strong> para conocer uno de los <strong>puntos imprescindibles<\/strong> si viajas hasta la provincia.<\/p>\n<p>Sus <strong>casas que se asoman al Guadalquivir<\/strong>, reflejan en el agua el<strong> color de sus fachadas<\/strong>, lo que le aporta una de las panor\u00e1micas m\u00e1s curiosas y bonitas que encontrar\u00e1s, y todo esto, respaldado por la presencia del famos\u00edsimo <strong>Puente de la Reina,<\/strong> que es el <strong>m\u00e1s antiguo de Espa\u00f1a.<\/strong><\/p>\n<p>Una imagen con<strong> todos los colores<\/strong> que estamos seguros de que te encantar\u00e1 disfrutar.<\/p>\n<h2><strong>San Crist\u00f3bal de La Laguna, Tenerife<\/strong><\/h2>\n<div id=\"attachment_8661\" style=\"width: 810px\" class=\"wp-caption aligncenter\"><img aria-describedby=\"caption-attachment-8661\" class=\"size-full wp-image-8661\" src=\"https:\/\/cdn1.es.casasrurales.net\/blog\/wp-content\/emp\/blogcasas\/2020\/06\/Miguel-\u00c1ngel-Garc\u00eda.-FLICKR.jpg\" alt=\"Miguel \u00c1ngel Garc\u00eda.-FLICKR\" width=\"800\" height=\"536\" srcset=\"https:\/\/cdn1.es.casasrurales.net\/blog\/wp-content\/emp\/blogcasas\/2020\/06\/Miguel-\u00c1ngel-Garc\u00eda.-FLICKR.jpg 800w, https:\/\/cdn1.es.casasrurales.net\/blog\/wp-content\/emp\/blogcasas\/2020\/06\/Miguel-\u00c1ngel-Garc\u00eda.-FLICKR-300x201.jpg 300w, https:\/\/cdn1.es.casasrurales.net\/blog\/wp-content\/emp\/blogcasas\/2020\/06\/Miguel-\u00c1ngel-Garc\u00eda.-FLICKR-768x515.jpg 768w, https:\/\/cdn1.es.casasrurales.net\/blog\/wp-content\/emp\/blogcasas\/2020\/06\/Miguel-\u00c1ngel-Garc\u00eda.-FLICKR-320x213.jpg 320w\" sizes=\"(max-width: 800px) 100vw, 800px\" \/><p id=\"caption-attachment-8661\" class=\"wp-caption-text\">Miguel \u00c1ngel Garc\u00eda.-FLICKR<\/p><\/div>\n<p>Fue la <strong><a href=\"https:\/\/www.casasrurales.net\/casas-rurales\/tenerife\">primera de Tenerife<\/a><\/strong>, una ciudad en la que vas a poder disfrutar de<strong> un colorido paseo por un entramado lineal<\/strong> y cuadriculado donde se pueden disfrutar los<strong> rincones con encanto<\/strong> que lo forman.<\/p>\n<p>Se trata de un <strong>Patrimonio de la Humanidad<\/strong>, y un espacio en el que adem\u00e1s de color, encontrar\u00e1s <strong>mucha historia viva<\/strong> a trav\u00e9s de sus construcciones. En esta peque\u00f1a ciudad tinerfe\u00f1a vas a poder encontrar<strong> casas se\u00f1oriales<\/strong> y otras mucho m\u00e1s <strong>sencillas que pintaron sus fachadas<\/strong> con alegres colores.<\/p>\n<p>Y todo esto, en un espacio en el que vas a poder respirar<strong> ese aire insular tan agradable.<\/strong><\/p>\n<h2><strong>Barrio Viejo, Girona<\/strong><\/h2>\n<div id=\"attachment_8660\" style=\"width: 810px\" class=\"wp-caption aligncenter\"><img aria-describedby=\"caption-attachment-8660\" class=\"size-full wp-image-8660\" src=\"https:\/\/cdn1.es.casasrurales.net\/blog\/wp-content\/emp\/blogcasas\/2020\/06\/B\u00f6rkur-Sigurbj\u00f6rnsson-FLICKR.jpg\" alt=\"B\u00f6rkur Sigurbj\u00f6rnsson-FLICKR\" width=\"800\" height=\"600\" srcset=\"https:\/\/cdn1.es.casasrurales.net\/blog\/wp-content\/emp\/blogcasas\/2020\/06\/B\u00f6rkur-Sigurbj\u00f6rnsson-FLICKR.jpg 800w, https:\/\/cdn1.es.casasrurales.net\/blog\/wp-content\/emp\/blogcasas\/2020\/06\/B\u00f6rkur-Sigurbj\u00f6rnsson-FLICKR-300x225.jpg 300w, https:\/\/cdn1.es.casasrurales.net\/blog\/wp-content\/emp\/blogcasas\/2020\/06\/B\u00f6rkur-Sigurbj\u00f6rnsson-FLICKR-768x576.jpg 768w, https:\/\/cdn1.es.casasrurales.net\/blog\/wp-content\/emp\/blogcasas\/2020\/06\/B\u00f6rkur-Sigurbj\u00f6rnsson-FLICKR-156x117.jpg 156w\" sizes=\"(max-width: 800px) 100vw, 800px\" \/><p id=\"caption-attachment-8660\" class=\"wp-caption-text\">B\u00f6rkur Sigurbj\u00f6rnsson-FLICKR<\/p><\/div>\n<p>Sin duda es una de las zonas que no <strong>pod\u00eda faltar en nuestra lista<\/strong> de barrios coloridos. <strong><a href=\"https:\/\/www.casasrurales.net\/casas-rurales\/girona\">Una de las estampas m\u00e1s famosas<\/a><\/strong> de <strong>Girona<\/strong> que te proponemos que conozcas porque no te va a defraudar.<\/p>\n<p>Se conoce como<strong><em> Casas del Onyar,<\/em> <\/strong>y son viviendas <strong>construidas en lo que fueron las murallas<\/strong> de este territorio, por lo que adem\u00e1s de una estampa preciosa, son historia viva de nuestro pa\u00eds.<\/p>\n<p><strong>Naranjas, rojos, azules o verdes<\/strong> son s\u00f3lo <strong>una pincelada<\/strong> -y nunca mejor dicho- de lo que vas a encontrar cuando llegues al Barrio Viejo.<\/p>\n","protected":false},"excerpt":{"rendered":"<p>\u00a1Qu\u00e9 aburrido es vivir en grises, y la de vida que nos aportan los colores! Incluso seg\u00fan alg\u00fan estudio, si el d\u00eda que est\u00e1s m\u00e1s triste, te vistes con colores vivos, empieza a mejorar la jornada. Pues bien, hoy hemos&hellip; <br \/><a class=\"read-more-button\" href=\"https:\/\/www.casasrurales.net\/blog\/5-barrios-de-espana-a-todo-color\">Leer m\u00e1s<\/a><\/p>\n","protected":false},"author":6,"featured_media":8665,"comment_status":"open","ping_status":"open","sticky":false,"template":"","format":"standard","meta":[],"categories":[13],"tags":[44],"_links":{"self":[{"href":"https:\/\/www.casasrurales.net\/blog\/wp-json\/wp\/v2\/posts\/8659"}],"collection":[{"href":"https:\/\/www.casasrurales.net\/blog\/wp-json\/wp\/v2\/posts"}],"about":[{"href":"https:\/\/www.casasrurales.net\/blog\/wp-json\/wp\/v2\/types\/post"}],"author":[{"embeddable":true,"href":"https:\/\/www.casasrurales.net\/blog\/wp-json\/wp\/v2\/users\/6"}],"replies":[{"embeddable":true,"href":"https:\/\/www.casasrurales.net\/blog\/wp-json\/wp\/v2\/comments?post=8659"}],"version-history":[{"count":2,"href":"https:\/\/www.casasrurales.net\/blog\/wp-json\/wp\/v2\/posts\/8659\/revisions"}],"predecessor-version":[{"id":10960,"href":"https:\/\/www.casasrurales.net\/blog\/wp-json\/wp\/v2\/posts\/8659\/revisions\/10960"}],"wp:featuredmedia":[{"embeddable":true,"href":"https:\/\/www.casasrurales.net\/blog\/wp-json\/wp\/v2\/media\/8665"}],"wp:attachment":[{"href":"https:\/\/www.casasrurales.net\/blog\/wp-json\/wp\/v2\/media?parent=8659"}],"wp:term":[{"taxonomy":"category","embeddable":true,"href":"https:\/\/www.casasrurales.net\/blog\/wp-json\/wp\/v2\/categories?post=8659"},{"taxonomy":"post_tag","embeddable":true,"href":"https:\/\/www.casasrurales.net\/blog\/wp-json\/wp\/v2\/tags?post=8659"}],"curies":[{"name":"wp","href":"https:\/\/api.w.org\/{rel}","templated":true}]}}