
{"id":8593,"date":"2018-05-19T11:42:00","date_gmt":"2018-05-19T11:42:00","guid":{"rendered":"https:\/\/www.casasrurales.net\/blog\/?p=8593"},"modified":"2023-10-31T14:53:51","modified_gmt":"2023-10-31T14:53:51","slug":"festivales-y-turismo-rural-una-apuesta-segura","status":"publish","type":"post","link":"https:\/\/www.casasrurales.net\/blog\/festivales-y-turismo-rural-una-apuesta-segura","title":{"rendered":"Festivales y turismo rural, una apuesta segura"},"content":{"rendered":"<p>Son muchos los a\u00f1os que llevamos<strong> viendo a miles de fans de todos los tipos de m\u00fasica,<\/strong> acudir a una de sus reuniones favoritas del verano:<strong> los festivales.<\/strong><\/p>\n<p>En a\u00f1os anteriores, han sido<strong> m\u00e1s de 300.000 personas las congregadas<\/strong> en eventos como<strong> el S\u00f3nar<\/strong> que se celebra en <strong><a href=\"https:\/\/www.casasrurales.net\/casas-rurales\/barcelona\">Barcelona<\/a><\/strong>, uno de los<strong> m\u00e1s concurridos del calendario<\/strong>.<\/p>\n<p><strong>Si este a\u00f1o te vas de festival,<\/strong> te avisamos con tiempo de antelaci\u00f3n para que <strong>pienses bien d\u00f3nde quieres dormir<\/strong>. Es posible que las plazas para el camping se hayan terminado, o que prefieras <strong>descansar en un alojamiento con tus amigos.<\/strong> Si estas son tus opciones, <strong>no te pierdas detalle.<\/strong><\/p>\n<div id=\"attachment_8595\" style=\"width: 810px\" class=\"wp-caption aligncenter\"><img aria-describedby=\"caption-attachment-8595\" class=\"size-full wp-image-8595\" src=\"https:\/\/cdn1.es.casasrurales.net\/blog\/wp-content\/emp\/blogcasas\/2020\/06\/Carol-C.-FLICKR.jpg\" alt=\"Carol C.-FLICKR\" width=\"800\" height=\"543\" srcset=\"https:\/\/cdn1.es.casasrurales.net\/blog\/wp-content\/emp\/blogcasas\/2020\/06\/Carol-C.-FLICKR.jpg 800w, https:\/\/cdn1.es.casasrurales.net\/blog\/wp-content\/emp\/blogcasas\/2020\/06\/Carol-C.-FLICKR-300x204.jpg 300w, https:\/\/cdn1.es.casasrurales.net\/blog\/wp-content\/emp\/blogcasas\/2020\/06\/Carol-C.-FLICKR-768x521.jpg 768w\" sizes=\"(max-width: 800px) 100vw, 800px\" \/><p id=\"caption-attachment-8595\" class=\"wp-caption-text\">Carol C.-FLICKR<\/p><\/div>\n<p>Ponemos<strong> el ejemplo de Barcelona<\/strong> como podr\u00edamos poner muchos otros de <strong>im\u00e1n tur\u00edstico y ciudad cosmopolita<\/strong> que cuenta siempre con una <strong>amplia oferta cultural.<\/strong> Es especialmente en los <strong>meses de verano<\/strong> cuando el protagonismo se lo llevan sobre todo, los reputados festivales de m\u00fasica que celebra.<\/p>\n<h2><strong>Primavera Sound<\/strong><\/h2>\n<p>El<strong> Primavera Sound,<\/strong> que tendr\u00e1 lugar este pr\u00f3ximo<strong> 30 de mayo<\/strong>, ser\u00e1 visitado por <strong>cerca de 220.000 \u201c<em>festivaleros<\/em>\u201d<\/strong>, 30.000 m\u00e1s que en la pasada edici\u00f3n.\u00a0Los afortunados vibrar\u00e1n al son de la astron\u00f3mica cifra de<strong> 300 conciertos<\/strong> concentrados en una <strong>semana de aut\u00e9ntica\u00a0fiesta indie<\/strong>\u00a0en la Ciudad Condal.<\/p>\n<div id=\"attachment_8596\" style=\"width: 810px\" class=\"wp-caption aligncenter\"><img aria-describedby=\"caption-attachment-8596\" class=\"size-full wp-image-8596\" src=\"https:\/\/cdn1.es.casasrurales.net\/blog\/wp-content\/emp\/blogcasas\/2020\/06\/Quique-FLICKR.jpg\" alt=\"Quique-FLICKR\" width=\"800\" height=\"600\" srcset=\"https:\/\/cdn1.es.casasrurales.net\/blog\/wp-content\/emp\/blogcasas\/2020\/06\/Quique-FLICKR.jpg 800w, https:\/\/cdn1.es.casasrurales.net\/blog\/wp-content\/emp\/blogcasas\/2020\/06\/Quique-FLICKR-300x225.jpg 300w, https:\/\/cdn1.es.casasrurales.net\/blog\/wp-content\/emp\/blogcasas\/2020\/06\/Quique-FLICKR-768x576.jpg 768w, https:\/\/cdn1.es.casasrurales.net\/blog\/wp-content\/emp\/blogcasas\/2020\/06\/Quique-FLICKR-156x117.jpg 156w\" sizes=\"(max-width: 800px) 100vw, 800px\" \/><p id=\"caption-attachment-8596\" class=\"wp-caption-text\">Quique-FLICKR<\/p><\/div>\n<p>Le tocar\u00e1 tambi\u00e9n el turno, los <strong>pr\u00f3ximos 14 al 16 de junio,<\/strong> a otro grande de los escenarios m\u00e1s\u00a0cool:<strong> el S\u00f3nar<\/strong>.<\/p>\n<h2><em><strong>Festival Internacional de M\u00fasica Avanzada y New Media Art<\/strong><\/em><\/h2>\n<p>El<em><strong> Festival Internacional de M\u00fasica Avanzada y New Media Art<\/strong> <\/em>tambi\u00e9n pretende vender <strong>m\u00e1s entradas<\/strong> esta nueva temporada, lo que es muy positivo, pero tambi\u00e9n repercute en la <strong>subida de precios de los establecimientos<\/strong> hoteleros.<\/p>\n<p><strong>L\u00f3gico<\/strong>.\u00a0Y es que solo en 2013, Barcelona recibi\u00f3 a m\u00e1s de 300.000 amantes de la m\u00fasica, cifra que <strong>5 a\u00f1os despu\u00e9s, ha crecido<\/strong> considerablemente.<\/p>\n<p>Y ah\u00ed entramos nosotros, que <strong>ofrecemos alojamientos,<\/strong> si no con el mismo precio que el resto del a\u00f1o, mucho m\u00e1s <strong>asequibles de todas formas<\/strong> que un hotel.<\/p>\n<div id=\"attachment_8597\" style=\"width: 809px\" class=\"wp-caption aligncenter\"><img aria-describedby=\"caption-attachment-8597\" class=\"size-full wp-image-8597\" src=\"https:\/\/cdn1.es.casasrurales.net\/blog\/wp-content\/emp\/blogcasas\/2020\/06\/Alexandre-Lung-FLICKR.jpg\" alt=\"Alexandre Lung-FLICKR\" width=\"799\" height=\"532\" srcset=\"https:\/\/cdn1.es.casasrurales.net\/blog\/wp-content\/emp\/blogcasas\/2020\/06\/Alexandre-Lung-FLICKR.jpg 799w, https:\/\/cdn1.es.casasrurales.net\/blog\/wp-content\/emp\/blogcasas\/2020\/06\/Alexandre-Lung-FLICKR-300x200.jpg 300w, https:\/\/cdn1.es.casasrurales.net\/blog\/wp-content\/emp\/blogcasas\/2020\/06\/Alexandre-Lung-FLICKR-768x511.jpg 768w, https:\/\/cdn1.es.casasrurales.net\/blog\/wp-content\/emp\/blogcasas\/2020\/06\/Alexandre-Lung-FLICKR-320x213.jpg 320w\" sizes=\"(max-width: 799px) 100vw, 799px\" \/><p id=\"caption-attachment-8597\" class=\"wp-caption-text\">Alexandre Lung-FLICKR<\/p><\/div>\n<p>Y la raz\u00f3n es que nosotros tenemos <strong>alternativas reales,<\/strong> en <strong>habitaciones<\/strong> con cama individual o en<strong> lofts o apartamentos<\/strong> peque\u00f1os. Todo lo necesario para que los<strong> aficionados al turismo de festival<\/strong> puedan disfrutar de la ciudad y los conciertos ajenos a los colapsos hoteleros.<\/p>\n<p>Y <strong>un aviso a <em>festivaleros<\/em>.<\/strong> Para la pr\u00f3xima semana los alojamientos ya cuentan con una<strong> ocupaci\u00f3n del 80%<\/strong>,\u00a0siendo la m\u00e1s reservada del mes, cuando lo habitual es que sea la \u00faltima semana, de cara a las vacaciones de verano.\u00a0As\u00ed que los afortunados que teng\u00e1is<strong> abono para el S\u00f3nar,<\/strong> si a\u00fan no ten\u00e9is alojamiento en Barcelona,<strong> ya pod\u00e9is correr porque <em>\u00a1cada d\u00eda quedan menos!<\/em><\/strong><\/p>\n","protected":false},"excerpt":{"rendered":"<p>Son muchos los a\u00f1os que llevamos viendo a miles de fans de todos los tipos de m\u00fasica, acudir a una de sus reuniones favoritas del verano: los festivales. En a\u00f1os anteriores, han sido m\u00e1s de 300.000 personas las congregadas en&hellip; <br \/><a class=\"read-more-button\" href=\"https:\/\/www.casasrurales.net\/blog\/festivales-y-turismo-rural-una-apuesta-segura\">Leer m\u00e1s<\/a><\/p>\n","protected":false},"author":6,"featured_media":8594,"comment_status":"open","ping_status":"open","sticky":false,"template":"","format":"standard","meta":[],"categories":[86],"tags":[],"_links":{"self":[{"href":"https:\/\/www.casasrurales.net\/blog\/wp-json\/wp\/v2\/posts\/8593"}],"collection":[{"href":"https:\/\/www.casasrurales.net\/blog\/wp-json\/wp\/v2\/posts"}],"about":[{"href":"https:\/\/www.casasrurales.net\/blog\/wp-json\/wp\/v2\/types\/post"}],"author":[{"embeddable":true,"href":"https:\/\/www.casasrurales.net\/blog\/wp-json\/wp\/v2\/users\/6"}],"replies":[{"embeddable":true,"href":"https:\/\/www.casasrurales.net\/blog\/wp-json\/wp\/v2\/comments?post=8593"}],"version-history":[{"count":2,"href":"https:\/\/www.casasrurales.net\/blog\/wp-json\/wp\/v2\/posts\/8593\/revisions"}],"predecessor-version":[{"id":12014,"href":"https:\/\/www.casasrurales.net\/blog\/wp-json\/wp\/v2\/posts\/8593\/revisions\/12014"}],"wp:featuredmedia":[{"embeddable":true,"href":"https:\/\/www.casasrurales.net\/blog\/wp-json\/wp\/v2\/media\/8594"}],"wp:attachment":[{"href":"https:\/\/www.casasrurales.net\/blog\/wp-json\/wp\/v2\/media?parent=8593"}],"wp:term":[{"taxonomy":"category","embeddable":true,"href":"https:\/\/www.casasrurales.net\/blog\/wp-json\/wp\/v2\/categories?post=8593"},{"taxonomy":"post_tag","embeddable":true,"href":"https:\/\/www.casasrurales.net\/blog\/wp-json\/wp\/v2\/tags?post=8593"}],"curies":[{"name":"wp","href":"https:\/\/api.w.org\/{rel}","templated":true}]}}