
{"id":8321,"date":"2020-06-12T12:59:36","date_gmt":"2020-06-12T12:59:36","guid":{"rendered":"https:\/\/www.casasrurales.net\/blog\/?p=8321"},"modified":"2020-06-12T12:59:36","modified_gmt":"2020-06-12T12:59:36","slug":"25-impresionantes-catedrales-de-espana","status":"publish","type":"post","link":"https:\/\/www.casasrurales.net\/blog\/25-impresionantes-catedrales-de-espana","title":{"rendered":"25 impresionantes catedrales de Espa\u00f1a"},"content":{"rendered":"<p>Las <strong>muestras de la grandiosidad de la arquitectura<\/strong> a lo largo de los a\u00f1os. Puntos de referencia para los religiosos, y de visita para millones de turistas que quieren apreciar las<strong> obras m\u00e1s espectaculares del patrimonio<\/strong> arquitect\u00f3nico.<\/p>\n<p>Hablamos de las Catedrales. Construcciones en las que levantar la cabeza y observar,<strong> contemplar y deleitarse con cada detalle<\/strong> pensado, que ha sido <strong>testigo de numerosos momentos<\/strong> hist\u00f3ricos y que encumbran la lista de visitas para los turistas.<\/p>\n<p><em>\u00bfQuieres conocer cu\u00e1les son nuestras<strong> 25 catedrales favoritas<\/strong>?<\/em> Te hacemos la lista ahora mismo.<\/p>\n<h2><span class=\"amp-wp-inline-934605138b205d4a9871e64b928b79b8\"><strong>Catedral de Mallorca<\/strong><\/span><\/h2>\n<div id=\"attachment_8346\" style=\"width: 810px\" class=\"wp-caption aligncenter\"><img aria-describedby=\"caption-attachment-8346\" class=\"size-full wp-image-8346\" src=\"https:\/\/cdn1.es.casasrurales.net\/blog\/wp-content\/emp\/blogcasas\/2020\/06\/Secret-Pilgrim-FLICKR.jpg\" alt=\"Secret Pilgrim-FLICKR\" width=\"800\" height=\"600\" srcset=\"https:\/\/cdn1.es.casasrurales.net\/blog\/wp-content\/emp\/blogcasas\/2020\/06\/Secret-Pilgrim-FLICKR.jpg 800w, https:\/\/cdn1.es.casasrurales.net\/blog\/wp-content\/emp\/blogcasas\/2020\/06\/Secret-Pilgrim-FLICKR-300x225.jpg 300w, https:\/\/cdn1.es.casasrurales.net\/blog\/wp-content\/emp\/blogcasas\/2020\/06\/Secret-Pilgrim-FLICKR-768x576.jpg 768w, https:\/\/cdn1.es.casasrurales.net\/blog\/wp-content\/emp\/blogcasas\/2020\/06\/Secret-Pilgrim-FLICKR-156x117.jpg 156w\" sizes=\"(max-width: 800px) 100vw, 800px\" \/><p id=\"caption-attachment-8346\" class=\"wp-caption-text\">Secret Pilgrim-FLICKR<\/p><\/div>\n<p>La <strong><a href=\"https:\/\/www.casasrurales.net\/casas-rurales\/mallorca\">Catedral de Mallorca<\/a><\/strong>, conocida tambi\u00e9n como la<strong><em> Catedral del Mar<\/em><\/strong>, se alza majestuosa sobre el Mediterr\u00e1neo y dibuja su apuntada silueta en el sky line de la Ciudad de Palma.<\/p>\n<p>Construida en el momento de m\u00e1ximo esplendor de<strong>l estilo g\u00f3tico,<\/strong> abre sus muros a<strong> cincuenta y siete vitrales y a cinco rosetones<\/strong> que ba\u00f1an de luz y color la austeridad del mar\u00e9s del interior. <strong>Catorce columnas,<\/strong> altas y esbeltas, se alzan casi <strong>cincuenta metros<\/strong> para sostener las b\u00f3vedas de crucer\u00eda que cierran la que han descrito como una de las salas m\u00e1s amplias de la cristiandad.<\/p>\n<h2><span class=\"amp-wp-inline-934605138b205d4a9871e64b928b79b8\"><strong>Catedral de Toledo<\/strong><\/span><\/h2>\n<div id=\"attachment_8345\" style=\"width: 809px\" class=\"wp-caption aligncenter\"><img aria-describedby=\"caption-attachment-8345\" class=\"size-full wp-image-8345\" src=\"https:\/\/cdn1.es.casasrurales.net\/blog\/wp-content\/emp\/blogcasas\/2020\/06\/Valdiney-Pimenta-FLICKR.jpg\" alt=\"Valdiney Pimenta-FLICKR\" width=\"799\" height=\"533\" srcset=\"https:\/\/cdn1.es.casasrurales.net\/blog\/wp-content\/emp\/blogcasas\/2020\/06\/Valdiney-Pimenta-FLICKR.jpg 799w, https:\/\/cdn1.es.casasrurales.net\/blog\/wp-content\/emp\/blogcasas\/2020\/06\/Valdiney-Pimenta-FLICKR-300x200.jpg 300w, https:\/\/cdn1.es.casasrurales.net\/blog\/wp-content\/emp\/blogcasas\/2020\/06\/Valdiney-Pimenta-FLICKR-768x512.jpg 768w, https:\/\/cdn1.es.casasrurales.net\/blog\/wp-content\/emp\/blogcasas\/2020\/06\/Valdiney-Pimenta-FLICKR-320x213.jpg 320w\" sizes=\"(max-width: 799px) 100vw, 799px\" \/><p id=\"caption-attachment-8345\" class=\"wp-caption-text\">Valdiney Pimenta-FLICKR<\/p><\/div>\n<p>Inspirada <strong>en el g\u00f3tico franc\u00e9s,<\/strong> puede presumir de ser una de las <strong>catedrales m\u00e1s espectaculares de Espa\u00f1a<\/strong>. Adem\u00e1s, se trata de <strong><a href=\"https:\/\/www.casasrurales.net\/casas-rurales\/toledo\">la \u00fanica<\/a><\/strong> que ostenta el t\u00edtulo de <strong>Catedral Primada de Espa\u00f1a. <\/strong><\/p>\n<p>En su interior encontramos el llamado <em><strong>Transparente<\/strong><\/em>, <strong>obra escult\u00f3rica bendecida por el sol<\/strong> a trav\u00e9s de los tragaluces.<\/p>\n<h2><span class=\"amp-wp-inline-934605138b205d4a9871e64b928b79b8\"><strong>Catedral de Granada<\/strong><\/span><\/h2>\n<div id=\"attachment_8344\" style=\"width: 809px\" class=\"wp-caption aligncenter\"><img aria-describedby=\"caption-attachment-8344\" class=\"size-full wp-image-8344\" src=\"https:\/\/cdn1.es.casasrurales.net\/blog\/wp-content\/emp\/blogcasas\/2020\/06\/Gotardo-Gonz\u00e1lez-FLICKR.jpg\" alt=\"Gotardo Gonz\u00e1lez-FLICKR\" width=\"799\" height=\"533\" srcset=\"https:\/\/cdn1.es.casasrurales.net\/blog\/wp-content\/emp\/blogcasas\/2020\/06\/Gotardo-Gonz\u00e1lez-FLICKR.jpg 799w, https:\/\/cdn1.es.casasrurales.net\/blog\/wp-content\/emp\/blogcasas\/2020\/06\/Gotardo-Gonz\u00e1lez-FLICKR-300x200.jpg 300w, https:\/\/cdn1.es.casasrurales.net\/blog\/wp-content\/emp\/blogcasas\/2020\/06\/Gotardo-Gonz\u00e1lez-FLICKR-768x512.jpg 768w, https:\/\/cdn1.es.casasrurales.net\/blog\/wp-content\/emp\/blogcasas\/2020\/06\/Gotardo-Gonz\u00e1lez-FLICKR-320x213.jpg 320w\" sizes=\"(max-width: 799px) 100vw, 799px\" \/><p id=\"caption-attachment-8344\" class=\"wp-caption-text\">Gotardo Gonz\u00e1lez-FLICKR<\/p><\/div>\n<p><strong>Sepultura de los Reyes Cat\u00f3licos<\/strong> en la Capilla Real anexa, el <strong><a href=\"https:\/\/www.casasrurales.net\/casas-rurales\/granada\">conjunto arquitect\u00f3nico<\/a><\/strong> simboliza la <strong>cristianizaci\u00f3n de la \u00faltima ciudad musulmana<\/strong> de Espa\u00f1a.<\/p>\n<p>Asentada <strong>sobre la mezquita mayor nazar\u00ed,<\/strong> la cabecera simula un pante\u00f3n imperial. Un <strong>majestuoso edificio<\/strong> que se funde con las <strong>calles de la Alcaicer\u00eda,<\/strong> antiguo zoco \u00e1rabe, y la popular plaza de las Pasiegas.<\/p>\n<h2><span class=\"amp-wp-inline-934605138b205d4a9871e64b928b79b8\"><strong>Catedral de Burgos<\/strong><\/span><\/h2>\n<div id=\"attachment_8343\" style=\"width: 810px\" class=\"wp-caption aligncenter\"><img aria-describedby=\"caption-attachment-8343\" class=\"size-full wp-image-8343\" src=\"https:\/\/cdn1.es.casasrurales.net\/blog\/wp-content\/emp\/blogcasas\/2020\/06\/MBandman-FLICKR.jpg\" alt=\"MBandman-FLICKR\" width=\"800\" height=\"654\" srcset=\"https:\/\/cdn1.es.casasrurales.net\/blog\/wp-content\/emp\/blogcasas\/2020\/06\/MBandman-FLICKR.jpg 800w, https:\/\/cdn1.es.casasrurales.net\/blog\/wp-content\/emp\/blogcasas\/2020\/06\/MBandman-FLICKR-300x245.jpg 300w, https:\/\/cdn1.es.casasrurales.net\/blog\/wp-content\/emp\/blogcasas\/2020\/06\/MBandman-FLICKR-768x628.jpg 768w\" sizes=\"(max-width: 800px) 100vw, 800px\" \/><p id=\"caption-attachment-8343\" class=\"wp-caption-text\">MBandman-FLICKR<\/p><\/div>\n<p>La Catedral, emblema monumental de la <strong><a href=\"https:\/\/www.casasrurales.net\/casas-rurales\/burgos\">ciudad de Burgos<\/a><\/strong> es una de las<strong> joyas del arte g\u00f3tico espa\u00f1ol<\/strong>. Del exterior son \u00fanicas sus agujas,<strong> filigrana del siglo XV<\/strong> y su poderoso <strong>cimborrio<\/strong> renacentista, uno de los m\u00e1s altos y esbeltos de Espa\u00f1a.<\/p>\n<p>Del interior destacan <strong>numerosas y ricas capillas<\/strong> as\u00ed como obras tan espectaculares como la<strong> Escalera Dorada<\/strong> ingeniosa soluci\u00f3n que une innovaci\u00f3n y belleza.<\/p>\n<h2><span class=\"amp-wp-inline-934605138b205d4a9871e64b928b79b8\"><strong>Catedral de Ja\u00e9n<\/strong><\/span><\/h2>\n<div id=\"attachment_8342\" style=\"width: 809px\" class=\"wp-caption aligncenter\"><img aria-describedby=\"caption-attachment-8342\" class=\"size-full wp-image-8342\" src=\"https:\/\/cdn1.es.casasrurales.net\/blog\/wp-content\/emp\/blogcasas\/2020\/06\/Miguel-Checa-FLICKR.jpg\" alt=\"Miguel Checa-FLICKR\" width=\"799\" height=\"533\" srcset=\"https:\/\/cdn1.es.casasrurales.net\/blog\/wp-content\/emp\/blogcasas\/2020\/06\/Miguel-Checa-FLICKR.jpg 799w, https:\/\/cdn1.es.casasrurales.net\/blog\/wp-content\/emp\/blogcasas\/2020\/06\/Miguel-Checa-FLICKR-300x200.jpg 300w, https:\/\/cdn1.es.casasrurales.net\/blog\/wp-content\/emp\/blogcasas\/2020\/06\/Miguel-Checa-FLICKR-768x512.jpg 768w, https:\/\/cdn1.es.casasrurales.net\/blog\/wp-content\/emp\/blogcasas\/2020\/06\/Miguel-Checa-FLICKR-320x213.jpg 320w\" sizes=\"(max-width: 799px) 100vw, 799px\" \/><p id=\"caption-attachment-8342\" class=\"wp-caption-text\">Miguel Checa-FLICKR<\/p><\/div>\n<p>Construida <strong>sobre una antigua mezquita<\/strong> aljama, la <strong><a href=\"https:\/\/www.casasrurales.net\/casas-rurales\/jaen\">Catedral de Ja\u00e9n<\/a><\/strong> es uno de los mejores<strong> ejemplos del Renacimiento<\/strong> andaluz.\u00a0Desde sus balcones, que le dan un aire palaciego, se mostraba el <strong>Santo Rostro<\/strong> para bendecir a los peregrinos que llegaban en multitud y a los campos de cultivo que rodean la ciudad.<\/p>\n<p>Su monumental<strong> fachada retablo<\/strong>, preciosamente decorada con<strong> esculturas, relieves<\/strong> y elementos constructivos, es pieza destacada del<strong> Barroco espa\u00f1ol.<\/strong><\/p>\n<h2><span class=\"amp-wp-inline-934605138b205d4a9871e64b928b79b8\"><strong>Mezquita de C\u00f3rdoba<\/strong><\/span><\/h2>\n<div id=\"attachment_8341\" style=\"width: 809px\" class=\"wp-caption aligncenter\"><img aria-describedby=\"caption-attachment-8341\" class=\"size-full wp-image-8341\" src=\"https:\/\/cdn1.es.casasrurales.net\/blog\/wp-content\/emp\/blogcasas\/2020\/06\/dr_zoidberg-FLICKR-1.jpg\" alt=\"dr_zoidberg-FLICKR\" width=\"799\" height=\"530\" srcset=\"https:\/\/cdn1.es.casasrurales.net\/blog\/wp-content\/emp\/blogcasas\/2020\/06\/dr_zoidberg-FLICKR-1.jpg 799w, https:\/\/cdn1.es.casasrurales.net\/blog\/wp-content\/emp\/blogcasas\/2020\/06\/dr_zoidberg-FLICKR-1-300x199.jpg 300w, https:\/\/cdn1.es.casasrurales.net\/blog\/wp-content\/emp\/blogcasas\/2020\/06\/dr_zoidberg-FLICKR-1-768x509.jpg 768w, https:\/\/cdn1.es.casasrurales.net\/blog\/wp-content\/emp\/blogcasas\/2020\/06\/dr_zoidberg-FLICKR-1-320x213.jpg 320w\" sizes=\"(max-width: 799px) 100vw, 799px\" \/><p id=\"caption-attachment-8341\" class=\"wp-caption-text\">dr_zoidberg-FLICKR<\/p><\/div>\n<p>Posiblemente nos encontremos ante <strong>la catedral m\u00e1s singular de todas<\/strong> las de nuestro pa\u00eds.\u00a0La <strong><a href=\"https:\/\/www.casasrurales.net\/casas-rurales\/cordoba\">catedral de C\u00f3rdoba<\/a><\/strong> es el mejor <strong>resumen de todas las civilizaciones<\/strong> que han pasado por nuestro pa\u00eds, como se puede comprobar por los materiales utilizados en su construcci\u00f3n.<\/p>\n<p>Desde <strong>columnas romanas a cimientos visigodos<\/strong>, pasando por <strong>yeser\u00edas y mosaicos omeyas<\/strong> en la mezquita circundante a la sobriedad de la <strong>piedra renacentista de la catedral<\/strong> propiamente dicha.<\/p>\n<h2><span class=\"amp-wp-inline-934605138b205d4a9871e64b928b79b8\"><strong>Catedral de Le\u00f3n<\/strong><\/span><\/h2>\n<div id=\"attachment_8340\" style=\"width: 810px\" class=\"wp-caption aligncenter\"><img aria-describedby=\"caption-attachment-8340\" class=\"size-full wp-image-8340\" src=\"https:\/\/cdn1.es.casasrurales.net\/blog\/wp-content\/emp\/blogcasas\/2020\/06\/manuel-m.-v.-FLICKR-2-1.jpg\" alt=\"manuel m. v.-FLICKR\" width=\"800\" height=\"600\" srcset=\"https:\/\/cdn1.es.casasrurales.net\/blog\/wp-content\/emp\/blogcasas\/2020\/06\/manuel-m.-v.-FLICKR-2-1.jpg 800w, https:\/\/cdn1.es.casasrurales.net\/blog\/wp-content\/emp\/blogcasas\/2020\/06\/manuel-m.-v.-FLICKR-2-1-300x225.jpg 300w, https:\/\/cdn1.es.casasrurales.net\/blog\/wp-content\/emp\/blogcasas\/2020\/06\/manuel-m.-v.-FLICKR-2-1-768x576.jpg 768w, https:\/\/cdn1.es.casasrurales.net\/blog\/wp-content\/emp\/blogcasas\/2020\/06\/manuel-m.-v.-FLICKR-2-1-156x117.jpg 156w\" sizes=\"(max-width: 800px) 100vw, 800px\" \/><p id=\"caption-attachment-8340\" class=\"wp-caption-text\">manuel m. v.-FLICKR<\/p><\/div>\n<p>El que fuera declarado <strong>primer Monumento Nacional de Espa\u00f1a<\/strong>, destaca por sus vidrieras \u00fanicas, que dan al interior del templo una luminosidad espectacular. \u00a0Es el m\u00e1ximo exponente del<strong> g\u00f3tico franc\u00e9s en Espa\u00f1a<\/strong> y uno de los mejores del mundo.<\/p>\n<p><strong><a href=\"https:\/\/www.casasrurales.net\/casas-rurales\/leon\">En su interior<\/a><\/strong> se puede disfrutar del <strong>mayor \u00f3rgano de Europa<\/strong> y algunos tesoros como<strong> el Bel\u00e9n del siglo XV<\/strong> y leyendas como la del misterioso Topo.<\/p>\n<h2><span class=\"amp-wp-inline-934605138b205d4a9871e64b928b79b8\"><strong>Catedral de Huesca<\/strong><\/span><\/h2>\n<div id=\"attachment_8339\" style=\"width: 810px\" class=\"wp-caption aligncenter\"><img aria-describedby=\"caption-attachment-8339\" class=\"size-full wp-image-8339\" src=\"https:\/\/cdn1.es.casasrurales.net\/blog\/wp-content\/emp\/blogcasas\/2020\/06\/srgpicker-FLICKR.jpg\" alt=\"srgpicker-FLICKR\" width=\"800\" height=\"532\" srcset=\"https:\/\/cdn1.es.casasrurales.net\/blog\/wp-content\/emp\/blogcasas\/2020\/06\/srgpicker-FLICKR.jpg 800w, https:\/\/cdn1.es.casasrurales.net\/blog\/wp-content\/emp\/blogcasas\/2020\/06\/srgpicker-FLICKR-300x200.jpg 300w, https:\/\/cdn1.es.casasrurales.net\/blog\/wp-content\/emp\/blogcasas\/2020\/06\/srgpicker-FLICKR-768x511.jpg 768w, https:\/\/cdn1.es.casasrurales.net\/blog\/wp-content\/emp\/blogcasas\/2020\/06\/srgpicker-FLICKR-320x213.jpg 320w\" sizes=\"(max-width: 800px) 100vw, 800px\" \/><p id=\"caption-attachment-8339\" class=\"wp-caption-text\">srgpicker-FLICKR<\/p><\/div>\n<p><strong>Templo g\u00f3tico<\/strong> de elegante portada con<strong> espectacular retablo renacentista<\/strong> tallado en alabastro por Damian Forment.<\/p>\n<p>A finales de marzo y comienzos de octubre se produce el <strong>misterioso fen\u00f3meno de la asolaci\u00f3n<\/strong> en la imagen de la Inmaculada Concepci\u00f3n. El<strong> Papa Luna<\/strong> concedi\u00f3 el privilegio de que el retablo \u00a0tuviera un \u00f3culo expositor, que custodiaba la sagrada forma de Cristo convirti\u00e9ndola en una <strong><a href=\"https:\/\/www.casasrurales.net\/casas-rurales\/huesca\">catedral con gran esplendor<\/a><\/strong>.<\/p>\n<h2><span class=\"amp-wp-inline-934605138b205d4a9871e64b928b79b8\"><strong>Catedral de Salamanca<\/strong><\/span><\/h2>\n<div id=\"attachment_8338\" style=\"width: 810px\" class=\"wp-caption aligncenter\"><img aria-describedby=\"caption-attachment-8338\" class=\"size-full wp-image-8338\" src=\"https:\/\/cdn1.es.casasrurales.net\/blog\/wp-content\/emp\/blogcasas\/2020\/06\/santiago-lopez-pastor-FLICKR-4-1.jpg\" alt=\"santiago lopez-pastor-FLICKR\" width=\"800\" height=\"600\" srcset=\"https:\/\/cdn1.es.casasrurales.net\/blog\/wp-content\/emp\/blogcasas\/2020\/06\/santiago-lopez-pastor-FLICKR-4-1.jpg 800w, https:\/\/cdn1.es.casasrurales.net\/blog\/wp-content\/emp\/blogcasas\/2020\/06\/santiago-lopez-pastor-FLICKR-4-1-300x225.jpg 300w, https:\/\/cdn1.es.casasrurales.net\/blog\/wp-content\/emp\/blogcasas\/2020\/06\/santiago-lopez-pastor-FLICKR-4-1-768x576.jpg 768w, https:\/\/cdn1.es.casasrurales.net\/blog\/wp-content\/emp\/blogcasas\/2020\/06\/santiago-lopez-pastor-FLICKR-4-1-156x117.jpg 156w\" sizes=\"(max-width: 800px) 100vw, 800px\" \/><p id=\"caption-attachment-8338\" class=\"wp-caption-text\">santiago lopez-pastor-FLICKR<\/p><\/div>\n<p><strong><a href=\"https:\/\/www.casasrurales.net\/casas-rurales\/salamanca\">Salamanca<\/a><\/strong> es una de las ciudades espa\u00f1olas que tienen el privilegio de <strong>poseer dos catedrales<\/strong>. La <strong>Catedral Vieja<\/strong> data del <strong>siglo XII<\/strong> y destaca por su cimborrio, denominado <strong><em>Torre de Gallo<\/em><\/strong>.<\/p>\n<p>Junto a ella se ubica la<strong> Catedral Nueva<\/strong>, uno de los templos m\u00e1s tard\u00edos de <strong>estilo g\u00f3tico<\/strong> que se construyeron en el pa\u00eds.<\/p>\n<h2><span class=\"amp-wp-inline-934605138b205d4a9871e64b928b79b8\"><strong>Catedral de Sevilla<\/strong><\/span><\/h2>\n<div id=\"attachment_8337\" style=\"width: 810px\" class=\"wp-caption aligncenter\"><img aria-describedby=\"caption-attachment-8337\" class=\"size-full wp-image-8337\" src=\"https:\/\/cdn1.es.casasrurales.net\/blog\/wp-content\/emp\/blogcasas\/2020\/06\/Mark-Dal\u00ed-Photography-FLICKR.jpg\" alt=\"Mark Dal\u00ed Photography-FLICKR\" width=\"800\" height=\"600\" srcset=\"https:\/\/cdn1.es.casasrurales.net\/blog\/wp-content\/emp\/blogcasas\/2020\/06\/Mark-Dal\u00ed-Photography-FLICKR.jpg 800w, https:\/\/cdn1.es.casasrurales.net\/blog\/wp-content\/emp\/blogcasas\/2020\/06\/Mark-Dal\u00ed-Photography-FLICKR-300x225.jpg 300w, https:\/\/cdn1.es.casasrurales.net\/blog\/wp-content\/emp\/blogcasas\/2020\/06\/Mark-Dal\u00ed-Photography-FLICKR-768x576.jpg 768w, https:\/\/cdn1.es.casasrurales.net\/blog\/wp-content\/emp\/blogcasas\/2020\/06\/Mark-Dal\u00ed-Photography-FLICKR-156x117.jpg 156w\" sizes=\"(max-width: 800px) 100vw, 800px\" \/><p id=\"caption-attachment-8337\" class=\"wp-caption-text\">Mark Dal\u00ed Photography-FLICKR<\/p><\/div>\n<p>Considerada <strong><a href=\"https:\/\/www.casasrurales.net\/casas-rurales\/sevilla\">la mayor catedral g\u00f3tica del mundo<\/a><\/strong>, se levant\u00f3 en el punto <strong>donde estaba la Gran Mezquita<\/strong>. El m\u00e1s fiel testigo del dominio musulm\u00e1n es la Giralda,<strong> antiguo minarete<\/strong> y actual <strong>campanario de la Catedral<\/strong> y s\u00edmbolo de Sevilla.<\/p>\n<h2><span class=\"amp-wp-inline-934605138b205d4a9871e64b928b79b8\"><strong>Catedral de Lleida<\/strong><\/span><\/h2>\n<div id=\"attachment_8336\" style=\"width: 810px\" class=\"wp-caption aligncenter\"><img aria-describedby=\"caption-attachment-8336\" class=\"size-full wp-image-8336\" src=\"https:\/\/cdn1.es.casasrurales.net\/blog\/wp-content\/emp\/blogcasas\/2020\/06\/Jorge-Franganillo-FLICKR-1.jpg\" alt=\"Jorge Franganillo-FLICKR\" width=\"800\" height=\"533\" srcset=\"https:\/\/cdn1.es.casasrurales.net\/blog\/wp-content\/emp\/blogcasas\/2020\/06\/Jorge-Franganillo-FLICKR-1.jpg 800w, https:\/\/cdn1.es.casasrurales.net\/blog\/wp-content\/emp\/blogcasas\/2020\/06\/Jorge-Franganillo-FLICKR-1-300x200.jpg 300w, https:\/\/cdn1.es.casasrurales.net\/blog\/wp-content\/emp\/blogcasas\/2020\/06\/Jorge-Franganillo-FLICKR-1-768x512.jpg 768w, https:\/\/cdn1.es.casasrurales.net\/blog\/wp-content\/emp\/blogcasas\/2020\/06\/Jorge-Franganillo-FLICKR-1-320x213.jpg 320w\" sizes=\"(max-width: 800px) 100vw, 800px\" \/><p id=\"caption-attachment-8336\" class=\"wp-caption-text\">Jorge Franganillo-FLICKR<\/p><\/div>\n<p>El <strong>Conjunto Monumental del Tur\u00f3 de la Seu Vella<\/strong> est\u00e1 presidido por su<strong> imponente catedral antigua<\/strong> que se erige como s\u00edmbolo identitario de la <strong><a href=\"https:\/\/www.casasrurales.net\/casas-rurales\/lleida\">ciudad de Lleida<\/a><\/strong>. Su fascinante<strong> claustro g\u00f3tico<\/strong>, considerado uno de los<strong> m\u00e1s grandes de Europa,<\/strong> cuenta con una de sus galer\u00edas abierta excepcionalmente hacia la ciudad.<\/p>\n<p>Emplazado en la parte m\u00e1s alta de la colina sobresale la nave meridional del <strong>Castillo del Rey \/ La Suda<\/strong>, un notable edificio que fue residencia de los <strong>reyes de la antigua Corona de Arag\u00f3n<\/strong>.\u00a0Actualmente este singular paisaje hist\u00f3rico opta a ser candidato de <strong>Patrimonio de la Humanidad por la UNESCO.<\/strong><\/p>\n<h2><span class=\"amp-wp-inline-934605138b205d4a9871e64b928b79b8\"><strong>Catedral de Zaragoza<\/strong><\/span><\/h2>\n<div id=\"attachment_8335\" style=\"width: 809px\" class=\"wp-caption aligncenter\"><img aria-describedby=\"caption-attachment-8335\" class=\"size-full wp-image-8335\" src=\"https:\/\/cdn1.es.casasrurales.net\/blog\/wp-content\/emp\/blogcasas\/2020\/06\/Juanedc-FLICKR.jpg\" alt=\"Juanedc-FLICKR\" width=\"799\" height=\"527\" srcset=\"https:\/\/cdn1.es.casasrurales.net\/blog\/wp-content\/emp\/blogcasas\/2020\/06\/Juanedc-FLICKR.jpg 799w, https:\/\/cdn1.es.casasrurales.net\/blog\/wp-content\/emp\/blogcasas\/2020\/06\/Juanedc-FLICKR-300x198.jpg 300w, https:\/\/cdn1.es.casasrurales.net\/blog\/wp-content\/emp\/blogcasas\/2020\/06\/Juanedc-FLICKR-768x507.jpg 768w\" sizes=\"(max-width: 799px) 100vw, 799px\" \/><p id=\"caption-attachment-8335\" class=\"wp-caption-text\">Juanedc-FLICKR<\/p><\/div>\n<p>La <strong>Catedral de San Salvador<\/strong>, conocida tambi\u00e9n como <strong><em>la Seo<\/em><\/strong>, se constituye como la primera <strong><a href=\"https:\/\/www.casasrurales.net\/casas-rurales\/zaragoza\">catedral cristiana de Zaragoza<\/a><\/strong>.<\/p>\n<p>En ella convergen diversos estilos, desde el <strong>rom\u00e1nico del \u00e1bside central hasta el g\u00f3tico<\/strong> del retablo mayor, o el estilo <strong>neocl\u00e1sico<\/strong> que luce la portada.<\/p>\n<h2><span class=\"amp-wp-inline-934605138b205d4a9871e64b928b79b8\"><strong>Catedral de C\u00e1diz<\/strong><\/span><\/h2>\n<div id=\"attachment_8334\" style=\"width: 810px\" class=\"wp-caption aligncenter\"><img aria-describedby=\"caption-attachment-8334\" class=\"size-full wp-image-8334\" src=\"https:\/\/cdn1.es.casasrurales.net\/blog\/wp-content\/emp\/blogcasas\/2020\/06\/cabezadeturco-FLICKR.jpg\" alt=\"cabezadeturco-FLICKR\" width=\"800\" height=\"600\" srcset=\"https:\/\/cdn1.es.casasrurales.net\/blog\/wp-content\/emp\/blogcasas\/2020\/06\/cabezadeturco-FLICKR.jpg 800w, https:\/\/cdn1.es.casasrurales.net\/blog\/wp-content\/emp\/blogcasas\/2020\/06\/cabezadeturco-FLICKR-300x225.jpg 300w, https:\/\/cdn1.es.casasrurales.net\/blog\/wp-content\/emp\/blogcasas\/2020\/06\/cabezadeturco-FLICKR-768x576.jpg 768w, https:\/\/cdn1.es.casasrurales.net\/blog\/wp-content\/emp\/blogcasas\/2020\/06\/cabezadeturco-FLICKR-156x117.jpg 156w\" sizes=\"(max-width: 800px) 100vw, 800px\" \/><p id=\"caption-attachment-8334\" class=\"wp-caption-text\">cabezadeturco-FLICKR<\/p><\/div>\n<p>La <strong><a href=\"https:\/\/www.casasrurales.net\/casas-rurales\/cadiz\">Catedral de C\u00e1diz<\/a><\/strong> presenta una mezcla de estilos que van <strong>desde el barroco hasta el neocl\u00e1sico<\/strong>. No solo notoria es la fachada principal, sino tambi\u00e9n el interior del templo.<\/p>\n<p>En la cripta est\u00e1 enterrado el c\u00e9lebre <strong>compositor gaditano Manuel de Falla.<\/strong><\/p>\n<h2><span class=\"amp-wp-inline-934605138b205d4a9871e64b928b79b8\"><strong>Catedral de Teruel<\/strong><\/span><\/h2>\n<div id=\"attachment_8333\" style=\"width: 810px\" class=\"wp-caption aligncenter\"><img aria-describedby=\"caption-attachment-8333\" class=\"size-full wp-image-8333\" src=\"https:\/\/cdn1.es.casasrurales.net\/blog\/wp-content\/emp\/blogcasas\/2020\/06\/pegatina1-FLICKR.jpg\" alt=\"pegatina1-FLICKR\" width=\"800\" height=\"533\" srcset=\"https:\/\/cdn1.es.casasrurales.net\/blog\/wp-content\/emp\/blogcasas\/2020\/06\/pegatina1-FLICKR.jpg 800w, https:\/\/cdn1.es.casasrurales.net\/blog\/wp-content\/emp\/blogcasas\/2020\/06\/pegatina1-FLICKR-300x200.jpg 300w, https:\/\/cdn1.es.casasrurales.net\/blog\/wp-content\/emp\/blogcasas\/2020\/06\/pegatina1-FLICKR-768x512.jpg 768w, https:\/\/cdn1.es.casasrurales.net\/blog\/wp-content\/emp\/blogcasas\/2020\/06\/pegatina1-FLICKR-320x213.jpg 320w\" sizes=\"(max-width: 800px) 100vw, 800px\" \/><p id=\"caption-attachment-8333\" class=\"wp-caption-text\">pegatina1-FLICKR<\/p><\/div>\n<p><strong><a href=\"https:\/\/www.casasrurales.net\/casas-rurales\/teruel\">Teruel<\/a><\/strong> es la capital del <strong>arte mud\u00e9jar en Espa\u00f1a,<\/strong> siendo su mayor exponente la <strong>Catedral de Santa Mar\u00eda de Mediavilla.<\/strong> Destacan la<strong> torre, el cimborrio y la techumbre<\/strong>, declarados <strong>Patrimonio de la Humanidad por la Unesco.<\/strong><\/p>\n<h2><span class=\"amp-wp-inline-934605138b205d4a9871e64b928b79b8\"><strong>Catedral de Murcia<\/strong><\/span><\/h2>\n<div id=\"attachment_8332\" style=\"width: 810px\" class=\"wp-caption aligncenter\"><img aria-describedby=\"caption-attachment-8332\" class=\"size-full wp-image-8332\" src=\"https:\/\/cdn1.es.casasrurales.net\/blog\/wp-content\/emp\/blogcasas\/2020\/06\/santiago-lopez-pastor-FLICKR-3-1.jpg\" alt=\"santiago lopez-pastor-FLICKR\" width=\"800\" height=\"600\" srcset=\"https:\/\/cdn1.es.casasrurales.net\/blog\/wp-content\/emp\/blogcasas\/2020\/06\/santiago-lopez-pastor-FLICKR-3-1.jpg 800w, https:\/\/cdn1.es.casasrurales.net\/blog\/wp-content\/emp\/blogcasas\/2020\/06\/santiago-lopez-pastor-FLICKR-3-1-300x225.jpg 300w, https:\/\/cdn1.es.casasrurales.net\/blog\/wp-content\/emp\/blogcasas\/2020\/06\/santiago-lopez-pastor-FLICKR-3-1-768x576.jpg 768w, https:\/\/cdn1.es.casasrurales.net\/blog\/wp-content\/emp\/blogcasas\/2020\/06\/santiago-lopez-pastor-FLICKR-3-1-156x117.jpg 156w\" sizes=\"(max-width: 800px) 100vw, 800px\" \/><p id=\"caption-attachment-8332\" class=\"wp-caption-text\">santiago lopez-pastor-FLICKR<\/p><\/div>\n<p>A pesar de que <strong><a href=\"https:\/\/www.casasrurales.net\/casas-rurales\/murcia\">Murcia<\/a><\/strong> es una ciudad <strong>eminentemente barroca,<\/strong> lo curioso es que su catedral <strong>es, en esencia, g\u00f3tica.<\/strong> En la capilla mayor se encuentra el secreto mejor guardado del templo, pues ah\u00ed est\u00e1<strong> enterrado el coraz\u00f3n de Alfonso X El Sabio.<\/strong><\/p>\n<h2><span class=\"amp-wp-inline-934605138b205d4a9871e64b928b79b8\"><strong>Catedral de Santiago de Compostela<\/strong><\/span><\/h2>\n<div id=\"attachment_8331\" style=\"width: 809px\" class=\"wp-caption aligncenter\"><img aria-describedby=\"caption-attachment-8331\" class=\"size-full wp-image-8331\" src=\"https:\/\/cdn1.es.casasrurales.net\/blog\/wp-content\/emp\/blogcasas\/2020\/06\/Mario-S\u00e1nchez-Prada-FLICKR.jpg\" alt=\"Mario S\u00e1nchez Prada-FLICKR\" width=\"799\" height=\"533\" srcset=\"https:\/\/cdn1.es.casasrurales.net\/blog\/wp-content\/emp\/blogcasas\/2020\/06\/Mario-S\u00e1nchez-Prada-FLICKR.jpg 799w, https:\/\/cdn1.es.casasrurales.net\/blog\/wp-content\/emp\/blogcasas\/2020\/06\/Mario-S\u00e1nchez-Prada-FLICKR-300x200.jpg 300w, https:\/\/cdn1.es.casasrurales.net\/blog\/wp-content\/emp\/blogcasas\/2020\/06\/Mario-S\u00e1nchez-Prada-FLICKR-768x512.jpg 768w, https:\/\/cdn1.es.casasrurales.net\/blog\/wp-content\/emp\/blogcasas\/2020\/06\/Mario-S\u00e1nchez-Prada-FLICKR-320x213.jpg 320w\" sizes=\"(max-width: 799px) 100vw, 799px\" \/><p id=\"caption-attachment-8331\" class=\"wp-caption-text\">Mario S\u00e1nchez Prada-FLICKR<\/p><\/div>\n<p>La <strong>m\u00e1s grande catedral rom\u00e1nica de Espa\u00f1a<\/strong> ha sido durante mil a\u00f1os la a\u00f1orada meta de millones de peregrinos que han recorrido el <strong><a href=\"https:\/\/www.casasrurales.net\/casas-rurales\/a-coruna\">Camino de Santiago<\/a><\/strong> para llegar a la tumba del Ap\u00f3stol Santiago.<\/p>\n<p><strong>Desde el siglo XII<\/strong> goza del privilegio papal de <strong>abrir su Puerta Santa y \u00a0celebrar el A\u00f1o Santo Compostelano<\/strong> cada vez que el 25 de julio cae en domingo. Esto sucede cada<strong> 6, 5, 6 y 11 a\u00f1os<\/strong>: el pr\u00f3ximo es 2021. Su bell\u00edsima<strong> fachada barroca,<\/strong> con torres que casi rozan los 80 metros, figura en las monedas de 1, 2 y 5 c\u00e9ntimos de euro.<\/p>\n<h2><span class=\"amp-wp-inline-934605138b205d4a9871e64b928b79b8\"><strong>Catedral de Barcelona<\/strong><\/span><\/h2>\n<div id=\"attachment_8330\" style=\"width: 809px\" class=\"wp-caption aligncenter\"><img aria-describedby=\"caption-attachment-8330\" class=\"size-full wp-image-8330\" src=\"https:\/\/cdn1.es.casasrurales.net\/blog\/wp-content\/emp\/blogcasas\/2020\/06\/vpogarcia-FLICKR.jpg\" alt=\"vpogarcia-FLICKR\" width=\"799\" height=\"533\" srcset=\"https:\/\/cdn1.es.casasrurales.net\/blog\/wp-content\/emp\/blogcasas\/2020\/06\/vpogarcia-FLICKR.jpg 799w, https:\/\/cdn1.es.casasrurales.net\/blog\/wp-content\/emp\/blogcasas\/2020\/06\/vpogarcia-FLICKR-300x200.jpg 300w, https:\/\/cdn1.es.casasrurales.net\/blog\/wp-content\/emp\/blogcasas\/2020\/06\/vpogarcia-FLICKR-768x512.jpg 768w, https:\/\/cdn1.es.casasrurales.net\/blog\/wp-content\/emp\/blogcasas\/2020\/06\/vpogarcia-FLICKR-320x213.jpg 320w\" sizes=\"(max-width: 799px) 100vw, 799px\" \/><p id=\"caption-attachment-8330\" class=\"wp-caption-text\">vpogarcia-FLICKR<\/p><\/div>\n<p>En el <strong><a href=\"https:\/\/www.casasrurales.net\/casas-rurales\/barcelona\">barrio g\u00f3tico<\/a><\/strong> se alza la imponente <strong>Catedral de Santa Cruz y Santa Eulalia<\/strong>. De estilo <strong>g\u00f3tico catal\u00e1n, data del siglo XIII<\/strong>, aunque las obras no finalizar\u00edan hasta el siglo XX.<\/p>\n<p>El claustro es uno de los <strong>espacios que m\u00e1s inter\u00e9s suscita,<\/strong> no solo por su belleza, sino porque, por extra\u00f1o que resulte, en \u00e9l <strong>habitan una decena de ocas.<\/strong><\/p>\n<h2><span class=\"amp-wp-inline-934605138b205d4a9871e64b928b79b8\"><strong>Catedral de Segovia<\/strong><\/span><\/h2>\n<div id=\"attachment_8329\" style=\"width: 810px\" class=\"wp-caption aligncenter\"><img aria-describedby=\"caption-attachment-8329\" class=\"size-full wp-image-8329\" src=\"https:\/\/cdn1.es.casasrurales.net\/blog\/wp-content\/emp\/blogcasas\/2020\/06\/Felipe-Sancho-FLICKR.jpg\" alt=\"Felipe Sancho-FLICKR\" width=\"800\" height=\"592\" srcset=\"https:\/\/cdn1.es.casasrurales.net\/blog\/wp-content\/emp\/blogcasas\/2020\/06\/Felipe-Sancho-FLICKR.jpg 800w, https:\/\/cdn1.es.casasrurales.net\/blog\/wp-content\/emp\/blogcasas\/2020\/06\/Felipe-Sancho-FLICKR-300x222.jpg 300w, https:\/\/cdn1.es.casasrurales.net\/blog\/wp-content\/emp\/blogcasas\/2020\/06\/Felipe-Sancho-FLICKR-768x568.jpg 768w\" sizes=\"(max-width: 800px) 100vw, 800px\" \/><p id=\"caption-attachment-8329\" class=\"wp-caption-text\">Felipe Sancho-FLICKR<\/p><\/div>\n<p><strong>La Plaza Mayor<\/strong> acoge a un impresionante inquilino de<strong> estilo g\u00f3tico tard\u00edo<\/strong>. Los esbeltos pin\u00e1culos de la <strong><a href=\"https:\/\/www.casasrurales.net\/casas-rurales\/segovia\">catedral segoviana<\/a><\/strong> no solo es lo primero que atrae a los visitantes, sino tambi\u00e9n a las <strong>cig\u00fce\u00f1as<\/strong>.<\/p>\n<p>Su grandeza monumental la convierte en<strong> una de las catedrales m\u00e1s espectaculares<\/strong> de Espa\u00f1a.<\/p>\n<h2><span class=\"amp-wp-inline-934605138b205d4a9871e64b928b79b8\"><strong>Catedral de Madrid\u00a0(La Almudena)<\/strong><\/span><\/h2>\n<div id=\"attachment_8328\" style=\"width: 810px\" class=\"wp-caption aligncenter\"><img aria-describedby=\"caption-attachment-8328\" class=\"size-full wp-image-8328\" src=\"https:\/\/cdn1.es.casasrurales.net\/blog\/wp-content\/emp\/blogcasas\/2020\/06\/manuel-m.-v.-FLICKR-3.jpg\" alt=\"manuel m. v.-FLICKR\" width=\"800\" height=\"534\" srcset=\"https:\/\/cdn1.es.casasrurales.net\/blog\/wp-content\/emp\/blogcasas\/2020\/06\/manuel-m.-v.-FLICKR-3.jpg 800w, https:\/\/cdn1.es.casasrurales.net\/blog\/wp-content\/emp\/blogcasas\/2020\/06\/manuel-m.-v.-FLICKR-3-300x200.jpg 300w, https:\/\/cdn1.es.casasrurales.net\/blog\/wp-content\/emp\/blogcasas\/2020\/06\/manuel-m.-v.-FLICKR-3-768x513.jpg 768w, https:\/\/cdn1.es.casasrurales.net\/blog\/wp-content\/emp\/blogcasas\/2020\/06\/manuel-m.-v.-FLICKR-3-320x213.jpg 320w\" sizes=\"(max-width: 800px) 100vw, 800px\" \/><p id=\"caption-attachment-8328\" class=\"wp-caption-text\">manuel m. v.-FLICKR<\/p><\/div>\n<p>La <strong>Catedral de la Almudena<\/strong> es una de las visitas obligadas en <strong><a href=\"https:\/\/www.casasrurales.net\/casas-rurales\/madrid\">Madrid<\/a><\/strong>. Su construcci\u00f3n arranc\u00f3 a finales del siglo XIX a las \u00f3rdenes del arquitecto<strong> Francisco de Cubas<\/strong>.<\/p>\n<p>De <strong>exterior neocl\u00e1sico,<\/strong> fue el templo en el que contrajeron<strong> matrimonio los actuales Reyes de Espa\u00f1a.<\/strong><\/p>\n<h2><span class=\"amp-wp-inline-934605138b205d4a9871e64b928b79b8\"><strong>Catedral de Valencia<\/strong><\/span><\/h2>\n<div id=\"attachment_8327\" style=\"width: 810px\" class=\"wp-caption aligncenter\"><img aria-describedby=\"caption-attachment-8327\" class=\"size-full wp-image-8327\" src=\"https:\/\/cdn1.es.casasrurales.net\/blog\/wp-content\/emp\/blogcasas\/2020\/06\/Richie-Diesterheft-FLICKR.jpg\" alt=\"Richie Diesterheft-FLICKR\" width=\"800\" height=\"600\" srcset=\"https:\/\/cdn1.es.casasrurales.net\/blog\/wp-content\/emp\/blogcasas\/2020\/06\/Richie-Diesterheft-FLICKR.jpg 800w, https:\/\/cdn1.es.casasrurales.net\/blog\/wp-content\/emp\/blogcasas\/2020\/06\/Richie-Diesterheft-FLICKR-300x225.jpg 300w, https:\/\/cdn1.es.casasrurales.net\/blog\/wp-content\/emp\/blogcasas\/2020\/06\/Richie-Diesterheft-FLICKR-768x576.jpg 768w, https:\/\/cdn1.es.casasrurales.net\/blog\/wp-content\/emp\/blogcasas\/2020\/06\/Richie-Diesterheft-FLICKR-156x117.jpg 156w\" sizes=\"(max-width: 800px) 100vw, 800px\" \/><p id=\"caption-attachment-8327\" class=\"wp-caption-text\">Richie Diesterheft-FLICKR<\/p><\/div>\n<p>Uno de los iconos indiscutibles de <strong><a href=\"https:\/\/www.casasrurales.net\/casas-rurales\/valencia\">Valencia<\/a><\/strong> es la torre de la catedral, conocida como<strong> el Miguelete<\/strong>. Sus <strong>51 metros de altura<\/strong> hacen que pueda divisarse desde varios puntos de la ciudad.<\/p>\n<p>El templo <strong>data del siglo XIII,<\/strong> siendo el <strong>g\u00f3tico<\/strong> el estilo predominante.<\/p>\n<h2><span class=\"amp-wp-inline-934605138b205d4a9871e64b928b79b8\"><strong>Catedral de Palencia<\/strong><\/span><\/h2>\n<div id=\"attachment_8326\" style=\"width: 810px\" class=\"wp-caption aligncenter\"><img aria-describedby=\"caption-attachment-8326\" class=\"size-full wp-image-8326\" src=\"https:\/\/cdn1.es.casasrurales.net\/blog\/wp-content\/emp\/blogcasas\/2020\/06\/santiago-lopez-pastor-FLICKR-2-2.jpg\" alt=\"santiago lopez-pastor-FLICKR \" width=\"800\" height=\"600\" srcset=\"https:\/\/cdn1.es.casasrurales.net\/blog\/wp-content\/emp\/blogcasas\/2020\/06\/santiago-lopez-pastor-FLICKR-2-2.jpg 800w, https:\/\/cdn1.es.casasrurales.net\/blog\/wp-content\/emp\/blogcasas\/2020\/06\/santiago-lopez-pastor-FLICKR-2-2-300x225.jpg 300w, https:\/\/cdn1.es.casasrurales.net\/blog\/wp-content\/emp\/blogcasas\/2020\/06\/santiago-lopez-pastor-FLICKR-2-2-768x576.jpg 768w, https:\/\/cdn1.es.casasrurales.net\/blog\/wp-content\/emp\/blogcasas\/2020\/06\/santiago-lopez-pastor-FLICKR-2-2-156x117.jpg 156w\" sizes=\"(max-width: 800px) 100vw, 800px\" \/><p id=\"caption-attachment-8326\" class=\"wp-caption-text\">santiago lopez-pastor-FLICKR<\/p><\/div>\n<p>No sin raz\u00f3n, la <strong><a href=\"https:\/\/www.casasrurales.net\/casas-rurales\/palencia\">Catedral de Palencia<\/a><\/strong> es conocida popularmente como <strong><em>la bella desconocida<\/em><\/strong>. Su fachada austera contrasta con un <strong>interior g\u00f3tico<\/strong> con diversos encantos.<\/p>\n<p>Lo m\u00e1s llamativo del interior es, sin duda, el<strong> triforio de doble arco.<\/strong><\/p>\n<h2><span class=\"amp-wp-inline-934605138b205d4a9871e64b928b79b8\"><strong>Catedral de Zamora<\/strong><\/span><\/h2>\n<div id=\"attachment_8325\" style=\"width: 810px\" class=\"wp-caption aligncenter\"><img aria-describedby=\"caption-attachment-8325\" class=\"size-full wp-image-8325\" src=\"https:\/\/cdn1.es.casasrurales.net\/blog\/wp-content\/emp\/blogcasas\/2020\/06\/TCR-FLICKR.jpg\" alt=\"TCR-FLICKR\" width=\"800\" height=\"530\" srcset=\"https:\/\/cdn1.es.casasrurales.net\/blog\/wp-content\/emp\/blogcasas\/2020\/06\/TCR-FLICKR.jpg 800w, https:\/\/cdn1.es.casasrurales.net\/blog\/wp-content\/emp\/blogcasas\/2020\/06\/TCR-FLICKR-300x199.jpg 300w, https:\/\/cdn1.es.casasrurales.net\/blog\/wp-content\/emp\/blogcasas\/2020\/06\/TCR-FLICKR-768x509.jpg 768w, https:\/\/cdn1.es.casasrurales.net\/blog\/wp-content\/emp\/blogcasas\/2020\/06\/TCR-FLICKR-320x213.jpg 320w\" sizes=\"(max-width: 800px) 100vw, 800px\" \/><p id=\"caption-attachment-8325\" class=\"wp-caption-text\">TCR-FLICKR<\/p><\/div>\n<p>La <strong><a href=\"https:\/\/www.casasrurales.net\/casas-rurales\/zamora\">Catedral de Zamora<\/a><\/strong> se construy\u00f3 <strong>en el siglo XII<\/strong> bajo el mandato de Alfonso VII. El <strong>cimborrio es la pieza m\u00e1s destacada<\/strong> de este <strong>templo rom\u00e1nico,<\/strong> as\u00ed como el elemento que mejor se conserva del exterior junto a la <strong>puerta del Obispo.<\/strong><\/p>\n<h2><span class=\"amp-wp-inline-934605138b205d4a9871e64b928b79b8\"><strong>Catedral de Cuenca<\/strong><\/span><\/h2>\n<div id=\"attachment_8324\" style=\"width: 810px\" class=\"wp-caption aligncenter\"><img aria-describedby=\"caption-attachment-8324\" class=\"size-full wp-image-8324\" src=\"https:\/\/cdn1.es.casasrurales.net\/blog\/wp-content\/emp\/blogcasas\/2020\/06\/Helder-Ribeiro-FLICKR.jpg\" alt=\"Helder Ribeiro-FLICKR\" width=\"800\" height=\"600\" srcset=\"https:\/\/cdn1.es.casasrurales.net\/blog\/wp-content\/emp\/blogcasas\/2020\/06\/Helder-Ribeiro-FLICKR.jpg 800w, https:\/\/cdn1.es.casasrurales.net\/blog\/wp-content\/emp\/blogcasas\/2020\/06\/Helder-Ribeiro-FLICKR-300x225.jpg 300w, https:\/\/cdn1.es.casasrurales.net\/blog\/wp-content\/emp\/blogcasas\/2020\/06\/Helder-Ribeiro-FLICKR-768x576.jpg 768w, https:\/\/cdn1.es.casasrurales.net\/blog\/wp-content\/emp\/blogcasas\/2020\/06\/Helder-Ribeiro-FLICKR-156x117.jpg 156w\" sizes=\"(max-width: 800px) 100vw, 800px\" \/><p id=\"caption-attachment-8324\" class=\"wp-caption-text\">Helder Ribeiro-FLICKR<\/p><\/div>\n<p>Sobre los restos de <strong>una antigua mezquita<\/strong> se levanta la <strong><a href=\"https:\/\/www.casasrurales.net\/casas-rurales\/cuenca\">catedral conquense<\/a><\/strong>, que <strong>data del siglo XII.<\/strong> Sorprende su fachada principal de <strong>estilo neog\u00f3tico,<\/strong> una reconstrucci\u00f3n de la original realizada en el siglo XX.<\/p>\n<h2><span class=\"amp-wp-inline-934605138b205d4a9871e64b928b79b8\"><strong>Catedral de Soria<\/strong><\/span><\/h2>\n<div id=\"attachment_8323\" style=\"width: 810px\" class=\"wp-caption aligncenter\"><img aria-describedby=\"caption-attachment-8323\" class=\"size-full wp-image-8323\" src=\"https:\/\/cdn1.es.casasrurales.net\/blog\/wp-content\/emp\/blogcasas\/2020\/06\/santiago-lopez-pastor-FLICKR-4.jpg\" alt=\"santiago lopez-pastor-FLICKR\" width=\"800\" height=\"600\" srcset=\"https:\/\/cdn1.es.casasrurales.net\/blog\/wp-content\/emp\/blogcasas\/2020\/06\/santiago-lopez-pastor-FLICKR-4.jpg 800w, https:\/\/cdn1.es.casasrurales.net\/blog\/wp-content\/emp\/blogcasas\/2020\/06\/santiago-lopez-pastor-FLICKR-4-300x225.jpg 300w, https:\/\/cdn1.es.casasrurales.net\/blog\/wp-content\/emp\/blogcasas\/2020\/06\/santiago-lopez-pastor-FLICKR-4-768x576.jpg 768w, https:\/\/cdn1.es.casasrurales.net\/blog\/wp-content\/emp\/blogcasas\/2020\/06\/santiago-lopez-pastor-FLICKR-4-156x117.jpg 156w\" sizes=\"(max-width: 800px) 100vw, 800px\" \/><p id=\"caption-attachment-8323\" class=\"wp-caption-text\">santiago lopez-pastor-FLICKR<\/p><\/div>\n<p>Antes de convertirse en el templo de mayor <strong><a href=\"https:\/\/www.casasrurales.net\/casas-rurales\/soria\">importancia de Soria<\/a><\/strong>, la <strong>Concatedral de San Pedro<\/strong> era una colegiata. Construida <strong>en el siglo XII,<\/strong> su principal atractivo es el magn\u00edfico<strong> claustro rom\u00e1nico.<\/strong><\/p>\n<h2><span class=\"amp-wp-inline-934605138b205d4a9871e64b928b79b8\"><strong>Catedral de Valladolid<\/strong><\/span><\/h2>\n<div id=\"attachment_8322\" style=\"width: 810px\" class=\"wp-caption aligncenter\"><img aria-describedby=\"caption-attachment-8322\" class=\"size-full wp-image-8322\" src=\"https:\/\/cdn1.es.casasrurales.net\/blog\/wp-content\/emp\/blogcasas\/2020\/06\/Iglesia-en-Valladolid-FLICKR.jpg\" alt=\"Iglesia en Valladolid-FLICKR\" width=\"800\" height=\"497\" srcset=\"https:\/\/cdn1.es.casasrurales.net\/blog\/wp-content\/emp\/blogcasas\/2020\/06\/Iglesia-en-Valladolid-FLICKR.jpg 800w, https:\/\/cdn1.es.casasrurales.net\/blog\/wp-content\/emp\/blogcasas\/2020\/06\/Iglesia-en-Valladolid-FLICKR-300x186.jpg 300w, https:\/\/cdn1.es.casasrurales.net\/blog\/wp-content\/emp\/blogcasas\/2020\/06\/Iglesia-en-Valladolid-FLICKR-768x477.jpg 768w\" sizes=\"(max-width: 800px) 100vw, 800px\" \/><p id=\"caption-attachment-8322\" class=\"wp-caption-text\">Iglesia en Valladolid-FLICKR<\/p><\/div>\n<p>Lo primero que asombra de la <strong><a href=\"https:\/\/www.casasrurales.net\/casas-rurales\/valladolid\">Catedral de Valladolid<\/a><\/strong> es que, a diferencia de la mayor\u00eda de las catedrales castellanoleonesas, <strong>no es de arquitectura medieval<\/strong>, sino <strong>herreriana<\/strong>.<\/p>\n<p>Se trata de<strong> un estilo del siglo XVI<\/strong> atribuido a Juan de Herrera caracterizado por las formas clasicistas y la ausencia de ostentaci\u00f3n.<\/p>\n","protected":false},"excerpt":{"rendered":"<p>Las muestras de la grandiosidad de la arquitectura a lo largo de los a\u00f1os. Puntos de referencia para los religiosos, y de visita para millones de turistas que quieren apreciar las obras m\u00e1s espectaculares del patrimonio arquitect\u00f3nico. Hablamos de las&hellip; <br \/><a class=\"read-more-button\" href=\"https:\/\/www.casasrurales.net\/blog\/25-impresionantes-catedrales-de-espana\">Leer m\u00e1s<\/a><\/p>\n","protected":false},"author":6,"featured_media":8347,"comment_status":"open","ping_status":"open","sticky":false,"template":"","format":"standard","meta":[],"categories":[13],"tags":[],"_links":{"self":[{"href":"https:\/\/www.casasrurales.net\/blog\/wp-json\/wp\/v2\/posts\/8321"}],"collection":[{"href":"https:\/\/www.casasrurales.net\/blog\/wp-json\/wp\/v2\/posts"}],"about":[{"href":"https:\/\/www.casasrurales.net\/blog\/wp-json\/wp\/v2\/types\/post"}],"author":[{"embeddable":true,"href":"https:\/\/www.casasrurales.net\/blog\/wp-json\/wp\/v2\/users\/6"}],"replies":[{"embeddable":true,"href":"https:\/\/www.casasrurales.net\/blog\/wp-json\/wp\/v2\/comments?post=8321"}],"version-history":[{"count":1,"href":"https:\/\/www.casasrurales.net\/blog\/wp-json\/wp\/v2\/posts\/8321\/revisions"}],"predecessor-version":[{"id":8348,"href":"https:\/\/www.casasrurales.net\/blog\/wp-json\/wp\/v2\/posts\/8321\/revisions\/8348"}],"wp:featuredmedia":[{"embeddable":true,"href":"https:\/\/www.casasrurales.net\/blog\/wp-json\/wp\/v2\/media\/8347"}],"wp:attachment":[{"href":"https:\/\/www.casasrurales.net\/blog\/wp-json\/wp\/v2\/media?parent=8321"}],"wp:term":[{"taxonomy":"category","embeddable":true,"href":"https:\/\/www.casasrurales.net\/blog\/wp-json\/wp\/v2\/categories?post=8321"},{"taxonomy":"post_tag","embeddable":true,"href":"https:\/\/www.casasrurales.net\/blog\/wp-json\/wp\/v2\/tags?post=8321"}],"curies":[{"name":"wp","href":"https:\/\/api.w.org\/{rel}","templated":true}]}}