
{"id":8260,"date":"2024-05-16T09:41:24","date_gmt":"2024-05-16T09:41:24","guid":{"rendered":"https:\/\/www.casasrurales.net\/blog\/?p=8260"},"modified":"2024-05-16T09:41:24","modified_gmt":"2024-05-16T09:41:24","slug":"15-sorprendentes-bosques-para-perderte","status":"publish","type":"post","link":"https:\/\/www.casasrurales.net\/blog\/15-sorprendentes-bosques-para-perderte","title":{"rendered":"15 sorprendentes bosques para perderte"},"content":{"rendered":"<p><strong>Aut\u00e9nticos para\u00edsos naturales<\/strong> es lo que encontramos en alguna de las zonas que tiene nuestro pa\u00eds. Lugares que parecen de cuento y que nos invitan a adentrarnos entre el<strong> frondoso mundo de \u00e1rboles<\/strong> de todos los tipos, y desconectar.<\/p>\n<p>Para\u00edsos naturales que queremos descubrir, y que queremos que descubras con nosotros aprovechando de esta manera, una de las <strong>vertientes del turismo rural<\/strong> que hay en los 15 lugares que te vamos a mostrar ahora. <strong><em>\u00bfQu\u00e9 mejor plan que unas vacaciones y un poco de relax entre naturaleza?<\/em><\/strong><\/p>\n<p>A nosotros no se nos ocurre ninguno. Bueno, s\u00ed. <strong>Que te acompa\u00f1e a descubrirlos quien t\u00fa quieras<\/strong>. <em>\u00bfNos acompa\u00f1\u00e1is a ver los <strong>15 bosques m\u00e1s impresionantes<\/strong> de Espa\u00f1a?<\/em><\/p>\n<p><strong>\u00a1A por ello aventureros!<\/strong><\/p>\n<h2><span class=\"amp-wp-inline-934605138b205d4a9871e64b928b79b8\"><strong>Muniellos (Asturias)<\/strong><\/span><\/h2>\n<div id=\"attachment_8275\" style=\"width: 810px\" class=\"wp-caption aligncenter\"><img aria-describedby=\"caption-attachment-8275\" class=\"size-full wp-image-8275\" src=\"https:\/\/cdn1.es.casasrurales.net\/blog\/wp-content\/emp\/blogcasas\/2020\/06\/Mario-Quevedo-FLICKR.jpg\" alt=\"Mario Quevedo-FLICKR\" width=\"800\" height=\"600\" srcset=\"https:\/\/cdn1.es.casasrurales.net\/blog\/wp-content\/emp\/blogcasas\/2020\/06\/Mario-Quevedo-FLICKR.jpg 800w, https:\/\/cdn1.es.casasrurales.net\/blog\/wp-content\/emp\/blogcasas\/2020\/06\/Mario-Quevedo-FLICKR-300x225.jpg 300w, https:\/\/cdn1.es.casasrurales.net\/blog\/wp-content\/emp\/blogcasas\/2020\/06\/Mario-Quevedo-FLICKR-768x576.jpg 768w, https:\/\/cdn1.es.casasrurales.net\/blog\/wp-content\/emp\/blogcasas\/2020\/06\/Mario-Quevedo-FLICKR-156x117.jpg 156w\" sizes=\"(max-width: 800px) 100vw, 800px\" \/><p id=\"caption-attachment-8275\" class=\"wp-caption-text\">Mario Quevedo-FLICKR<\/p><\/div>\n<p>En el extremo suroccidental de <strong><a href=\"https:\/\/www.casasrurales.net\/casas-rurales\/asturias\">Asturias<\/a><\/strong> y perteneciente al concejo de<strong> Cangas de Narcea<\/strong>, se localiza el <strong>Bosque de Muniellos,<\/strong> el espacio natural que goza de <strong>mayor protecci\u00f3n del Principado<\/strong> y declarado <strong>Reserva de la Biosfera de la Unesco<\/strong>.<\/p>\n<p>Se trata del<strong> robledal m\u00e1s grande de Espa\u00f1a<\/strong> y uno de los mejor conservados de Europa. Est\u00e1 regado de una enorme variedad de <strong>hongos y setas,<\/strong> muchos aptos para el consumo humano.<\/p>\n<h2><span class=\"amp-wp-inline-934605138b205d4a9871e64b928b79b8\"><strong>Fanlo (Huesca)<\/strong><\/span><\/h2>\n<div id=\"attachment_8274\" style=\"width: 810px\" class=\"wp-caption aligncenter\"><img aria-describedby=\"caption-attachment-8274\" class=\"size-full wp-image-8274\" src=\"https:\/\/cdn1.es.casasrurales.net\/blog\/wp-content\/emp\/blogcasas\/2020\/06\/\u00c1ngel-Hernans\u00e1ez-FLICKR.jpg\" alt=\"\u00c1ngel Hernans\u00e1ez-FLICKR\" width=\"800\" height=\"534\" srcset=\"https:\/\/cdn1.es.casasrurales.net\/blog\/wp-content\/emp\/blogcasas\/2020\/06\/\u00c1ngel-Hernans\u00e1ez-FLICKR.jpg 800w, https:\/\/cdn1.es.casasrurales.net\/blog\/wp-content\/emp\/blogcasas\/2020\/06\/\u00c1ngel-Hernans\u00e1ez-FLICKR-300x200.jpg 300w, https:\/\/cdn1.es.casasrurales.net\/blog\/wp-content\/emp\/blogcasas\/2020\/06\/\u00c1ngel-Hernans\u00e1ez-FLICKR-768x513.jpg 768w, https:\/\/cdn1.es.casasrurales.net\/blog\/wp-content\/emp\/blogcasas\/2020\/06\/\u00c1ngel-Hernans\u00e1ez-FLICKR-320x213.jpg 320w\" sizes=\"(max-width: 800px) 100vw, 800px\" \/><p id=\"caption-attachment-8274\" class=\"wp-caption-text\">\u00c1ngel Hernans\u00e1ez-FLICKR<\/p><\/div>\n<p>Uno de los bosques oto\u00f1ales m\u00e1s hermosos de Espa\u00f1a se ubica en el <strong><a href=\"https:\/\/www.casasrurales.net\/casas-rurales\/huesca\">territorio municipal de Fanlo<\/a><\/strong>. El bosque de <strong>la Pardina del Se\u00f1or<\/strong> supone un coqueto recorrido entre<strong> hayas, arces o robles.<\/strong><\/p>\n<p>Este paseo entre naturaleza esconde una \u00faltima <strong>sorpresa<\/strong>: las <strong>ruinas de una ermita rom\u00e1nica.<\/strong><\/p>\n<h2><span class=\"amp-wp-inline-934605138b205d4a9871e64b928b79b8\"><strong>Fageda de la Grevolosa (Barcelona)<\/strong><\/span><\/h2>\n<div id=\"attachment_8273\" style=\"width: 810px\" class=\"wp-caption aligncenter\"><img aria-describedby=\"caption-attachment-8273\" class=\"size-full wp-image-8273\" src=\"https:\/\/cdn1.es.casasrurales.net\/blog\/wp-content\/emp\/blogcasas\/2020\/06\/Albert-Torell\u00f3-FLICKR.jpg\" alt=\"Albert Torell\u00f3-FLICKR\" width=\"800\" height=\"534\" srcset=\"https:\/\/cdn1.es.casasrurales.net\/blog\/wp-content\/emp\/blogcasas\/2020\/06\/Albert-Torell\u00f3-FLICKR.jpg 800w, https:\/\/cdn1.es.casasrurales.net\/blog\/wp-content\/emp\/blogcasas\/2020\/06\/Albert-Torell\u00f3-FLICKR-300x200.jpg 300w, https:\/\/cdn1.es.casasrurales.net\/blog\/wp-content\/emp\/blogcasas\/2020\/06\/Albert-Torell\u00f3-FLICKR-768x513.jpg 768w, https:\/\/cdn1.es.casasrurales.net\/blog\/wp-content\/emp\/blogcasas\/2020\/06\/Albert-Torell\u00f3-FLICKR-320x213.jpg 320w\" sizes=\"(max-width: 800px) 100vw, 800px\" \/><p id=\"caption-attachment-8273\" class=\"wp-caption-text\">Albert Torell\u00f3-FLICKR<\/p><\/div>\n<p>Es uno de los bosques de hayas m\u00e1s <strong><a href=\"https:\/\/www.casasrurales.net\/casas-rurales\/barcelona\">importantes de Catalu\u00f1a<\/a><\/strong> y est\u00e1 integrado por \u00e1rboles de<strong> m\u00e1s de trescientos a\u00f1os.<\/strong> Dado su gigantesco tama\u00f1o, ser\u00e1 dif\u00edcil no sentirse insignificante a su lado.<\/p>\n<p>Disfrutar de un paseo por los diferentes caminos de este <strong>bosque barcelon\u00e9s<\/strong> puede ser una experiencia muy recomendable <strong>si viajas con ni\u00f1os,<\/strong> ya que podr\u00e1n sentirse como parte de un cuento.<\/p>\n<h2><span class=\"amp-wp-inline-934605138b205d4a9871e64b928b79b8\"><strong>Faedo de Ci\u00f1era (Le\u00f3n)<\/strong><\/span><\/h2>\n<div id=\"attachment_8272\" style=\"width: 810px\" class=\"wp-caption aligncenter\"><img aria-describedby=\"caption-attachment-8272\" class=\"size-full wp-image-8272\" src=\"https:\/\/cdn1.es.casasrurales.net\/blog\/wp-content\/emp\/blogcasas\/2020\/06\/Guill\u00e9n-P\u00e9rez-FLICKR-1.jpg\" alt=\"Guill\u00e9n P\u00e9rez-FLICKR\" width=\"800\" height=\"557\" srcset=\"https:\/\/cdn1.es.casasrurales.net\/blog\/wp-content\/emp\/blogcasas\/2020\/06\/Guill\u00e9n-P\u00e9rez-FLICKR-1.jpg 800w, https:\/\/cdn1.es.casasrurales.net\/blog\/wp-content\/emp\/blogcasas\/2020\/06\/Guill\u00e9n-P\u00e9rez-FLICKR-1-300x209.jpg 300w, https:\/\/cdn1.es.casasrurales.net\/blog\/wp-content\/emp\/blogcasas\/2020\/06\/Guill\u00e9n-P\u00e9rez-FLICKR-1-768x535.jpg 768w\" sizes=\"(max-width: 800px) 100vw, 800px\" \/><p id=\"caption-attachment-8272\" class=\"wp-caption-text\">Guill\u00e9n P\u00e9rez-FLICKR<\/p><\/div>\n<p>En las inmediaciones de la <strong><a href=\"https:\/\/www.casasrurales.net\/casas-rurales\/leon\">localidad leonesa de Ci\u00f1era de Gord\u00f3n<\/a><\/strong> encontramos uno de los <strong>bosques espa\u00f1oles mejor cuidados<\/strong>.<\/p>\n<p>Se trata de <strong><em>Faedo<\/em><\/strong>, como com\u00fanmente se conoce a este <strong>paraje de hayas centenarias<\/strong> que crecen en un entorno repleto de <strong>leyendas de brujas y hadas,<\/strong> tal y como recogen los paneles informativos que dan la bienvenida al visitante.<\/p>\n<p><em>\u00bfTe atrever\u00e1s a recorrerlo envuelto en su halo de magia y misterio?<\/em><\/p>\n<h2><span class=\"amp-wp-inline-934605138b205d4a9871e64b928b79b8\"><strong>Bellver (Mallorca)<\/strong><\/span><\/h2>\n<div id=\"attachment_8271\" style=\"width: 810px\" class=\"wp-caption aligncenter\"><img aria-describedby=\"caption-attachment-8271\" class=\"size-full wp-image-8271\" src=\"https:\/\/cdn1.es.casasrurales.net\/blog\/wp-content\/emp\/blogcasas\/2020\/06\/Joan-Valls-FLICKR.jpg\" alt=\"Joan Valls-FLICKR\" width=\"800\" height=\"536\" srcset=\"https:\/\/cdn1.es.casasrurales.net\/blog\/wp-content\/emp\/blogcasas\/2020\/06\/Joan-Valls-FLICKR.jpg 800w, https:\/\/cdn1.es.casasrurales.net\/blog\/wp-content\/emp\/blogcasas\/2020\/06\/Joan-Valls-FLICKR-300x201.jpg 300w, https:\/\/cdn1.es.casasrurales.net\/blog\/wp-content\/emp\/blogcasas\/2020\/06\/Joan-Valls-FLICKR-768x515.jpg 768w, https:\/\/cdn1.es.casasrurales.net\/blog\/wp-content\/emp\/blogcasas\/2020\/06\/Joan-Valls-FLICKR-320x213.jpg 320w\" sizes=\"(max-width: 800px) 100vw, 800px\" \/><p id=\"caption-attachment-8271\" class=\"wp-caption-text\">Joan Valls-FLICKR<\/p><\/div>\n<p>El <strong>Castillo de Bellver<\/strong> es la <strong>antesala de la joya natural<\/strong> que estamos a punto de mostrarte. Esta<strong> singular fortificaci\u00f3n<\/strong> de planta circular emplazada en lo alto de una colina, que se asoma entre un <strong>enorme pinar<\/strong> creando uno de los miradores m\u00e1s espectaculares de <strong><a href=\"https:\/\/www.casasrurales.net\/casas-rurales\/mallorca\">Palma de Mallorca.<\/a><\/strong><\/p>\n<p>Un mirador desde el que<strong> observar el bosque<\/strong>, en el que es interesante sumergirse para descubrir las asombrosas<strong> cuevas del castillo<\/strong> que ocupan nada m\u00e1s y nada menos que un \u00e1rea de<strong> 30.000 metros cuadrados.<\/strong><\/p>\n<h2><span class=\"amp-wp-inline-934605138b205d4a9871e64b928b79b8\"><strong>Fragas do Eume (A Coru\u00f1a)<\/strong><\/span><\/h2>\n<div id=\"attachment_8270\" style=\"width: 809px\" class=\"wp-caption aligncenter\"><img aria-describedby=\"caption-attachment-8270\" class=\"size-full wp-image-8270\" src=\"https:\/\/cdn1.es.casasrurales.net\/blog\/wp-content\/emp\/blogcasas\/2020\/06\/david-vazquez-FLICKR.jpg\" alt=\"david vazquez-FLICKR\" width=\"799\" height=\"533\" srcset=\"https:\/\/cdn1.es.casasrurales.net\/blog\/wp-content\/emp\/blogcasas\/2020\/06\/david-vazquez-FLICKR.jpg 799w, https:\/\/cdn1.es.casasrurales.net\/blog\/wp-content\/emp\/blogcasas\/2020\/06\/david-vazquez-FLICKR-300x200.jpg 300w, https:\/\/cdn1.es.casasrurales.net\/blog\/wp-content\/emp\/blogcasas\/2020\/06\/david-vazquez-FLICKR-768x512.jpg 768w, https:\/\/cdn1.es.casasrurales.net\/blog\/wp-content\/emp\/blogcasas\/2020\/06\/david-vazquez-FLICKR-320x213.jpg 320w\" sizes=\"(max-width: 799px) 100vw, 799px\" \/><p id=\"caption-attachment-8270\" class=\"wp-caption-text\">david vazquez-FLICKR<\/p><\/div>\n<p>A unos 60 kil\u00f3metros de <strong><a href=\"https:\/\/www.casasrurales.net\/casas-rurales\/a-coruna\">A Coru\u00f1a<\/a><\/strong> se extiende un <strong>bosque con densa vegetaci\u00f3n<\/strong> que, en ocasiones, apenas deja pasar la luz y que <strong>acompa\u00f1a al r\u00edo Eume<\/strong> desde su desembocadura en Pontedeume.<\/p>\n<p>En este<strong> bosque sombr\u00edo de 9.000 hect\u00e1reas<\/strong> de superficie predominan los <strong>robles<\/strong>, los <strong>helechos<\/strong> y los <strong>l\u00edquenes<\/strong>. Casi escondido y sobre un promontorio, nos toparemos con el <strong>monasterio de San Juan de Caaveiro<\/strong> que arroja espl\u00e9ndidas vistas de esta <em>fraga<\/em>.<\/p>\n<h2><span class=\"amp-wp-inline-934605138b205d4a9871e64b928b79b8\"><strong>Bosques del Ambroz (C\u00e1ceres)<\/strong><\/span><\/h2>\n<div id=\"attachment_8269\" style=\"width: 810px\" class=\"wp-caption aligncenter\"><img aria-describedby=\"caption-attachment-8269\" class=\"size-full wp-image-8269\" src=\"https:\/\/cdn1.es.casasrurales.net\/blog\/wp-content\/emp\/blogcasas\/2020\/06\/Freebird-FLICKR.jpg\" alt=\"Freebird-FLICKR\" width=\"800\" height=\"537\" srcset=\"https:\/\/cdn1.es.casasrurales.net\/blog\/wp-content\/emp\/blogcasas\/2020\/06\/Freebird-FLICKR.jpg 800w, https:\/\/cdn1.es.casasrurales.net\/blog\/wp-content\/emp\/blogcasas\/2020\/06\/Freebird-FLICKR-300x201.jpg 300w, https:\/\/cdn1.es.casasrurales.net\/blog\/wp-content\/emp\/blogcasas\/2020\/06\/Freebird-FLICKR-768x516.jpg 768w\" sizes=\"(max-width: 800px) 100vw, 800px\" \/><p id=\"caption-attachment-8269\" class=\"wp-caption-text\">Freebird-FLICKR<\/p><\/div>\n<p>En las faldas de las<strong> monta\u00f1as de Gredos,<\/strong> se asienta <a href=\"https:\/\/www.casasrurales.net\/casas-rurales\/caceres\"><strong>este hermoso paisaje<\/strong><\/a> de <strong>casta\u00f1os y robles<\/strong> en una tierra f\u00e9rtil que hace las delicias de los <strong>senderistas<\/strong> y los amantes del oto\u00f1o.<\/p>\n<p>No en vano, quienes frecuentan estos bosques dan fe del <strong>espect\u00e1culo para los sentidos<\/strong> que ofrece en cada estaci\u00f3n.<\/p>\n<h2><span class=\"amp-wp-inline-934605138b205d4a9871e64b928b79b8\"><strong>Selva de Irati (Navarra)<\/strong><\/span><\/h2>\n<div id=\"attachment_8268\" style=\"width: 810px\" class=\"wp-caption aligncenter\"><img aria-describedby=\"caption-attachment-8268\" class=\"size-full wp-image-8268\" src=\"https:\/\/cdn1.es.casasrurales.net\/blog\/wp-content\/emp\/blogcasas\/2020\/06\/Ra\u00fal-AB-FLICKR.jpg\" alt=\"Ra\u00fal AB-FLICKR\" width=\"800\" height=\"530\" srcset=\"https:\/\/cdn1.es.casasrurales.net\/blog\/wp-content\/emp\/blogcasas\/2020\/06\/Ra\u00fal-AB-FLICKR.jpg 800w, https:\/\/cdn1.es.casasrurales.net\/blog\/wp-content\/emp\/blogcasas\/2020\/06\/Ra\u00fal-AB-FLICKR-300x199.jpg 300w, https:\/\/cdn1.es.casasrurales.net\/blog\/wp-content\/emp\/blogcasas\/2020\/06\/Ra\u00fal-AB-FLICKR-768x509.jpg 768w, https:\/\/cdn1.es.casasrurales.net\/blog\/wp-content\/emp\/blogcasas\/2020\/06\/Ra\u00fal-AB-FLICKR-320x213.jpg 320w\" sizes=\"(max-width: 800px) 100vw, 800px\" \/><p id=\"caption-attachment-8268\" class=\"wp-caption-text\">Ra\u00fal AB-FLICKR<\/p><\/div>\n<p>Sus <strong>m\u00e1s de 17.000 hect\u00e1reas<\/strong> han convertido a la <strong><a href=\"https:\/\/www.casasrurales.net\/casas-rurales\/navarra\">Selva de Irati<\/a><\/strong> en el <strong>segundo bosque de hayas y abetos m\u00e1s grande de Europa<\/strong>, solo por detr\u00e1s de la Selva Negra alemana.<\/p>\n<p>Lo mejor es colgarse la mochila al hombro y calzarse unas botas, para luego elegir uno de los<strong> 16 senderos para descubrir la diversidad<\/strong> crom\u00e1tica de los paisajes en funci\u00f3n de las estaciones del a\u00f1o.<\/p>\n<h2><span class=\"amp-wp-inline-934605138b205d4a9871e64b928b79b8\"><strong>Hayedo de Montejo (Madrid)<\/strong><\/span><\/h2>\n<div id=\"attachment_8267\" style=\"width: 810px\" class=\"wp-caption aligncenter\"><img aria-describedby=\"caption-attachment-8267\" class=\"size-full wp-image-8267\" src=\"https:\/\/cdn1.es.casasrurales.net\/blog\/wp-content\/emp\/blogcasas\/2020\/06\/santiago-lopez-pastor-FLICKR-1.jpg\" alt=\"santiago lopez-pastor-FLICKR\" width=\"800\" height=\"600\" srcset=\"https:\/\/cdn1.es.casasrurales.net\/blog\/wp-content\/emp\/blogcasas\/2020\/06\/santiago-lopez-pastor-FLICKR-1.jpg 800w, https:\/\/cdn1.es.casasrurales.net\/blog\/wp-content\/emp\/blogcasas\/2020\/06\/santiago-lopez-pastor-FLICKR-1-300x225.jpg 300w, https:\/\/cdn1.es.casasrurales.net\/blog\/wp-content\/emp\/blogcasas\/2020\/06\/santiago-lopez-pastor-FLICKR-1-768x576.jpg 768w, https:\/\/cdn1.es.casasrurales.net\/blog\/wp-content\/emp\/blogcasas\/2020\/06\/santiago-lopez-pastor-FLICKR-1-156x117.jpg 156w\" sizes=\"(max-width: 800px) 100vw, 800px\" \/><p id=\"caption-attachment-8267\" class=\"wp-caption-text\">santiago lopez-pastor-FLICKR<\/p><\/div>\n<p>Enclavado en las faldas de la <strong>sierra de Ayll\u00f3n<\/strong> y <strong>ba\u00f1ado por el r\u00edo Jarama,<\/strong> el Hayedo de Montejo es un <strong>bosque de hayas<\/strong> muy frecuentes en Europa y en el norte de Espa\u00f1a, porque requieren unas <strong>condiciones de humedad concretas.<\/strong><\/p>\n<p>Por ello, constituye un <strong><a href=\"https:\/\/www.casasrurales.net\/casas-rurales\/madrid\">paraje ins\u00f3lito en Madrid<\/a><\/strong>. La mejor \u00e9poca para visitarlo es el <strong>oto\u00f1o<\/strong> por los tonos ocres, amarillos y rojizos que dotan de un encanto especial al entorno.<\/p>\n<h2><span class=\"amp-wp-inline-934605138b205d4a9871e64b928b79b8\"><strong>Hoz de Beteta (Cuenca)<\/strong><\/span><\/h2>\n<div id=\"attachment_8266\" style=\"width: 810px\" class=\"wp-caption aligncenter\"><img aria-describedby=\"caption-attachment-8266\" class=\"size-full wp-image-8266\" src=\"https:\/\/cdn1.es.casasrurales.net\/blog\/wp-content\/emp\/blogcasas\/2020\/06\/Teo-Romera-FLICKR.jpg\" alt=\"Teo Romera-FLICKR\" width=\"800\" height=\"600\" srcset=\"https:\/\/cdn1.es.casasrurales.net\/blog\/wp-content\/emp\/blogcasas\/2020\/06\/Teo-Romera-FLICKR.jpg 800w, https:\/\/cdn1.es.casasrurales.net\/blog\/wp-content\/emp\/blogcasas\/2020\/06\/Teo-Romera-FLICKR-300x225.jpg 300w, https:\/\/cdn1.es.casasrurales.net\/blog\/wp-content\/emp\/blogcasas\/2020\/06\/Teo-Romera-FLICKR-768x576.jpg 768w, https:\/\/cdn1.es.casasrurales.net\/blog\/wp-content\/emp\/blogcasas\/2020\/06\/Teo-Romera-FLICKR-156x117.jpg 156w\" sizes=\"(max-width: 800px) 100vw, 800px\" \/><p id=\"caption-attachment-8266\" class=\"wp-caption-text\">Teo Romera-FLICKR<\/p><\/div>\n<p>La Hoz de Beteta es una de las <strong><a href=\"https:\/\/www.casasrurales.net\/casas-rurales\/cuenca\">estampas m\u00e1s impresionantes<\/a><\/strong> que ofrece la <strong>Serran\u00eda de Cuenca<\/strong> y supone una magn\u00edfica oportunidad para contemplar la <strong>garganta<\/strong> que ha ido trazando durante siglos<strong> el r\u00edo Guadiela<\/strong>, en un entorno dominado por <strong>tilos centenarios<\/strong> y gran variedad de plantas arom\u00e1ticas.<\/p>\n<p>La Hoz de Beteta supone un<strong> espectacular paseo de ocho kil\u00f3metros<\/strong> entre acantilados de <strong>m\u00e1s de 80 metros de altura.<\/strong><\/p>\n<h2><span class=\"amp-wp-inline-934605138b205d4a9871e64b928b79b8\"><strong>Bosque de Oma (Kortezubi-Vizcaya)<\/strong><\/span><\/h2>\n<div id=\"attachment_8265\" style=\"width: 809px\" class=\"wp-caption aligncenter\"><img aria-describedby=\"caption-attachment-8265\" class=\"size-full wp-image-8265\" src=\"https:\/\/cdn1.es.casasrurales.net\/blog\/wp-content\/emp\/blogcasas\/2020\/06\/Javi-FLICKR.jpg\" alt=\"Javi-FLICKR\" width=\"799\" height=\"598\" srcset=\"https:\/\/cdn1.es.casasrurales.net\/blog\/wp-content\/emp\/blogcasas\/2020\/06\/Javi-FLICKR.jpg 799w, https:\/\/cdn1.es.casasrurales.net\/blog\/wp-content\/emp\/blogcasas\/2020\/06\/Javi-FLICKR-300x225.jpg 300w, https:\/\/cdn1.es.casasrurales.net\/blog\/wp-content\/emp\/blogcasas\/2020\/06\/Javi-FLICKR-768x575.jpg 768w, https:\/\/cdn1.es.casasrurales.net\/blog\/wp-content\/emp\/blogcasas\/2020\/06\/Javi-FLICKR-156x117.jpg 156w\" sizes=\"(max-width: 799px) 100vw, 799px\" \/><p id=\"caption-attachment-8265\" class=\"wp-caption-text\">Javi-FLICKR<\/p><\/div>\n<p>Muy pr\u00f3ximo al <strong><a href=\"https:\/\/www.casasrurales.net\/casas-rurales\/vizcaya\">municipio vizca\u00edno de Kortezubi<\/a><\/strong> encontraremos uno de los<strong> bosques m\u00e1s peculiares<\/strong> que hayamos visto. El Bosque de Oma es <strong>un bosque pintado<\/strong>, una especie de museo al aire libre cuyos <strong>troncos lucen vivos colores<\/strong> gracias a la brocha del artista<strong> Agust\u00edn Ibarrola. <\/strong><\/p>\n<p>Sin duda, una <strong>aut\u00e9ntica obra de arte<\/strong> que, adem\u00e1s, tiene el aliciente de estar <strong>en plena naturaleza.<\/strong><\/p>\n<h2><span class=\"amp-wp-inline-934605138b205d4a9871e64b928b79b8\"><strong>Garajonay (La Gomera)<\/strong><\/span><\/h2>\n<div id=\"attachment_8264\" style=\"width: 810px\" class=\"wp-caption aligncenter\"><img aria-describedby=\"caption-attachment-8264\" class=\"size-full wp-image-8264\" src=\"https:\/\/cdn1.es.casasrurales.net\/blog\/wp-content\/emp\/blogcasas\/2020\/06\/Josevi11-FLICKR.jpg\" alt=\"Josevi11-FLICKR\" width=\"800\" height=\"532\" srcset=\"https:\/\/cdn1.es.casasrurales.net\/blog\/wp-content\/emp\/blogcasas\/2020\/06\/Josevi11-FLICKR.jpg 800w, https:\/\/cdn1.es.casasrurales.net\/blog\/wp-content\/emp\/blogcasas\/2020\/06\/Josevi11-FLICKR-300x200.jpg 300w, https:\/\/cdn1.es.casasrurales.net\/blog\/wp-content\/emp\/blogcasas\/2020\/06\/Josevi11-FLICKR-768x511.jpg 768w, https:\/\/cdn1.es.casasrurales.net\/blog\/wp-content\/emp\/blogcasas\/2020\/06\/Josevi11-FLICKR-320x213.jpg 320w\" sizes=\"(max-width: 800px) 100vw, 800px\" \/><p id=\"caption-attachment-8264\" class=\"wp-caption-text\">Josevi11-FLICKR<\/p><\/div>\n<p>El<strong> Parque Nacional de Garajonay<\/strong> tampoco est\u00e1 exento de leyendas y, de hecho,<strong> debe su nombre a dos enamorados<\/strong>, la princesa gomera Gara y Jonay, de Tenerife.<\/p>\n<p>Presos de un amor imposible, los amantes decidieron quitarse la vida<strong> arroj\u00e1ndose desde el pico m\u00e1s alto de la isla canaria<\/strong>, por supuesto, situado en <strong><a href=\"https:\/\/www.casasrurales.net\/casas-rurales\/la-gomera\">este bosque de laurisilva<\/a><\/strong>. La carta de presentaci\u00f3n de Garajonay es una <strong>tupida selva<\/strong> que se funde con las nubes y que contrasta con el<strong> paisaje volc\u00e1nico t<\/strong>\u00edpico del archipi\u00e9lago canario.<\/p>\n<h2><span class=\"amp-wp-inline-934605138b205d4a9871e64b928b79b8\"><strong>Monte Cabez\u00f3n (Cantabria)<\/strong><\/span><\/h2>\n<div id=\"attachment_8263\" style=\"width: 810px\" class=\"wp-caption aligncenter\"><img aria-describedby=\"caption-attachment-8263\" class=\"size-full wp-image-8263\" src=\"https:\/\/cdn1.es.casasrurales.net\/blog\/wp-content\/emp\/blogcasas\/2020\/06\/Rub\u00e9n-D\u00edaz-Caviedes-FLICKR.jpg\" alt=\"Rub\u00e9n D\u00edaz Caviedes-FLICKR\" width=\"800\" height=\"600\" srcset=\"https:\/\/cdn1.es.casasrurales.net\/blog\/wp-content\/emp\/blogcasas\/2020\/06\/Rub\u00e9n-D\u00edaz-Caviedes-FLICKR.jpg 800w, https:\/\/cdn1.es.casasrurales.net\/blog\/wp-content\/emp\/blogcasas\/2020\/06\/Rub\u00e9n-D\u00edaz-Caviedes-FLICKR-300x225.jpg 300w, https:\/\/cdn1.es.casasrurales.net\/blog\/wp-content\/emp\/blogcasas\/2020\/06\/Rub\u00e9n-D\u00edaz-Caviedes-FLICKR-768x576.jpg 768w, https:\/\/cdn1.es.casasrurales.net\/blog\/wp-content\/emp\/blogcasas\/2020\/06\/Rub\u00e9n-D\u00edaz-Caviedes-FLICKR-156x117.jpg 156w\" sizes=\"(max-width: 800px) 100vw, 800px\" \/><p id=\"caption-attachment-8263\" class=\"wp-caption-text\">Rub\u00e9n D\u00edaz Caviedes-FLICKR<\/p><\/div>\n<p>Para <strong>perderse en un bosque de secuoyas gigantes<\/strong> no es necesario desplazarse hasta la costa oeste de Estados Unidos, pues el peque\u00f1o municipio de <strong><a href=\"https:\/\/www.casasrurales.net\/casas-rurales\/cantabria\">Cabez\u00f3n de la Sal<\/a><\/strong> esconde un espacio natural inusual en <strong>Cantabria<\/strong>.<\/p>\n<p>El bosque est\u00e1 habitado por <strong>848 ejemplares<\/strong> que <strong>alcanzan, de media, los 36 metros<\/strong> de altura.<\/p>\n<h2><span class=\"amp-wp-inline-934605138b205d4a9871e64b928b79b8\"><strong>Hayedo d\u2019en Jord\u00e0 (Girona)<\/strong><\/span><\/h2>\n<div id=\"attachment_8262\" style=\"width: 810px\" class=\"wp-caption aligncenter\"><img aria-describedby=\"caption-attachment-8262\" class=\"size-full wp-image-8262\" src=\"https:\/\/cdn1.es.casasrurales.net\/blog\/wp-content\/emp\/blogcasas\/2020\/06\/Carlos-Luna-FLICKR.jpg\" alt=\"Carlos Luna-FLICKR\" width=\"800\" height=\"600\" srcset=\"https:\/\/cdn1.es.casasrurales.net\/blog\/wp-content\/emp\/blogcasas\/2020\/06\/Carlos-Luna-FLICKR.jpg 800w, https:\/\/cdn1.es.casasrurales.net\/blog\/wp-content\/emp\/blogcasas\/2020\/06\/Carlos-Luna-FLICKR-300x225.jpg 300w, https:\/\/cdn1.es.casasrurales.net\/blog\/wp-content\/emp\/blogcasas\/2020\/06\/Carlos-Luna-FLICKR-768x576.jpg 768w, https:\/\/cdn1.es.casasrurales.net\/blog\/wp-content\/emp\/blogcasas\/2020\/06\/Carlos-Luna-FLICKR-156x117.jpg 156w\" sizes=\"(max-width: 800px) 100vw, 800px\" \/><p id=\"caption-attachment-8262\" class=\"wp-caption-text\">Carlos Luna-FLICKR<\/p><\/div>\n<p>Lo curioso de este <strong>bosque de hayas<\/strong> es que se localiza <strong>en la colada del volc\u00e1n del Croscat<\/strong> y pertenece al<strong> Parque Natural<\/strong> de la <strong><a href=\"https:\/\/www.casasrurales.net\/casas-rurales\/girona\">Zona Volc\u00e1nica de la Garrotxa<\/a><\/strong>.<\/p>\n<p>Este entorno es el <strong>mejor ejemplo de paisaje volc\u00e1nico<\/strong> que puede encontrarse en la Pen\u00ednsula Ib\u00e9rica y constituye una <strong>fascinante ruta<\/strong> para pasear entre volcanes dormidos.<\/p>\n<h2><span class=\"amp-wp-inline-934605138b205d4a9871e64b928b79b8\"><strong>Dehesa del Saler (Valencia)<\/strong><\/span><\/h2>\n<div id=\"attachment_8261\" style=\"width: 810px\" class=\"wp-caption aligncenter\"><img aria-describedby=\"caption-attachment-8261\" class=\"size-full wp-image-8261\" src=\"https:\/\/cdn1.es.casasrurales.net\/blog\/wp-content\/emp\/blogcasas\/2020\/06\/Manel-FLICKR-1.jpg\" alt=\"Manel-FLICKR\" width=\"800\" height=\"552\" srcset=\"https:\/\/cdn1.es.casasrurales.net\/blog\/wp-content\/emp\/blogcasas\/2020\/06\/Manel-FLICKR-1.jpg 800w, https:\/\/cdn1.es.casasrurales.net\/blog\/wp-content\/emp\/blogcasas\/2020\/06\/Manel-FLICKR-1-300x207.jpg 300w, https:\/\/cdn1.es.casasrurales.net\/blog\/wp-content\/emp\/blogcasas\/2020\/06\/Manel-FLICKR-1-768x530.jpg 768w\" sizes=\"(max-width: 800px) 100vw, 800px\" \/><p id=\"caption-attachment-8261\" class=\"wp-caption-text\">Manel-FLICKR<\/p><\/div>\n<p>Cerca de la playa nos topamos con <strong>este bosque mediterr\u00e1neo<\/strong> que pertenece al <strong><a href=\"https:\/\/www.casasrurales.net\/casas-rurales\/valencia\">Parque Natural de la Albufera<\/a><\/strong>.<\/p>\n<p>La <strong>Dehesa del Saler<\/strong> es un pinar salpicado de<strong> suaves dunas, un paraje fabuloso<\/strong> para hacer rutas a pie y en bicicleta mientras sopla la brisa marina.<\/p>\n","protected":false},"excerpt":{"rendered":"<p>Aut\u00e9nticos para\u00edsos naturales es lo que encontramos en alguna de las zonas que tiene nuestro pa\u00eds. Lugares que parecen de cuento y que nos invitan a adentrarnos entre el frondoso mundo de \u00e1rboles de todos los tipos, y desconectar. Para\u00edsos&hellip; <br \/><a class=\"read-more-button\" href=\"https:\/\/www.casasrurales.net\/blog\/15-sorprendentes-bosques-para-perderte\">Leer m\u00e1s<\/a><\/p>\n","protected":false},"author":6,"featured_media":8276,"comment_status":"open","ping_status":"open","sticky":false,"template":"","format":"standard","meta":[],"categories":[12],"tags":[],"_links":{"self":[{"href":"https:\/\/www.casasrurales.net\/blog\/wp-json\/wp\/v2\/posts\/8260"}],"collection":[{"href":"https:\/\/www.casasrurales.net\/blog\/wp-json\/wp\/v2\/posts"}],"about":[{"href":"https:\/\/www.casasrurales.net\/blog\/wp-json\/wp\/v2\/types\/post"}],"author":[{"embeddable":true,"href":"https:\/\/www.casasrurales.net\/blog\/wp-json\/wp\/v2\/users\/6"}],"replies":[{"embeddable":true,"href":"https:\/\/www.casasrurales.net\/blog\/wp-json\/wp\/v2\/comments?post=8260"}],"version-history":[{"count":2,"href":"https:\/\/www.casasrurales.net\/blog\/wp-json\/wp\/v2\/posts\/8260\/revisions"}],"predecessor-version":[{"id":8278,"href":"https:\/\/www.casasrurales.net\/blog\/wp-json\/wp\/v2\/posts\/8260\/revisions\/8278"}],"wp:featuredmedia":[{"embeddable":true,"href":"https:\/\/www.casasrurales.net\/blog\/wp-json\/wp\/v2\/media\/8276"}],"wp:attachment":[{"href":"https:\/\/www.casasrurales.net\/blog\/wp-json\/wp\/v2\/media?parent=8260"}],"wp:term":[{"taxonomy":"category","embeddable":true,"href":"https:\/\/www.casasrurales.net\/blog\/wp-json\/wp\/v2\/categories?post=8260"},{"taxonomy":"post_tag","embeddable":true,"href":"https:\/\/www.casasrurales.net\/blog\/wp-json\/wp\/v2\/tags?post=8260"}],"curies":[{"name":"wp","href":"https:\/\/api.w.org\/{rel}","templated":true}]}}