
{"id":810,"date":"2016-02-11T18:35:18","date_gmt":"2016-02-11T18:35:18","guid":{"rendered":"https:\/\/www.casasrurales.net\/blog\/?p=810"},"modified":"2023-10-31T14:27:50","modified_gmt":"2023-10-31T14:27:50","slug":"turismo-rural-en-semana-santa","status":"publish","type":"post","link":"https:\/\/www.casasrurales.net\/blog\/turismo-rural-en-semana-santa","title":{"rendered":"Turismo Rural en Semana Santa"},"content":{"rendered":"<p>Se acercan unas fechas que para algunos son unas peque\u00f1as vacaciones entre la Navidad y Verano, pero que para otros es la mayor expresi\u00f3n del fervor cristiano. \u00a0Se trata de la Semana Santa, tambi\u00e9n conocida como Pascua, una festividad que consigue envolver y llenar a los visitantes, que no la vivan como propia, de un sentimiento profundo que no podr\u00e1n olvidar.<\/p>\n<h2><em><strong>\u00bfDe d\u00f3nde sale esta fiesta?<\/strong><\/em><\/h2>\n<div id=\"attachment_813\" style=\"width: 310px\" class=\"wp-caption alignleft\"><a href=\"https:\/\/cdn1.es.casasrurales.net\/blog\/wp-content\/emp\/blogcasas\/2016\/02\/Cofrades-con-capirucho.jpg\"><img aria-describedby=\"caption-attachment-813\" class=\"size-medium wp-image-813\" src=\"https:\/\/cdn1.es.casasrurales.net\/blog\/wp-content\/emp\/blogcasas\/2016\/02\/Cofrades-con-capirucho-300x200.jpg\" alt=\"Cofrades con capirucho\" width=\"300\" height=\"200\" srcset=\"https:\/\/cdn1.es.casasrurales.net\/blog\/wp-content\/emp\/blogcasas\/2016\/02\/Cofrades-con-capirucho-300x200.jpg 300w, https:\/\/cdn1.es.casasrurales.net\/blog\/wp-content\/emp\/blogcasas\/2016\/02\/Cofrades-con-capirucho-320x213.jpg 320w, https:\/\/cdn1.es.casasrurales.net\/blog\/wp-content\/emp\/blogcasas\/2016\/02\/Cofrades-con-capirucho.jpg 640w\" sizes=\"(max-width: 300px) 100vw, 300px\" \/><\/a><p id=\"caption-attachment-813\" class=\"wp-caption-text\">Cofrades con capirucho<\/p><\/div>\n<p>Su historia como tal se remonta a la muerte de Jesucristo, un profeta para jud\u00edos y un mes\u00edas para cristianos, pero no fue hasta el a\u00f1o 325 cuando se establecieron las pautas para celebrar esta festividad, en el primer concilio ecum\u00e9nico, asent\u00e1ndose tras el equinoccio de primavera. Posteriormente, en Espa\u00f1a, un personaje venido de Tierra Santa, instal\u00f3 el Via Crucis (recorrido de Jes\u00fas desde que fue apresado hasta su resurrecci\u00f3n) hacia el 1500, celebr\u00e1ndolo con una procesi\u00f3n, que deriv\u00f3 en un desglose de las distintas fases y escenas de la Pasi\u00f3n, a las que se a\u00f1adieron cruces y figuras, cre\u00e1ndose as\u00ed las distintas cofrad\u00edas.<\/p>\n<p>Estas cofrad\u00edas son las encargadas de la manutenci\u00f3n y salida de las figuras y pasos a los que tienen un fervor incre\u00edble. Dentro de la jerarqu\u00eda muy marcada, todos se unen en las procesiones cubriendo tres objetivos. Por un lado est\u00e1n los penitentes, que a cara cubierta acompa\u00f1an durante la procesi\u00f3n a los pasos, que son cargados por los costaleros, quienes cargan sobre uno de sus hombros todo el peso del paso, al que se suma la figura, la ornamentaci\u00f3n y las flores llegando a alcanzar cientos de kilos. Y por \u00faltimo tenemos a los m\u00fasicos o bandas, que acompa\u00f1an los pasos con m\u00fasica, normalmente est\u00e1n asociados a las cofrad\u00edas, pudiendo pertenecer o no a las mismas. Hasta aqu\u00ed, la parte hist\u00f3rica. Lo que importa es vivirlo.<\/p>\n<p>Empecemos con un poco de marcha.<\/p>\n<p><iframe loading=\"lazy\" width=\"840\" height=\"630\" src=\"https:\/\/www.youtube.com\/embed\/Xc9fbRo0PBk?feature=oembed\" frameborder=\"0\" allowfullscreen><\/iframe><\/p>\n<h2><em><strong>\u00bfD\u00f3nde puedo ver estas procesiones?<\/strong><\/em><\/h2>\n<p>Espa\u00f1a se ha convertido en el lugar por excelencia para celebrar la Semana Santa, ya que en cada ciudad y pueblo del pa\u00eds los habitantes salen a las calles para rememorar esta tan importante fecha, ya sea por creencia o por tradici\u00f3n, y c\u00f3mo no, en un pa\u00eds en el que tenemos gran variedad de orograf\u00eda, gastronom\u00eda, cultura y lenguas, no \u00edbamos a tener distintas formas de celebrar el Via Crucis.<\/p>\n<p><a href=\"https:\/\/www.casasrurales.net\/casas-rurales\/alicante\">En <strong>Elche, Alicante<\/strong><\/a>, se celebra el Domingo de Ramos con una de las procesiones m\u00e1s hermosas, ya que salen a la calle miles de personas con hojas de Palma y sus trenzas para dar la bienvenida a Jes\u00fas montado en borrica.<\/p>\n<div id=\"attachment_816\" style=\"width: 310px\" class=\"wp-caption alignleft\"><a href=\"https:\/\/cdn1.es.casasrurales.net\/blog\/wp-content\/emp\/blogcasas\/2016\/02\/Virgen-en-procesi\u00f3n.jpg\"><img aria-describedby=\"caption-attachment-816\" class=\"size-medium wp-image-816\" src=\"https:\/\/cdn1.es.casasrurales.net\/blog\/wp-content\/emp\/blogcasas\/2016\/02\/Virgen-en-procesi\u00f3n-300x225.jpg\" alt=\"Virgen en procesi\u00f3n\" width=\"300\" height=\"225\" srcset=\"https:\/\/cdn1.es.casasrurales.net\/blog\/wp-content\/emp\/blogcasas\/2016\/02\/Virgen-en-procesi\u00f3n-300x225.jpg 300w, https:\/\/cdn1.es.casasrurales.net\/blog\/wp-content\/emp\/blogcasas\/2016\/02\/Virgen-en-procesi\u00f3n-156x117.jpg 156w, https:\/\/cdn1.es.casasrurales.net\/blog\/wp-content\/emp\/blogcasas\/2016\/02\/Virgen-en-procesi\u00f3n.jpg 640w\" sizes=\"(max-width: 300px) 100vw, 300px\" \/><\/a><p id=\"caption-attachment-816\" class=\"wp-caption-text\">Virgen en procesi\u00f3n<\/p><\/div>\n<p>En <strong>Toledo<\/strong>, los cofrades tienen que lidiar con la estrechez de sus callejuelas medievales, haciendo verdaderas maniobras e incluso teniendo que postrarse sobre sus rodillas cargando con los pasos bajo un silencio sepulcral por parte de los observadores.<\/p>\n<p>No te pierdas la Semanta Santa de <strong>Cuenca, en Castilla La Mancha<\/strong>, que te revolver\u00e1 las entra\u00f1as tanto de forma m\u00edstica como literal, ya que en la procesi\u00f3n de las Turbas un bullicio ensordecedor llena las calles en la madrugada del Viernes Santo que quedan en un silencio igualmente ensordecedor al aparecer la Nuestra Se\u00f1ora de la Soledad, un momento realmente m\u00e1gico. Continuando con el ruido, pasamos a <strong>Teruel, Arag\u00f3n, <\/strong>en donde una multitud en un silencio perturbador espera a la primera campanada de las doce del viernes, d\u00eda en el que Jesucristo muere, para romper t\u00edmpanos y sentimientos con el redoble de miles de tambores que embriagan y hacen brotar las l\u00e1grimas.<\/p>\n<p>Si hay consenso en algo, es que <strong>Andaluc\u00eda<\/strong> se ha convertido en el centro neur\u00e1lgico de estas fechas, ya que el fervor y el arte recorren sus calles. <a href=\"https:\/\/www.casasrurales.net\/casas-rurales\/granada\">En <strong>Granada<\/strong><\/a>, la procesi\u00f3n de los gitanos es una maravilla para los sentidos, durando desde la madrugada del mi\u00e9rcoles hasta la ma\u00f1ana del jueves, donde la procesi\u00f3n asciende por las colinas del Sacromonte iluminada por las hogueras encendidas por los fieles y adornada por las saetas que le dedican.<\/p>\n<p>En <strong>M\u00e1laga<\/strong>, la Legi\u00f3n lleva con paso firme y emotivo al Cristo de Mena desde el puerto hasta la iglesia de Santo Domingo, lugar en el que miles de fieles esperan para escuchar a los legionarios cantar \u201cNovio de la Muerte\u201d y romper en aplausos de emoci\u00f3n.<\/p>\n<p><iframe loading=\"lazy\" width=\"840\" height=\"473\" src=\"https:\/\/www.youtube.com\/embed\/qC7kYpS7YXM?feature=oembed\" frameborder=\"0\" allowfullscreen><\/iframe><\/p>\n<p>Y es que la muerte del Mes\u00edas es motivo de \u201ccelebraci\u00f3n\u201d en otros lugares, como, por ejemplo, en <strong>Verges, Catalu\u00f1a, <\/strong>donde cinco personas disfrazadas de esqueletos saltan y bailan al ritmo de un tambor a la luz de antorchas, conmemorando la victoria de la muerte sobre el Hijo de Dios.<\/p>\n<p>Continuando con Andaluc\u00eda, es imposible no mencionar <strong>Sevilla, <\/strong>mezclando cofrad\u00edas de siglos de antig\u00fcedad que mezclan el arte de saetas, la belleza y expresi\u00f3n de sus pasos con el sentimiento de los fieles, que lo viven de una manera especial, todo un espect\u00e1culo. En <strong>Logro\u00f1o<\/strong>, una tradici\u00f3n relativamente nueva en la que durante la penitencia de la cofrad\u00eda de las Siete Palabras y el Silencio pide el indulto de un preso, el cual, al aprobarse dicho indulto bajo una serie de requisitos, se viste con la indumentaria de los nazarenos y se une a ellos al llegar al Palacio de la Justicia.<\/p>\n<p>Pasamos a <strong>Castro de Urdiales, en Cantabria, <\/strong>lugar en el que la festividad no se celebra con procesiones, sino que se revive la Pasi\u00f3n de Cristo desde la \u00daltima cena hasta su Resurrecci\u00f3n, todo ello representado por los propios vecinos el Viernes Santo vali\u00e9ndose de su entorno natural.<\/p>\n<h2><em><strong>\u00bfSomos los \u00fanicos que la celebran? <\/strong><\/em><\/h2>\n<p>La Semana Santa o Pascua se celebra en todos los pa\u00edses con tradici\u00f3n cristiana, pero s\u00f3lo en Espa\u00f1a se sale en procesi\u00f3n por las calles.<\/p>\n<p>En otros pa\u00edses del mundo se celebra de forma muy distinta estas fiestas. Por ejemplo en el norte de Europa y Am\u00e9rica es muy com\u00fan y conocido el t\u00edpico conejo que decide esconder huevos de chocolate para que los ni\u00f1os los busquen con una cesta nada m\u00e1s levantarse.<\/p>\n<p>En Sudam\u00e9rica es com\u00fan recrear la Pasi\u00f3n de Cristo por las calles, teniendo como fiesta destacada aquella en la que miles de mexicanos se re\u00fanen en el Cerro de la Estrella de Iztapalapa con este fin. Pero sin duda, la fiesta m\u00e1s pol\u00e9mica se da en Filipinas, donde los fieles sienten en sus propias carnes el sufrimiento de Jes\u00fas mediante autoflagelaciones, llegando al culmen de la celebraci\u00f3n con la crucifixi\u00f3n real de 10 personas, incluyendo la subida a la cruz clavos mediante. En Jerusal\u00e9n se pueden visitar todos los lugares mencionados en la Biblia.<\/p>\n<h2><em><strong>\u00bfC\u00f3mo puedo aprovechar m\u00e1s el viaje? <\/strong><\/em><\/h2>\n<div id=\"attachment_815\" style=\"width: 310px\" class=\"wp-caption alignleft\"><a href=\"https:\/\/cdn1.es.casasrurales.net\/blog\/wp-content\/emp\/blogcasas\/2016\/02\/Torrijas.jpg\"><img aria-describedby=\"caption-attachment-815\" class=\"size-medium wp-image-815\" src=\"https:\/\/cdn1.es.casasrurales.net\/blog\/wp-content\/emp\/blogcasas\/2016\/02\/Torrijas-300x225.jpg\" alt=\"Torrijas\" width=\"300\" height=\"225\" \/><\/a><p id=\"caption-attachment-815\" class=\"wp-caption-text\">Torrijas<\/p><\/div>\n<p>Es com\u00fan que en un pa\u00eds con tanta riqueza gastron\u00f3mica se tengan platos t\u00edpicos de fechas se\u00f1aladas, en gran medida influenciados por el ayuno y abstinencia que la iglesia pone estos d\u00edas.<\/p>\n<p>Esta abstinencia hace referencia a todo tipo de carnes, por lo que proliferaron platos como el Potaje de Vigilia, basado en legumbres, verduras y bacalao como aporte prote\u00ednico para suplir las carencias del ayuno.<\/p>\n<p>Pero sobre todo, los protagonistas de toda fiesta son los dulces, teniendo el protagonismo principal las famosas y deliciosas Torrijas, pan con leche rebozado, que tienen su origen para llenar los est\u00f3magos con algo delicioso y no caer en la tentaci\u00f3n de probar la carne. Hoy en d\u00eda es el principal culpable de que muchos no alcancemos con \u00e9xito llegar a la operaci\u00f3n bikini.<\/p>\n<h3><em><strong>\u00bfSab\u00edas que\u2026?<\/strong><\/em><\/h3>\n<p>&#8230;El capirote, vestimenta t\u00edpica de los cofrades, tiene su origen en el Sanbenito, ropaje que se obligaba a vestir a los condenados por la Inquisici\u00f3n como reconocimiento p\u00fablico de los malos actos de la persona condenada y consiguiente penitencia, que posteriormente fue adherido como significante y significado en las procesiones. Tiene tambi\u00e9n un s\u00edmbolo de igualdad, ya que los conos y las telas que cubren cuerpo y rostro hacen que todos sean iguales a ojos de Dios.<\/p>\n","protected":false},"excerpt":{"rendered":"<p>Se acercan unas fechas que para algunos son unas peque\u00f1as vacaciones entre la Navidad y Verano, pero que para otros es la mayor expresi\u00f3n del fervor cristiano. \u00a0Se trata de la Semana Santa, tambi\u00e9n conocida como Pascua, una festividad que&hellip; <br \/><a class=\"read-more-button\" href=\"https:\/\/www.casasrurales.net\/blog\/turismo-rural-en-semana-santa\">Leer m\u00e1s<\/a><\/p>\n","protected":false},"author":5,"featured_media":817,"comment_status":"open","ping_status":"open","sticky":false,"template":"","format":"standard","meta":[],"categories":[8],"tags":[],"_links":{"self":[{"href":"https:\/\/www.casasrurales.net\/blog\/wp-json\/wp\/v2\/posts\/810"}],"collection":[{"href":"https:\/\/www.casasrurales.net\/blog\/wp-json\/wp\/v2\/posts"}],"about":[{"href":"https:\/\/www.casasrurales.net\/blog\/wp-json\/wp\/v2\/types\/post"}],"author":[{"embeddable":true,"href":"https:\/\/www.casasrurales.net\/blog\/wp-json\/wp\/v2\/users\/5"}],"replies":[{"embeddable":true,"href":"https:\/\/www.casasrurales.net\/blog\/wp-json\/wp\/v2\/comments?post=810"}],"version-history":[{"count":5,"href":"https:\/\/www.casasrurales.net\/blog\/wp-json\/wp\/v2\/posts\/810\/revisions"}],"predecessor-version":[{"id":11977,"href":"https:\/\/www.casasrurales.net\/blog\/wp-json\/wp\/v2\/posts\/810\/revisions\/11977"}],"wp:featuredmedia":[{"embeddable":true,"href":"https:\/\/www.casasrurales.net\/blog\/wp-json\/wp\/v2\/media\/817"}],"wp:attachment":[{"href":"https:\/\/www.casasrurales.net\/blog\/wp-json\/wp\/v2\/media?parent=810"}],"wp:term":[{"taxonomy":"category","embeddable":true,"href":"https:\/\/www.casasrurales.net\/blog\/wp-json\/wp\/v2\/categories?post=810"},{"taxonomy":"post_tag","embeddable":true,"href":"https:\/\/www.casasrurales.net\/blog\/wp-json\/wp\/v2\/tags?post=810"}],"curies":[{"name":"wp","href":"https:\/\/api.w.org\/{rel}","templated":true}]}}