
{"id":7936,"date":"2020-05-05T15:38:47","date_gmt":"2020-05-05T15:38:47","guid":{"rendered":"https:\/\/www.casasrurales.net\/blog\/?p=7936"},"modified":"2020-05-05T15:38:47","modified_gmt":"2020-05-05T15:38:47","slug":"7-parques-urbanos-para-pasear","status":"publish","type":"post","link":"https:\/\/www.casasrurales.net\/blog\/7-parques-urbanos-para-pasear","title":{"rendered":"7 parques urbanos para pasear"},"content":{"rendered":"<p>Ahora que parece que <strong>empezamos a ver la luz al final del t\u00fanel,<\/strong> y que esos paseos que podemos hacer se han convertido en el plan m\u00e1s trepidante del d\u00eda, conviene saber <strong>por d\u00f3nde podemos pasear,<\/strong> y ya que solo podemos disfrutar de la ansiada libertad durante una hora, hacerlo en <strong>un lugar con encanto.<\/strong><\/p>\n<p>Por eso, y porque nos lo merecemos, vamos a ense\u00f1arte<strong> alguno de los parques urbanos m\u00e1s bonitos<\/strong> que puedes visitar durante este paseo en solitario, con los peques de la casa, o en pareja. Porque <strong>cada ciudad tiene su peque\u00f1o pulm\u00f3n<\/strong> por el que hoy queremos llevarte.<\/p>\n<p>Si te sumas a<strong> pasear virtualmente con nosotros,<\/strong> te esperamos hasta que te pongas las zapatillas y<strong> empezamos \u00a1ya mismo!<\/strong><\/p>\n<p>&nbsp;<\/p>\n<h2><strong>Parque de Mar\u00eda Luisa<\/strong><\/h2>\n<div id=\"attachment_7943\" style=\"width: 810px\" class=\"wp-caption aligncenter\"><img aria-describedby=\"caption-attachment-7943\" class=\"size-full wp-image-7943\" src=\"https:\/\/cdn1.es.casasrurales.net\/blog\/wp-content\/emp\/blogcasas\/2020\/05\/Emilio-FLICKR.jpg\" alt=\"Emilio-FLICKR\" width=\"800\" height=\"534\" srcset=\"https:\/\/cdn1.es.casasrurales.net\/blog\/wp-content\/emp\/blogcasas\/2020\/05\/Emilio-FLICKR.jpg 800w, https:\/\/cdn1.es.casasrurales.net\/blog\/wp-content\/emp\/blogcasas\/2020\/05\/Emilio-FLICKR-300x200.jpg 300w, https:\/\/cdn1.es.casasrurales.net\/blog\/wp-content\/emp\/blogcasas\/2020\/05\/Emilio-FLICKR-768x513.jpg 768w, https:\/\/cdn1.es.casasrurales.net\/blog\/wp-content\/emp\/blogcasas\/2020\/05\/Emilio-FLICKR-320x213.jpg 320w\" sizes=\"(max-width: 800px) 100vw, 800px\" \/><p id=\"caption-attachment-7943\" class=\"wp-caption-text\">Emilio-FLICKR<\/p><\/div>\n<p>Empezamos <strong><a href=\"https:\/\/www.casasrurales.net\/casas-rurales\/sevilla\">nuestro paseo en Sevilla<\/a><\/strong>, donde el <strong>ambiente andaluz<\/strong> nos recuerda, entre las risas de los m\u00e1s peque\u00f1os, que el fin del confinamiento est\u00e1 muy cerca.<\/p>\n<p>Y mientras llega, te contamos que este parque es <strong>uno de los m\u00e1s bonitos de todo el pa\u00eds<\/strong>, con una estampa casi id\u00edlica en el que los protagonistas son lugares como los <strong>estanques<\/strong>, rodeados de <strong>vegetaci\u00f3n<\/strong>, y los paseos que podr\u00e1s recorrer en los que te topar\u00e1s con alguno de los <strong>monumentos<\/strong> m\u00e1s rese\u00f1ables, como es el de <strong>B\u00e9cquer<\/strong>.<\/p>\n<p><strong>Se fund\u00f3 en 1914<\/strong> y ahora mismo <strong>\u00a1te est\u00e1 esperando con las puertas abiertas!<\/strong><\/p>\n<p>&nbsp;<\/p>\n<h2><strong>Parque G\u00fcell<\/strong><\/h2>\n<div id=\"attachment_7942\" style=\"width: 810px\" class=\"wp-caption aligncenter\"><img aria-describedby=\"caption-attachment-7942\" class=\"size-full wp-image-7942\" src=\"https:\/\/cdn1.es.casasrurales.net\/blog\/wp-content\/emp\/blogcasas\/2020\/05\/Jose-A.-FLICKR.jpg\" alt=\"Jose A.-FLICKR\" width=\"800\" height=\"600\" srcset=\"https:\/\/cdn1.es.casasrurales.net\/blog\/wp-content\/emp\/blogcasas\/2020\/05\/Jose-A.-FLICKR.jpg 800w, https:\/\/cdn1.es.casasrurales.net\/blog\/wp-content\/emp\/blogcasas\/2020\/05\/Jose-A.-FLICKR-300x225.jpg 300w, https:\/\/cdn1.es.casasrurales.net\/blog\/wp-content\/emp\/blogcasas\/2020\/05\/Jose-A.-FLICKR-768x576.jpg 768w, https:\/\/cdn1.es.casasrurales.net\/blog\/wp-content\/emp\/blogcasas\/2020\/05\/Jose-A.-FLICKR-156x117.jpg 156w\" sizes=\"(max-width: 800px) 100vw, 800px\" \/><p id=\"caption-attachment-7942\" class=\"wp-caption-text\">Jose A.-FLICKR<\/p><\/div>\n<p>Nos trasladamos ahora <strong><a href=\"https:\/\/www.casasrurales.net\/casas-rurales\/barcelona\">hasta la ciudad condal<\/a><\/strong>, en la que <strong>reconocemos en un primer vistazo<\/strong>, nuestro objetivo. Un lugar lleno de <strong>encanto que te brinda Barcelona<\/strong> y que ahora recorrer\u00e1s con nosotros.<\/p>\n<p>Adem\u00e1s de ser de los m\u00e1s bonitos, esta<strong> magn\u00edfica obra de Gaud\u00ed<\/strong> que fue <strong>fundada en el 1922<\/strong>, est\u00e1 declarado <strong>Patrimonio de la Humanidad<\/strong> desde los a\u00f1os 80.<\/p>\n<p>Sin duda, pasear por sus caminos y disfrutar de las diferentes <strong>obras del artista,<\/strong> que ornamentan cada uno de los rincones de este parque, nos sirve para darnos cuenta de que su <strong>inspiraci\u00f3n<\/strong> fue sin duda, <strong>la naturaleza.<\/strong><\/p>\n<p>&nbsp;<\/p>\n<h2><strong>Parque del Retiro<\/strong><\/h2>\n<div id=\"attachment_7941\" style=\"width: 809px\" class=\"wp-caption aligncenter\"><img aria-describedby=\"caption-attachment-7941\" class=\"size-full wp-image-7941\" src=\"https:\/\/cdn1.es.casasrurales.net\/blog\/wp-content\/emp\/blogcasas\/2020\/05\/Juan-Antonio-Segal-FLICKR.jpg\" alt=\"Juan Antonio Segal-FLICKR\" width=\"799\" height=\"533\" srcset=\"https:\/\/cdn1.es.casasrurales.net\/blog\/wp-content\/emp\/blogcasas\/2020\/05\/Juan-Antonio-Segal-FLICKR.jpg 799w, https:\/\/cdn1.es.casasrurales.net\/blog\/wp-content\/emp\/blogcasas\/2020\/05\/Juan-Antonio-Segal-FLICKR-300x200.jpg 300w, https:\/\/cdn1.es.casasrurales.net\/blog\/wp-content\/emp\/blogcasas\/2020\/05\/Juan-Antonio-Segal-FLICKR-768x512.jpg 768w, https:\/\/cdn1.es.casasrurales.net\/blog\/wp-content\/emp\/blogcasas\/2020\/05\/Juan-Antonio-Segal-FLICKR-320x213.jpg 320w\" sizes=\"(max-width: 799px) 100vw, 799px\" \/><p id=\"caption-attachment-7941\" class=\"wp-caption-text\">Juan Antonio Segal-FLICKR<\/p><\/div>\n<p>Nos trasladamos hasta el centro, donde <strong><a href=\"https:\/\/www.casasrurales.net\/casas-rurales\/madrid\">la capital brinda a sus habitantes un aut\u00e9ntico pulm\u00f3n<\/a><\/strong> en medio del caos madrile\u00f1o. Un lugar en el que <strong>el tiempo se detiene<\/strong>, y la estampa es bien distinta de lo que hay tras sus puertas.<\/p>\n<p><strong>Se inaugur\u00f3 en 1868<\/strong> y entre sus <strong>m\u00e1s de 125 hect\u00e1reas,<\/strong> hay cantidad de vegetaci\u00f3n de diferentes especies, as\u00ed como tambi\u00e9n hay cabida para la cultura, con diferentes <strong>salas de exposiciones<\/strong> como pueden ser el <strong>Palacio de Cristal o el de Vel\u00e1zquez<\/strong>; y por supuesto, para el <strong>deporte<\/strong>.<\/p>\n<p>Disfruta de un paseo en <strong>barca por el Estanque Grande<\/strong>, y disfruta de una jornada tranquila y relajada en pleno centro de Madrid.<\/p>\n<p>&nbsp;<\/p>\n<h2><strong>Jardines del r\u00edo Turia<\/strong><\/h2>\n<div id=\"attachment_7940\" style=\"width: 810px\" class=\"wp-caption aligncenter\"><img aria-describedby=\"caption-attachment-7940\" class=\"size-full wp-image-7940\" src=\"https:\/\/cdn1.es.casasrurales.net\/blog\/wp-content\/emp\/blogcasas\/2020\/05\/Fotgrafo-robby25-FLICKR.jpg\" alt=\"Fotgrafo-robby25-FLICKR\" width=\"800\" height=\"454\" srcset=\"https:\/\/cdn1.es.casasrurales.net\/blog\/wp-content\/emp\/blogcasas\/2020\/05\/Fotgrafo-robby25-FLICKR.jpg 800w, https:\/\/cdn1.es.casasrurales.net\/blog\/wp-content\/emp\/blogcasas\/2020\/05\/Fotgrafo-robby25-FLICKR-300x170.jpg 300w, https:\/\/cdn1.es.casasrurales.net\/blog\/wp-content\/emp\/blogcasas\/2020\/05\/Fotgrafo-robby25-FLICKR-768x436.jpg 768w\" sizes=\"(max-width: 800px) 100vw, 800px\" \/><p id=\"caption-attachment-7940\" class=\"wp-caption-text\">Fotgrafo-robby25-FLICKR<\/p><\/div>\n<p><em><strong><a href=\"https:\/\/www.casasrurales.net\/casas-rurales\/valencia\">\u00bfEres de Valencia?<\/a><\/strong><\/em> Entonces no dejes de leer, porque seguramente tengas la <strong>suerte de aprovechar tu paseo<\/strong> entre este espectacular jard\u00edn <strong>inaugurado en 1986.<\/strong><\/p>\n<p>Tiene el honor de ser el parque <strong>m\u00e1s extenso de Espa\u00f1a<\/strong>, y es que si decides, como miles de valencianos y visitantes, recorrerlo, puedes <strong>atravesar incluso la ciudad sin salir<\/strong> de su imponente estampa verde.<\/p>\n<p>El paseo, <strong>siguiendo el r\u00edo Turia<\/strong>, te permitir\u00e1 llegar desde la <strong>Ciudad de las Artes, hasta el famoso Bioparc,<\/strong> y ya tienes dos planes alternativos al final de la jornada de paseo.<\/p>\n<p>&nbsp;<\/p>\n<h2><strong>Parque Federico Garc\u00eda Lorca<\/strong><\/h2>\n<div id=\"attachment_7939\" style=\"width: 810px\" class=\"wp-caption aligncenter\"><img aria-describedby=\"caption-attachment-7939\" class=\"size-full wp-image-7939\" src=\"https:\/\/cdn1.es.casasrurales.net\/blog\/wp-content\/emp\/blogcasas\/2020\/05\/Gilberto-Mendes-FLICKR.jpg\" alt=\"Gilberto Mendes-FLICKR\" width=\"800\" height=\"449\" srcset=\"https:\/\/cdn1.es.casasrurales.net\/blog\/wp-content\/emp\/blogcasas\/2020\/05\/Gilberto-Mendes-FLICKR.jpg 800w, https:\/\/cdn1.es.casasrurales.net\/blog\/wp-content\/emp\/blogcasas\/2020\/05\/Gilberto-Mendes-FLICKR-300x168.jpg 300w, https:\/\/cdn1.es.casasrurales.net\/blog\/wp-content\/emp\/blogcasas\/2020\/05\/Gilberto-Mendes-FLICKR-768x431.jpg 768w\" sizes=\"(max-width: 800px) 100vw, 800px\" \/><p id=\"caption-attachment-7939\" class=\"wp-caption-text\">Gilberto Mendes-FLICKR<\/p><\/div>\n<p>Nuestro siguiente paseo lo vamos a hacer en la <strong><a href=\"https:\/\/www.casasrurales.net\/casas-rurales\/granada\">provincia de Granada<\/a><\/strong>, en la que te animamos a que recorras cada uno de los <strong>rincones de este parque<\/strong> que es sin duda,<strong> el m\u00e1s importante<\/strong> de la provincia.<\/p>\n<p>Se llama as\u00ed porque se encuentra junto a la zona de veraneo que ten\u00eda la <strong>familia de Garc\u00eda Lorca<\/strong>, y cuenta con una extensi\u00f3n que le permite tener una gran cantidad de<strong> especies naturales.<\/strong><\/p>\n<p>Consta de<strong> casi 72.000 metros cuadrados<\/strong> en los que desconectar y relajarse bajo el sol granadino, y disfrutar de una panor\u00e1mica preciosa.<\/p>\n<p>&nbsp;<\/p>\n<h2><strong>Parque de la Alameda<\/strong><\/h2>\n<div id=\"attachment_7938\" style=\"width: 809px\" class=\"wp-caption aligncenter\"><img aria-describedby=\"caption-attachment-7938\" class=\"size-full wp-image-7938\" src=\"https:\/\/cdn1.es.casasrurales.net\/blog\/wp-content\/emp\/blogcasas\/2020\/05\/Marisa-L\u00f3pez-FLICKR.jpg\" alt=\"Marisa L\u00f3pez-FLICKR\" width=\"799\" height=\"533\" srcset=\"https:\/\/cdn1.es.casasrurales.net\/blog\/wp-content\/emp\/blogcasas\/2020\/05\/Marisa-L\u00f3pez-FLICKR.jpg 799w, https:\/\/cdn1.es.casasrurales.net\/blog\/wp-content\/emp\/blogcasas\/2020\/05\/Marisa-L\u00f3pez-FLICKR-300x200.jpg 300w, https:\/\/cdn1.es.casasrurales.net\/blog\/wp-content\/emp\/blogcasas\/2020\/05\/Marisa-L\u00f3pez-FLICKR-768x512.jpg 768w, https:\/\/cdn1.es.casasrurales.net\/blog\/wp-content\/emp\/blogcasas\/2020\/05\/Marisa-L\u00f3pez-FLICKR-320x213.jpg 320w\" sizes=\"(max-width: 799px) 100vw, 799px\" \/><p id=\"caption-attachment-7938\" class=\"wp-caption-text\">Marisa L\u00f3pez-FLICKR<\/p><\/div>\n<p><strong><a href=\"https:\/\/www.casasrurales.net\/casas-rurales\/a-coruna\">Si eres de A Coru\u00f1a<\/a><\/strong>, entonces seguramente conozcas <strong>este rinc\u00f3n de Santiago de Compostela<\/strong> en el que es imposible cerrar los ojos, porque todo lo que tiene<strong> es impresionante.<\/strong><\/p>\n<p>Se trata de un espectacular <strong>espacio de 8 hect\u00e1reas<\/strong> que se divide a su vez,<strong> en tres parques<\/strong>: <em>La Alameda, La Herradura,<\/em> y por \u00faltimo, la <em>Robleda de Santa Susana<\/em>, cada uno de ellos con unos <strong>puntos de referencia<\/strong> para que disfrutes, mientras contemplas las<strong> vistas de la ciudad.<\/strong><\/p>\n<p>Un espacio de descanso y desconexi\u00f3n en el que adem\u00e1s,<strong> se celebran multitud de fiestas<\/strong> de la zona.<\/p>\n<p>&nbsp;<\/p>\n<h2><strong>Jardines de Santa Clotilde<\/strong><\/h2>\n<div id=\"attachment_7937\" style=\"width: 810px\" class=\"wp-caption aligncenter\"><img aria-describedby=\"caption-attachment-7937\" class=\"size-full wp-image-7937\" src=\"https:\/\/cdn1.es.casasrurales.net\/blog\/wp-content\/emp\/blogcasas\/2020\/05\/F\u00e8lix-Gonz\u00e1lez-FLICKR.jpg\" alt=\"F\u00e8lix Gonz\u00e1lez-FLICKR\" width=\"800\" height=\"533\" srcset=\"https:\/\/cdn1.es.casasrurales.net\/blog\/wp-content\/emp\/blogcasas\/2020\/05\/F\u00e8lix-Gonz\u00e1lez-FLICKR.jpg 800w, https:\/\/cdn1.es.casasrurales.net\/blog\/wp-content\/emp\/blogcasas\/2020\/05\/F\u00e8lix-Gonz\u00e1lez-FLICKR-300x200.jpg 300w, https:\/\/cdn1.es.casasrurales.net\/blog\/wp-content\/emp\/blogcasas\/2020\/05\/F\u00e8lix-Gonz\u00e1lez-FLICKR-768x512.jpg 768w, https:\/\/cdn1.es.casasrurales.net\/blog\/wp-content\/emp\/blogcasas\/2020\/05\/F\u00e8lix-Gonz\u00e1lez-FLICKR-320x213.jpg 320w\" sizes=\"(max-width: 800px) 100vw, 800px\" \/><p id=\"caption-attachment-7937\" class=\"wp-caption-text\">F\u00e8lix Gonz\u00e1lez-FLICKR<\/p><\/div>\n<p>Ponemos punto y<strong> final a nuestro paseo<\/strong> -que ya hemos cumplido con el tiempo reglamentario- y lo hacemos <strong><a href=\"https:\/\/www.casasrurales.net\/casas-rurales\/girona\">en la provincia de Girona<\/a><\/strong>, donde te vamos a dejar con la boca abierta.<\/p>\n<p>Este parque se encuentra<strong> sobre uno de los acantilados<\/strong> que tiene el terreno, por lo que puedes imaginar las impresionantes <strong>vistas del mar<\/strong>, mezclando su intenso azul, con el<strong> verde m\u00e1s puro<\/strong> que tiene la vegetaci\u00f3n que lo forma.<\/p>\n<p>Naci\u00f3 <strong>en 1919 bajo la influencia italiana<\/strong>, y en ello se refleja la estructura y algunas de las <strong>esculturas<\/strong> que decoran los caminos que ahora t\u00fa, puedes recorrer.<\/p>\n","protected":false},"excerpt":{"rendered":"<p>Ahora que parece que empezamos a ver la luz al final del t\u00fanel, y que esos paseos que podemos hacer se han convertido en el plan m\u00e1s trepidante del d\u00eda, conviene saber por d\u00f3nde podemos pasear, y ya que solo&hellip; <br \/><a class=\"read-more-button\" href=\"https:\/\/www.casasrurales.net\/blog\/7-parques-urbanos-para-pasear\">Leer m\u00e1s<\/a><\/p>\n","protected":false},"author":6,"featured_media":7944,"comment_status":"open","ping_status":"open","sticky":false,"template":"","format":"standard","meta":[],"categories":[11],"tags":[],"_links":{"self":[{"href":"https:\/\/www.casasrurales.net\/blog\/wp-json\/wp\/v2\/posts\/7936"}],"collection":[{"href":"https:\/\/www.casasrurales.net\/blog\/wp-json\/wp\/v2\/posts"}],"about":[{"href":"https:\/\/www.casasrurales.net\/blog\/wp-json\/wp\/v2\/types\/post"}],"author":[{"embeddable":true,"href":"https:\/\/www.casasrurales.net\/blog\/wp-json\/wp\/v2\/users\/6"}],"replies":[{"embeddable":true,"href":"https:\/\/www.casasrurales.net\/blog\/wp-json\/wp\/v2\/comments?post=7936"}],"version-history":[{"count":1,"href":"https:\/\/www.casasrurales.net\/blog\/wp-json\/wp\/v2\/posts\/7936\/revisions"}],"predecessor-version":[{"id":7945,"href":"https:\/\/www.casasrurales.net\/blog\/wp-json\/wp\/v2\/posts\/7936\/revisions\/7945"}],"wp:featuredmedia":[{"embeddable":true,"href":"https:\/\/www.casasrurales.net\/blog\/wp-json\/wp\/v2\/media\/7944"}],"wp:attachment":[{"href":"https:\/\/www.casasrurales.net\/blog\/wp-json\/wp\/v2\/media?parent=7936"}],"wp:term":[{"taxonomy":"category","embeddable":true,"href":"https:\/\/www.casasrurales.net\/blog\/wp-json\/wp\/v2\/categories?post=7936"},{"taxonomy":"post_tag","embeddable":true,"href":"https:\/\/www.casasrurales.net\/blog\/wp-json\/wp\/v2\/tags?post=7936"}],"curies":[{"name":"wp","href":"https:\/\/api.w.org\/{rel}","templated":true}]}}