
{"id":7650,"date":"2020-03-18T10:56:53","date_gmt":"2020-03-18T10:56:53","guid":{"rendered":"https:\/\/www.casasrurales.net\/blog\/?p=7650"},"modified":"2024-10-11T11:58:47","modified_gmt":"2024-10-11T11:58:47","slug":"ideas-para-celebrar-el-dia-del-padre","status":"publish","type":"post","link":"https:\/\/www.casasrurales.net\/blog\/ideas-para-celebrar-el-dia-del-padre","title":{"rendered":"Ideas para celebrar el D\u00eda del Padre"},"content":{"rendered":"<p>Ma\u00f1ana es<strong> un d\u00eda muy importante para las familias<\/strong>, y es que, ese ser que no lleva capa pero que para todos nosotros es un h\u00e9roe, incluso mucho m\u00e1s que los que salen en las pel\u00edculas, tiene<strong> un d\u00eda especial<\/strong> marcado en el calendario.<\/p>\n<p>Las circunstancias mandan, y es posible que tengas la<strong> suerte de convivir<\/strong> con \u00e9l durante el proceso que dure el periodo del <strong>Covid- 19;<\/strong> entonces, tendr\u00e1s un mont\u00f3n de<strong> cosas que hacer en casa<\/strong> para pasar el d\u00eda juntos.<\/p>\n<p>Pero si por el contrario<strong> no est\u00e1is pasando estos d\u00edas juntos,<\/strong> no te preocupes, porque como de \u00e9sta saldremos, vamos a proponerte <strong>un mont\u00f3n de planes<\/strong> para celebrar el D\u00eda del Padre&#8230; <strong>un poco m\u00e1s adelante.<\/strong><\/p>\n<p>Lo \u00fanico que tienes que tener claro es c\u00f3mo es \u00e9l. Los hay <strong>aventureros<\/strong>, los <strong>deportistas<\/strong>, a los que les encanta la <strong>gastronom\u00eda<\/strong>, o aquellos que se <strong>merecen un descanso.<\/strong> Si has encontrado a tu padre en cualquiera de estas caracter\u00edsticas, entonces<strong> no dejes de leer.<\/strong><\/p>\n<h2><strong>Con pap\u00e1 a jugar al golf<\/strong><\/h2>\n<div id=\"attachment_7656\" style=\"width: 809px\" class=\"wp-caption aligncenter\"><img aria-describedby=\"caption-attachment-7656\" class=\"size-full wp-image-7656\" src=\"https:\/\/cdn1.es.casasrurales.net\/blog\/wp-content\/emp\/blogcasas\/2020\/03\/Chris-Urbanowicz-FLICKR.jpg\" alt=\"Chris Urbanowicz-FLICKR\" width=\"799\" height=\"533\" srcset=\"https:\/\/cdn1.es.casasrurales.net\/blog\/wp-content\/emp\/blogcasas\/2020\/03\/Chris-Urbanowicz-FLICKR.jpg 799w, https:\/\/cdn1.es.casasrurales.net\/blog\/wp-content\/emp\/blogcasas\/2020\/03\/Chris-Urbanowicz-FLICKR-300x200.jpg 300w, https:\/\/cdn1.es.casasrurales.net\/blog\/wp-content\/emp\/blogcasas\/2020\/03\/Chris-Urbanowicz-FLICKR-768x512.jpg 768w, https:\/\/cdn1.es.casasrurales.net\/blog\/wp-content\/emp\/blogcasas\/2020\/03\/Chris-Urbanowicz-FLICKR-320x213.jpg 320w\" sizes=\"(max-width: 799px) 100vw, 799px\" \/><p id=\"caption-attachment-7656\" class=\"wp-caption-text\">Chris Urbanowicz-FLICKR<\/p><\/div>\n<p>Como en estos d\u00edas hay tiempo, te proponemos que tanto si tu padre ya sabe jugar al golf, como si se quiere iniciar, pod\u00e1is encontrar <strong>un campo muy cerca de vuestro alojamiento.<\/strong><\/p>\n<p>En este caso, os proponemos alquilar una <strong>casa rural cerca de estos servicios<\/strong>, y para ello, hemos pensado que os hag\u00e1is un homenaje y viaj\u00e9is hasta el <strong>pueblo de Peralada<\/strong>, en la provincia de <strong>Girona<\/strong>, donde la casa <strong><a href=\"https:\/\/www.casasrurales.net\/casas-rurales\/la-costa--c295\">La Costa<\/a><\/strong>, se encuentra a tan solo <strong>200 metros del campo de golf<\/strong> del pueblo.<\/p>\n<p>Es una casa muy familiar, <strong>para 4 personas<\/strong> y equipada con chimenea, por lo que para este evento<strong> \u00a1es perfecta!<\/strong><\/p>\n<p>Adem\u00e1s, muy cerca hay otras actividades como el <strong>t\u00fanel del viento<\/strong>, o un <strong>parque acu\u00e1tico<\/strong>, para los padres m\u00e1s aventureros, a unos 10 kil\u00f3metros.<\/p>\n<h2><strong>Con pap\u00e1 al lado de la playa<\/strong><\/h2>\n<div id=\"attachment_7655\" style=\"width: 810px\" class=\"wp-caption aligncenter\"><img aria-describedby=\"caption-attachment-7655\" class=\"size-full wp-image-7655\" src=\"https:\/\/cdn1.es.casasrurales.net\/blog\/wp-content\/emp\/blogcasas\/2020\/03\/Christian-C\u00f3rdova-FLICKR.jpg\" alt=\"Christian C\u00f3rdova-FLICKR\" width=\"800\" height=\"600\" srcset=\"https:\/\/cdn1.es.casasrurales.net\/blog\/wp-content\/emp\/blogcasas\/2020\/03\/Christian-C\u00f3rdova-FLICKR.jpg 800w, https:\/\/cdn1.es.casasrurales.net\/blog\/wp-content\/emp\/blogcasas\/2020\/03\/Christian-C\u00f3rdova-FLICKR-300x225.jpg 300w, https:\/\/cdn1.es.casasrurales.net\/blog\/wp-content\/emp\/blogcasas\/2020\/03\/Christian-C\u00f3rdova-FLICKR-768x576.jpg 768w, https:\/\/cdn1.es.casasrurales.net\/blog\/wp-content\/emp\/blogcasas\/2020\/03\/Christian-C\u00f3rdova-FLICKR-156x117.jpg 156w\" sizes=\"(max-width: 800px) 100vw, 800px\" \/><p id=\"caption-attachment-7655\" class=\"wp-caption-text\">Christian C\u00f3rdova-FLICKR<\/p><\/div>\n<p>Son muchos los <strong>padres que se relajan frente al mar,<\/strong> y que necesitan disfrutar de esas vistas. <strong><em>\u00bfQuieres cumplir su sue\u00f1o?<\/em><\/strong> Entonces \u00e9ste puede ser el mejor momento para hacerlo.<\/p>\n<p>Un <strong>reencuentro frente al mar,<\/strong> \u00bfte imaginas? Pues es lo que tendr\u00e1s si decides reservar en cualquiera de los <strong><a href=\"https:\/\/www.casasrurales.net\/casas-rurales\/chalets-porto-cabana--c5633\">Chalets Porto Cabana<\/a> <\/strong>que se encuentran en el <strong>pueblo coru\u00f1\u00e9s de Ponteceso<\/strong>;\u00a0una experiencia \u00fanica que te permite elegir entre casas con 2 o 3 habitaciones, dependiendo de cu\u00e1ntos os apunt\u00e9is al plan.<\/p>\n<p>Lo bueno de estas viviendas es que, adem\u00e1s de las comodidades que tienes en el interior, las vistas <strong>desde sus salones hacia la playa<\/strong> son <strong>\u00a1espectaculares!<\/strong><\/p>\n<p><strong>El mejor regalo<\/strong> que le pod\u00edas hacer a tu padre.<\/p>\n<h2><strong>Con un pap\u00e1 aventurero<\/strong><\/h2>\n<div id=\"attachment_7654\" style=\"width: 810px\" class=\"wp-caption aligncenter\"><img aria-describedby=\"caption-attachment-7654\" class=\"size-full wp-image-7654\" src=\"https:\/\/cdn1.es.casasrurales.net\/blog\/wp-content\/emp\/blogcasas\/2020\/03\/Santi-Villamar\u00edn-FLICKR.jpg\" alt=\"Santi Villamar\u00edn-FLICKR\" width=\"800\" height=\"497\" srcset=\"https:\/\/cdn1.es.casasrurales.net\/blog\/wp-content\/emp\/blogcasas\/2020\/03\/Santi-Villamar\u00edn-FLICKR.jpg 800w, https:\/\/cdn1.es.casasrurales.net\/blog\/wp-content\/emp\/blogcasas\/2020\/03\/Santi-Villamar\u00edn-FLICKR-300x186.jpg 300w, https:\/\/cdn1.es.casasrurales.net\/blog\/wp-content\/emp\/blogcasas\/2020\/03\/Santi-Villamar\u00edn-FLICKR-768x477.jpg 768w\" sizes=\"(max-width: 800px) 100vw, 800px\" \/><p id=\"caption-attachment-7654\" class=\"wp-caption-text\">Santi Villamar\u00edn-FLICKR<\/p><\/div>\n<p>Si tu padre es de esos a los que le encanta <strong>investigar<\/strong> lugares nuevos y<strong> no puede estar quieto,<\/strong> no te pierdas entonces lo que te vamos a ense\u00f1ar ahora.<\/p>\n<p>\u00bfCrees que le gustar\u00eda llevar<strong> un paso m\u00e1s all\u00e1 la aventura,<\/strong> y vivir en un \u00e1rbol? Pues es lo que ofrecen en<strong> Villasbuenas de Gata,<\/strong> provincia de <strong>C\u00e1ceres<\/strong> y en <strong><a href=\"https:\/\/www.casasrurales.net\/bungalows-cabanas\/cabana-bosque-dormir-en-los-arboles--c53398\">Dormir en los \u00c1rboles<\/a><\/strong>, un complejo compuesto por <strong>caba\u00f1as de madera<\/strong> que te va a permitir disfrutar del turismo rural como nunca antes lo hab\u00edas hecho.<\/p>\n<p>Una aventura de verdad que seguro vais a recordar, y donde<strong> todo lo que os rodea es la naturaleza<\/strong> m\u00e1s pura, por eso, \u00a1este D\u00eda del Padre va a ser <strong>tard\u00edo pero \u00fanico!<\/strong><\/p>\n<h2><strong>Con pap\u00e1s cerveceros<\/strong><\/h2>\n<div id=\"attachment_7653\" style=\"width: 809px\" class=\"wp-caption aligncenter\"><img aria-describedby=\"caption-attachment-7653\" class=\"size-full wp-image-7653\" src=\"https:\/\/cdn1.es.casasrurales.net\/blog\/wp-content\/emp\/blogcasas\/2020\/03\/Patrik-Kristian-FLICKR.jpg\" alt=\"Patrik Kristian-FLICKR\" width=\"799\" height=\"509\" srcset=\"https:\/\/cdn1.es.casasrurales.net\/blog\/wp-content\/emp\/blogcasas\/2020\/03\/Patrik-Kristian-FLICKR.jpg 799w, https:\/\/cdn1.es.casasrurales.net\/blog\/wp-content\/emp\/blogcasas\/2020\/03\/Patrik-Kristian-FLICKR-300x191.jpg 300w, https:\/\/cdn1.es.casasrurales.net\/blog\/wp-content\/emp\/blogcasas\/2020\/03\/Patrik-Kristian-FLICKR-768x489.jpg 768w\" sizes=\"(max-width: 799px) 100vw, 799px\" \/><p id=\"caption-attachment-7653\" class=\"wp-caption-text\">Patrik Kristian-FLICKR<\/p><\/div>\n<p>Seguramente tengamos que<strong> aplazar este d\u00eda hasta que haga buen tiempo,<\/strong> y por eso, con el buen tiempo no hay nada como <strong>brindar con tu padre<\/strong> con una buena cerveza.<\/p>\n<p>Hay casas rurales que se toman esto al pie de la letra, y por eso, entre sus instalaciones hay espacios dedicados a esta bebida que tanto le gusta a tu padre.<\/p>\n<p>Rincones tipo bar en los que el<strong> grifo de cerveza<\/strong> es la joya,<strong><em> \u00bfte apetece?<\/em><\/strong> Pues uno de esos rincones se encuentra <strong>en El Sabinar<\/strong>, un pueblo de <strong>Murcia<\/strong> en el que nos encontramos con el <strong><a href=\"https:\/\/www.casasrurales.net\/casas-rurales\/el-salero-ii--c10269\">complejo El Salero<\/a><\/strong>, que tiene instalaciones exteriores compartidas entre las que se encuentran la piscina, los campos de f\u00fatbol y el grifo de cerveza junto a la <strong>barbacoa<\/strong>.<\/p>\n<p><em><strong>\u00bfSe puede pedir m\u00e1s?<\/strong><\/em><\/p>\n<h2><strong>Con pap\u00e1s que se merecen un descanso<\/strong><\/h2>\n<div id=\"attachment_7652\" style=\"width: 810px\" class=\"wp-caption aligncenter\"><img aria-describedby=\"caption-attachment-7652\" class=\"size-full wp-image-7652\" src=\"https:\/\/cdn1.es.casasrurales.net\/blog\/wp-content\/emp\/blogcasas\/2020\/03\/Karl-Cossio-FLICKR.jpg\" alt=\"Karl Cossio-FLICKR\" width=\"800\" height=\"536\" srcset=\"https:\/\/cdn1.es.casasrurales.net\/blog\/wp-content\/emp\/blogcasas\/2020\/03\/Karl-Cossio-FLICKR.jpg 800w, https:\/\/cdn1.es.casasrurales.net\/blog\/wp-content\/emp\/blogcasas\/2020\/03\/Karl-Cossio-FLICKR-300x201.jpg 300w, https:\/\/cdn1.es.casasrurales.net\/blog\/wp-content\/emp\/blogcasas\/2020\/03\/Karl-Cossio-FLICKR-768x515.jpg 768w, https:\/\/cdn1.es.casasrurales.net\/blog\/wp-content\/emp\/blogcasas\/2020\/03\/Karl-Cossio-FLICKR-320x213.jpg 320w\" sizes=\"(max-width: 800px) 100vw, 800px\" \/><p id=\"caption-attachment-7652\" class=\"wp-caption-text\">Karl Cossio-FLICKR<\/p><\/div>\n<p>Durante todo el a\u00f1o, nuestros h\u00e9roes se desviven por hacernos felices, y es por eso que al menos una vez en los 366 d\u00edas de este a\u00f1o, no estar\u00eda mal hacerles relajarse en un alojamiento en el que puedan <strong>chapotear<\/strong>.<\/p>\n<p>Y con chapotear queremos decir..<strong>.\u00a1relajarse entre las burbujas del SPA!<\/strong> No nos digas que tu padre no se lo merece.<\/p>\n<p>Te proponemos que disfruten de una vivienda rural que entre otras cosas, tenga <strong>jacuzzi<\/strong>. Una de las que se nos ha ocurrido es <a href=\"https:\/\/www.casasrurales.net\/hoteles-rurales\/hotel-spa-la-casa-del-convento--c66372\"><strong>Hotel SPA La Casa del Convento<\/strong><\/a>, ubicada en <strong>Chinch\u00f3n<\/strong> que pertenece a la<strong> provincia de Madrid.<\/strong><\/p>\n<p>Es una vivienda para 4 personas y hasta un<strong> m\u00e1ximo de 8<\/strong> que van a poder disfrutar de una<strong> zona de SPA privada<\/strong> y bastante amplia, para tu padre se sienta como en un centro profesional.<\/p>\n<p><strong>\u00a1\u00c9ste s\u00ed que es un buen homenaje!<\/strong><\/p>\n","protected":false},"excerpt":{"rendered":"<p>Ma\u00f1ana es un d\u00eda muy importante para las familias, y es que, ese ser que no lleva capa pero que para todos nosotros es un h\u00e9roe, incluso mucho m\u00e1s que los que salen en las pel\u00edculas, tiene un d\u00eda especial&hellip; <br \/><a class=\"read-more-button\" href=\"https:\/\/www.casasrurales.net\/blog\/ideas-para-celebrar-el-dia-del-padre\">Leer m\u00e1s<\/a><\/p>\n","protected":false},"author":6,"featured_media":7657,"comment_status":"open","ping_status":"open","sticky":false,"template":"","format":"standard","meta":[],"categories":[13],"tags":[],"_links":{"self":[{"href":"https:\/\/www.casasrurales.net\/blog\/wp-json\/wp\/v2\/posts\/7650"}],"collection":[{"href":"https:\/\/www.casasrurales.net\/blog\/wp-json\/wp\/v2\/posts"}],"about":[{"href":"https:\/\/www.casasrurales.net\/blog\/wp-json\/wp\/v2\/types\/post"}],"author":[{"embeddable":true,"href":"https:\/\/www.casasrurales.net\/blog\/wp-json\/wp\/v2\/users\/6"}],"replies":[{"embeddable":true,"href":"https:\/\/www.casasrurales.net\/blog\/wp-json\/wp\/v2\/comments?post=7650"}],"version-history":[{"count":3,"href":"https:\/\/www.casasrurales.net\/blog\/wp-json\/wp\/v2\/posts\/7650\/revisions"}],"predecessor-version":[{"id":12474,"href":"https:\/\/www.casasrurales.net\/blog\/wp-json\/wp\/v2\/posts\/7650\/revisions\/12474"}],"wp:featuredmedia":[{"embeddable":true,"href":"https:\/\/www.casasrurales.net\/blog\/wp-json\/wp\/v2\/media\/7657"}],"wp:attachment":[{"href":"https:\/\/www.casasrurales.net\/blog\/wp-json\/wp\/v2\/media?parent=7650"}],"wp:term":[{"taxonomy":"category","embeddable":true,"href":"https:\/\/www.casasrurales.net\/blog\/wp-json\/wp\/v2\/categories?post=7650"},{"taxonomy":"post_tag","embeddable":true,"href":"https:\/\/www.casasrurales.net\/blog\/wp-json\/wp\/v2\/tags?post=7650"}],"curies":[{"name":"wp","href":"https:\/\/api.w.org\/{rel}","templated":true}]}}