
{"id":6954,"date":"2019-09-11T15:51:09","date_gmt":"2019-09-11T15:51:09","guid":{"rendered":"https:\/\/www.casasrurales.net\/blog\/?p=6954"},"modified":"2019-09-11T15:51:09","modified_gmt":"2019-09-11T15:51:09","slug":"viajamos-por-las-ciudades-mas-visitadas-este-verano","status":"publish","type":"post","link":"https:\/\/www.casasrurales.net\/blog\/viajamos-por-las-ciudades-mas-visitadas-este-verano","title":{"rendered":"Viajamos por las ciudades m\u00e1s visitadas este verano"},"content":{"rendered":"<p>A la vez que empezamos a sacar ya las chaquetas de entretiempo, los pantalones largos, y cambiamos las chanclas y el ba\u00f1ador por un <em>outfit<\/em> algo m\u00e1s sobrio para la oficina, comenzamos a sacar conclusiones sobre <strong>cu\u00e1les han sido los destinos m\u00e1s concurridos<\/strong> en la \u00e9poca estival.<\/p>\n<p>Cada una de ellas <strong>por un motivo diferente a la anterior<\/strong>. Puede ser que sea por situarse en la costa, por el patrimonio que tiene, o por sus fiestas. Cualquier motivo es v\u00e1lido para disfrutar del turismo en verano.<\/p>\n<p>Hoy, queremos mostrarte <strong><a href=\"https:\/\/www.casasrurales.net\/casas-rurales\/madrid\">cu\u00e1les son estas ciudades<\/a><\/strong>, y qu\u00e9 es lo que puedes encontrar en ellas. Quiz\u00e1s quieras apuntarlas para el pr\u00f3ximo verano, o para el pr\u00f3ximo d\u00eda<strong>. En cualquier momento te van a gustar.<\/strong><\/p>\n<p><strong><em>\u00bfNos quieres acompa\u00f1ar?<\/em><\/strong><\/p>\n<p>&nbsp;<\/p>\n<h2><strong>Madrid<\/strong><\/h2>\n<div id=\"attachment_6958\" style=\"width: 650px\" class=\"wp-caption aligncenter\"><img aria-describedby=\"caption-attachment-6958\" class=\"size-full wp-image-6958\" src=\"https:\/\/cdn1.es.casasrurales.net\/blog\/wp-content\/emp\/blogcasas\/2019\/09\/Wenjie-Zhang-A-Certain-Slant-of-Light-FLICKR.jpg\" alt=\"Wenjie, Zhang A Certain Slant of Light-FLICKR\" width=\"640\" height=\"427\" srcset=\"https:\/\/cdn1.es.casasrurales.net\/blog\/wp-content\/emp\/blogcasas\/2019\/09\/Wenjie-Zhang-A-Certain-Slant-of-Light-FLICKR.jpg 640w, https:\/\/cdn1.es.casasrurales.net\/blog\/wp-content\/emp\/blogcasas\/2019\/09\/Wenjie-Zhang-A-Certain-Slant-of-Light-FLICKR-300x200.jpg 300w, https:\/\/cdn1.es.casasrurales.net\/blog\/wp-content\/emp\/blogcasas\/2019\/09\/Wenjie-Zhang-A-Certain-Slant-of-Light-FLICKR-320x213.jpg 320w\" sizes=\"(max-width: 640px) 100vw, 640px\" \/><p id=\"caption-attachment-6958\" class=\"wp-caption-text\">Wenjie, Zhang A Certain Slant of Light-FLICKR<\/p><\/div>\n<p>Muchos dicen que<strong> lo \u00fanico que le falta a la capital, es tener playa.<\/strong> Pues bien. Los turistas no le dan ni la m\u00e1s m\u00ednima importancia, ya que sigue siendo <strong>una de las ciudades m\u00e1s solicitadas<\/strong> como destino estival.<\/p>\n<p>Lo cierto es que la oferta con la que cuenta la ciudad es muy amplia, y <strong>v\u00e1lida para cualquier tipo de turista.\u00a0<\/strong><\/p>\n<p>Si te gusta la <strong>naturaleza<\/strong>, tiene. Si prefieres el <strong>patrimonio<\/strong>, tienes para aburrir. \u00bfVas en busca de gastronom\u00eda? Prueba los platos de la<strong> cocina tradicional madrile\u00f1a.\u00a0<\/strong><\/p>\n<p>&nbsp;<\/p>\n<h2><strong>Barcelona<\/strong><\/h2>\n<div id=\"attachment_6957\" style=\"width: 650px\" class=\"wp-caption aligncenter\"><img aria-describedby=\"caption-attachment-6957\" class=\"size-full wp-image-6957\" src=\"https:\/\/cdn1.es.casasrurales.net\/blog\/wp-content\/emp\/blogcasas\/2019\/09\/Michael-Jansen-FLICKR.jpg\" alt=\"Michael-Jansen-FLICKR\" width=\"640\" height=\"304\" srcset=\"https:\/\/cdn1.es.casasrurales.net\/blog\/wp-content\/emp\/blogcasas\/2019\/09\/Michael-Jansen-FLICKR.jpg 640w, https:\/\/cdn1.es.casasrurales.net\/blog\/wp-content\/emp\/blogcasas\/2019\/09\/Michael-Jansen-FLICKR-300x143.jpg 300w\" sizes=\"(max-width: 640px) 100vw, 640px\" \/><p id=\"caption-attachment-6957\" class=\"wp-caption-text\">Michael-Jansen-FLICKR<\/p><\/div>\n<p>Como no pod\u00eda ser de otra manera, la <strong>ciudad condal<\/strong> se encuentra entre los primeros puestos de visitantes durante el verano.<\/p>\n<p>Igual que pasa en Madrid, pero en este caso,<strong> con playa,<\/strong> la oferta es impresionante, amplia y variada, haciendo <strong>disfrutar a mayores y peque\u00f1os<\/strong> de los contrastes que le hacen ser una de las ciudades de referencia.<\/p>\n<p>Adem\u00e1s, puntos como <strong>la Sagrada Familia o el Parque G\u00fcell<\/strong> son sin duda, elementos clave de absorci\u00f3n de turistas hacia la capital catalana.<\/p>\n<p>&nbsp;<\/p>\n<h2><strong>M\u00e1laga<\/strong><\/h2>\n<div id=\"attachment_6956\" style=\"width: 650px\" class=\"wp-caption aligncenter\"><img aria-describedby=\"caption-attachment-6956\" class=\"size-full wp-image-6956\" src=\"https:\/\/cdn1.es.casasrurales.net\/blog\/wp-content\/emp\/blogcasas\/2019\/09\/Cayetano-FLICKR-1.jpg\" alt=\"Cayetano-FLICKR\" width=\"640\" height=\"480\" srcset=\"https:\/\/cdn1.es.casasrurales.net\/blog\/wp-content\/emp\/blogcasas\/2019\/09\/Cayetano-FLICKR-1.jpg 640w, https:\/\/cdn1.es.casasrurales.net\/blog\/wp-content\/emp\/blogcasas\/2019\/09\/Cayetano-FLICKR-1-300x225.jpg 300w, https:\/\/cdn1.es.casasrurales.net\/blog\/wp-content\/emp\/blogcasas\/2019\/09\/Cayetano-FLICKR-1-156x117.jpg 156w\" sizes=\"(max-width: 640px) 100vw, 640px\" \/><p id=\"caption-attachment-6956\" class=\"wp-caption-text\">Cayetano-FLICKR<\/p><\/div>\n<p>Y ahora s\u00ed. Empiezan a aparecer las<strong> ciudades en las que remojarse en agua salada.\u00a0<\/strong><\/p>\n<p>Es el caso de esta ciudad de la <strong>Costa del Sol,<\/strong> que siempre ha gozado de gran inter\u00e9s para los turistas de todo el mundo.<\/p>\n<p>Si a todo esto le sumamos<strong> la perfecta temperatura<\/strong> que hay especialmente en verano, entonces tenemos el c\u00f3ctel ideal para que puedas disfrutar de las mejores vacaciones de verano.<\/p>\n<p>Si te gusta<strong> el buen comer, los paisajes bonitos y la fiesta<\/strong>, entonces es tu sitio ideal. Su fresca gastronom\u00eda, las playas y la famosa Feria har\u00e1n las delicias de propios y extra\u00f1os.<\/p>\n<p>&nbsp;<\/p>\n<h2><strong>Palma de Mallorca<\/strong><\/h2>\n<div id=\"attachment_6955\" style=\"width: 650px\" class=\"wp-caption aligncenter\"><img aria-describedby=\"caption-attachment-6955\" class=\"size-full wp-image-6955\" src=\"https:\/\/cdn1.es.casasrurales.net\/blog\/wp-content\/emp\/blogcasas\/2019\/09\/santiago-lopez-pastor-FLICKR-1.jpg\" alt=\"santiago lopez-pastor-FLICKR\" width=\"640\" height=\"360\" srcset=\"https:\/\/cdn1.es.casasrurales.net\/blog\/wp-content\/emp\/blogcasas\/2019\/09\/santiago-lopez-pastor-FLICKR-1.jpg 640w, https:\/\/cdn1.es.casasrurales.net\/blog\/wp-content\/emp\/blogcasas\/2019\/09\/santiago-lopez-pastor-FLICKR-1-300x169.jpg 300w\" sizes=\"(max-width: 640px) 100vw, 640px\" \/><p id=\"caption-attachment-6955\" class=\"wp-caption-text\">santiago lopez-pastor-FLICKR<\/p><\/div>\n<p>Hablamos ahora de una de las<strong> zonas insulares m\u00e1s demandadas<\/strong> del pa\u00eds. Un espacio lleno de encanto en el que vas a poder aprovechar los paisajes y las mejores opciones de ocio y por supuesto, de turismo natural.<\/p>\n<p>Palma de Mallorca es sin duda, uno de los <strong>reclamos para el turista<\/strong>. Por su entramado, por el <strong>patrimonio<\/strong>, en el que descubrir\u00e1s <strong>una de las catedrales m\u00e1s espectaculares<\/strong> de nuestro pa\u00eds y por supuesto, por sus playas y calas.<\/p>\n<p><em>\u00bfY para reponer fuerzas?<\/em> Una buena <strong>ensaimada<\/strong> para continuar con la ruta de turismo por esos paisajes \u00fanicos que se combinan con los<strong> edificios m\u00e1s antiguos de la zona<\/strong>.<\/p>\n<p>&nbsp;<\/p>\n","protected":false},"excerpt":{"rendered":"<p>A la vez que empezamos a sacar ya las chaquetas de entretiempo, los pantalones largos, y cambiamos las chanclas y el ba\u00f1ador por un outfit algo m\u00e1s sobrio para la oficina, comenzamos a sacar conclusiones sobre cu\u00e1les han sido los&hellip; <br \/><a class=\"read-more-button\" href=\"https:\/\/www.casasrurales.net\/blog\/viajamos-por-las-ciudades-mas-visitadas-este-verano\">Leer m\u00e1s<\/a><\/p>\n","protected":false},"author":6,"featured_media":6959,"comment_status":"open","ping_status":"open","sticky":false,"template":"","format":"standard","meta":[],"categories":[11],"tags":[],"_links":{"self":[{"href":"https:\/\/www.casasrurales.net\/blog\/wp-json\/wp\/v2\/posts\/6954"}],"collection":[{"href":"https:\/\/www.casasrurales.net\/blog\/wp-json\/wp\/v2\/posts"}],"about":[{"href":"https:\/\/www.casasrurales.net\/blog\/wp-json\/wp\/v2\/types\/post"}],"author":[{"embeddable":true,"href":"https:\/\/www.casasrurales.net\/blog\/wp-json\/wp\/v2\/users\/6"}],"replies":[{"embeddable":true,"href":"https:\/\/www.casasrurales.net\/blog\/wp-json\/wp\/v2\/comments?post=6954"}],"version-history":[{"count":2,"href":"https:\/\/www.casasrurales.net\/blog\/wp-json\/wp\/v2\/posts\/6954\/revisions"}],"predecessor-version":[{"id":6961,"href":"https:\/\/www.casasrurales.net\/blog\/wp-json\/wp\/v2\/posts\/6954\/revisions\/6961"}],"wp:featuredmedia":[{"embeddable":true,"href":"https:\/\/www.casasrurales.net\/blog\/wp-json\/wp\/v2\/media\/6959"}],"wp:attachment":[{"href":"https:\/\/www.casasrurales.net\/blog\/wp-json\/wp\/v2\/media?parent=6954"}],"wp:term":[{"taxonomy":"category","embeddable":true,"href":"https:\/\/www.casasrurales.net\/blog\/wp-json\/wp\/v2\/categories?post=6954"},{"taxonomy":"post_tag","embeddable":true,"href":"https:\/\/www.casasrurales.net\/blog\/wp-json\/wp\/v2\/tags?post=6954"}],"curies":[{"name":"wp","href":"https:\/\/api.w.org\/{rel}","templated":true}]}}