
{"id":6660,"date":"2019-07-11T15:31:46","date_gmt":"2019-07-11T15:31:46","guid":{"rendered":"https:\/\/www.casasrurales.net\/blog\/?p=6660"},"modified":"2023-10-02T13:37:03","modified_gmt":"2023-10-02T13:37:03","slug":"los-mejores-alojamientos-para-las-fiestas-de-penaranda-de-duero","status":"publish","type":"post","link":"https:\/\/www.casasrurales.net\/blog\/los-mejores-alojamientos-para-las-fiestas-de-penaranda-de-duero","title":{"rendered":"Los mejores alojamientos para las fiestas de Pe\u00f1aranda de Duero"},"content":{"rendered":"<p>Como cada verano,<strong> las fiestas de los pueblos son un atractivo<\/strong> para miles de turistas que buscan desconectar y disfrutar de la esencia de la zona que visitan.<\/p>\n<p>Y es que <strong>no hay mejor forma de conocer una zona,<\/strong> que hacerlo mediante sus festividades, donde la cultura m\u00e1s arraigada, los bailes, la alegr\u00eda, las tradiciones y por supuesto, la gastronom\u00eda se concentran en varios d\u00edas en los que lo pasar\u00e1s en grande.<\/p>\n<p>Hoy nos desplazamos hasta la <strong>provincia de Burgos<\/strong> para darte a conocer las fiestas del <strong><a href=\"https:\/\/www.casasrurales.net\/casas-rurales\/burgos\/penaranda-de-duero\">municipio de Pe\u00f1aranda de Duero<\/a><\/strong>, que vivir\u00e1 sus pr\u00f3ximas fiestas<strong> los d\u00edas 26 y 27 de julio.<\/strong><\/p>\n<h2><strong>Las Fiestas<\/strong><\/h2>\n<p><strong>Se dedican al Ap\u00f3stol Santiago, y a Santa Ana,<\/strong> y los d\u00edas grandes como decimos, tienen lugar el \u00faltimo fin de semana de este mismo mes.<\/p>\n<div id=\"attachment_6667\" style=\"width: 650px\" class=\"wp-caption aligncenter\"><img aria-describedby=\"caption-attachment-6667\" class=\"size-full wp-image-6667\" src=\"https:\/\/cdn1.es.casasrurales.net\/blog\/wp-content\/emp\/blogcasas\/2019\/07\/santiago-lopez-pastor-FLICKR-1.jpg\" alt=\"santiago lopez-pastor-FLICKR\" width=\"640\" height=\"480\" srcset=\"https:\/\/cdn1.es.casasrurales.net\/blog\/wp-content\/emp\/blogcasas\/2019\/07\/santiago-lopez-pastor-FLICKR-1.jpg 640w, https:\/\/cdn1.es.casasrurales.net\/blog\/wp-content\/emp\/blogcasas\/2019\/07\/santiago-lopez-pastor-FLICKR-1-300x225.jpg 300w, https:\/\/cdn1.es.casasrurales.net\/blog\/wp-content\/emp\/blogcasas\/2019\/07\/santiago-lopez-pastor-FLICKR-1-156x117.jpg 156w\" sizes=\"(max-width: 640px) 100vw, 640px\" \/><p id=\"caption-attachment-6667\" class=\"wp-caption-text\">santiago lopez-pastor-FLICKR<\/p><\/div>\n<p>El <strong>ambiente festivo y la diversi\u00f3n est\u00e1n servidos<\/strong>, y los visitantes pueden disfrutar de pasacalles durante toda la jornada, y verbena para disfrutar de la m\u00fasica en plena calle.<\/p>\n<p>La fiesta <strong>comienza con una misa,<\/strong> que despu\u00e9s da paso a la comparsa de los <strong>dulzaineros<\/strong>, para llegar a la tarde con un mont\u00f3n de <strong>actividades colectivas<\/strong> para mayores y ni\u00f1os, con gymkhanas y juegos populares entre otros.<\/p>\n<p>Aunque estas son las fiestas m\u00e1s cercanas, en el <strong>mes de agosto se celebra la Noche de las Velas,<\/strong> que es una espectacular jornada que no puedes perderte.<\/p>\n<p>Los mejores alojamientos para disfrutar la fiesta, te est\u00e1n esperando y son los que te detallamos ahora.<em><strong> \u00a1Corre, que vuelan!<\/strong><\/em><\/p>\n<h2><strong>La Casa de la Abuela<\/strong><\/h2>\n<div id=\"attachment_6661\" style=\"width: 650px\" class=\"wp-caption aligncenter\"><img aria-describedby=\"caption-attachment-6661\" class=\"size-full wp-image-6661\" src=\"https:\/\/cdn1.es.casasrurales.net\/blog\/wp-content\/emp\/blogcasas\/2019\/07\/La-Casa-de-la-Abuela-Casasrurales.net_.jpg\" alt=\"La Casa de la Abuela-Casasrurales.net\" width=\"640\" height=\"480\" srcset=\"https:\/\/cdn1.es.casasrurales.net\/blog\/wp-content\/emp\/blogcasas\/2019\/07\/La-Casa-de-la-Abuela-Casasrurales.net_.jpg 640w, https:\/\/cdn1.es.casasrurales.net\/blog\/wp-content\/emp\/blogcasas\/2019\/07\/La-Casa-de-la-Abuela-Casasrurales.net_-300x225.jpg 300w, https:\/\/cdn1.es.casasrurales.net\/blog\/wp-content\/emp\/blogcasas\/2019\/07\/La-Casa-de-la-Abuela-Casasrurales.net_-156x117.jpg 156w\" sizes=\"(max-width: 640px) 100vw, 640px\" \/><p id=\"caption-attachment-6661\" class=\"wp-caption-text\">La Casa de la Abuela-Casasrurales.net<\/p><\/div>\n<p>Este alojamiento <strong><a href=\"https:\/\/www.casasrurales.net\/casas-rurales\/la-casa-de-la-abuela--c1020\">es perfecto si viajas en familia<\/a><\/strong>, ya que tiene una capacidad<strong> m\u00e1xima de 6 personas.<\/strong><\/p>\n<p>No te va a costar nada llegar hasta las fiestas, ya que se encuentra <strong>en pleno casco urbano,<\/strong> y en sus interiores vas a encontrar toda la comodidad que necesitas, mientras que los exteriores cuentan con<strong> un patio<\/strong> para disfrutar del aire fresco.<\/p>\n<h2><strong>Cantamora, Real y Trinquete<\/strong><\/h2>\n<div id=\"attachment_6662\" style=\"width: 650px\" class=\"wp-caption aligncenter\"><img aria-describedby=\"caption-attachment-6662\" class=\"size-full wp-image-6662\" src=\"https:\/\/cdn1.es.casasrurales.net\/blog\/wp-content\/emp\/blogcasas\/2019\/07\/Cantamora-Real-y-Trinquete-Casasrurales.net_.jpg\" alt=\"Cantamora Real y Trinquete-Casasrurales.net\" width=\"640\" height=\"480\" srcset=\"https:\/\/cdn1.es.casasrurales.net\/blog\/wp-content\/emp\/blogcasas\/2019\/07\/Cantamora-Real-y-Trinquete-Casasrurales.net_.jpg 640w, https:\/\/cdn1.es.casasrurales.net\/blog\/wp-content\/emp\/blogcasas\/2019\/07\/Cantamora-Real-y-Trinquete-Casasrurales.net_-300x225.jpg 300w, https:\/\/cdn1.es.casasrurales.net\/blog\/wp-content\/emp\/blogcasas\/2019\/07\/Cantamora-Real-y-Trinquete-Casasrurales.net_-156x117.jpg 156w\" sizes=\"(max-width: 640px) 100vw, 640px\" \/><p id=\"caption-attachment-6662\" class=\"wp-caption-text\">Cantamora Real y Trinquete-Casasrurales.net<\/p><\/div>\n<p>En un <strong><a href=\"https:\/\/www.casasrurales.net\/casas-rurales\/cantamora-real-y-trinquete--c4394\">lugar privilegiado del casco urbano<\/a><\/strong>, en plena<strong> Calle Real<\/strong>, nos encontramos con un alojamiento que en realidad, son tres.<\/p>\n<p>Puedes elegir alquilar<strong> la casa que m\u00e1s te convenga por separado<\/strong>, o si sois un grupo muy grande, <strong>alquilar todo el edificio<\/strong> al completo. Las capacidades de cada uno<strong> son 8, 9 y 10,<\/strong> as\u00ed que, ya sabes si quieres disfrutar de las fiestas desde un lugar \u00fanico.<\/p>\n<h2><strong>Hospeder\u00eda Jaramillo<\/strong><\/h2>\n<div id=\"attachment_6664\" style=\"width: 650px\" class=\"wp-caption aligncenter\"><img aria-describedby=\"caption-attachment-6664\" class=\"size-full wp-image-6664\" src=\"https:\/\/cdn1.es.casasrurales.net\/blog\/wp-content\/emp\/blogcasas\/2019\/07\/Hospederia-Jaramillo-Casasrurales.net_.jpg\" alt=\"Hospederia Jaramillo-Casasrurales.net\" width=\"640\" height=\"480\" srcset=\"https:\/\/cdn1.es.casasrurales.net\/blog\/wp-content\/emp\/blogcasas\/2019\/07\/Hospederia-Jaramillo-Casasrurales.net_.jpg 640w, https:\/\/cdn1.es.casasrurales.net\/blog\/wp-content\/emp\/blogcasas\/2019\/07\/Hospederia-Jaramillo-Casasrurales.net_-300x225.jpg 300w, https:\/\/cdn1.es.casasrurales.net\/blog\/wp-content\/emp\/blogcasas\/2019\/07\/Hospederia-Jaramillo-Casasrurales.net_-156x117.jpg 156w\" sizes=\"(max-width: 640px) 100vw, 640px\" \/><p id=\"caption-attachment-6664\" class=\"wp-caption-text\">Hospederia Jaramillo-Casasrurales.net<\/p><\/div>\n<p><strong>\u00a1Tranquilas, parejas! <\/strong>En Pe\u00f1aranda de Duero tambi\u00e9n tenemos el lugar perfecto para que despu\u00e9s de disfrutar de las fiestas, puedas <strong><a href=\"https:\/\/www.casasrurales.net\/hoteles-rurales\/hospederia-jaramillo--c50760\">descansar en un espacio rom\u00e1ntico<\/a><\/strong> y tranquilo con quien m\u00e1s quieres.<\/p>\n<p>Esta posada <strong>tiene 13 habitaciones<\/strong> de diferentes tipolog\u00edas, desde <strong>Suites<\/strong>, Junior Suites, habitaciones est\u00e1ndar y <strong>apartamentos<\/strong> para los m\u00e1s celosos de su intimidad.<\/p>\n<p>En cualquier caso, <em><strong>\u00a1seguro que encuentras el alojamiento perfecto para ti!<\/strong><\/em><\/p>\n<h2><strong>El Refugio de Don Miguel<\/strong><\/h2>\n<div id=\"attachment_6665\" style=\"width: 650px\" class=\"wp-caption aligncenter\"><img aria-describedby=\"caption-attachment-6665\" class=\"size-full wp-image-6665\" src=\"https:\/\/cdn1.es.casasrurales.net\/blog\/wp-content\/emp\/blogcasas\/2019\/07\/El-Refugio-de-Don-Miguel-Casasrurales.net_.jpg\" alt=\"El Refugio de Don Miguel-Casasrurales.net\" width=\"640\" height=\"480\" srcset=\"https:\/\/cdn1.es.casasrurales.net\/blog\/wp-content\/emp\/blogcasas\/2019\/07\/El-Refugio-de-Don-Miguel-Casasrurales.net_.jpg 640w, https:\/\/cdn1.es.casasrurales.net\/blog\/wp-content\/emp\/blogcasas\/2019\/07\/El-Refugio-de-Don-Miguel-Casasrurales.net_-300x225.jpg 300w, https:\/\/cdn1.es.casasrurales.net\/blog\/wp-content\/emp\/blogcasas\/2019\/07\/El-Refugio-de-Don-Miguel-Casasrurales.net_-156x117.jpg 156w\" sizes=\"(max-width: 640px) 100vw, 640px\" \/><p id=\"caption-attachment-6665\" class=\"wp-caption-text\">El Refugio de Don Miguel-Casasrurales.net<\/p><\/div>\n<p>Si os ha parecido poco la opci\u00f3n anterior, te traemos<strong> m\u00e1s posibilidades<\/strong> para que disfrutes en pareja de las mejores fiestas.<\/p>\n<p>En este caso, <strong><a href=\"https:\/\/www.casasrurales.net\/hoteles-rurales\/el-refugio-de-don-miguel--c6872\">son 12 las habitaciones<\/a><\/strong> que tiene este establecimiento, que adem\u00e1s, est\u00e1 perfectamente <strong>adaptado a personas con movilidad reducida.<\/strong><\/p>\n<p>Hay <strong>Suites, dormitorios est\u00e1ndar y dormitorios familiares.<\/strong> Adem\u00e1s, entre las instalaciones comunes, el comedor, el sal\u00f3n con <strong>chimenea<\/strong>, la <strong>bodega y la biblioteca.<\/strong><\/p>\n<p><strong><em>\u00bfQu\u00e9 te parece?<\/em><\/strong><\/p>\n","protected":false},"excerpt":{"rendered":"<p>Como cada verano, las fiestas de los pueblos son un atractivo para miles de turistas que buscan desconectar y disfrutar de la esencia de la zona que visitan. Y es que no hay mejor forma de conocer una zona, que&hellip; <br \/><a class=\"read-more-button\" href=\"https:\/\/www.casasrurales.net\/blog\/los-mejores-alojamientos-para-las-fiestas-de-penaranda-de-duero\">Leer m\u00e1s<\/a><\/p>\n","protected":false},"author":6,"featured_media":6666,"comment_status":"open","ping_status":"open","sticky":false,"template":"","format":"standard","meta":[],"categories":[13],"tags":[],"_links":{"self":[{"href":"https:\/\/www.casasrurales.net\/blog\/wp-json\/wp\/v2\/posts\/6660"}],"collection":[{"href":"https:\/\/www.casasrurales.net\/blog\/wp-json\/wp\/v2\/posts"}],"about":[{"href":"https:\/\/www.casasrurales.net\/blog\/wp-json\/wp\/v2\/types\/post"}],"author":[{"embeddable":true,"href":"https:\/\/www.casasrurales.net\/blog\/wp-json\/wp\/v2\/users\/6"}],"replies":[{"embeddable":true,"href":"https:\/\/www.casasrurales.net\/blog\/wp-json\/wp\/v2\/comments?post=6660"}],"version-history":[{"count":2,"href":"https:\/\/www.casasrurales.net\/blog\/wp-json\/wp\/v2\/posts\/6660\/revisions"}],"predecessor-version":[{"id":11416,"href":"https:\/\/www.casasrurales.net\/blog\/wp-json\/wp\/v2\/posts\/6660\/revisions\/11416"}],"wp:featuredmedia":[{"embeddable":true,"href":"https:\/\/www.casasrurales.net\/blog\/wp-json\/wp\/v2\/media\/6666"}],"wp:attachment":[{"href":"https:\/\/www.casasrurales.net\/blog\/wp-json\/wp\/v2\/media?parent=6660"}],"wp:term":[{"taxonomy":"category","embeddable":true,"href":"https:\/\/www.casasrurales.net\/blog\/wp-json\/wp\/v2\/categories?post=6660"},{"taxonomy":"post_tag","embeddable":true,"href":"https:\/\/www.casasrurales.net\/blog\/wp-json\/wp\/v2\/tags?post=6660"}],"curies":[{"name":"wp","href":"https:\/\/api.w.org\/{rel}","templated":true}]}}