
{"id":6588,"date":"2022-09-19T10:00:00","date_gmt":"2022-09-19T10:00:00","guid":{"rendered":"https:\/\/www.casasrurales.net\/blog\/?p=6588"},"modified":"2022-09-19T14:57:53","modified_gmt":"2022-09-19T14:57:53","slug":"las-rutas-mas-impresionantes-de-espana","status":"publish","type":"post","link":"https:\/\/www.casasrurales.net\/blog\/las-rutas-mas-impresionantes-de-espana","title":{"rendered":"Las rutas m\u00e1s impresionantes de Espa\u00f1a"},"content":{"rendered":"<p>Para esos <strong>aventureros que no pueden estarse quietos<\/strong> ni en vacaciones, hemos creado este texto.<\/p>\n<p>Independientemente del destino que hayas elegido para tus vacaciones, seguro que tienes un plan exclusivamente pensado para que<strong> disfrutes del entorno y la naturaleza<\/strong> que te rodea.<\/p>\n<p>Si lo primero que sueles hacer es meter las botas de monta\u00f1a al hacer la maleta, y no dejas de pensar <strong>qu\u00e9 rincones nuevos puedes recorrer<\/strong>, entonces no cabe duda que lo que te vamos a ense\u00f1ar ahora te va a servir de mucho.<\/p>\n<p>Te presentamos las rutas de senderismo en los <strong><a href=\"https:\/\/www.casasrurales.net\/casas-rurales\/malaga\">espacios m\u00e1s impresionantes<\/a><\/strong> que puedas imaginar. Si ya est\u00e1s ansioso por saber si en tu destino hay un lugar como este, entonces <strong>\u00a1sigue leyendo!<\/strong><\/p>\n<p>&nbsp;<\/p>\n<h2><strong>Caminito del Rey<\/strong><\/h2>\n<div id=\"attachment_6592\" style=\"width: 649px\" class=\"wp-caption aligncenter\"><img aria-describedby=\"caption-attachment-6592\" class=\"size-full wp-image-6592\" src=\"https:\/\/cdn1.es.casasrurales.net\/blog\/wp-content\/emp\/blogcasas\/2019\/06\/Isa-Ruiz-FLICKR.jpg\" alt=\"Isa Ruiz-FLICKR\" width=\"639\" height=\"454\" srcset=\"https:\/\/cdn1.es.casasrurales.net\/blog\/wp-content\/emp\/blogcasas\/2019\/06\/Isa-Ruiz-FLICKR.jpg 639w, https:\/\/cdn1.es.casasrurales.net\/blog\/wp-content\/emp\/blogcasas\/2019\/06\/Isa-Ruiz-FLICKR-300x213.jpg 300w\" sizes=\"(max-width: 639px) 100vw, 639px\" \/><p id=\"caption-attachment-6592\" class=\"wp-caption-text\">Isa Ruiz-FLICKR<\/p><\/div>\n<p><strong>\u00a1Bienvenidos a M\u00e1laga!<\/strong> Un destino perfecto para disfrutar del verano, y aprovechar para recorrer cada uno de los rincones naturales que forman la zona.<\/p>\n<p>Se ubica en lo que se conoce como <strong>Desfiladero de los Gaitanes<\/strong>, y se organizan varias excursiones en grupo.<\/p>\n<p>Se trata de <strong>una de las rutas que hac\u00eda Alfonso XIII<\/strong> y la verdad es que el recorrido es impresionante. Aunque si tienes v\u00e9rtigo <strong>\u00a1no mires hacia abajo!<\/strong><\/p>\n<p>&nbsp;<\/p>\n<h2><strong>Pasarela de Montfalc\u00f3<\/strong><\/h2>\n<div id=\"attachment_6591\" style=\"width: 650px\" class=\"wp-caption aligncenter\"><img aria-describedby=\"caption-attachment-6591\" class=\"size-full wp-image-6591\" src=\"https:\/\/cdn1.es.casasrurales.net\/blog\/wp-content\/emp\/blogcasas\/2019\/06\/Enric-Rubio-Ros-FLICKR-2.jpg\" alt=\"Enric Rubio Ros-FLICKR\" width=\"640\" height=\"427\" srcset=\"https:\/\/cdn1.es.casasrurales.net\/blog\/wp-content\/emp\/blogcasas\/2019\/06\/Enric-Rubio-Ros-FLICKR-2.jpg 640w, https:\/\/cdn1.es.casasrurales.net\/blog\/wp-content\/emp\/blogcasas\/2019\/06\/Enric-Rubio-Ros-FLICKR-2-300x200.jpg 300w, https:\/\/cdn1.es.casasrurales.net\/blog\/wp-content\/emp\/blogcasas\/2019\/06\/Enric-Rubio-Ros-FLICKR-2-320x213.jpg 320w\" sizes=\"(max-width: 640px) 100vw, 640px\" \/><p id=\"caption-attachment-6591\" class=\"wp-caption-text\">Enric Rubio Ros-FLICKR<\/p><\/div>\n<p>Viajamos ahora hasta <strong>Arag\u00f3n<\/strong>, donde, en el<strong> Congost de Mont Rebei<\/strong> encontrar\u00e1s otra de las opciones perfectas para desconectar, pero<strong> \u00a1por los aires!<\/strong><\/p>\n<p>Se divide en varios tramos, y sus<strong> pasarelas est\u00e1n literalmente colgadas<\/strong> en la pared de la monta\u00f1a. De hecho, para colocar ciertos tramos, se utiliz\u00f3 un helic\u00f3ptero.<\/p>\n<p>Es una ruta que recorre el embalse que <strong>separa las paredes de Arag\u00f3n y Catalu\u00f1a<\/strong>, pasando por tramos en los que incluso, parece que puedes tocar ambas comunidades.<\/p>\n<p>La extensi\u00f3n de la ruta es de <strong>menos de 10 kil\u00f3metros.<\/strong><\/p>\n<p>&nbsp;<\/p>\n<h2><strong>Cahorros de Monachil<\/strong><\/h2>\n<div id=\"attachment_6590\" style=\"width: 650px\" class=\"wp-caption aligncenter\"><img aria-describedby=\"caption-attachment-6590\" class=\"size-full wp-image-6590\" src=\"https:\/\/cdn1.es.casasrurales.net\/blog\/wp-content\/emp\/blogcasas\/2019\/06\/Por-los-caminos-de-M\u00e1laga-FLICKR.jpg\" alt=\"Por los caminos de M\u00e1laga-FLICKR\" width=\"640\" height=\"480\" srcset=\"https:\/\/cdn1.es.casasrurales.net\/blog\/wp-content\/emp\/blogcasas\/2019\/06\/Por-los-caminos-de-M\u00e1laga-FLICKR.jpg 640w, https:\/\/cdn1.es.casasrurales.net\/blog\/wp-content\/emp\/blogcasas\/2019\/06\/Por-los-caminos-de-M\u00e1laga-FLICKR-300x225.jpg 300w, https:\/\/cdn1.es.casasrurales.net\/blog\/wp-content\/emp\/blogcasas\/2019\/06\/Por-los-caminos-de-M\u00e1laga-FLICKR-156x117.jpg 156w\" sizes=\"(max-width: 640px) 100vw, 640px\" \/><p id=\"caption-attachment-6590\" class=\"wp-caption-text\">Por los caminos de M\u00e1laga-FLICKR<\/p><\/div>\n<p>Viajamos ahora hasta <strong>Granada<\/strong>, donde vas a poder disfrutar de <strong>una ruta casi extrema<\/strong> de senderismo.<\/p>\n<p><strong>Si te gusta el riesgo y los paisajes \u00fanicos<\/strong>, no puedes dejar de conocer esta ruta que tiene unas vistas espectaculares.<\/p>\n<p>Para llegar a ella tendr\u00e1s que desplazarte<strong> apenas 8 kil\u00f3metros del centro<\/strong> de la provincia, y por supuesto, ir en forma ya que es un recorrido bastante exigente.<\/p>\n<p>Eso s\u00ed. Todo esfuerzo tiene su recompensa porque el camino que recorrer\u00e1s incluye algunos <strong>t\u00faneles y pasarelas<\/strong> a las que tendr\u00e1s que <strong>acceder incluso de lado, debido a su estrechez<\/strong>. Pero las vistas del<strong> r\u00edo Monachil<\/strong> a tu paso por los diferentes ca\u00f1ones, ser\u00e1 toda una experiencia.<\/p>\n<p>&nbsp;<\/p>\n<h2><strong>Faja de las Flores<\/strong><\/h2>\n<div id=\"attachment_6589\" style=\"width: 650px\" class=\"wp-caption aligncenter\"><img aria-describedby=\"caption-attachment-6589\" class=\"size-full wp-image-6589\" src=\"https:\/\/cdn1.es.casasrurales.net\/blog\/wp-content\/emp\/blogcasas\/2019\/06\/Kitty-Terwolbeck-FLICKR.jpg\" alt=\"Kitty Terwolbeck-FLICKR\" width=\"640\" height=\"427\" srcset=\"https:\/\/cdn1.es.casasrurales.net\/blog\/wp-content\/emp\/blogcasas\/2019\/06\/Kitty-Terwolbeck-FLICKR.jpg 640w, https:\/\/cdn1.es.casasrurales.net\/blog\/wp-content\/emp\/blogcasas\/2019\/06\/Kitty-Terwolbeck-FLICKR-300x200.jpg 300w, https:\/\/cdn1.es.casasrurales.net\/blog\/wp-content\/emp\/blogcasas\/2019\/06\/Kitty-Terwolbeck-FLICKR-320x213.jpg 320w\" sizes=\"(max-width: 640px) 100vw, 640px\" \/><p id=\"caption-attachment-6589\" class=\"wp-caption-text\">Kitty Terwolbeck-FLICKR<\/p><\/div>\n<p>Otra ruta poco conocida pero con un <strong>encanto especial<\/strong> para los amantes del senderismo, que van a tener en <strong>Huesca<\/strong> otra opci\u00f3n perfecta.<\/p>\n<p>No es tan exigente como la anterior, pero s\u00ed <strong>requiere de cierta forma f\u00edsica<\/strong> ya que el camino incluye algunas paredes totalmente verticales en las que tendr\u00e1s que demostrar tus dotes de escalador.<\/p>\n<p>Puedes hacer el <strong>sendero circular,<\/strong> y tocar con tus propias manos los <strong>riscos<\/strong>, disfrutar de las vistas desde los <strong>acantilados<\/strong> y por supuesto, todo ello con la mayor seguridad, teniendo que utilizar <strong>arn\u00e9s<\/strong>.<\/p>\n<p>&nbsp;<\/p>\n<p>Como ves, son rutas muy especiales que<strong> te pondr\u00e1n a prueba como experto senderista.<\/strong> Y esto es s\u00f3lo una peque\u00f1a parte de todo lo que vas a poder encontrar.<strong> \u00a1Hay mucho m\u00e1s!<\/strong><\/p>\n","protected":false},"excerpt":{"rendered":"<p>Para esos aventureros que no pueden estarse quietos ni en vacaciones, hemos creado este texto. Independientemente del destino que hayas elegido para tus vacaciones, seguro que tienes un plan exclusivamente pensado para que disfrutes del entorno y la naturaleza que&hellip; <br \/><a class=\"read-more-button\" href=\"https:\/\/www.casasrurales.net\/blog\/las-rutas-mas-impresionantes-de-espana\">Leer m\u00e1s<\/a><\/p>\n","protected":false},"author":6,"featured_media":6593,"comment_status":"open","ping_status":"open","sticky":false,"template":"","format":"standard","meta":[],"categories":[12],"tags":[52],"_links":{"self":[{"href":"https:\/\/www.casasrurales.net\/blog\/wp-json\/wp\/v2\/posts\/6588"}],"collection":[{"href":"https:\/\/www.casasrurales.net\/blog\/wp-json\/wp\/v2\/posts"}],"about":[{"href":"https:\/\/www.casasrurales.net\/blog\/wp-json\/wp\/v2\/types\/post"}],"author":[{"embeddable":true,"href":"https:\/\/www.casasrurales.net\/blog\/wp-json\/wp\/v2\/users\/6"}],"replies":[{"embeddable":true,"href":"https:\/\/www.casasrurales.net\/blog\/wp-json\/wp\/v2\/comments?post=6588"}],"version-history":[{"count":2,"href":"https:\/\/www.casasrurales.net\/blog\/wp-json\/wp\/v2\/posts\/6588\/revisions"}],"predecessor-version":[{"id":11196,"href":"https:\/\/www.casasrurales.net\/blog\/wp-json\/wp\/v2\/posts\/6588\/revisions\/11196"}],"wp:featuredmedia":[{"embeddable":true,"href":"https:\/\/www.casasrurales.net\/blog\/wp-json\/wp\/v2\/media\/6593"}],"wp:attachment":[{"href":"https:\/\/www.casasrurales.net\/blog\/wp-json\/wp\/v2\/media?parent=6588"}],"wp:term":[{"taxonomy":"category","embeddable":true,"href":"https:\/\/www.casasrurales.net\/blog\/wp-json\/wp\/v2\/categories?post=6588"},{"taxonomy":"post_tag","embeddable":true,"href":"https:\/\/www.casasrurales.net\/blog\/wp-json\/wp\/v2\/tags?post=6588"}],"curies":[{"name":"wp","href":"https:\/\/api.w.org\/{rel}","templated":true}]}}