
{"id":6555,"date":"2019-06-21T12:31:12","date_gmt":"2019-06-21T12:31:12","guid":{"rendered":"https:\/\/www.casasrurales.net\/blog\/?p=6555"},"modified":"2024-01-17T15:33:57","modified_gmt":"2024-01-17T15:33:57","slug":"4-casas-rurales-en-mallorca-para-este-verano","status":"publish","type":"post","link":"https:\/\/www.casasrurales.net\/blog\/4-casas-rurales-en-mallorca-para-este-verano","title":{"rendered":"4 casas rurales en Mallorca para este verano"},"content":{"rendered":"<p>Si otros d\u00edas os hablamos de planes alternativos a la playa en verano, hoy queremos que los que am\u00e1is eso de <strong>tostaros bajo el sol<\/strong> mientras escuch\u00e1is el rumor de las olas rompiendo en la orilla, pod\u00e1is tener tambi\u00e9n <strong>opciones<\/strong>.<\/p>\n<p>Pero no lo vamos a hacer en la Pen\u00ednsula, y es que, <strong>nuestras islas tienen mucho por descubrir<\/strong> todav\u00eda, muchos rincones que vas a poder disfrutar y un sinf\u00edn de playas en las que ponerte moreno este verano.<\/p>\n<p><strong><a href=\"https:\/\/www.casasrurales.net\/casas-rurales\/mallorca\">Hoy te llevamos hasta Mallorca<\/a><\/strong>, donde hay todo tipo de alojamientos, perfectos para cada grupo y donde desconectar y descansar no te va a costar nada.<\/p>\n<p>Te damos la bienvenida a tus mejores vacaciones, <strong>\u00a1a tu para\u00edso personal!\u00a0<\/strong><\/p>\n<p><strong><em>\u00bfQuieres saber qu\u00e9 es lo que te ofrece la isla m\u00e1s grande de Baleares?<\/em><\/strong> Pues no te pierdas las casas que te ense\u00f1amos ahora.<\/p>\n<h2><strong>Sa Casa Rotja<\/strong><\/h2>\n<div id=\"attachment_6559\" style=\"width: 650px\" class=\"wp-caption aligncenter\"><img aria-describedby=\"caption-attachment-6559\" class=\"size-full wp-image-6559\" src=\"https:\/\/cdn1.es.casasrurales.net\/blog\/wp-content\/emp\/blogcasas\/2019\/06\/Sa-Casa-Rotja-Casasrurales.net_.jpg\" alt=\"Sa Casa Rotja-Casasrurales.net\" width=\"640\" height=\"480\" srcset=\"https:\/\/cdn1.es.casasrurales.net\/blog\/wp-content\/emp\/blogcasas\/2019\/06\/Sa-Casa-Rotja-Casasrurales.net_.jpg 640w, https:\/\/cdn1.es.casasrurales.net\/blog\/wp-content\/emp\/blogcasas\/2019\/06\/Sa-Casa-Rotja-Casasrurales.net_-300x225.jpg 300w, https:\/\/cdn1.es.casasrurales.net\/blog\/wp-content\/emp\/blogcasas\/2019\/06\/Sa-Casa-Rotja-Casasrurales.net_-156x117.jpg 156w\" sizes=\"(max-width: 640px) 100vw, 640px\" \/><p id=\"caption-attachment-6559\" class=\"wp-caption-text\">Sa Casa Rotja-Casasrurales.net<\/p><\/div>\n<p>Esta casa se encuentra en <strong>Palma de Mallorca<\/strong>, y concretamente en la zona de <strong>Sineu<\/strong>, que te ofrece la calma que necesitas.<\/p>\n<p>Te presentamos <strong><a href=\"https:\/\/www.casasrurales.net\/apartamentos-rurales\/sa-casa-rotja--c56102\">un conjunto de alojamientos<\/a><\/strong> preparados para diferentes ocupaciones que van <strong>desde las 2 hasta las 6 personas.<\/strong><\/p>\n<p>Todas ellas tienen mucho encanto, y para disfrutar de los exteriores, os espera una terraza que ser\u00e1 la antesala para disfrutar de la<strong> espectacular piscina<\/strong> que se comparte entre todos, y <strong>se rodea de un bosque.<\/strong><\/p>\n<p>Como ves, una de las mejores opciones por la zona, y <strong>\u00a1para cualquier viajero!<\/strong><\/p>\n<h2><strong>Casa H\u00e9ctor<\/strong><\/h2>\n<div id=\"attachment_12110\" style=\"width: 1930px\" class=\"wp-caption aligncenter\"><img aria-describedby=\"caption-attachment-12110\" class=\"size-full wp-image-12110\" src=\"https:\/\/cdn1.es.casasrurales.net\/blog\/wp-content\/emp\/blogcasas\/2019\/06\/Casa-Hector-Casasrurales.net_.jpg\" alt=\"Una villa en Mallorca para 6\" width=\"1920\" height=\"1280\" srcset=\"https:\/\/cdn1.es.casasrurales.net\/blog\/wp-content\/emp\/blogcasas\/2019\/06\/Casa-Hector-Casasrurales.net_.jpg 1920w, https:\/\/cdn1.es.casasrurales.net\/blog\/wp-content\/emp\/blogcasas\/2019\/06\/Casa-Hector-Casasrurales.net_-300x200.jpg 300w, https:\/\/cdn1.es.casasrurales.net\/blog\/wp-content\/emp\/blogcasas\/2019\/06\/Casa-Hector-Casasrurales.net_-1024x683.jpg 1024w, https:\/\/cdn1.es.casasrurales.net\/blog\/wp-content\/emp\/blogcasas\/2019\/06\/Casa-Hector-Casasrurales.net_-768x512.jpg 768w, https:\/\/cdn1.es.casasrurales.net\/blog\/wp-content\/emp\/blogcasas\/2019\/06\/Casa-Hector-Casasrurales.net_-1536x1024.jpg 1536w, https:\/\/cdn1.es.casasrurales.net\/blog\/wp-content\/emp\/blogcasas\/2019\/06\/Casa-Hector-Casasrurales.net_-320x213.jpg 320w, https:\/\/cdn1.es.casasrurales.net\/blog\/wp-content\/emp\/blogcasas\/2019\/06\/Casa-Hector-Casasrurales.net_-1170x780.jpg 1170w\" sizes=\"(max-width: 1920px) 100vw, 1920px\" \/><p id=\"caption-attachment-12110\" class=\"wp-caption-text\">Disfruta de esta villa en Mallorca<\/p><\/div>\n<p><a href=\"https:\/\/www.casasrurales.net\/apartamentos-rurales\/casa-hector--c53170\"><b>Esta espectacular villa<\/b><\/a> cuenta con un encanto especial y est\u00e1 preparada para tu llegada.<\/p>\n<p>Se encuentra en la <strong>poblaci\u00f3n de Cala d&#8217;Or,<\/strong> donde las posibilidades para disfrutar del turismo en la zona se ampl\u00edan much\u00edsimo.<\/p>\n<p>Tiene <strong>capacidad para 6 personas<\/strong>, que van a poder descansar en las tres habitaciones que tiene, que completan las instalaciones del alojamiento.<\/p>\n<p>Pero ah\u00ed no queda la cosa, y es que en los exteriores, la finca adem\u00e1s de las amplias <strong>terrazas<\/strong>, te proporciona el ocio que quieras en su <strong>piscina<\/strong>, rodeada de hamacas, adem\u00e1s de contar con una <strong>silla balanc\u00edn<\/strong> para relajarse, y la <strong>zona de asador<\/strong>, para comer al aire fresco.<\/p>\n<h2><strong>Kirei<\/strong><\/h2>\n<div id=\"attachment_6558\" style=\"width: 650px\" class=\"wp-caption aligncenter\"><img aria-describedby=\"caption-attachment-6558\" class=\"size-full wp-image-6558\" src=\"https:\/\/cdn1.es.casasrurales.net\/blog\/wp-content\/emp\/blogcasas\/2019\/06\/Kirei-Casasrurales.net_.jpg\" alt=\"Kirei-Casasrurales.net\" width=\"640\" height=\"480\" srcset=\"https:\/\/cdn1.es.casasrurales.net\/blog\/wp-content\/emp\/blogcasas\/2019\/06\/Kirei-Casasrurales.net_.jpg 640w, https:\/\/cdn1.es.casasrurales.net\/blog\/wp-content\/emp\/blogcasas\/2019\/06\/Kirei-Casasrurales.net_-300x225.jpg 300w, https:\/\/cdn1.es.casasrurales.net\/blog\/wp-content\/emp\/blogcasas\/2019\/06\/Kirei-Casasrurales.net_-156x117.jpg 156w\" sizes=\"(max-width: 640px) 100vw, 640px\" \/><p id=\"caption-attachment-6558\" class=\"wp-caption-text\">Kirei-Casasrurales.net<\/p><\/div>\n<p>Volvemos otra vez hasta <strong>Sineu<\/strong>, donde vas a encontrar <strong>muchas posibilidades para alojarte<\/strong>, cualquiera que sean tus necesidades.<\/p>\n<p>Es una <strong><a href=\"https:\/\/www.casasrurales.net\/casas-rurales\/kirei-ca-joan--c62635\">finca en la que hay dos viviendas<\/a><\/strong>,<strong> \u00a1a cual m\u00e1s c\u00f3moda!<\/strong> Una de ellas es para 8 personas, y la segunda da cabida a esos hu\u00e9spedes m\u00e1s numerosos, con <strong>capacidad para 14 personas.<\/strong><\/p>\n<p>Elijas la que elijas, tendr\u00e1s todo tipo de comodidades, tanto en el interior como en las zonas <strong>exteriores<\/strong>, en las que vas a encontrar<strong> jard\u00edn, barbacoa y hasta piscina<\/strong> rodeada de hamacas de colores.<\/p>\n<p><strong>\u00a1Una pasada!<\/strong><\/p>\n<h2><strong>Villa Rainbow Home Mallorca<\/strong><\/h2>\n<div id=\"attachment_12111\" style=\"width: 653px\" class=\"wp-caption aligncenter\"><img aria-describedby=\"caption-attachment-12111\" class=\"size-full wp-image-12111\" src=\"https:\/\/cdn1.es.casasrurales.net\/blog\/wp-content\/emp\/blogcasas\/2019\/06\/Villa-Rainbow-Home-Casasrurales.net_.jpg\" alt=\"Disfruta de esta villa en Palma\" width=\"643\" height=\"381\" srcset=\"https:\/\/cdn1.es.casasrurales.net\/blog\/wp-content\/emp\/blogcasas\/2019\/06\/Villa-Rainbow-Home-Casasrurales.net_.jpg 643w, https:\/\/cdn1.es.casasrurales.net\/blog\/wp-content\/emp\/blogcasas\/2019\/06\/Villa-Rainbow-Home-Casasrurales.net_-300x178.jpg 300w\" sizes=\"(max-width: 643px) 100vw, 643px\" \/><p id=\"caption-attachment-12111\" class=\"wp-caption-text\">Aprovecha tus vacaciones en Palma de Mallorca<\/p><\/div>\n<p>Seguimos con las opciones para grandes grupos. Y es que <a href=\"https:\/\/www.casasrurales.net\/casas-rurales\/villa-rainbow-home-mallorca--c70332\"><strong>esta casa es bastante amplia<\/strong><\/a> y vas a poder descansar con los tuyos en el interior, y pasarlo en grande en los exteriores.<\/p>\n<p><strong>Se encuentra en Palma de Mallorca<\/strong>, una de las zonas con m\u00e1s encanto de la isla, donde vas a poder disfrutar de la magia de su entramado.<\/p>\n<p>Tiene <strong>espacio para 24 personas<\/strong>, que podr\u00e1n elegir en cu\u00e1l de las<strong> 12 habitaciones<\/strong> quieren descansar.<\/p>\n<p>Una vez que hay\u00e1is recargado pilas, pod\u00e9is empezar a gastar energ\u00eda en las<strong> zonas de exterior <\/strong>que vienen equipadas con zona de porche y<strong> piscina salada<\/strong> rodeada de espacios<strong> chill out<\/strong> y <strong>aparcamiento<\/strong> para que no tengas que preocuparte de nada.<\/p>\n<p><em><strong>\u00bfTe apetece?<\/strong><\/em><\/p>\n","protected":false},"excerpt":{"rendered":"<p>Si otros d\u00edas os hablamos de planes alternativos a la playa en verano, hoy queremos que los que am\u00e1is eso de tostaros bajo el sol mientras escuch\u00e1is el rumor de las olas rompiendo en la orilla, pod\u00e1is tener tambi\u00e9n opciones.&hellip; <br \/><a class=\"read-more-button\" href=\"https:\/\/www.casasrurales.net\/blog\/4-casas-rurales-en-mallorca-para-este-verano\">Leer m\u00e1s<\/a><\/p>\n","protected":false},"author":6,"featured_media":6560,"comment_status":"open","ping_status":"open","sticky":false,"template":"","format":"standard","meta":[],"categories":[11],"tags":[72],"_links":{"self":[{"href":"https:\/\/www.casasrurales.net\/blog\/wp-json\/wp\/v2\/posts\/6555"}],"collection":[{"href":"https:\/\/www.casasrurales.net\/blog\/wp-json\/wp\/v2\/posts"}],"about":[{"href":"https:\/\/www.casasrurales.net\/blog\/wp-json\/wp\/v2\/types\/post"}],"author":[{"embeddable":true,"href":"https:\/\/www.casasrurales.net\/blog\/wp-json\/wp\/v2\/users\/6"}],"replies":[{"embeddable":true,"href":"https:\/\/www.casasrurales.net\/blog\/wp-json\/wp\/v2\/comments?post=6555"}],"version-history":[{"count":4,"href":"https:\/\/www.casasrurales.net\/blog\/wp-json\/wp\/v2\/posts\/6555\/revisions"}],"predecessor-version":[{"id":12112,"href":"https:\/\/www.casasrurales.net\/blog\/wp-json\/wp\/v2\/posts\/6555\/revisions\/12112"}],"wp:featuredmedia":[{"embeddable":true,"href":"https:\/\/www.casasrurales.net\/blog\/wp-json\/wp\/v2\/media\/6560"}],"wp:attachment":[{"href":"https:\/\/www.casasrurales.net\/blog\/wp-json\/wp\/v2\/media?parent=6555"}],"wp:term":[{"taxonomy":"category","embeddable":true,"href":"https:\/\/www.casasrurales.net\/blog\/wp-json\/wp\/v2\/categories?post=6555"},{"taxonomy":"post_tag","embeddable":true,"href":"https:\/\/www.casasrurales.net\/blog\/wp-json\/wp\/v2\/tags?post=6555"}],"curies":[{"name":"wp","href":"https:\/\/api.w.org\/{rel}","templated":true}]}}