
{"id":5883,"date":"2019-01-30T16:44:04","date_gmt":"2019-01-30T16:44:04","guid":{"rendered":"https:\/\/www.casasrurales.net\/blog\/?p=5883"},"modified":"2019-01-30T16:44:04","modified_gmt":"2019-01-30T16:44:04","slug":"una-ruta-por-la-comarca-de-la-vera","status":"publish","type":"post","link":"https:\/\/www.casasrurales.net\/blog\/una-ruta-por-la-comarca-de-la-vera","title":{"rendered":"Una ruta por la comarca de La Vera"},"content":{"rendered":"<p>Disfrutar de un paisaje natural es siempre una buena idea cuando hablamos de hacer un turismo diferente en el que los<strong> paisajes nos trasladen a los cuentos.<\/strong><\/p>\n<p>Es precisamente lo que queremos hacer hoy, trasladarte a un cuento en el que la naturaleza sea la absoluta protagonista, y donde vas a poder contemplar algunas <strong>zonas llenas de encanto en las que perderte,<\/strong> y en las que te sentir\u00e1s como un\u00a0 explorador.<\/p>\n<p>Nos vamos de viaje a la<strong> provincia de C\u00e1ceres<\/strong> hoy, donde encontramos una de las zonas m\u00e1s llamativas y bonitas que imagines: <strong><a href=\"https:\/\/www.casasrurales.net\/casas-rurales\/comarca-de-la-vera\">la comarca de La Vera<\/a><\/strong>.<\/p>\n<p>Si quieres conocer un poco m\u00e1s sobre la zona, y<strong> descubrir sus rincones m\u00e1s m\u00e1gicos<\/strong>, solo tienes que seguir leyendo.<\/p>\n<p><em><strong>\u00bfTe apuntas al viaje?<\/strong><\/em><\/p>\n<p>&nbsp;<\/p>\n<h2><strong>Su situaci\u00f3n<\/strong><\/h2>\n<div id=\"attachment_5887\" style=\"width: 650px\" class=\"wp-caption aligncenter\"><img aria-describedby=\"caption-attachment-5887\" class=\"size-full wp-image-5887\" src=\"https:\/\/cdn1.es.casasrurales.net\/blog\/wp-content\/emp\/blogcasas\/2019\/01\/amores_luis-FLICKR.jpg\" alt=\"amores_luis-FLICKR\" width=\"640\" height=\"480\" srcset=\"https:\/\/cdn1.es.casasrurales.net\/blog\/wp-content\/emp\/blogcasas\/2019\/01\/amores_luis-FLICKR.jpg 640w, https:\/\/cdn1.es.casasrurales.net\/blog\/wp-content\/emp\/blogcasas\/2019\/01\/amores_luis-FLICKR-300x225.jpg 300w, https:\/\/cdn1.es.casasrurales.net\/blog\/wp-content\/emp\/blogcasas\/2019\/01\/amores_luis-FLICKR-156x117.jpg 156w\" sizes=\"(max-width: 640px) 100vw, 640px\" \/><p id=\"caption-attachment-5887\" class=\"wp-caption-text\">amores_luis-FLICKR<\/p><\/div>\n<p>Como hemos dicho, esta comarca ocupa parte de la<strong> provincia de C\u00e1ceres,<\/strong> y en cuanto al perfil monta\u00f1oso, encontrar\u00e1s un tel\u00f3n de fondo que viene dado por las <strong>sierras de Gredos y Tormantos.<\/strong><\/p>\n<p>Es precisamente este perfil el que hace que se den cita en el paisaje las cascadas y saltos de agua m\u00e1s impresionantes, que est\u00e1n al abrigo de las<strong> especies naturales m\u00e1s llamativas<\/strong>, en las que contrastan espacios verdes con aguas cristalinas.<\/p>\n<p>A <strong>menos de dos horas de Madrid,<\/strong> se levanta como uno de los destinos favoritos por los amantes de la naturaleza, que aprovechan para disfrutar de un<strong> clima suave<\/strong> en la temporada de <strong>invierno<\/strong>, y <strong>fresco en verano,<\/strong> lo que se agradece.<\/p>\n<p>&nbsp;<\/p>\n<h2><strong>Sus espacios naturales<\/strong><\/h2>\n<div id=\"attachment_5885\" style=\"width: 510px\" class=\"wp-caption aligncenter\"><img aria-describedby=\"caption-attachment-5885\" class=\"size-full wp-image-5885\" src=\"https:\/\/cdn1.es.casasrurales.net\/blog\/wp-content\/emp\/blogcasas\/2019\/01\/Marianne-Perdomo-FLICKR.jpg\" alt=\"Marianne Perdomo-FLICKR\" width=\"500\" height=\"375\" srcset=\"https:\/\/cdn1.es.casasrurales.net\/blog\/wp-content\/emp\/blogcasas\/2019\/01\/Marianne-Perdomo-FLICKR.jpg 500w, https:\/\/cdn1.es.casasrurales.net\/blog\/wp-content\/emp\/blogcasas\/2019\/01\/Marianne-Perdomo-FLICKR-300x225.jpg 300w, https:\/\/cdn1.es.casasrurales.net\/blog\/wp-content\/emp\/blogcasas\/2019\/01\/Marianne-Perdomo-FLICKR-156x117.jpg 156w\" sizes=\"(max-width: 500px) 100vw, 500px\" \/><p id=\"caption-attachment-5885\" class=\"wp-caption-text\">Marianne Perdomo-FLICKR<\/p><\/div>\n<p>El perfil de la zona hace que sea un lugar en el que se suceden <strong>un mont\u00f3n de curiosas formaciones naturales<\/strong> que por supuesto, te animamos a que descubras.<\/p>\n<p>Entre ellos, destacamos sin duda la<strong> Garganta de Alardos<\/strong>, que se forma por una corriente de agua que pasa por la<strong> poblaci\u00f3n de Madrigal de la Vera,<\/strong> muriendo en las aguas del<strong> r\u00edo Ti\u00e9tar.<\/strong> En todo el recorrido, y en la \u00e9poca en la que lleva m\u00e1s agua su caudal, puedes disfrutar de <strong>charcos y piscinas naturales<\/strong> que hacen en verano, las delicias de los visitantes.<\/p>\n<p>Otros espacios que no puedes perderte son la<strong> Garganta de Cuartos<\/strong>, una improvisada piscina en verano, y la <strong>de la Desesper\u00e1,<\/strong> en la poblaci\u00f3n de<strong> Arroyomolinos de La Vera.<\/strong><\/p>\n<p>Y sin abandonar las numerosas gargantas que tiene la zona, destacamos en \u00faltimo lugar el Paraje de las Ollas, donde el paisaje se forma con las rocas talladas por la acci\u00f3n del agua, y un antiguo puente romano en la zona de<strong> Cuacos de Yuste.<\/strong><\/p>\n<p>&nbsp;<\/p>\n<h2><strong>Los pueblos que la forman<\/strong><\/h2>\n<div id=\"attachment_5886\" style=\"width: 650px\" class=\"wp-caption aligncenter\"><img aria-describedby=\"caption-attachment-5886\" class=\"size-full wp-image-5886\" src=\"https:\/\/cdn1.es.casasrurales.net\/blog\/wp-content\/emp\/blogcasas\/2019\/01\/Gonzalo-Malpartida-FLICKR.jpg\" alt=\"Gonzalo Malpartida-FLICKR\" width=\"640\" height=\"480\" srcset=\"https:\/\/cdn1.es.casasrurales.net\/blog\/wp-content\/emp\/blogcasas\/2019\/01\/Gonzalo-Malpartida-FLICKR.jpg 640w, https:\/\/cdn1.es.casasrurales.net\/blog\/wp-content\/emp\/blogcasas\/2019\/01\/Gonzalo-Malpartida-FLICKR-300x225.jpg 300w, https:\/\/cdn1.es.casasrurales.net\/blog\/wp-content\/emp\/blogcasas\/2019\/01\/Gonzalo-Malpartida-FLICKR-156x117.jpg 156w\" sizes=\"(max-width: 640px) 100vw, 640px\" \/><p id=\"caption-attachment-5886\" class=\"wp-caption-text\">Gonzalo Malpartida-FLICKR<\/p><\/div>\n<p>Entre la naturaleza se abren paso los <strong>diferentes pueblos de la zona<\/strong>, que cuentan c\u00f3mo no, con una de las mejores panor\u00e1micas.<\/p>\n<p><strong>Valverde de la Vera<\/strong> es uno de los m\u00e1s bonitos de la zona. Un espacio ideal en el que empezar la ruta por los pueblos de la comarca. Sus <strong>calles, que son empedradas y bastante estrechas,<\/strong> dan a lugares tan emblem\u00e1ticos como la<strong> Plaza Mayor,<\/strong> en pleno centro, o la<strong> iglesia parroquial.<\/strong> Eso s\u00ed, sin olvidar la <strong>antigua fortaleza, o<\/strong> lo que queda de ella, de la \u00e9poca medieval.<\/p>\n<p><strong>Garganta la Olla<\/strong> es <em>peque\u00f1ito pero mat\u00f3n<\/em> como se suele decir. De hecho, la belleza de su entramado y la importancia de los espacios que la forman han hecho que sea declarado<strong> Conjunto Hist\u00f3rico Art\u00edstico,<\/strong> en el que las construcciones cuentan con la<strong> cl\u00e1sica arquitectura de la zona,<\/strong> con materiales clave como el ladrillo y el adobe.<\/p>\n<p><strong>Cuacos de Yuste<\/strong>, donde se encuentra el <strong>famoso monasterio<\/strong>, y su impresionante<strong> plaza porticada<\/strong> son solo una pincelada de lo que te vas a encontrar.<\/p>\n<p>Pero aqu\u00ed no acaba la cosa, y es que existen muchos otros pueblos como<strong> Jara\u00edz de La Vera<\/strong> que seguro har\u00e1n de este viaje, una experiencia que no vas a poder olvidar.<\/p>\n","protected":false},"excerpt":{"rendered":"<p>Disfrutar de un paisaje natural es siempre una buena idea cuando hablamos de hacer un turismo diferente en el que los paisajes nos trasladen a los cuentos. Es precisamente lo que queremos hacer hoy, trasladarte a un cuento en el&hellip; <br \/><a class=\"read-more-button\" href=\"https:\/\/www.casasrurales.net\/blog\/una-ruta-por-la-comarca-de-la-vera\">Leer m\u00e1s<\/a><\/p>\n","protected":false},"author":6,"featured_media":5884,"comment_status":"open","ping_status":"open","sticky":false,"template":"","format":"standard","meta":[],"categories":[12],"tags":[],"_links":{"self":[{"href":"https:\/\/www.casasrurales.net\/blog\/wp-json\/wp\/v2\/posts\/5883"}],"collection":[{"href":"https:\/\/www.casasrurales.net\/blog\/wp-json\/wp\/v2\/posts"}],"about":[{"href":"https:\/\/www.casasrurales.net\/blog\/wp-json\/wp\/v2\/types\/post"}],"author":[{"embeddable":true,"href":"https:\/\/www.casasrurales.net\/blog\/wp-json\/wp\/v2\/users\/6"}],"replies":[{"embeddable":true,"href":"https:\/\/www.casasrurales.net\/blog\/wp-json\/wp\/v2\/comments?post=5883"}],"version-history":[{"count":2,"href":"https:\/\/www.casasrurales.net\/blog\/wp-json\/wp\/v2\/posts\/5883\/revisions"}],"predecessor-version":[{"id":5889,"href":"https:\/\/www.casasrurales.net\/blog\/wp-json\/wp\/v2\/posts\/5883\/revisions\/5889"}],"wp:featuredmedia":[{"embeddable":true,"href":"https:\/\/www.casasrurales.net\/blog\/wp-json\/wp\/v2\/media\/5884"}],"wp:attachment":[{"href":"https:\/\/www.casasrurales.net\/blog\/wp-json\/wp\/v2\/media?parent=5883"}],"wp:term":[{"taxonomy":"category","embeddable":true,"href":"https:\/\/www.casasrurales.net\/blog\/wp-json\/wp\/v2\/categories?post=5883"},{"taxonomy":"post_tag","embeddable":true,"href":"https:\/\/www.casasrurales.net\/blog\/wp-json\/wp\/v2\/tags?post=5883"}],"curies":[{"name":"wp","href":"https:\/\/api.w.org\/{rel}","templated":true}]}}