
{"id":5824,"date":"2022-03-14T14:54:14","date_gmt":"2022-03-14T14:54:14","guid":{"rendered":"https:\/\/www.casasrurales.net\/blog\/?p=5824"},"modified":"2022-03-14T14:54:15","modified_gmt":"2022-03-14T14:54:15","slug":"turismo-natural-en-salamanca","status":"publish","type":"post","link":"https:\/\/www.casasrurales.net\/blog\/turismo-natural-en-salamanca","title":{"rendered":"Turismo natural en Salamanca"},"content":{"rendered":"<p>Si por algo es conocido un lugar es por la<strong> riqueza de su patrimonio<\/strong>, por sus costumbres, y por los parajes que decoran cada uno de sus rincones.<\/p>\n<p>Es precisamente esto, por lo que es conocida<strong> la provincia de Salamanca,<\/strong> especialmente en su parte patrimonial, donde se dan cita<strong> un mont\u00f3n de puntos de gran importancia<\/strong> para la arquitectura, la historia y la educaci\u00f3n.<\/p>\n<p>Hoy <strong><a href=\"https:\/\/www.casasrurales.net\/casas-rurales\/salamanca\">queremos mostrarte su otra cara<\/a><\/strong>, la zona natural, que es quiz\u00e1s mucho m\u00e1s desconocida pero que sin duda, es uno de los principales motivos a tener en cuenta a la hora de ir a esta provincia.<\/p>\n<p><strong>Te va a sorprender la gran cantidad de espacios naturales<\/strong> que tiene la provincia, entre los que vas a poder pasear conociendo a fondo cada uno de sus rincones.<\/p>\n<p><em><strong>\u00bfTe vienes?<\/strong><\/em><\/p>\n<h2><strong>El Pozo de los Humos<\/strong><\/h2>\n<div id=\"attachment_5828\" style=\"width: 650px\" class=\"wp-caption aligncenter\"><img aria-describedby=\"caption-attachment-5828\" class=\"size-full wp-image-5828\" src=\"https:\/\/cdn1.es.casasrurales.net\/blog\/wp-content\/emp\/blogcasas\/2019\/01\/Oscar-Anton-FLICKR.jpg\" alt=\"Oscar Anton-FLICKR\" width=\"640\" height=\"480\" srcset=\"https:\/\/cdn1.es.casasrurales.net\/blog\/wp-content\/emp\/blogcasas\/2019\/01\/Oscar-Anton-FLICKR.jpg 640w, https:\/\/cdn1.es.casasrurales.net\/blog\/wp-content\/emp\/blogcasas\/2019\/01\/Oscar-Anton-FLICKR-300x225.jpg 300w, https:\/\/cdn1.es.casasrurales.net\/blog\/wp-content\/emp\/blogcasas\/2019\/01\/Oscar-Anton-FLICKR-156x117.jpg 156w\" sizes=\"(max-width: 640px) 100vw, 640px\" \/><p id=\"caption-attachment-5828\" class=\"wp-caption-text\">Oscar Anton-FLICKR<\/p><\/div>\n<p>Dentro de uno de los parajes m\u00e1s importantes de la Comunidad, e incluso de Espa\u00f1a, que es el <strong>Parque Natural de las Arribes del Duero,<\/strong> nos encontramos con un espectacular paraje en el que te recomendamos que lleves la c\u00e1mara de fotos preparada.<\/p>\n<p>Te vas a encontrar con un paraje en el que protagoniza el espacio <strong>una lengua de agua que cae 50 metros al vac\u00edo<\/strong> y que proviene del r\u00edo Uces.<\/p>\n<p>De esta manera, se forma<strong> una cortina de agua impresionante<\/strong> de la que te aseguramos que vas a disfrutar mucho.<\/p>\n<h2><strong>Siega Verde<\/strong><\/h2>\n<div id=\"attachment_5827\" style=\"width: 650px\" class=\"wp-caption aligncenter\"><img aria-describedby=\"caption-attachment-5827\" class=\"size-full wp-image-5827\" src=\"https:\/\/cdn1.es.casasrurales.net\/blog\/wp-content\/emp\/blogcasas\/2019\/01\/Junio-Albino-FLICKR.jpg\" alt=\"Junio Albino-FLICKR\" width=\"640\" height=\"427\" srcset=\"https:\/\/cdn1.es.casasrurales.net\/blog\/wp-content\/emp\/blogcasas\/2019\/01\/Junio-Albino-FLICKR.jpg 640w, https:\/\/cdn1.es.casasrurales.net\/blog\/wp-content\/emp\/blogcasas\/2019\/01\/Junio-Albino-FLICKR-300x200.jpg 300w, https:\/\/cdn1.es.casasrurales.net\/blog\/wp-content\/emp\/blogcasas\/2019\/01\/Junio-Albino-FLICKR-320x213.jpg 320w\" sizes=\"(max-width: 640px) 100vw, 640px\" \/><p id=\"caption-attachment-5827\" class=\"wp-caption-text\">Junio Albino-FLICKR<\/p><\/div>\n<p>Si quieres<strong> combinar historia y naturaleza,<\/strong> \u00e9ste es el destino clave para que disfrutes de ambas vertientes del turismo.<\/p>\n<p>Te proponemos que, en mitad de la naturaleza, conozcas<strong> uno de los yacimientos m\u00e1s importantes de Salamanca<\/strong>, que datan de la Prehistoria, y concretamente, del periodo que corresponde al\u00a0<b>Paleol\u00edtico\u00a0Superior.<\/b><\/p>\n<p>Podr\u00e9is conocer sus <strong>m\u00e1s de 700 representaciones<\/strong>, en las que los animales son el tema principal, reconociendo entre todos ellos, toros, bisontes o rinocerontes.<\/p>\n<p>Un lugar con <strong>pinturas rupestres<\/strong> que te va a encantar.<\/p>\n<h2><strong>V\u00eda Verde de la Plata<\/strong><\/h2>\n<div id=\"attachment_5826\" style=\"width: 650px\" class=\"wp-caption aligncenter\"><img aria-describedby=\"caption-attachment-5826\" class=\"size-full wp-image-5826\" src=\"https:\/\/cdn1.es.casasrurales.net\/blog\/wp-content\/emp\/blogcasas\/2019\/01\/sam.romilly-FLICKR.jpg\" alt=\"sam.romilly-FLICKR\" width=\"640\" height=\"360\" srcset=\"https:\/\/cdn1.es.casasrurales.net\/blog\/wp-content\/emp\/blogcasas\/2019\/01\/sam.romilly-FLICKR.jpg 640w, https:\/\/cdn1.es.casasrurales.net\/blog\/wp-content\/emp\/blogcasas\/2019\/01\/sam.romilly-FLICKR-300x169.jpg 300w\" sizes=\"(max-width: 640px) 100vw, 640px\" \/><p id=\"caption-attachment-5826\" class=\"wp-caption-text\">sam.romilly-FLICKR<\/p><\/div>\n<p>Para los amantes de la naturaleza tambi\u00e9n hay opciones que les van a permitir disfrutar del terreno a fondo, y \u00e9sta que te mostramos ahora, es una de las mejores para ello.<\/p>\n<p>Se trata de un sendero natural que<strong> recorre dos municipios salmantinos,<\/strong> que son Alba de Tormes, y Carbajosa de la Sagrada.<\/p>\n<p>El recorrido<strong> son poco m\u00e1s de 20 kil\u00f3metros<\/strong> por lo que fue una <strong>antigua v\u00eda<\/strong> romana en la que siempre tendr\u00e1s un compa\u00f1ero:<strong> el r\u00edo Tormes,<\/strong> que decora cada uno de los rincones que pisar\u00e1s.<\/p>\n<h2><em><strong>\u00bfUna isla en Salamanca?<\/strong><\/em><\/h2>\n<div id=\"attachment_5825\" style=\"width: 510px\" class=\"wp-caption aligncenter\"><img aria-describedby=\"caption-attachment-5825\" class=\"size-full wp-image-5825\" src=\"https:\/\/cdn1.es.casasrurales.net\/blog\/wp-content\/emp\/blogcasas\/2019\/01\/Ra\u00fal-Hern\u00e1ndez-Gonz\u00e1lez-FLICKR.jpg\" alt=\"Ra\u00fal Hern\u00e1ndez Gonz\u00e1lez-FLICKR\" width=\"500\" height=\"375\" srcset=\"https:\/\/cdn1.es.casasrurales.net\/blog\/wp-content\/emp\/blogcasas\/2019\/01\/Ra\u00fal-Hern\u00e1ndez-Gonz\u00e1lez-FLICKR.jpg 500w, https:\/\/cdn1.es.casasrurales.net\/blog\/wp-content\/emp\/blogcasas\/2019\/01\/Ra\u00fal-Hern\u00e1ndez-Gonz\u00e1lez-FLICKR-300x225.jpg 300w, https:\/\/cdn1.es.casasrurales.net\/blog\/wp-content\/emp\/blogcasas\/2019\/01\/Ra\u00fal-Hern\u00e1ndez-Gonz\u00e1lez-FLICKR-156x117.jpg 156w\" sizes=\"(max-width: 500px) 100vw, 500px\" \/><p id=\"caption-attachment-5825\" class=\"wp-caption-text\">Ra\u00fal Hern\u00e1ndez Gonz\u00e1lez-FLICKR<\/p><\/div>\n<p>Pues s\u00ed. Cualquiera lo hubiera imaginado.<\/p>\n<p>Se trata de un espacio ubicado dentro de la poblaci\u00f3n de<strong> Santa Marta de Tormes<\/strong>, donde vas a poder disfrutar de una de las formaciones m\u00e1s curiosas.<\/p>\n<p><strong>Es una isla fluvial<\/strong> desde la que vas a tener unas vistas estupendas del paso del r\u00edo Tormes. Su extensi\u00f3n<strong> son 13 hect\u00e1reas<\/strong> en las que solo habitan elementos naturales. De hecho, se ha rehabilitado fomentando la conservaci\u00f3n de este espacio, incluyendo<strong> un Centro de Interpretaci\u00f3n.<\/strong><\/p>\n<p>Adem\u00e1s <strong>puedes recorrerlo en bici, y si te gusta la pesca<\/strong>, es otro de los lugares perfectos para practicar este deporte.<\/p>\n","protected":false},"excerpt":{"rendered":"<p>Si por algo es conocido un lugar es por la riqueza de su patrimonio, por sus costumbres, y por los parajes que decoran cada uno de sus rincones. Es precisamente esto, por lo que es conocida la provincia de Salamanca,&hellip; <br \/><a class=\"read-more-button\" href=\"https:\/\/www.casasrurales.net\/blog\/turismo-natural-en-salamanca\">Leer m\u00e1s<\/a><\/p>\n","protected":false},"author":6,"featured_media":5829,"comment_status":"open","ping_status":"open","sticky":false,"template":"","format":"standard","meta":[],"categories":[12],"tags":[59],"_links":{"self":[{"href":"https:\/\/www.casasrurales.net\/blog\/wp-json\/wp\/v2\/posts\/5824"}],"collection":[{"href":"https:\/\/www.casasrurales.net\/blog\/wp-json\/wp\/v2\/posts"}],"about":[{"href":"https:\/\/www.casasrurales.net\/blog\/wp-json\/wp\/v2\/types\/post"}],"author":[{"embeddable":true,"href":"https:\/\/www.casasrurales.net\/blog\/wp-json\/wp\/v2\/users\/6"}],"replies":[{"embeddable":true,"href":"https:\/\/www.casasrurales.net\/blog\/wp-json\/wp\/v2\/comments?post=5824"}],"version-history":[{"count":2,"href":"https:\/\/www.casasrurales.net\/blog\/wp-json\/wp\/v2\/posts\/5824\/revisions"}],"predecessor-version":[{"id":10632,"href":"https:\/\/www.casasrurales.net\/blog\/wp-json\/wp\/v2\/posts\/5824\/revisions\/10632"}],"wp:featuredmedia":[{"embeddable":true,"href":"https:\/\/www.casasrurales.net\/blog\/wp-json\/wp\/v2\/media\/5829"}],"wp:attachment":[{"href":"https:\/\/www.casasrurales.net\/blog\/wp-json\/wp\/v2\/media?parent=5824"}],"wp:term":[{"taxonomy":"category","embeddable":true,"href":"https:\/\/www.casasrurales.net\/blog\/wp-json\/wp\/v2\/categories?post=5824"},{"taxonomy":"post_tag","embeddable":true,"href":"https:\/\/www.casasrurales.net\/blog\/wp-json\/wp\/v2\/tags?post=5824"}],"curies":[{"name":"wp","href":"https:\/\/api.w.org\/{rel}","templated":true}]}}