
{"id":5733,"date":"2021-12-21T14:28:15","date_gmt":"2021-12-21T14:28:15","guid":{"rendered":"https:\/\/www.casasrurales.net\/blog\/?p=5733"},"modified":"2021-12-21T14:28:15","modified_gmt":"2021-12-21T14:28:15","slug":"planes-para-invierno-en-murcia","status":"publish","type":"post","link":"https:\/\/www.casasrurales.net\/blog\/planes-para-invierno-en-murcia","title":{"rendered":"Planes para invierno en Murcia"},"content":{"rendered":"<p>Siempre decimos que para viajar, no hace falta saber la \u00e9poca del a\u00f1o en la que se hace, porque<strong> lo importante es disfrutar de la experiencia.<\/strong><\/p>\n<p>Y aunque pueda parecer lo contrario, <strong>el invierno es siempre una buena \u00e9poca para viajar<\/strong> y descubrir lugares nuevos, llenos de encanto, que te hagan pasar unos d\u00edas espectaculares.<\/p>\n<p>Ho<strong>y queremos trasladarnos hasta Murcia<\/strong>, donde adem\u00e1s de temperaturas un poco m\u00e1s suaves que te hagan olvidarte de tanta bufanda y tanto abrigo, vas a poder disfrutar de una gran oferta de turismo para cualquier tipo de grupo.<\/p>\n<p>Si quieres acompa\u00f1arnos, te mostramos los mejores <strong><a href=\"https:\/\/www.casasrurales.net\/casas-rurales\/murcia\">lugares para visitar en Murcia en esta temporada de invierno<\/a><\/strong>.<\/p>\n<p><em><strong>\u00bfTe vienes con nosotros?<\/strong><\/em><\/p>\n<p>&nbsp;<\/p>\n<h2><strong>Un viaje por la historia<\/strong><\/h2>\n<div id=\"attachment_5736\" style=\"width: 650px\" class=\"wp-caption aligncenter\"><img aria-describedby=\"caption-attachment-5736\" class=\"size-full wp-image-5736\" src=\"https:\/\/cdn1.es.casasrurales.net\/blog\/wp-content\/emp\/blogcasas\/2018\/12\/amaianos-FLICKR.jpg\" alt=\"amaianos-FLICKR\" width=\"640\" height=\"480\" srcset=\"https:\/\/cdn1.es.casasrurales.net\/blog\/wp-content\/emp\/blogcasas\/2018\/12\/amaianos-FLICKR.jpg 640w, https:\/\/cdn1.es.casasrurales.net\/blog\/wp-content\/emp\/blogcasas\/2018\/12\/amaianos-FLICKR-300x225.jpg 300w, https:\/\/cdn1.es.casasrurales.net\/blog\/wp-content\/emp\/blogcasas\/2018\/12\/amaianos-FLICKR-156x117.jpg 156w\" sizes=\"(max-width: 640px) 100vw, 640px\" \/><p id=\"caption-attachment-5736\" class=\"wp-caption-text\">amaianos-FLICKR<\/p><\/div>\n<p>Dentro de la <strong>Regi\u00f3n de Murcia,<\/strong> nos encontramos con un mont\u00f3n de lugares que merece la pena visitar, y que te van a trasladar <strong>siglos atr\u00e1s por su historia.<\/strong><\/p>\n<p>Prueba de ello es lo que encontramos<strong> en Cartagena<\/strong>, donde vas a poder conocer el imponente<strong> Teatro Romano<\/strong>, que es uno de los lugares m\u00e1s visitados de la zona.<\/p>\n<p>Se encuentra completamente descubierto, y en \u00e9l est\u00e1 la prueba fehaciente de la \u00e9poca de dominio romano en la zona. Lo que hoy se ve es una <strong>reconstrucci\u00f3n de las ruinas encontradas<\/strong> en la zona, y puede visitarse para vivir desde dentro su historia.<\/p>\n<p>&nbsp;<\/p>\n<h2><strong>Visitar sus espacios naturales<\/strong><\/h2>\n<div id=\"attachment_5735\" style=\"width: 650px\" class=\"wp-caption aligncenter\"><img aria-describedby=\"caption-attachment-5735\" class=\"size-full wp-image-5735\" src=\"https:\/\/cdn1.es.casasrurales.net\/blog\/wp-content\/emp\/blogcasas\/2018\/12\/Antonio-Periago-Mi\u00f1arro-FLICKR.jpg\" alt=\"Antonio Periago Mi\u00f1arro-FLICKR\" width=\"640\" height=\"480\" srcset=\"https:\/\/cdn1.es.casasrurales.net\/blog\/wp-content\/emp\/blogcasas\/2018\/12\/Antonio-Periago-Mi\u00f1arro-FLICKR.jpg 640w, https:\/\/cdn1.es.casasrurales.net\/blog\/wp-content\/emp\/blogcasas\/2018\/12\/Antonio-Periago-Mi\u00f1arro-FLICKR-300x225.jpg 300w, https:\/\/cdn1.es.casasrurales.net\/blog\/wp-content\/emp\/blogcasas\/2018\/12\/Antonio-Periago-Mi\u00f1arro-FLICKR-156x117.jpg 156w\" sizes=\"(max-width: 640px) 100vw, 640px\" \/><p id=\"caption-attachment-5735\" class=\"wp-caption-text\">Antonio Periago Mi\u00f1arro-FLICKR<\/p><\/div>\n<p>Si de algo presume la Regi\u00f3n de Murcia, es de su<strong> gran patrimonio natural<\/strong>, y entre este patrimonio, se destaca el <strong>Parque Natural de Calblanque,<\/strong> una gran extensi\u00f3n de espacios en los que las<strong> calas con su arena dorada,<\/strong> dejan paso a <strong>acantilados y dunas.<\/strong><\/p>\n<p>Es sin duda, uno de los escenarios m\u00e1s espectaculares con los que vas a encontrarte en la comunidad. Un lugar en el que se preserva e<strong>l ecosistema t\u00edpicamente mediterr\u00e1neo<\/strong> que es h\u00e1bitat de las aves de la zona.<\/p>\n<p><strong>\u00a1Es impresionante!<\/strong><\/p>\n<p>&nbsp;<\/p>\n<h2><strong>Su historia minera<\/strong><\/h2>\n<div id=\"attachment_5734\" style=\"width: 650px\" class=\"wp-caption aligncenter\"><img aria-describedby=\"caption-attachment-5734\" class=\"size-full wp-image-5734\" src=\"https:\/\/cdn1.es.casasrurales.net\/blog\/wp-content\/emp\/blogcasas\/2018\/12\/Jelle-de-Vries-FLICKR-1.jpg\" alt=\"Jelle de Vries-FLICKR\" width=\"640\" height=\"431\" srcset=\"https:\/\/cdn1.es.casasrurales.net\/blog\/wp-content\/emp\/blogcasas\/2018\/12\/Jelle-de-Vries-FLICKR-1.jpg 640w, https:\/\/cdn1.es.casasrurales.net\/blog\/wp-content\/emp\/blogcasas\/2018\/12\/Jelle-de-Vries-FLICKR-1-300x202.jpg 300w\" sizes=\"(max-width: 640px) 100vw, 640px\" \/><p id=\"caption-attachment-5734\" class=\"wp-caption-text\">Jelle de Vries-FLICKR<\/p><\/div>\n<p>Otro de los atractivos de la zona es <strong>la Sierra de la Uni\u00f3n<\/strong>, en la que si viajas con ni\u00f1os, van a pasarlo en grande y alucinar\u00e1n con el paisaje.<\/p>\n<p>Se trata de una zona de <strong>marcado car\u00e1cter minero<\/strong>, y por ello, visitar estos espacios supone recorrer parte de la historia de la zona, y <strong>uno de los que fuera principal motor econ\u00f3mico<\/strong>.<\/p>\n<p>Si quieres conocerlo, tienen <strong>dos opciones para contemplar el espectacular paisaje<\/strong> que forma, y que aunque en la actualidad lleva d\u00e9cadas cerrada, ofrece al turismo una gran oportunidad de pasarlo en grande a la vez que se aprende.<\/p>\n<p>&nbsp;<\/p>\n<p>Como ves, hay <strong>muchas opciones para que disfrutes de Murcia este invierno<\/strong>, y todas ellas puedes hacerlas en pareja, en familia o con amigos, porque Murcia es para todos.<\/p>\n<p>Ahora que ya conoces algunos rincones para visitar<strong>, no dudes en organizar tu viaje para estos d\u00edas.<\/strong><\/p>\n","protected":false},"excerpt":{"rendered":"<p>Siempre decimos que para viajar, no hace falta saber la \u00e9poca del a\u00f1o en la que se hace, porque lo importante es disfrutar de la experiencia. Y aunque pueda parecer lo contrario, el invierno es siempre una buena \u00e9poca para&hellip; <br \/><a class=\"read-more-button\" href=\"https:\/\/www.casasrurales.net\/blog\/planes-para-invierno-en-murcia\">Leer m\u00e1s<\/a><\/p>\n","protected":false},"author":6,"featured_media":5737,"comment_status":"open","ping_status":"open","sticky":false,"template":"","format":"standard","meta":[],"categories":[18],"tags":[54],"_links":{"self":[{"href":"https:\/\/www.casasrurales.net\/blog\/wp-json\/wp\/v2\/posts\/5733"}],"collection":[{"href":"https:\/\/www.casasrurales.net\/blog\/wp-json\/wp\/v2\/posts"}],"about":[{"href":"https:\/\/www.casasrurales.net\/blog\/wp-json\/wp\/v2\/types\/post"}],"author":[{"embeddable":true,"href":"https:\/\/www.casasrurales.net\/blog\/wp-json\/wp\/v2\/users\/6"}],"replies":[{"embeddable":true,"href":"https:\/\/www.casasrurales.net\/blog\/wp-json\/wp\/v2\/comments?post=5733"}],"version-history":[{"count":2,"href":"https:\/\/www.casasrurales.net\/blog\/wp-json\/wp\/v2\/posts\/5733\/revisions"}],"predecessor-version":[{"id":10217,"href":"https:\/\/www.casasrurales.net\/blog\/wp-json\/wp\/v2\/posts\/5733\/revisions\/10217"}],"wp:featuredmedia":[{"embeddable":true,"href":"https:\/\/www.casasrurales.net\/blog\/wp-json\/wp\/v2\/media\/5737"}],"wp:attachment":[{"href":"https:\/\/www.casasrurales.net\/blog\/wp-json\/wp\/v2\/media?parent=5733"}],"wp:term":[{"taxonomy":"category","embeddable":true,"href":"https:\/\/www.casasrurales.net\/blog\/wp-json\/wp\/v2\/categories?post=5733"},{"taxonomy":"post_tag","embeddable":true,"href":"https:\/\/www.casasrurales.net\/blog\/wp-json\/wp\/v2\/tags?post=5733"}],"curies":[{"name":"wp","href":"https:\/\/api.w.org\/{rel}","templated":true}]}}