
{"id":5440,"date":"2022-11-29T10:00:00","date_gmt":"2022-11-29T10:00:00","guid":{"rendered":"https:\/\/www.casasrurales.net\/blog\/?p=5440"},"modified":"2023-10-27T11:55:13","modified_gmt":"2023-10-27T11:55:13","slug":"motivos-para-visitar-menorca-en-invierno","status":"publish","type":"post","link":"https:\/\/www.casasrurales.net\/blog\/motivos-para-visitar-menorca-en-invierno","title":{"rendered":"Motivos para visitar Menorca en invierno"},"content":{"rendered":"<p><em>\u00bfQui\u00e9n dice que las islas s\u00f3lo se pueden visitar en la \u00e9poca de verano?<\/em>Menorca cuenta con una amplia oferta tur\u00edstica y de alojamientos durante la<strong> temporada de invierno<\/strong>, adem\u00e1s de ofrecer una temperatura c\u00e1lida de la que no se goza en la Pen\u00ednsula. Un buen motivo para <strong>visitar Menorca,<\/strong> <em>\u00bfverdad?<\/em><\/p>\n<p>Lejos de la concepci\u00f3n que tenemos de que las zonas insulares s\u00f3lo merecen la pena en ba\u00f1ador y chanclas, nuestro pa\u00eds cuenta con una gran esencia que<strong> tiene que conocerse en cualquier \u00e9poca del a\u00f1o<\/strong>.<\/p>\n<p>Hoy nos centramos en las Baleares, un destino paradis\u00edaco en el que disfrutar tambi\u00e9n cuando el mercurio desciende un poco, porque la suerte es que en estas islas no suele hacer mucho fr\u00edo.<\/p>\n<p>Si quieres disfrutar de un viaje por la isla,<strong> sin fallos ni planes B,<\/strong> no dejes de leer porque nos vamos a ir, dejando el ba\u00f1ador en casa, <strong>a conocer Menorca<\/strong>.<\/p>\n<p><\/p>\n<h2><strong>Principales motivos<\/strong><\/h2>\n<div id=\"attachment_11235\" style=\"width: 810px\" class=\"wp-caption aligncenter\"><img aria-describedby=\"caption-attachment-11235\" class=\"size-full wp-image-11235\" src=\"https:\/\/cdn1.es.casasrurales.net\/blog\/wp-content\/emp\/blogcasas\/2018\/10\/Freebird-FLICKR.jpg\" alt=\"Ciudadela de Menorca\" width=\"800\" height=\"537\" srcset=\"https:\/\/cdn1.es.casasrurales.net\/blog\/wp-content\/emp\/blogcasas\/2018\/10\/Freebird-FLICKR.jpg 800w, https:\/\/cdn1.es.casasrurales.net\/blog\/wp-content\/emp\/blogcasas\/2018\/10\/Freebird-FLICKR-300x201.jpg 300w, https:\/\/cdn1.es.casasrurales.net\/blog\/wp-content\/emp\/blogcasas\/2018\/10\/Freebird-FLICKR-768x516.jpg 768w\" sizes=\"(max-width: 800px) 100vw, 800px\" \/><p id=\"caption-attachment-11235\" class=\"wp-caption-text\">Freebird-FLICKR<\/p><\/div>\n<p>En Menorca no hace falta justificar mucho la visita, y es que, con todo lo que tiene para ofrecerte, y sin adentrarte mucho, ya <strong>ha merecido la pena el viaje.<\/strong><\/p>\n<p>Para empezar, y como dec\u00edamos antes, <strong>el tiempo es una de sus claves<\/strong>, ya que sus temperaturas son suaves la mayor parte del a\u00f1o. Por eso, si quieres huir del fr\u00edo de la Pen\u00ednsula, este <strong>es un destino perfecto.<\/strong><\/p>\n<p>El s<strong>egundo de los motivos<\/strong> para nosotros, es la <strong>poca masificaci\u00f3n<\/strong> que hay, a diferencia de la \u00e9poca de verano, cuando se convierte en un destino fetiche para millones de turistas todo el a\u00f1o que viajan desde todas las partes del mundo para disfrutar de sus playas.<\/p>\n<p>El<strong> ritmo de vida<\/strong> que hay all\u00ed, es otra de las garant\u00edas de este viaje. Muy <strong>alejados del bullicio de las grandes ciudades,<\/strong> y de las prisas, la isla te ofrece tranquilidad y desconexi\u00f3n con paisajes preciosos alrededor.<\/p>\n<p>Por \u00faltimo, la <strong>gastronom\u00eda<\/strong> de la zona ser\u00e1 otro de los puntos fuertes, donde los alimentos tradicionales de la huerta, y su <strong>cocina sencilla pero sabrosa,<\/strong> son los pilares de la cocina.<\/p>\n<p><\/p>\n<h2><strong>El Cam\u00ed de Cavalls<\/strong><\/h2>\n<div id=\"attachment_11234\" style=\"width: 809px\" class=\"wp-caption aligncenter\"><img aria-describedby=\"caption-attachment-11234\" class=\"size-full wp-image-11234\" src=\"https:\/\/cdn1.es.casasrurales.net\/blog\/wp-content\/emp\/blogcasas\/2018\/10\/Franco-Vannini-FLICKR-1.jpg\" alt=\"Cam\u00ed de Cavalls Menorca\" width=\"799\" height=\"533\" srcset=\"https:\/\/cdn1.es.casasrurales.net\/blog\/wp-content\/emp\/blogcasas\/2018\/10\/Franco-Vannini-FLICKR-1.jpg 799w, https:\/\/cdn1.es.casasrurales.net\/blog\/wp-content\/emp\/blogcasas\/2018\/10\/Franco-Vannini-FLICKR-1-300x200.jpg 300w, https:\/\/cdn1.es.casasrurales.net\/blog\/wp-content\/emp\/blogcasas\/2018\/10\/Franco-Vannini-FLICKR-1-768x512.jpg 768w, https:\/\/cdn1.es.casasrurales.net\/blog\/wp-content\/emp\/blogcasas\/2018\/10\/Franco-Vannini-FLICKR-1-320x213.jpg 320w\" sizes=\"(max-width: 799px) 100vw, 799px\" \/><p id=\"caption-attachment-11234\" class=\"wp-caption-text\">Franco Vannini-FLICKR<\/p><\/div>\n<p>Menci\u00f3n especial merece este emplazamiento, que te va a ofrecer <strong>uno de los mejores planes<\/strong> para aprovechar en la isla.<\/p>\n<p>Se trata de <strong>un sendero de m\u00e1s de 180 kil\u00f3metros<\/strong> en el que el recorrido a la isla es completo, y te permitir\u00e1 conocer a fondo su costa, descubriendo <strong>los barrancos, los faros m\u00e1s impresionantes,<\/strong> y algunos vestigios de antiguas atalayas.<\/p>\n<p>Puedes hacerlo desde cualquier punto, aunque eso s\u00ed, <strong>recomendamos que lleves algo de agua,<\/strong> aunque como pasa por las zonas de playas, puedes aprovechar para hacer una parada en cualquiera de sus chiringuitos.<\/p>\n<p>Seguro que ya te replanteas el hecho de <strong>viajar hasta Menorca en invierno<\/strong> como cada vez lo hacen m\u00e1s turistas, as\u00ed que te dejamos algunos alojamientos en los que podr\u00e1s descansar alejado del fr\u00edo y con una de las mejores panor\u00e1micas que puedas imaginar.<\/p>\n\n\n<div class=\"wp-block-buttons is-content-justification-center\">\n<div class=\"wp-block-button is-style-fill\"><a class=\"wp-block-button__link has-white-color has-text-color has-background\" href=\"https:\/\/www.casasrurales.net\/casas-rurales\/menorca\" style=\"background-color:#1ad100\" target=\"_blank\" rel=\"noreferrer noopener\"><strong>RESERVA TU ALOJAMIENTO EN MENORCA<\/strong><\/a><\/div>\n<\/div>\n","protected":false},"excerpt":{"rendered":"<p>\u00bfQui\u00e9n dice que las islas s\u00f3lo se pueden visitar en la \u00e9poca de verano?Menorca cuenta con una amplia oferta tur\u00edstica y de alojamientos durante la temporada de invierno, adem\u00e1s de ofrecer una temperatura c\u00e1lida de la que no se goza&hellip; <br \/><a class=\"read-more-button\" href=\"https:\/\/www.casasrurales.net\/blog\/motivos-para-visitar-menorca-en-invierno\">Leer m\u00e1s<\/a><\/p>\n","protected":false},"author":6,"featured_media":11233,"comment_status":"open","ping_status":"open","sticky":false,"template":"","format":"standard","meta":[],"categories":[11],"tags":[73],"_links":{"self":[{"href":"https:\/\/www.casasrurales.net\/blog\/wp-json\/wp\/v2\/posts\/5440"}],"collection":[{"href":"https:\/\/www.casasrurales.net\/blog\/wp-json\/wp\/v2\/posts"}],"about":[{"href":"https:\/\/www.casasrurales.net\/blog\/wp-json\/wp\/v2\/types\/post"}],"author":[{"embeddable":true,"href":"https:\/\/www.casasrurales.net\/blog\/wp-json\/wp\/v2\/users\/6"}],"replies":[{"embeddable":true,"href":"https:\/\/www.casasrurales.net\/blog\/wp-json\/wp\/v2\/comments?post=5440"}],"version-history":[{"count":3,"href":"https:\/\/www.casasrurales.net\/blog\/wp-json\/wp\/v2\/posts\/5440\/revisions"}],"predecessor-version":[{"id":11764,"href":"https:\/\/www.casasrurales.net\/blog\/wp-json\/wp\/v2\/posts\/5440\/revisions\/11764"}],"wp:featuredmedia":[{"embeddable":true,"href":"https:\/\/www.casasrurales.net\/blog\/wp-json\/wp\/v2\/media\/11233"}],"wp:attachment":[{"href":"https:\/\/www.casasrurales.net\/blog\/wp-json\/wp\/v2\/media?parent=5440"}],"wp:term":[{"taxonomy":"category","embeddable":true,"href":"https:\/\/www.casasrurales.net\/blog\/wp-json\/wp\/v2\/categories?post=5440"},{"taxonomy":"post_tag","embeddable":true,"href":"https:\/\/www.casasrurales.net\/blog\/wp-json\/wp\/v2\/tags?post=5440"}],"curies":[{"name":"wp","href":"https:\/\/api.w.org\/{rel}","templated":true}]}}