
{"id":528,"date":"2015-12-30T14:17:39","date_gmt":"2015-12-30T14:17:39","guid":{"rendered":"https:\/\/www.casasrurales.net\/blog\/?p=528"},"modified":"2023-10-31T15:11:11","modified_gmt":"2023-10-31T15:11:11","slug":"graus-la-puerta-a-los-pirineos","status":"publish","type":"post","link":"https:\/\/www.casasrurales.net\/blog\/graus-la-puerta-a-los-pirineos","title":{"rendered":"Graus &#8211; la puerta a los pirineos"},"content":{"rendered":"<p><span style=\"font-size: medium;\">El invierno ha llegado para quedarse, comienza <b>la \u00e9poca de nieve<\/b> y por lo tanto, de esquiar y disfrutar de los mejores paisajes nevados.<\/span><\/p>\n<p><span style=\"font-size: medium;\">En Espa\u00f1a tenemos la suerte de tener este tipo de panor\u00e1micas en muchos pueblos.<\/span><\/p>\n<p><span style=\"font-size: medium;\">Hoy te presentamos uno de los m\u00e1s bonitos. <\/span><\/p>\n<h2><strong><span style=\"font-size: medium;\"><i>\u00bfSu nombre?<\/i> Graus.<\/span><\/strong><\/h2>\n<p><span style=\"font-size: medium;\">Se trata de una poblaci\u00f3n situada en la provincia aragonesa de <b>Huesca<\/b>, habi\u00e9ndose alzado con el distintivo de ser la <b>capital<\/b> de una de las comarcas m\u00e1s ricas en cuanto a paisajes y naturaleza, la de <b>la Ribagorza.<\/b><\/span><\/p>\n<p><span style=\"font-size: medium;\">Se tiene constancia de que, desde \u00e9pocas muy tempranas, las comunidades han habitado en la zona; de hecho, no hace mucho tiempo, se han encontrado utensilios de la <b>Prehistoria<\/b> hechos con s\u00edlex.<\/span><\/p>\n<p><span style=\"font-size: medium;\">El pueblo <b>romano, el musulm\u00e1n y el cristiano<\/b>, han dejado a su paso patrimonio patente que hoy en d\u00eda funciona como sello distintivo y marca personal en la zona.<\/span><\/p>\n<p><span style=\"font-size: medium;\">Vamos ahora a contarte qu\u00e9 puedes encontrar en este precioso pueblo que se localiza a casi <b>500 metros de altitud<\/b> y que funciona como la puerta a los Pirineos.<\/span><\/p>\n<ol>\n<li>\n<h2><strong><span style=\"font-size: medium;\"><u>SU CASCO ANTIGUO<\/u><\/span><\/strong><\/h2>\n<\/li>\n<\/ol>\n<p><span style=\"font-size: medium;\">Tambi\u00e9n se denomina <i><b>Barrich\u00f3s<\/b><\/i>, es donde se encuentra la mayor concentraci\u00f3n de lugares hist\u00f3ricos que visitar.<\/span><\/p>\n<p><span style=\"font-size: medium;\">Adem\u00e1s, paseando por su entramado tendr\u00e1s vistas perfectas de <b>la antigua muralla<\/b> de la \u00e9poca medieval, impregnando de esta esencia de anta\u00f1o todo el conjunto.<\/span><\/p>\n<p><a href=\"https:\/\/cdn1.es.casasrurales.net\/blog\/wp-content\/emp\/blogcasas\/2015\/12\/graus-3.jpg\"><img class=\"alignnone size-full wp-image-537\" src=\"https:\/\/cdn1.es.casasrurales.net\/blog\/wp-content\/emp\/blogcasas\/2015\/12\/graus-3.jpg\" alt=\"graus 3\" width=\"400\" height=\"267\" srcset=\"https:\/\/cdn1.es.casasrurales.net\/blog\/wp-content\/emp\/blogcasas\/2015\/12\/graus-3.jpg 400w, https:\/\/cdn1.es.casasrurales.net\/blog\/wp-content\/emp\/blogcasas\/2015\/12\/graus-3-300x200.jpg 300w, https:\/\/cdn1.es.casasrurales.net\/blog\/wp-content\/emp\/blogcasas\/2015\/12\/graus-3-320x213.jpg 320w\" sizes=\"(max-width: 400px) 100vw, 400px\" \/><\/a><\/p>\n<p><span style=\"font-size: medium;\">Las <b>calles<\/b> son m\u00e1s bien <b>estrechas<\/b>, con el encanto que le da la t\u00edpica arquitectura de los <b>soportales<\/b> a ambos lados donde podr\u00edamos imaginar el paso de los nobles a caballo.<\/span><\/p>\n<p><span style=\"font-size: medium;\">De la muralla se pueden distinguir hasta <b>tres partes<\/b> que le dan una gran belleza al espacio, por lo que ha sido <b>declarado Conjunto Hist\u00f3rico Art\u00edstico<\/b> y que actualmente se utilizan en las fiestas patronales, siendo el escenario en el que los gaiteros salen a amenizar a los habitantes.<\/span><\/p>\n<p><span style=\"font-size: medium;\">Te aseguramos que no es para menos.<\/span><\/p>\n<ol start=\"2\">\n<li>\n<h2><strong><span style=\"font-size: medium;\"><u>LA PLAZA MAYOR<\/u><\/span><\/strong><\/h2>\n<\/li>\n<\/ol>\n<p><span style=\"font-size: medium;\">Quiz\u00e1s la parte m\u00e1s llamativa de Graus.<\/span><\/p>\n<p><a href=\"https:\/\/cdn1.es.casasrurales.net\/blog\/wp-content\/emp\/blogcasas\/2015\/12\/PLAZA-MAYOR-GRAUS.jpg\"><img class=\"alignnone size-full wp-image-530\" src=\"https:\/\/cdn1.es.casasrurales.net\/blog\/wp-content\/emp\/blogcasas\/2015\/12\/PLAZA-MAYOR-GRAUS.jpg\" alt=\"PLAZA MAYOR GRAUS\" width=\"640\" height=\"428\" srcset=\"https:\/\/cdn1.es.casasrurales.net\/blog\/wp-content\/emp\/blogcasas\/2015\/12\/PLAZA-MAYOR-GRAUS.jpg 640w, https:\/\/cdn1.es.casasrurales.net\/blog\/wp-content\/emp\/blogcasas\/2015\/12\/PLAZA-MAYOR-GRAUS-300x201.jpg 300w, https:\/\/cdn1.es.casasrurales.net\/blog\/wp-content\/emp\/blogcasas\/2015\/12\/PLAZA-MAYOR-GRAUS-320x213.jpg 320w\" sizes=\"(max-width: 640px) 100vw, 640px\" \/><\/a><\/p>\n<p><span style=\"font-size: medium;\">Su <b>trazado semicircular<\/b>, con los soportales <b>cl\u00e1sicos de la arquitectura<\/b>, soportan las construcciones m\u00e1s antiguas de la zona y, aunque ha sido <b>rehabilitada<\/b>, no se ha querido perder la esencia medieval, con las <b>pinturas originales<\/b> que ya adornaban estas fachadas hace dos siglos.<\/span><\/p>\n<p><span style=\"font-size: medium;\">Actualmente es la <b>sede del Ayuntamiento<\/b> de Graus. Un lugar c\u00e9ntrico y perfecto para esos momentos de reuni\u00f3n.<\/span><\/p>\n<ol start=\"3\">\n<li>\n<h2><strong><span style=\"font-size: medium;\"><u>LA BAS\u00cdLICA<\/u><\/span><\/strong><\/h2>\n<\/li>\n<\/ol>\n<p><span style=\"font-size: medium;\">Un lugar perfecto para tener una <b>perspectiva completa de todo el pueblo.<\/b><\/span><\/p>\n<p><span style=\"font-size: medium;\">Se levant\u00f3 en <b>\u00e9poca romana<\/b> en una localizaci\u00f3n llamativa, en honor a la <b>Virgen de la Pe\u00f1a<\/b>; apellido que viene dado por el lugar en el que se encuentra.<\/span><\/p>\n<div id=\"attachment_11657\" style=\"width: 810px\" class=\"wp-caption aligncenter\"><img aria-describedby=\"caption-attachment-11657\" class=\"size-full wp-image-11657\" src=\"https:\/\/cdn1.es.casasrurales.net\/blog\/wp-content\/emp\/blogcasas\/2015\/12\/jaione_sweden-FLICKR.jpg\" alt=\"La Virgen de la Pe\u00f1a con vistas\" width=\"800\" height=\"450\" srcset=\"https:\/\/cdn1.es.casasrurales.net\/blog\/wp-content\/emp\/blogcasas\/2015\/12\/jaione_sweden-FLICKR.jpg 800w, https:\/\/cdn1.es.casasrurales.net\/blog\/wp-content\/emp\/blogcasas\/2015\/12\/jaione_sweden-FLICKR-300x169.jpg 300w, https:\/\/cdn1.es.casasrurales.net\/blog\/wp-content\/emp\/blogcasas\/2015\/12\/jaione_sweden-FLICKR-768x432.jpg 768w\" sizes=\"(max-width: 800px) 100vw, 800px\" \/><p id=\"caption-attachment-11657\" class=\"wp-caption-text\">Bas\u00edlica con vistas al entorno<\/p><\/div>\n<p><span style=\"font-size: medium;\">Tiene <b>una gran altitud<\/b> e incluso, desde el interior, se puede llegar a un <b>mirador<\/b> que ofrece la panor\u00e1mica m\u00e1s impresionante que se pueda tener de dos de los <b>valles<\/b> de la zona: el <b>\u00c9sera<\/b> y el <b>de Is\u00e1bena.<\/b><\/span><\/p>\n<p><span style=\"font-size: medium;\">Un lujo para los sentidos. <\/span><\/p>\n<ol start=\"4\">\n<li>\n<h2><strong><span style=\"font-size: medium;\"><u>TEMPLO BUDISTA<\/u><\/span><\/strong><\/h2>\n<\/li>\n<\/ol>\n<p><span style=\"font-size: medium;\">Se ha proclamado como la principal atracci\u00f3n del turismo a la zona.<\/span><\/p>\n<p><span style=\"font-size: medium;\">Aunque resulta raro una construcci\u00f3n de estas caracter\u00edsticas, te aseguramos que es cierto.<\/span><\/p>\n<p><span style=\"font-size: medium;\">Su fachada se levanta imponente en un espacio en el que se abren los <b>senderos entre jardines,<\/b> adornada con elementos de gran colorido que ponen el toque peculiar.<\/span><\/p>\n<p><a href=\"https:\/\/cdn1.es.casasrurales.net\/blog\/wp-content\/emp\/blogcasas\/2015\/12\/TEMPLO-BUDISTA-GRAUS.jpg\"><img class=\"alignnone size-full wp-image-532\" src=\"https:\/\/cdn1.es.casasrurales.net\/blog\/wp-content\/emp\/blogcasas\/2015\/12\/TEMPLO-BUDISTA-GRAUS.jpg\" alt=\"TEMPLO BUDISTA GRAUS\" width=\"640\" height=\"480\" srcset=\"https:\/\/cdn1.es.casasrurales.net\/blog\/wp-content\/emp\/blogcasas\/2015\/12\/TEMPLO-BUDISTA-GRAUS.jpg 640w, https:\/\/cdn1.es.casasrurales.net\/blog\/wp-content\/emp\/blogcasas\/2015\/12\/TEMPLO-BUDISTA-GRAUS-300x225.jpg 300w, https:\/\/cdn1.es.casasrurales.net\/blog\/wp-content\/emp\/blogcasas\/2015\/12\/TEMPLO-BUDISTA-GRAUS-156x117.jpg 156w\" sizes=\"(max-width: 640px) 100vw, 640px\" \/><\/a><\/p>\n<p><span style=\"font-size: medium;\">Su nombre real es <\/span><span style=\"color: #000000;\"><span style=\"font-size: medium;\"><i>Dag Shang Kagy\u00fc<\/i><\/span><\/span><span style=\"color: #000000;\"><span style=\"font-size: medium;\">, y fue construido en los <\/span><\/span><span style=\"color: #000000;\"><span style=\"font-size: medium;\"><b>a\u00f1os 80<\/b><\/span><\/span><span style=\"color: #000000;\"><span style=\"font-size: medium;\"> para atender a las necesidades de los budistas, que cada vez eran m\u00e1s.<\/span><\/span><\/p>\n<p><span style=\"color: #000000;\"><span style=\"font-size: medium;\">Actualmente, para fusionar la vida actual con esta religi\u00f3n, se ofrecen cursos al aire libre en los que los entendidos, ense\u00f1an a propios y extra\u00f1os las <\/span><\/span><span style=\"color: #000000;\"><span style=\"font-size: medium;\"><b>t\u00e9cnicas de relajaci\u00f3n<\/b><\/span><\/span><span style=\"color: #000000;\"><span style=\"font-size: medium;\"> que practican, como por ejemplo el tan afamado <\/span><\/span><span style=\"color: #000000;\"><span style=\"font-size: medium;\"><b>yoga<\/b><\/span><\/span><span style=\"color: #000000;\"><span style=\"font-size: medium;\">.<\/span><\/span><\/p>\n<ol start=\"5\">\n<li>\n<h2><strong><span style=\"font-size: medium;\"><u>LOS PIRINEOS<\/u><\/span><\/strong><\/h2>\n<\/li>\n<\/ol>\n<p><span style=\"font-size: medium;\">No nos pod\u00edamos despedir sin mencionar este <b>precioso entorno natural.<\/b><\/span><\/p>\n<p><span style=\"font-size: medium;\">Uno de los m\u00e1s bellos del pa\u00eds.<\/span><\/p>\n<p><a href=\"https:\/\/cdn1.es.casasrurales.net\/blog\/wp-content\/emp\/blogcasas\/2015\/12\/PIRINEOS-GRAUS.jpg\"><img class=\"alignnone size-full wp-image-533\" src=\"https:\/\/cdn1.es.casasrurales.net\/blog\/wp-content\/emp\/blogcasas\/2015\/12\/PIRINEOS-GRAUS.jpg\" alt=\"PIRINEOS GRAUS\" width=\"640\" height=\"141\" srcset=\"https:\/\/cdn1.es.casasrurales.net\/blog\/wp-content\/emp\/blogcasas\/2015\/12\/PIRINEOS-GRAUS.jpg 640w, https:\/\/cdn1.es.casasrurales.net\/blog\/wp-content\/emp\/blogcasas\/2015\/12\/PIRINEOS-GRAUS-300x66.jpg 300w\" sizes=\"(max-width: 640px) 100vw, 640px\" \/><\/a><\/p>\n<p><span style=\"font-size: medium;\">Al situarse Graus tan cerca, puede ser uno de los puntos de partida perfectos para esos amantes de la nieve, del esqu\u00ed y en definitiva, de la naturaleza.<\/span><\/p>\n<h2><em><strong><span style=\"font-size: medium;\">\u00bfQu\u00e9 vas a encontrar?<\/span><\/strong><\/em><\/h2>\n<p><span style=\"font-size: medium;\">Verde, azul y gris. Los <b>valles<\/b>, rodeados de <b>cascadas<\/b> en las que el agua baja furiosa hasta la parte m\u00e1s baja, amoldando la <b>roca<\/b> a su paso, forman un paisaje digno de las mejores obras de arte.<\/span><\/p>\n<p><a href=\"https:\/\/cdn1.es.casasrurales.net\/blog\/wp-content\/emp\/blogcasas\/2015\/12\/PAISAJE-GRAUS.jpg\"><img class=\"alignnone size-full wp-image-534\" src=\"https:\/\/cdn1.es.casasrurales.net\/blog\/wp-content\/emp\/blogcasas\/2015\/12\/PAISAJE-GRAUS.jpg\" alt=\"PAISAJE GRAUS\" width=\"640\" height=\"395\" srcset=\"https:\/\/cdn1.es.casasrurales.net\/blog\/wp-content\/emp\/blogcasas\/2015\/12\/PAISAJE-GRAUS.jpg 640w, https:\/\/cdn1.es.casasrurales.net\/blog\/wp-content\/emp\/blogcasas\/2015\/12\/PAISAJE-GRAUS-300x185.jpg 300w\" sizes=\"(max-width: 640px) 100vw, 640px\" \/><\/a><\/p>\n<p><span style=\"font-size: medium;\">Para aquellos intr\u00e9pidos, las <b>estaciones de esqu\u00ed<\/b> que podr\u00e9is encontrar en Huesca, las podemos resumir en tres; la de <b>Panticosa, Cerler y Formigal<\/b>, que adem\u00e1s son algunos de los mejores trazados en nieve.<\/span><\/p>\n<p><span style=\"font-size: medium;\">Como sabemos que son muchas cosas que ver, y adem\u00e1s, nos han chivado los Reyes Magos que hab\u00e9is sido buenos, os merec\u00e9is un descanso, y qu\u00e9 mejor, que en una casita rural. Aqu\u00ed os dejamos algunas <a href=\"https:\/\/www.casasrurales.net\/casas-rurales\/huesca\/graus\">opciones dentro de Graus<\/a>.<\/span><\/p>\n","protected":false},"excerpt":{"rendered":"<p>El invierno ha llegado para quedarse, comienza la \u00e9poca de nieve y por lo tanto, de esquiar y disfrutar de los mejores paisajes nevados. En Espa\u00f1a tenemos la suerte de tener este tipo de panor\u00e1micas en muchos pueblos. Hoy te&hellip; <br \/><a class=\"read-more-button\" href=\"https:\/\/www.casasrurales.net\/blog\/graus-la-puerta-a-los-pirineos\">Leer m\u00e1s<\/a><\/p>\n","protected":false},"author":6,"featured_media":536,"comment_status":"open","ping_status":"open","sticky":false,"template":"","format":"standard","meta":[],"categories":[16],"tags":[],"_links":{"self":[{"href":"https:\/\/www.casasrurales.net\/blog\/wp-json\/wp\/v2\/posts\/528"}],"collection":[{"href":"https:\/\/www.casasrurales.net\/blog\/wp-json\/wp\/v2\/posts"}],"about":[{"href":"https:\/\/www.casasrurales.net\/blog\/wp-json\/wp\/v2\/types\/post"}],"author":[{"embeddable":true,"href":"https:\/\/www.casasrurales.net\/blog\/wp-json\/wp\/v2\/users\/6"}],"replies":[{"embeddable":true,"href":"https:\/\/www.casasrurales.net\/blog\/wp-json\/wp\/v2\/comments?post=528"}],"version-history":[{"count":8,"href":"https:\/\/www.casasrurales.net\/blog\/wp-json\/wp\/v2\/posts\/528\/revisions"}],"predecessor-version":[{"id":12031,"href":"https:\/\/www.casasrurales.net\/blog\/wp-json\/wp\/v2\/posts\/528\/revisions\/12031"}],"wp:featuredmedia":[{"embeddable":true,"href":"https:\/\/www.casasrurales.net\/blog\/wp-json\/wp\/v2\/media\/536"}],"wp:attachment":[{"href":"https:\/\/www.casasrurales.net\/blog\/wp-json\/wp\/v2\/media?parent=528"}],"wp:term":[{"taxonomy":"category","embeddable":true,"href":"https:\/\/www.casasrurales.net\/blog\/wp-json\/wp\/v2\/categories?post=528"},{"taxonomy":"post_tag","embeddable":true,"href":"https:\/\/www.casasrurales.net\/blog\/wp-json\/wp\/v2\/tags?post=528"}],"curies":[{"name":"wp","href":"https:\/\/api.w.org\/{rel}","templated":true}]}}