
{"id":5099,"date":"2024-04-29T10:28:43","date_gmt":"2024-04-29T10:28:43","guid":{"rendered":"https:\/\/www.casasrurales.net\/blog\/?p=5099"},"modified":"2024-04-29T10:28:43","modified_gmt":"2024-04-29T10:28:43","slug":"lugares-para-perderte-en-mitad-de-la-naturaleza","status":"publish","type":"post","link":"https:\/\/www.casasrurales.net\/blog\/lugares-para-perderte-en-mitad-de-la-naturaleza","title":{"rendered":"Lugares para perderte en mitad de la naturaleza"},"content":{"rendered":"<p><strong>Dicen que perderse es encontrarse,<\/strong> y es precisamente lo que queremos hacer esta vez: perdernos.<\/p>\n<p>Y es que nuestro pa\u00eds cuenta con <strong>un mont\u00f3n de espacios que propician que puedas perderte<\/strong> y descubrir la magia de sus rincones m\u00e1s naturales. No pierdas la oportunidad de disfrutar de <strong>un momento de <em>reseteo<\/em> estas vacaciones<\/strong>, para comenzar con las pilas reci\u00e9n cargadas.<\/p>\n<p>Si quieres <strong>descubrir alguno de los lugares m\u00e1s visitados<\/strong> por los turistas, que tienen naturaleza en estado puro, te presentamos los mejores destinos.<\/p>\n<p><strong>\u00a1Apunta que empezamos nuestra ruta!<\/strong><\/p>\n<h2><strong>Parque Natural de El Torcal<\/strong><\/h2>\n<div id=\"attachment_5100\" style=\"width: 650px\" class=\"wp-caption aligncenter\"><img aria-describedby=\"caption-attachment-5100\" class=\"size-full wp-image-5100\" src=\"https:\/\/cdn1.es.casasrurales.net\/blog\/wp-content\/emp\/blogcasas\/2018\/07\/\u00c1ngel-M.-Felic\u00edsimo-FLICKR-2.jpg\" alt=\"\u00c1ngel M. Felic\u00edsimo-FLICKR\" width=\"640\" height=\"424\" srcset=\"https:\/\/cdn1.es.casasrurales.net\/blog\/wp-content\/emp\/blogcasas\/2018\/07\/\u00c1ngel-M.-Felic\u00edsimo-FLICKR-2.jpg 640w, https:\/\/cdn1.es.casasrurales.net\/blog\/wp-content\/emp\/blogcasas\/2018\/07\/\u00c1ngel-M.-Felic\u00edsimo-FLICKR-2-300x199.jpg 300w, https:\/\/cdn1.es.casasrurales.net\/blog\/wp-content\/emp\/blogcasas\/2018\/07\/\u00c1ngel-M.-Felic\u00edsimo-FLICKR-2-320x213.jpg 320w\" sizes=\"(max-width: 640px) 100vw, 640px\" \/><p id=\"caption-attachment-5100\" class=\"wp-caption-text\">\u00c1ngel M. Felic\u00edsimo-FLICKR<\/p><\/div>\n<p>Comenzamos en la <a href=\"https:\/\/www.casasrurales.net\/casas-rurales\/malaga\"><strong>provincia de M\u00e1laga<\/strong><\/a>, en la que vas a poder disfrutar de un inmenso paisaje verde dentro de la zona de <strong>Antequera<\/strong>.<\/p>\n<p>Lo relevante de este lugar es la<strong> forma que adquieren las rocas que lo forman,<\/strong> y que dejan en ocasiones, <strong>cavidades<\/strong> en las que puedes adentrarte para hacer tu escapada mucho m\u00e1s divertida, y que te van a conducir a<strong> verdaderos paisajes \u00fanicos<\/strong> entre las rocas.<\/p>\n<h2><strong>Parque Natural de la Sierra de Cazorla<\/strong><\/h2>\n<div id=\"attachment_5101\" style=\"width: 650px\" class=\"wp-caption aligncenter\"><img aria-describedby=\"caption-attachment-5101\" class=\"size-full wp-image-5101\" src=\"https:\/\/cdn1.es.casasrurales.net\/blog\/wp-content\/emp\/blogcasas\/2018\/07\/Leandro-Mart\u00ednez-del-R\u00edo-FLICKR.jpg\" alt=\"Leandro Mart\u00ednez del R\u00edo-FLICKR\" width=\"640\" height=\"426\" srcset=\"https:\/\/cdn1.es.casasrurales.net\/blog\/wp-content\/emp\/blogcasas\/2018\/07\/Leandro-Mart\u00ednez-del-R\u00edo-FLICKR.jpg 640w, https:\/\/cdn1.es.casasrurales.net\/blog\/wp-content\/emp\/blogcasas\/2018\/07\/Leandro-Mart\u00ednez-del-R\u00edo-FLICKR-300x200.jpg 300w, https:\/\/cdn1.es.casasrurales.net\/blog\/wp-content\/emp\/blogcasas\/2018\/07\/Leandro-Mart\u00ednez-del-R\u00edo-FLICKR-320x213.jpg 320w\" sizes=\"(max-width: 640px) 100vw, 640px\" \/><p id=\"caption-attachment-5101\" class=\"wp-caption-text\">Leandro Mart\u00ednez del R\u00edo-FLICKR<\/p><\/div>\n<p>Sin abandonar Andaluc\u00eda, nos centramos ahora en la <strong><a href=\"https:\/\/www.casasrurales.net\/casas-rurales\/jaen\">provincia de Ja\u00e9n<\/a>,<\/strong> y concretamente uno de los pueblos m\u00e1s visitados que es <strong>Cazorla<\/strong>.<\/p>\n<p>En este emplazamiento \u00fanico se dan cita <strong>valles, cascadas y elementos de la vegetaci\u00f3n<\/strong> t\u00edpicos de la zona que te invitamos que conozcas.<\/p>\n<p>Para que no te pierdas nada, puedes realizar<strong> cualquiera de las rutas que se extienden por la zona,<\/strong> y que te van a permitir conocer uno de los principales motores de la industria maderera.<\/p>\n<h2><strong>Sierra de Tramuntana<\/strong><\/h2>\n<div id=\"attachment_5102\" style=\"width: 650px\" class=\"wp-caption aligncenter\"><img aria-describedby=\"caption-attachment-5102\" class=\"size-full wp-image-5102\" src=\"https:\/\/cdn1.es.casasrurales.net\/blog\/wp-content\/emp\/blogcasas\/2018\/07\/Xoxe-Garc\u00eda-FLICKR.jpg\" alt=\"Xoxe Garc\u00eda-FLICKR\" width=\"640\" height=\"424\" srcset=\"https:\/\/cdn1.es.casasrurales.net\/blog\/wp-content\/emp\/blogcasas\/2018\/07\/Xoxe-Garc\u00eda-FLICKR.jpg 640w, https:\/\/cdn1.es.casasrurales.net\/blog\/wp-content\/emp\/blogcasas\/2018\/07\/Xoxe-Garc\u00eda-FLICKR-300x199.jpg 300w, https:\/\/cdn1.es.casasrurales.net\/blog\/wp-content\/emp\/blogcasas\/2018\/07\/Xoxe-Garc\u00eda-FLICKR-320x213.jpg 320w\" sizes=\"(max-width: 640px) 100vw, 640px\" \/><p id=\"caption-attachment-5102\" class=\"wp-caption-text\">Xoxe Garc\u00eda-FLICKR<\/p><\/div>\n<p>Hasta la <a href=\"https:\/\/www.casasrurales.net\/casas-rurales\/mallorca\"><strong>isla de Mallorca<\/strong><\/a> nos vamos ahora, para que puedas conocer a fondo esta maravilla que nos regala la naturaleza, en la que estamos seguros de que<strong> vas a poder desconectar<\/strong> y descubrir lugares \u00fanicos.<\/p>\n<p>Se trata de un lugar perfecto si eres aventurero, ya que adem\u00e1s aqu\u00ed se desarrollan<strong> un mont\u00f3n de actividades<\/strong> de turismo activo, como pueden ser el <strong>barranquismo<\/strong> o las rutas senderistas.<\/p>\n<p>Las <strong>cascadas<\/strong> que se reparten por alguno de sus rincones, le aportan la guinda al pastel de este emplazamiento tan natural y agradable.<\/p>\n<p><strong>Los pueblos que lo forman<\/strong> adem\u00e1s, tienen todo lo que buscas. Para cualquier turista: <strong>playa y monta\u00f1a; fauna y flora<\/strong> y en definitiva, un paisaje lleno de encanto.<\/p>\n<h2><strong>Monta\u00f1as de Anaga<\/strong><\/h2>\n<div id=\"attachment_5103\" style=\"width: 650px\" class=\"wp-caption aligncenter\"><img aria-describedby=\"caption-attachment-5103\" class=\"size-full wp-image-5103\" src=\"https:\/\/cdn1.es.casasrurales.net\/blog\/wp-content\/emp\/blogcasas\/2018\/07\/Javier-Sanchez-Portero-FLICKR.jpg\" alt=\"Javier Sanchez Portero-FLICKR\" width=\"640\" height=\"389\" srcset=\"https:\/\/cdn1.es.casasrurales.net\/blog\/wp-content\/emp\/blogcasas\/2018\/07\/Javier-Sanchez-Portero-FLICKR.jpg 640w, https:\/\/cdn1.es.casasrurales.net\/blog\/wp-content\/emp\/blogcasas\/2018\/07\/Javier-Sanchez-Portero-FLICKR-300x182.jpg 300w\" sizes=\"(max-width: 640px) 100vw, 640px\" \/><p id=\"caption-attachment-5103\" class=\"wp-caption-text\">Javier Sanchez Portero-FLICKR<\/p><\/div>\n<p>Seguimos de isla en isla, para desplazarnos ahora hasta <strong>Tenerife<\/strong>, donde nos encontramos con mar y monta\u00f1a fusionadas en<strong> una panor\u00e1mica espectacular.<\/strong><\/p>\n<p>Los<strong> acantilados que se funden con el agua<\/strong>, y que se protegen con la<strong> vegetaci\u00f3n m\u00e1s frondosa<\/strong>, proporcionan un contraste excelente para el viajero.<\/p>\n<p>Entre estas monta\u00f1as se descubrir lugares como<strong> la ermita de la Cruz del Carmen,<\/strong> que te recomendamos que visites para conocer de esta manera, un poco m\u00e1s a fondo su historia y su cultura.<\/p>\n<h2><strong>Parque Natural de Corralejo<\/strong><\/h2>\n<div id=\"attachment_5104\" style=\"width: 650px\" class=\"wp-caption aligncenter\"><img aria-describedby=\"caption-attachment-5104\" class=\"size-full wp-image-5104\" src=\"https:\/\/cdn1.es.casasrurales.net\/blog\/wp-content\/emp\/blogcasas\/2018\/07\/Thomas-Tolkien-FLICKR.jpg\" alt=\"Thomas Tolkien-FLICKR\" width=\"640\" height=\"424\" srcset=\"https:\/\/cdn1.es.casasrurales.net\/blog\/wp-content\/emp\/blogcasas\/2018\/07\/Thomas-Tolkien-FLICKR.jpg 640w, https:\/\/cdn1.es.casasrurales.net\/blog\/wp-content\/emp\/blogcasas\/2018\/07\/Thomas-Tolkien-FLICKR-300x199.jpg 300w, https:\/\/cdn1.es.casasrurales.net\/blog\/wp-content\/emp\/blogcasas\/2018\/07\/Thomas-Tolkien-FLICKR-320x213.jpg 320w\" sizes=\"(max-width: 640px) 100vw, 640px\" \/><p id=\"caption-attachment-5104\" class=\"wp-caption-text\">Thomas Tolkien-FLICKR<\/p><\/div>\n<p>En la<strong> localidad de la que recibe el nombre,<\/strong> y dentro de la <strong><a href=\"https:\/\/www.casasrurales.net\/casas-rurales\/fuerteventura\">isla de Fuerteventura<\/a>,<\/strong> nos encontramos con un paisaje des\u00e9rtico y lleno de magia.<\/p>\n<p>Las <strong>dunas<\/strong>, con algunas <strong>rocas de origen volc\u00e1nico<\/strong> en la parte inferior, son el escenario ideal para esa foto perfecta de tus vacaciones de verano.<\/p>\n<p>Pero no todo es arena, ya que en este espacio, <strong>puedes adem\u00e1s ba\u00f1arte en cualquiera de sus calas paradis\u00edacas,<\/strong> donde la <strong>arena blanca y las aguas cristalinas<\/strong> son m\u00e1s que buenas razones para visitar la zona.<\/p>\n<p><em><strong>\u00bfTe hemos convencido para que te pierdas por los diferentes espacios naturales que tenemos?<\/strong><\/em><\/p>\n","protected":false},"excerpt":{"rendered":"<p>Dicen que perderse es encontrarse, y es precisamente lo que queremos hacer esta vez: perdernos. Y es que nuestro pa\u00eds cuenta con un mont\u00f3n de espacios que propician que puedas perderte y descubrir la magia de sus rincones m\u00e1s naturales.&hellip; <br \/><a class=\"read-more-button\" href=\"https:\/\/www.casasrurales.net\/blog\/lugares-para-perderte-en-mitad-de-la-naturaleza\">Leer m\u00e1s<\/a><\/p>\n","protected":false},"author":6,"featured_media":5105,"comment_status":"open","ping_status":"open","sticky":false,"template":"","format":"standard","meta":[],"categories":[12],"tags":[52],"_links":{"self":[{"href":"https:\/\/www.casasrurales.net\/blog\/wp-json\/wp\/v2\/posts\/5099"}],"collection":[{"href":"https:\/\/www.casasrurales.net\/blog\/wp-json\/wp\/v2\/posts"}],"about":[{"href":"https:\/\/www.casasrurales.net\/blog\/wp-json\/wp\/v2\/types\/post"}],"author":[{"embeddable":true,"href":"https:\/\/www.casasrurales.net\/blog\/wp-json\/wp\/v2\/users\/6"}],"replies":[{"embeddable":true,"href":"https:\/\/www.casasrurales.net\/blog\/wp-json\/wp\/v2\/comments?post=5099"}],"version-history":[{"count":3,"href":"https:\/\/www.casasrurales.net\/blog\/wp-json\/wp\/v2\/posts\/5099\/revisions"}],"predecessor-version":[{"id":12258,"href":"https:\/\/www.casasrurales.net\/blog\/wp-json\/wp\/v2\/posts\/5099\/revisions\/12258"}],"wp:featuredmedia":[{"embeddable":true,"href":"https:\/\/www.casasrurales.net\/blog\/wp-json\/wp\/v2\/media\/5105"}],"wp:attachment":[{"href":"https:\/\/www.casasrurales.net\/blog\/wp-json\/wp\/v2\/media?parent=5099"}],"wp:term":[{"taxonomy":"category","embeddable":true,"href":"https:\/\/www.casasrurales.net\/blog\/wp-json\/wp\/v2\/categories?post=5099"},{"taxonomy":"post_tag","embeddable":true,"href":"https:\/\/www.casasrurales.net\/blog\/wp-json\/wp\/v2\/tags?post=5099"}],"curies":[{"name":"wp","href":"https:\/\/api.w.org\/{rel}","templated":true}]}}