
{"id":5014,"date":"2022-02-07T15:02:43","date_gmt":"2022-02-07T15:02:43","guid":{"rendered":"https:\/\/www.casasrurales.net\/blog\/?p=5014"},"modified":"2022-02-07T15:02:44","modified_gmt":"2022-02-07T15:02:44","slug":"yacimientos-arqueologicos-para-visitar-en-espana","status":"publish","type":"post","link":"https:\/\/www.casasrurales.net\/blog\/yacimientos-arqueologicos-para-visitar-en-espana","title":{"rendered":"Yacimientos arqueol\u00f3gicos para visitar en Espa\u00f1a"},"content":{"rendered":"<p>Espa\u00f1a es un pa\u00eds muy rico en historia que cuenta con <strong>numerosos yacimientos arqueol\u00f3gicos<\/strong> que hoy en d\u00eda se pueden visitar casi por <strong>cualquier punto de su geograf\u00ed<\/strong>a, haci\u00e9ndote disfrutar de esos <strong>vestigios<\/strong> que nos proyectan una imagen de c\u00f3mo eran las antiguas comunidades que poblaban Espa\u00f1a.<\/p>\n<p>Las ganas de saber de nuestro pasado, de<strong> conocer c\u00f3mo viv\u00edan otras comunidades,<\/strong> y de entendernos un poco m\u00e1s a partir de nuestros antepasados, siempre est\u00e1n ah\u00ed. Siempre estamos en la b\u00fasqueda de nuevos lugares en los que posiblemente, habitaron otros pueblos.<\/p>\n<p>Si t\u00fa tambi\u00e9n quieres conocer a fondo cada uno de estos puntos est\u00e1s de suerte, ya que en nuestro pa\u00eds existen un mont\u00f3n de <strong><a href=\"https:\/\/www.casasrurales.net\/casas-rurales\/pontevedra\">lugares en los que quedan restos que te har\u00e1n viajar muchos siglos atr\u00e1s<\/a><\/strong>.<\/p>\n<p><strong><em>\u00bfPreparado para viajar al pasado?<\/em> <\/strong>\u00a1Comienza nuestra ruta!<\/p>\n<h2><strong>D\u00f3lmenes de Antequera<\/strong><\/h2>\n<div id=\"attachment_10420\" style=\"width: 810px\" class=\"wp-caption aligncenter\"><img aria-describedby=\"caption-attachment-10420\" class=\"size-full wp-image-10420\" src=\"https:\/\/cdn1.es.casasrurales.net\/blog\/wp-content\/emp\/blogcasas\/2018\/08\/Shadowgate-FLICKR.jpg\" alt=\"Shadowgate-FLICKR\" width=\"800\" height=\"535\" srcset=\"https:\/\/cdn1.es.casasrurales.net\/blog\/wp-content\/emp\/blogcasas\/2018\/08\/Shadowgate-FLICKR.jpg 800w, https:\/\/cdn1.es.casasrurales.net\/blog\/wp-content\/emp\/blogcasas\/2018\/08\/Shadowgate-FLICKR-300x201.jpg 300w, https:\/\/cdn1.es.casasrurales.net\/blog\/wp-content\/emp\/blogcasas\/2018\/08\/Shadowgate-FLICKR-768x514.jpg 768w, https:\/\/cdn1.es.casasrurales.net\/blog\/wp-content\/emp\/blogcasas\/2018\/08\/Shadowgate-FLICKR-320x213.jpg 320w\" sizes=\"(max-width: 800px) 100vw, 800px\" \/><p id=\"caption-attachment-10420\" class=\"wp-caption-text\">Shadowgate-FLICKR<\/p><\/div>\n<p>Empezamos nuestra ruta por los <strong>yacimientos arqueol\u00f3gicos de Espa\u00f1a<\/strong> situados en la <a href=\"https:\/\/www.casasrurales.net\/casas-rurales\/malaga\/antequera\"><strong>provincia de M\u00e1laga<\/strong><\/a>, en la que nos encontramos con un conjunto catalogado como<strong> Patrimonio Mundial<\/strong> por la importancia de su envergadura y lo que nos ense\u00f1an.<\/p>\n<p>Las losas que componen este espacio en el que podemos ver perfectamente c\u00f3mo era la <strong>arquitectura megal\u00edtica<\/strong> de la <strong>Prehistoria<\/strong>, llegan a pesar unas<strong> 180 toneladas<\/strong>, formando<strong> cinco monumentos<\/strong> espectaculares que se pueden visitar.<\/p>\n<h2><strong>Castro de Santa Tegra<\/strong><\/h2>\n<div id=\"attachment_5020\" style=\"width: 650px\" class=\"wp-caption aligncenter\"><img aria-describedby=\"caption-attachment-5020\" class=\"size-full wp-image-5020\" src=\"https:\/\/cdn1.es.casasrurales.net\/blog\/wp-content\/emp\/blogcasas\/2018\/07\/Contando-Estrelas-FLICKR-1.jpg\" alt=\"Contando Estrelas-FLICKR\" width=\"640\" height=\"426\" srcset=\"https:\/\/cdn1.es.casasrurales.net\/blog\/wp-content\/emp\/blogcasas\/2018\/07\/Contando-Estrelas-FLICKR-1.jpg 640w, https:\/\/cdn1.es.casasrurales.net\/blog\/wp-content\/emp\/blogcasas\/2018\/07\/Contando-Estrelas-FLICKR-1-300x200.jpg 300w, https:\/\/cdn1.es.casasrurales.net\/blog\/wp-content\/emp\/blogcasas\/2018\/07\/Contando-Estrelas-FLICKR-1-320x213.jpg 320w\" sizes=\"(max-width: 640px) 100vw, 640px\" \/><p id=\"caption-attachment-5020\" class=\"wp-caption-text\">Contando Estrelas-FLICKR<\/p><\/div>\n<p>Hasta la provincia de <a href=\"https:\/\/www.casasrurales.net\/casas-rurales\/pontevedra\"><strong>Pontevedra<\/strong><\/a> viajamos para encontrarnos esta joya, en la misma<strong> desembocadura del Mi\u00f1o<\/strong>, desde donde las vistas del Atl\u00e1ntico son espectaculares.<\/p>\n<p>Es un <strong>Museo Arqueol\u00f3gico<\/strong> en el que el acceso <strong>cuesta aproximadamente un euro<\/strong>, y donde se puede disfrutar de unas <strong>ruinas celt\u00edberas<\/strong>, con algunas huellas de los romanos.<\/p>\n<p>Y todo esto, en la<strong> poblaci\u00f3n de A Guarda.<\/strong><\/p>\n<h2><strong>Atapuerca<\/strong><\/h2>\n<div id=\"attachment_5019\" style=\"width: 650px\" class=\"wp-caption aligncenter\"><img aria-describedby=\"caption-attachment-5019\" class=\"size-full wp-image-5019\" src=\"https:\/\/cdn1.es.casasrurales.net\/blog\/wp-content\/emp\/blogcasas\/2018\/07\/dorfun-FLICKR.jpg\" alt=\"dorfun-FLICKR\" width=\"640\" height=\"428\" srcset=\"https:\/\/cdn1.es.casasrurales.net\/blog\/wp-content\/emp\/blogcasas\/2018\/07\/dorfun-FLICKR.jpg 640w, https:\/\/cdn1.es.casasrurales.net\/blog\/wp-content\/emp\/blogcasas\/2018\/07\/dorfun-FLICKR-300x201.jpg 300w, https:\/\/cdn1.es.casasrurales.net\/blog\/wp-content\/emp\/blogcasas\/2018\/07\/dorfun-FLICKR-320x213.jpg 320w\" sizes=\"(max-width: 640px) 100vw, 640px\" \/><p id=\"caption-attachment-5019\" class=\"wp-caption-text\">dorfun-FLICKR<\/p><\/div>\n<p>Uno de los lugares <strong>m\u00e1s visitados y de m\u00e1s importancia en nuestro pa\u00eds<\/strong>. Se localiza en la zona de<strong><a href=\"https:\/\/www.casasrurales.net\/casas-rurales\/burgos\/ibeas-de-juarros\"> Ibeas de Juarros<\/a>,<\/strong> una zona que pertenece a la<strong> provincia de Burgos.<\/strong><\/p>\n<p>Son tan importantes estos yacimientos, en los que se han encontrado<strong> restos f\u00f3siles de hom\u00ednidos<\/strong> habitantes de estas zonas hace millones de a\u00f1os, que se ha declaro <strong>Patrimonio de la Humanidad, y Bien de Inter\u00e9s Cultural<\/strong> entre otras muchas nomenclaturas.<\/p>\n<p>En este espacio se reparten distintas zonas, donde <strong>se pueden ver diferentes restos<\/strong>, y donde conocer\u00e1s alguno de los espacios m\u00e1s impactantes, como<strong> la Sima del Elefante.<\/strong><\/p>\n<p>Su acceso, de pago, incluye la <strong>visita a un centro de interpretaci\u00f3n<\/strong> que hay.<\/p>\n<h2><strong>Pla de Petracos<\/strong><\/h2>\n<div id=\"attachment_10419\" style=\"width: 810px\" class=\"wp-caption aligncenter\"><img aria-describedby=\"caption-attachment-10419\" class=\"size-full wp-image-10419\" src=\"https:\/\/cdn1.es.casasrurales.net\/blog\/wp-content\/emp\/blogcasas\/2018\/08\/Chico-Ferreira-FLICKR.jpg\" alt=\"Chico Ferreira-FLICKR\" width=\"800\" height=\"600\" srcset=\"https:\/\/cdn1.es.casasrurales.net\/blog\/wp-content\/emp\/blogcasas\/2018\/08\/Chico-Ferreira-FLICKR.jpg 800w, https:\/\/cdn1.es.casasrurales.net\/blog\/wp-content\/emp\/blogcasas\/2018\/08\/Chico-Ferreira-FLICKR-300x225.jpg 300w, https:\/\/cdn1.es.casasrurales.net\/blog\/wp-content\/emp\/blogcasas\/2018\/08\/Chico-Ferreira-FLICKR-768x576.jpg 768w, https:\/\/cdn1.es.casasrurales.net\/blog\/wp-content\/emp\/blogcasas\/2018\/08\/Chico-Ferreira-FLICKR-156x117.jpg 156w\" sizes=\"(max-width: 800px) 100vw, 800px\" \/><p id=\"caption-attachment-10419\" class=\"wp-caption-text\">Chico Ferreira-FLICKR<\/p><\/div>\n<p>Si hablamos de pinturas rupestres, y aunque Altamira se lleva todos los focos, existen otros lugares como este, ubicado en la <a href=\"https:\/\/www.casasrurales.net\/casas-rurales\/alicante\"><strong>provincia de Alicante<\/strong><\/a>, en el que se puede disfrutar del <strong>arte rupestre.<\/strong><\/p>\n<p>Estas pinturas datan de<strong> hace 8.000 a\u00f1os<\/strong> y representan<strong> figuras en actitud orante<\/strong>, as\u00ed como parejas, siendo la \u00e9poca en la que se comenz\u00f3 a dar importancia a los<strong> dioses y a la fertilidad<\/strong>. Sin duda, una de las <strong>visitas m\u00e1s interesantes<\/strong> para descubrir la historia en la provincia.<\/p>\n<h2><strong>Necr\u00f3polis de T\u00fatugi<\/strong><\/h2>\n<div id=\"attachment_10418\" style=\"width: 810px\" class=\"wp-caption aligncenter\"><img aria-describedby=\"caption-attachment-10418\" class=\"size-full wp-image-10418\" src=\"https:\/\/cdn1.es.casasrurales.net\/blog\/wp-content\/emp\/blogcasas\/2018\/08\/Angel-M.-Felicisimo-FLICKR.jpg\" alt=\"\u00c1ngel M. Felic\u00edsimo-FLICKR\" width=\"800\" height=\"387\" srcset=\"https:\/\/cdn1.es.casasrurales.net\/blog\/wp-content\/emp\/blogcasas\/2018\/08\/Angel-M.-Felicisimo-FLICKR.jpg 800w, https:\/\/cdn1.es.casasrurales.net\/blog\/wp-content\/emp\/blogcasas\/2018\/08\/Angel-M.-Felicisimo-FLICKR-300x145.jpg 300w, https:\/\/cdn1.es.casasrurales.net\/blog\/wp-content\/emp\/blogcasas\/2018\/08\/Angel-M.-Felicisimo-FLICKR-768x372.jpg 768w\" sizes=\"(max-width: 800px) 100vw, 800px\" \/><p id=\"caption-attachment-10418\" class=\"wp-caption-text\">\u00c1ngel M. Felic\u00edsimo-FLICKR<\/p><\/div>\n<p>Nos desplazamos ahora hasta la <a href=\"https:\/\/www.casasrurales.net\/casas-rurales\/granada\"><strong>provincia de Granada<\/strong><\/a> para conocer un yacimiento<strong> del siglo V a.C<\/strong> que muestra la forma de <strong>enterramiento<\/strong> t\u00edpico de la Cultura Ib\u00e9rica original.<\/p>\n<p>Lo que se encontr\u00f3 en esta necr\u00f3polis fueron <strong>diferentes enterramientos<\/strong> que consist\u00edan en una c\u00e1mara y una cavidad abierta en el propio suelo, donde tambi\u00e9n se descubrieron algunas <strong>urnas de color rojo,<\/strong> que fue originalmente el color que se le atribuy\u00f3 a cualquier tema relacionado con la muerte.<\/p>\n<h2><strong>Son Forn\u00e9s<\/strong><\/h2>\n<div id=\"attachment_5018\" style=\"width: 650px\" class=\"wp-caption aligncenter\"><img aria-describedby=\"caption-attachment-5018\" class=\"size-full wp-image-5018\" src=\"https:\/\/cdn1.es.casasrurales.net\/blog\/wp-content\/emp\/blogcasas\/2018\/07\/joelbellviure-FLICKR.jpg\" alt=\"joelbellviure-FLICKR\" width=\"640\" height=\"427\" srcset=\"https:\/\/cdn1.es.casasrurales.net\/blog\/wp-content\/emp\/blogcasas\/2018\/07\/joelbellviure-FLICKR.jpg 640w, https:\/\/cdn1.es.casasrurales.net\/blog\/wp-content\/emp\/blogcasas\/2018\/07\/joelbellviure-FLICKR-300x200.jpg 300w, https:\/\/cdn1.es.casasrurales.net\/blog\/wp-content\/emp\/blogcasas\/2018\/07\/joelbellviure-FLICKR-320x213.jpg 320w\" sizes=\"(max-width: 640px) 100vw, 640px\" \/><p id=\"caption-attachment-5018\" class=\"wp-caption-text\">joelbellviure-FLICKR<\/p><\/div>\n<p>Este Museo Arqueol\u00f3gico se localiza <a href=\"https:\/\/www.casasrurales.net\/casas-rurales\/mallorca\"><strong>dentro de la isla de Mallorca<\/strong><\/a>, donde vas a poder ver elementos y vestigios que datan de millones de a\u00f1os atr\u00e1s, pertenecientes a la<strong> Edad de Bronce, o a la Edad de Hierro.<\/strong><\/p>\n<p>Su panor\u00e1mica ofrece una perfecta vista de c\u00f3mo se organizaban las comunidades<strong> alrededor de un talayote<\/strong>, que era donde se tomaban las decisiones importantes de estas poblaciones.<\/p>\n<p>Sin duda, un lugar de visita.<\/p>\n<h2><strong>Naveta des Tudons<\/strong><\/h2>\n<div id=\"attachment_5017\" style=\"width: 650px\" class=\"wp-caption aligncenter\"><img aria-describedby=\"caption-attachment-5017\" class=\"size-full wp-image-5017\" src=\"https:\/\/cdn1.es.casasrurales.net\/blog\/wp-content\/emp\/blogcasas\/2018\/07\/Eladio-Anxo-Fern\u00e1ndez-Manso-FLICKR.jpg\" alt=\"Eladio Anxo Fern\u00e1ndez Manso-FLICKR\" width=\"640\" height=\"480\" srcset=\"https:\/\/cdn1.es.casasrurales.net\/blog\/wp-content\/emp\/blogcasas\/2018\/07\/Eladio-Anxo-Fern\u00e1ndez-Manso-FLICKR.jpg 640w, https:\/\/cdn1.es.casasrurales.net\/blog\/wp-content\/emp\/blogcasas\/2018\/07\/Eladio-Anxo-Fern\u00e1ndez-Manso-FLICKR-300x225.jpg 300w, https:\/\/cdn1.es.casasrurales.net\/blog\/wp-content\/emp\/blogcasas\/2018\/07\/Eladio-Anxo-Fern\u00e1ndez-Manso-FLICKR-156x117.jpg 156w\" sizes=\"(max-width: 640px) 100vw, 640px\" \/><p id=\"caption-attachment-5017\" class=\"wp-caption-text\">Eladio Anxo Fern\u00e1ndez Manso-FLICKR<\/p><\/div>\n<p>Viajamos de isla en isla, hasta llegar ahora a <a href=\"https:\/\/www.casasrurales.net\/casas-rurales\/menorca\"><strong>Menorca<\/strong><\/a>, donde nos encontramos con<strong> una de las vistas m\u00e1s espectaculares<\/strong> de la zona de la Ciutadella de Menorca.<\/p>\n<p>Se trata de nada m\u00e1s y nada menos, que<strong> la tumba m\u00e1s antigua de toda Europa.<\/strong> Una joya que nos regalan nuestros antepasados, y que en la actualidad<strong> se ha conservado perfectamente.<\/strong><\/p>\n<p>De hecho, cuando se descubri\u00f3,<strong> se encontraron m\u00e1s de 100 cad\u00e1veres<\/strong>, con sus correspondientes ajuares,<strong> desde el a\u00f1o 1.000 a.C.<\/strong><\/p>\n<h2><strong>La Cueva Pintada<\/strong><\/h2>\n<div id=\"attachment_10417\" style=\"width: 810px\" class=\"wp-caption aligncenter\"><img aria-describedby=\"caption-attachment-10417\" class=\"size-full wp-image-10417\" src=\"https:\/\/cdn1.es.casasrurales.net\/blog\/wp-content\/emp\/blogcasas\/2018\/08\/Ayuntamiento-de-Galdar-FLICKR.jpg\" alt=\"Ayuntamiento de G\u00e1ldar-FLICKR\" width=\"800\" height=\"531\" srcset=\"https:\/\/cdn1.es.casasrurales.net\/blog\/wp-content\/emp\/blogcasas\/2018\/08\/Ayuntamiento-de-Galdar-FLICKR.jpg 800w, https:\/\/cdn1.es.casasrurales.net\/blog\/wp-content\/emp\/blogcasas\/2018\/08\/Ayuntamiento-de-Galdar-FLICKR-300x199.jpg 300w, https:\/\/cdn1.es.casasrurales.net\/blog\/wp-content\/emp\/blogcasas\/2018\/08\/Ayuntamiento-de-Galdar-FLICKR-768x510.jpg 768w, https:\/\/cdn1.es.casasrurales.net\/blog\/wp-content\/emp\/blogcasas\/2018\/08\/Ayuntamiento-de-Galdar-FLICKR-320x213.jpg 320w\" sizes=\"(max-width: 800px) 100vw, 800px\" \/><p id=\"caption-attachment-10417\" class=\"wp-caption-text\">Ayuntamiento de G\u00e1ldar-FLICKR<\/p><\/div>\n<p>Viajamos ahora hasta la<strong> isla de Gran Canaria<\/strong> para disfrutar de uno de los<strong> yacimientos m\u00e1s diferentes<\/strong> a todo lo que hayas visto anteriormente. Se encuentra en el<a href=\"https:\/\/www.casasrurales.net\/casas-rurales\/gran-canaria\/galdar\"><strong> poblado hist\u00f3rico de G\u00e1ldar<\/strong><\/a> y muestra el lugar en el conviv\u00edan los primeros pobladores de la isla. Un poblado aborigen que nos dej\u00f3 este <strong>Monumento Hist\u00f3rico Art\u00edstico.<\/strong><\/p>\n<p>La cueva, descubierta tras <strong>m\u00e1s de 20 a\u00f1os de trabajos<\/strong>, deja conocer al visitante unas <strong>paredes pintadas<\/strong> con motivos <strong>geom\u00e9tricos<\/strong> que resultan muy interesantes.<\/p>\n<h2><strong>Emp\u00faries<\/strong><\/h2>\n<div id=\"attachment_5016\" style=\"width: 650px\" class=\"wp-caption aligncenter\"><img aria-describedby=\"caption-attachment-5016\" class=\"size-full wp-image-5016\" src=\"https:\/\/cdn1.es.casasrurales.net\/blog\/wp-content\/emp\/blogcasas\/2018\/07\/Lidia-Esparraguera-FLICKR.jpg\" alt=\"Lidia Esparraguera-FLICKR\" width=\"640\" height=\"480\" srcset=\"https:\/\/cdn1.es.casasrurales.net\/blog\/wp-content\/emp\/blogcasas\/2018\/07\/Lidia-Esparraguera-FLICKR.jpg 640w, https:\/\/cdn1.es.casasrurales.net\/blog\/wp-content\/emp\/blogcasas\/2018\/07\/Lidia-Esparraguera-FLICKR-300x225.jpg 300w, https:\/\/cdn1.es.casasrurales.net\/blog\/wp-content\/emp\/blogcasas\/2018\/07\/Lidia-Esparraguera-FLICKR-156x117.jpg 156w\" sizes=\"(max-width: 640px) 100vw, 640px\" \/><p id=\"caption-attachment-5016\" class=\"wp-caption-text\">Lidia Esparraguera-FLICKR<\/p><\/div>\n<p>Este yacimiento es uno de los m\u00e1s importantes de nuestro pa\u00eds, un <strong>paisaje en el que perderse<\/strong>, y redescubrirse siglos atr\u00e1s viene de la mano de una de las mejores vistas.<\/p>\n<p>Fuero<strong>n los romanos los que llamaron Ampurias a esta zona<\/strong>, y actualmente, puedes ser testigo de uno de los<strong> restos griegos de mayor importancia<\/strong> de nuestro pa\u00eds.<\/p>\n<p>Y todo esto, en el impresionante emplazamiento que tiene <a href=\"https:\/\/www.casasrurales.net\/casas-rurales\/emporda\"><strong>L&#8217;Escala en el Alt Empord\u00e0<\/strong><\/a> caracter\u00edstico de la provincia de <strong>Girona<\/strong>.<\/p>\n<h2><strong>Baelo Claudia<\/strong><\/h2>\n<div id=\"attachment_5015\" style=\"width: 650px\" class=\"wp-caption aligncenter\"><img aria-describedby=\"caption-attachment-5015\" class=\"size-full wp-image-5015\" src=\"https:\/\/cdn1.es.casasrurales.net\/blog\/wp-content\/emp\/blogcasas\/2018\/07\/Carole-Raddato-FLICKR.jpg\" alt=\"Carole Raddato-FLICKR\" width=\"640\" height=\"424\" srcset=\"https:\/\/cdn1.es.casasrurales.net\/blog\/wp-content\/emp\/blogcasas\/2018\/07\/Carole-Raddato-FLICKR.jpg 640w, https:\/\/cdn1.es.casasrurales.net\/blog\/wp-content\/emp\/blogcasas\/2018\/07\/Carole-Raddato-FLICKR-300x199.jpg 300w, https:\/\/cdn1.es.casasrurales.net\/blog\/wp-content\/emp\/blogcasas\/2018\/07\/Carole-Raddato-FLICKR-320x213.jpg 320w\" sizes=\"(max-width: 640px) 100vw, 640px\" \/><p id=\"caption-attachment-5015\" class=\"wp-caption-text\">Carole Raddato-FLICKR<\/p><\/div>\n<p>Ubicado en la <a href=\"https:\/\/www.casasrurales.net\/casas-rurales\/cadiz\"><strong>provincia de C\u00e1diz<\/strong><\/a>, es uno de los paisajes m\u00e1s bonitos que vayas a encontrar. <strong>Justo al lado de la playa,<\/strong> y en la zona que comprende el <strong>Parque Natural del Estrecho,<\/strong> se crea una de las mejores panor\u00e1micas para fotografiar.<\/p>\n<p>Es impresionante la <strong>buena conservaci\u00f3n de este Conjunto Arqueol\u00f3gico<\/strong> en el que destacan las esculturas y las columnas que formaban parte de la ciudad, posteriormente saqueada y <strong>parcialmente destruida a causa de un terremoto.<\/strong><\/p>\n<p>Si tienes la oportunidad de viajar hasta la zona, no dudes en conocerlo y <strong>de paso, darte un buen chapuz\u00f3n<\/strong> en la playa.<\/p>\n<h2><strong>Seg\u00f3briga<\/strong><\/h2>\n<div id=\"attachment_10416\" style=\"width: 809px\" class=\"wp-caption aligncenter\"><img aria-describedby=\"caption-attachment-10416\" class=\"size-full wp-image-10416\" src=\"https:\/\/cdn1.es.casasrurales.net\/blog\/wp-content\/emp\/blogcasas\/2018\/08\/VIATOR-IMPERI-FLICKR.jpg\" alt=\"VIATOR IMPERI-FLICKR\" width=\"799\" height=\"533\" srcset=\"https:\/\/cdn1.es.casasrurales.net\/blog\/wp-content\/emp\/blogcasas\/2018\/08\/VIATOR-IMPERI-FLICKR.jpg 799w, https:\/\/cdn1.es.casasrurales.net\/blog\/wp-content\/emp\/blogcasas\/2018\/08\/VIATOR-IMPERI-FLICKR-300x200.jpg 300w, https:\/\/cdn1.es.casasrurales.net\/blog\/wp-content\/emp\/blogcasas\/2018\/08\/VIATOR-IMPERI-FLICKR-768x512.jpg 768w, https:\/\/cdn1.es.casasrurales.net\/blog\/wp-content\/emp\/blogcasas\/2018\/08\/VIATOR-IMPERI-FLICKR-320x213.jpg 320w\" sizes=\"(max-width: 799px) 100vw, 799px\" \/><p id=\"caption-attachment-10416\" class=\"wp-caption-text\">VIATOR IMPERI-FLICKR<\/p><\/div>\n<p>Finalizamos nuestra ruta con una perfecta muestra de c\u00f3mo evolucion\u00f3 el <strong>urbanismo durante el periodo del Imperio Romano,<\/strong> y es que, esta <a href=\"https:\/\/www.casasrurales.net\/casas-rurales\/cuenca\"><strong>antigua ciudad de Cuenca<\/strong><\/a>, ha dejado grandes <strong>vestigios<\/strong>.<\/p>\n<p>Toda la estructura nos deja apreciar c\u00f3mo era esta <strong>antigua ciudad de la Hispania romana<\/strong>, dejando ver construcciones como un <strong>teatro<\/strong>, un <strong>circo<\/strong>, las <strong>termas<\/strong>, una <strong>antigua bas\u00edlica<\/strong> y hasta una zona de<strong> galer\u00edas subterr\u00e1neas<\/strong> que serv\u00edan para el almacenamiento.<\/p>\n<p>Como ves,<strong> son muchos los lugares en los que todav\u00eda hoy hay huellas de la antig\u00fcedad,<\/strong> y que son para nosotros, una aut\u00e9ntica joya hist\u00f3rica.<\/p>\n","protected":false},"excerpt":{"rendered":"<p>Espa\u00f1a es un pa\u00eds muy rico en historia que cuenta con numerosos yacimientos arqueol\u00f3gicos que hoy en d\u00eda se pueden visitar casi por cualquier punto de su geograf\u00eda, haci\u00e9ndote disfrutar de esos vestigios que nos proyectan una imagen de c\u00f3mo&hellip; <br \/><a class=\"read-more-button\" href=\"https:\/\/www.casasrurales.net\/blog\/yacimientos-arqueologicos-para-visitar-en-espana\">Leer m\u00e1s<\/a><\/p>\n","protected":false},"author":6,"featured_media":5021,"comment_status":"open","ping_status":"open","sticky":false,"template":"","format":"standard","meta":[],"categories":[13],"tags":[52],"_links":{"self":[{"href":"https:\/\/www.casasrurales.net\/blog\/wp-json\/wp\/v2\/posts\/5014"}],"collection":[{"href":"https:\/\/www.casasrurales.net\/blog\/wp-json\/wp\/v2\/posts"}],"about":[{"href":"https:\/\/www.casasrurales.net\/blog\/wp-json\/wp\/v2\/types\/post"}],"author":[{"embeddable":true,"href":"https:\/\/www.casasrurales.net\/blog\/wp-json\/wp\/v2\/users\/6"}],"replies":[{"embeddable":true,"href":"https:\/\/www.casasrurales.net\/blog\/wp-json\/wp\/v2\/comments?post=5014"}],"version-history":[{"count":2,"href":"https:\/\/www.casasrurales.net\/blog\/wp-json\/wp\/v2\/posts\/5014\/revisions"}],"predecessor-version":[{"id":10421,"href":"https:\/\/www.casasrurales.net\/blog\/wp-json\/wp\/v2\/posts\/5014\/revisions\/10421"}],"wp:featuredmedia":[{"embeddable":true,"href":"https:\/\/www.casasrurales.net\/blog\/wp-json\/wp\/v2\/media\/5021"}],"wp:attachment":[{"href":"https:\/\/www.casasrurales.net\/blog\/wp-json\/wp\/v2\/media?parent=5014"}],"wp:term":[{"taxonomy":"category","embeddable":true,"href":"https:\/\/www.casasrurales.net\/blog\/wp-json\/wp\/v2\/categories?post=5014"},{"taxonomy":"post_tag","embeddable":true,"href":"https:\/\/www.casasrurales.net\/blog\/wp-json\/wp\/v2\/tags?post=5014"}],"curies":[{"name":"wp","href":"https:\/\/api.w.org\/{rel}","templated":true}]}}