
{"id":4789,"date":"2018-06-26T14:35:33","date_gmt":"2018-06-26T14:35:33","guid":{"rendered":"https:\/\/www.casasrurales.net\/blog\/?p=4789"},"modified":"2018-06-27T08:47:38","modified_gmt":"2018-06-27T08:47:38","slug":"las-mejores-ferias-medievales-de-espana","status":"publish","type":"post","link":"https:\/\/www.casasrurales.net\/blog\/las-mejores-ferias-medievales-de-espana","title":{"rendered":"Las mejores Ferias Medievales de Espa\u00f1a"},"content":{"rendered":"<p><span lang=\"es-ES\">Ay, qui\u00e9n pudiera vivir en esa <\/span><span lang=\"es-ES\"><b>\u00e9poca de castillos y mazmorras<\/b><\/span><span lang=\"es-ES\">, cuando los hombres eran caballeros con armadura y las mujeres, doncellas atrapadas en una torre a las que custodiaba un drag\u00f3n. Esa \u00e9poca en la que ser noble te convert\u00eda en <\/span><span lang=\"es-ES\"><b>protagonista de las historias m\u00e1s fant\u00e1sticas<\/b><\/span><span lang=\"es-ES\">, y ser de la plebe te hac\u00eda vivir intensamente un d\u00eda a d\u00eda en el que nunca se sab\u00eda qu\u00e9 iba a pasar<\/span><\/p>\n<p><span lang=\"es-ES\">Salvo los dragones, los caballos, las armaduras y las torres, la cosa no ha cambiado tanto. Claro que para <\/span><span lang=\"es-ES\"><b>vivir una aut\u00e9ntica aventura medieval<\/b><\/span><span lang=\"es-ES\">, son muchas las opciones que nos ofrece nuestro pa\u00eds a lo largo del a\u00f1o, especialmente <\/span><span lang=\"es-ES\">durante el verano.<\/span><\/p>\n<p><span lang=\"es-ES\">Con todo <\/span><span lang=\"es-ES\"><b>el patrimonio de la Edad Media<\/b><\/span><span lang=\"es-ES\"> que se conserva casi a la perfecci\u00f3n, era f\u00e1cil suponer que durante la \u00e9poca estival se sucedan las <\/span><span lang=\"es-ES\"><b>recreaciones de esta parte de la historia<\/b><\/span><span lang=\"es-ES\">, en las que entrar en contacto <\/span><span lang=\"es-ES\"><b>con elementos antiguos<\/b><\/span><span lang=\"es-ES\">, <\/span><span lang=\"es-ES\"><b>animales<\/b><\/span><span lang=\"es-ES\"> al m\u00e1s puro estilo rural, y <\/span><span lang=\"es-ES\"><b>ropajes<\/b><\/span><span lang=\"es-ES\"> que hace mucho que dejaron de estar a la moda.<\/span><\/p>\n<p>&nbsp;<\/p>\n<h2><strong>Vic<\/strong><\/h2>\n<p>En mita de la <strong>provincia de Barcelona<\/strong>, este pueblo se convierte en u<a href=\"https:\/\/www.casasrurales.net\/casas-rurales\/barcelona\">n aut\u00e9ntico pueblo medieval<\/a> y se llena de ambiente.<\/p>\n<div id=\"attachment_4793\" style=\"width: 650px\" class=\"wp-caption aligncenter\"><img aria-describedby=\"caption-attachment-4793\" class=\"size-full wp-image-4793\" src=\"https:\/\/cdn1.es.casasrurales.net\/blog\/wp-content\/emp\/blogcasas\/2018\/06\/Javier-Leiva-FLICKR.jpg\" alt=\"Javier Leiva FLICKR\" width=\"640\" height=\"379\" srcset=\"https:\/\/cdn1.es.casasrurales.net\/blog\/wp-content\/emp\/blogcasas\/2018\/06\/Javier-Leiva-FLICKR.jpg 640w, https:\/\/cdn1.es.casasrurales.net\/blog\/wp-content\/emp\/blogcasas\/2018\/06\/Javier-Leiva-FLICKR-300x178.jpg 300w\" sizes=\"(max-width: 640px) 100vw, 640px\" \/><p id=\"caption-attachment-4793\" class=\"wp-caption-text\">Javier Leiva FLICKR<\/p><\/div>\n<p>Su casco antiguo te dejar\u00e1 disfrutar de algunas de las <strong>calles m\u00e1s laber\u00ednticas,<\/strong> con un entramado que, junto con el lavado de cara que se le hace en esta \u00e9poca, hacen que se llene de ambiente.<\/p>\n<p>Son muchos los<strong> puestos de artesan\u00edas y oficios<\/strong>, donde vas a poder disfrutar de la tradici\u00f3n perfectamente recreada, e incluso comprar alguna de sus reproducciones.<\/p>\n<p><strong>Teatro y gastronom\u00eda<\/strong> en las calles ponen el broche de oro para que grandes y peque\u00f1os disfruten todo el d\u00eda.<\/p>\n<p>&nbsp;<\/p>\n<h2><strong>Alcal\u00e1 de Henares<\/strong><\/h2>\n<div id=\"attachment_4797\" style=\"width: 650px\" class=\"wp-caption aligncenter\"><img aria-describedby=\"caption-attachment-4797\" class=\"size-full wp-image-4797\" src=\"https:\/\/cdn1.es.casasrurales.net\/blog\/wp-content\/emp\/blogcasas\/2018\/06\/M.Peinado-FLICKR-1.jpg\" alt=\"M.Peinado FLICKR\" width=\"640\" height=\"363\" srcset=\"https:\/\/cdn1.es.casasrurales.net\/blog\/wp-content\/emp\/blogcasas\/2018\/06\/M.Peinado-FLICKR-1.jpg 640w, https:\/\/cdn1.es.casasrurales.net\/blog\/wp-content\/emp\/blogcasas\/2018\/06\/M.Peinado-FLICKR-1-300x170.jpg 300w\" sizes=\"(max-width: 640px) 100vw, 640px\" \/><p id=\"caption-attachment-4797\" class=\"wp-caption-text\">M.Peinado FLICKR<\/p><\/div>\n<p>En la Comunidad de <strong>Madrid<\/strong>, es uno de los referentes que adem\u00e1s, tiene como personaje <strong>ilustre Miguel de Cervantes<\/strong>.<\/p>\n<p>En este marco, nos encontramos con <strong>un mercado t\u00edpicamente medieval<\/strong>, que nos transporta autom\u00e1ticamente hasta el <strong>siglo XVI.<\/strong><\/p>\n<p>Aunque no es tan medieval como el anterior, la <strong>Semana Cervantina<\/strong> tiene cada a\u00f1o m\u00e1s visitas, y adem\u00e1s, es<strong> Patrimonio de la Humanidad.<\/strong><\/p>\n<p>&nbsp;<\/p>\n<h2><strong>Ibiza<\/strong><\/h2>\n<div id=\"attachment_4792\" style=\"width: 510px\" class=\"wp-caption aligncenter\"><img aria-describedby=\"caption-attachment-4792\" class=\"size-full wp-image-4792\" src=\"https:\/\/cdn1.es.casasrurales.net\/blog\/wp-content\/emp\/blogcasas\/2018\/06\/Carlos-de-Paz-FLICKR.jpg\" alt=\"Carlos de Paz FLICKR\" width=\"500\" height=\"296\" srcset=\"https:\/\/cdn1.es.casasrurales.net\/blog\/wp-content\/emp\/blogcasas\/2018\/06\/Carlos-de-Paz-FLICKR.jpg 500w, https:\/\/cdn1.es.casasrurales.net\/blog\/wp-content\/emp\/blogcasas\/2018\/06\/Carlos-de-Paz-FLICKR-300x178.jpg 300w\" sizes=\"(max-width: 500px) 100vw, 500px\" \/><p id=\"caption-attachment-4792\" class=\"wp-caption-text\">Carlos de Paz FLICKR<\/p><\/div>\n<p>Si por algo se caracteriza esta isla, es por la<strong> notable afluencia del turismo en la zona<\/strong>, prepar\u00e1ndose cada a\u00f1o para recibir a m\u00e1s visitantes con ansias de conocer un poco m\u00e1s de la historia y el ocio de esta zona mundialmente conocida.<\/p>\n<p><strong>Una de las zonas mejor conservadas<\/strong> de la costa, te ofrece un casco antiguo que durante el periodo que dura este evento, se viste de alegr\u00eda.<\/p>\n<p>Y es que, vayas donde vayas tienes la opci\u00f3n de disfrutar de las numerosas <strong>representaciones teatrales,<\/strong> los puestos donde <strong>actividades musicales, artesan\u00eda<\/strong> y por supuesto, <strong>gastronom\u00eda<\/strong>, te acercan un poco m\u00e1s a la \u00e9poca.<\/p>\n<p>&nbsp;<\/p>\n<h2><strong>Sig\u00fcenza<\/strong><\/h2>\n<div id=\"attachment_4794\" style=\"width: 510px\" class=\"wp-caption aligncenter\"><img aria-describedby=\"caption-attachment-4794\" class=\"size-full wp-image-4794\" src=\"https:\/\/cdn1.es.casasrurales.net\/blog\/wp-content\/emp\/blogcasas\/2018\/06\/Jose-Javier-Martin-Espartosa-FLICKR.jpg\" alt=\"Jose Javier Martin Espartosa FLICKR\" width=\"500\" height=\"335\" srcset=\"https:\/\/cdn1.es.casasrurales.net\/blog\/wp-content\/emp\/blogcasas\/2018\/06\/Jose-Javier-Martin-Espartosa-FLICKR.jpg 500w, https:\/\/cdn1.es.casasrurales.net\/blog\/wp-content\/emp\/blogcasas\/2018\/06\/Jose-Javier-Martin-Espartosa-FLICKR-300x201.jpg 300w, https:\/\/cdn1.es.casasrurales.net\/blog\/wp-content\/emp\/blogcasas\/2018\/06\/Jose-Javier-Martin-Espartosa-FLICKR-320x213.jpg 320w\" sizes=\"(max-width: 500px) 100vw, 500px\" \/><p id=\"caption-attachment-4794\" class=\"wp-caption-text\">Jose Javier Martin Espartosa FLICKR<\/p><\/div>\n<p>En el <strong>mes de julio<\/strong> es cuando este pueblo de <strong>Guadalajara<\/strong> vive con fuerza sus fiestas.<\/p>\n<p>El<strong> Asalto al Castillo, la Noche del Embrujo, y los diferentes bailes, rituales y ceremonia<\/strong>s son actividades y eventos que no puedes perderte.<\/p>\n<p>Entre sus puestos seguro que hay alguna pieza de la \u00e9poca que quieres llevarte a casa, o alg\u00fan producto que quieres probar, pero cuidado, durante estos festejos<strong> los euros no son v\u00e1lidos.<\/strong> Tendr\u00e1s que cambiarlos por <strong>maraved\u00edes<\/strong>, para adentrarte al m\u00e1ximo en la \u00e9poca.<\/p>\n<p>&nbsp;<\/p>\n<h2><strong>Puebla de Sanabria<\/strong><\/h2>\n<div id=\"attachment_4796\" style=\"width: 650px\" class=\"wp-caption aligncenter\"><img aria-describedby=\"caption-attachment-4796\" class=\"size-full wp-image-4796\" src=\"https:\/\/cdn1.es.casasrurales.net\/blog\/wp-content\/emp\/blogcasas\/2018\/06\/M.Peinado-FLICKR-2.jpg\" alt=\"M.Peinado FLICKR (2)\" width=\"640\" height=\"427\" srcset=\"https:\/\/cdn1.es.casasrurales.net\/blog\/wp-content\/emp\/blogcasas\/2018\/06\/M.Peinado-FLICKR-2.jpg 640w, https:\/\/cdn1.es.casasrurales.net\/blog\/wp-content\/emp\/blogcasas\/2018\/06\/M.Peinado-FLICKR-2-300x200.jpg 300w, https:\/\/cdn1.es.casasrurales.net\/blog\/wp-content\/emp\/blogcasas\/2018\/06\/M.Peinado-FLICKR-2-320x213.jpg 320w\" sizes=\"(max-width: 640px) 100vw, 640px\" \/><p id=\"caption-attachment-4796\" class=\"wp-caption-text\">M.Peinado FLICKR (2)<\/p><\/div>\n<p>Este pueblo de la <strong>provincia de Zamora<\/strong> tambi\u00e9n tiene mucho que mostrarte, y un mont\u00f3n de actividades que te permitir\u00e1n vivir al m\u00e1ximo<strong> sus Jornadas Medievales.<\/strong><\/p>\n<p>Se celebran <strong>en el mes de agosto,<\/strong> y tienen como escenario, el casco urbano y sus alrededores, con elementos perfectamente conservados donde se dan cita comerciantes que exponen su <strong>artesan\u00eda<\/strong>.<\/p>\n<p>Por supuesto, como en cualquier feria medieval que se precie, no te quedar\u00e1s con hambre ya que hay<strong> un mont\u00f3n de puestecillos.<\/strong><\/p>\n<p>&nbsp;<\/p>\n<h2><strong>\u00c1vila<\/strong><\/h2>\n<div id=\"attachment_4791\" style=\"width: 650px\" class=\"wp-caption aligncenter\"><img aria-describedby=\"caption-attachment-4791\" class=\"size-full wp-image-4791\" src=\"https:\/\/cdn1.es.casasrurales.net\/blog\/wp-content\/emp\/blogcasas\/2018\/06\/santiago-lopez-pastor-FLICKR-1.jpg\" alt=\"santiago lopez-pastor FLICKR\" width=\"640\" height=\"244\" srcset=\"https:\/\/cdn1.es.casasrurales.net\/blog\/wp-content\/emp\/blogcasas\/2018\/06\/santiago-lopez-pastor-FLICKR-1.jpg 640w, https:\/\/cdn1.es.casasrurales.net\/blog\/wp-content\/emp\/blogcasas\/2018\/06\/santiago-lopez-pastor-FLICKR-1-300x114.jpg 300w\" sizes=\"(max-width: 640px) 100vw, 640px\" \/><p id=\"caption-attachment-4791\" class=\"wp-caption-text\">santiago lopez-pastor FLICKR<\/p><\/div>\n<p>\u00bfQui\u00e9n dice que el mes de <strong>septiembre<\/strong> es el de la vuelta a la rutina?<\/p>\n<p>En \u00c1vila este mes es sin\u00f3nimo de fiesta, y de Edad Media. Entre sus <strong>murallas<\/strong>, las calles se llenan de <strong>puestos con diferentes tipolog\u00edas y elementos.<\/strong><\/p>\n<p>Te recomendamos especialmente que te dirijas a la <strong>Plaza del Mercado Chico<\/strong>, donde encontrar\u00e1s mucho ambiente.<\/p>\n<p>&nbsp;<\/p>\n<p>Esta es s\u00f3lo una peque\u00f1a muestra de las opciones que te da nuestro pa\u00eds para vivir y <strong>conocer un poco m\u00e1s a fondo la Edad Media.<\/strong> Interesante,<em> \u00bfverdad?<\/em><\/p>\n<div id=\"attachment_4790\" style=\"width: 510px\" class=\"wp-caption aligncenter\"><img aria-describedby=\"caption-attachment-4790\" class=\"size-full wp-image-4790\" src=\"https:\/\/cdn1.es.casasrurales.net\/blog\/wp-content\/emp\/blogcasas\/2018\/06\/Oswaldo-Rubio-FLICKR.jpg\" alt=\"Oswaldo Rubio FLICKR\" width=\"500\" height=\"375\" srcset=\"https:\/\/cdn1.es.casasrurales.net\/blog\/wp-content\/emp\/blogcasas\/2018\/06\/Oswaldo-Rubio-FLICKR.jpg 500w, https:\/\/cdn1.es.casasrurales.net\/blog\/wp-content\/emp\/blogcasas\/2018\/06\/Oswaldo-Rubio-FLICKR-300x225.jpg 300w, https:\/\/cdn1.es.casasrurales.net\/blog\/wp-content\/emp\/blogcasas\/2018\/06\/Oswaldo-Rubio-FLICKR-156x117.jpg 156w\" sizes=\"(max-width: 500px) 100vw, 500px\" \/><p id=\"caption-attachment-4790\" class=\"wp-caption-text\">Oswaldo Rubio FLICKR<\/p><\/div>\n","protected":false},"excerpt":{"rendered":"<p>Ay, qui\u00e9n pudiera vivir en esa \u00e9poca de castillos y mazmorras, cuando los hombres eran caballeros con armadura y las mujeres, doncellas atrapadas en una torre a las que custodiaba un drag\u00f3n. Esa \u00e9poca en la que ser noble te&hellip; <br \/><a class=\"read-more-button\" href=\"https:\/\/www.casasrurales.net\/blog\/las-mejores-ferias-medievales-de-espana\">Leer m\u00e1s<\/a><\/p>\n","protected":false},"author":6,"featured_media":4795,"comment_status":"open","ping_status":"open","sticky":false,"template":"","format":"standard","meta":[],"categories":[13],"tags":[],"_links":{"self":[{"href":"https:\/\/www.casasrurales.net\/blog\/wp-json\/wp\/v2\/posts\/4789"}],"collection":[{"href":"https:\/\/www.casasrurales.net\/blog\/wp-json\/wp\/v2\/posts"}],"about":[{"href":"https:\/\/www.casasrurales.net\/blog\/wp-json\/wp\/v2\/types\/post"}],"author":[{"embeddable":true,"href":"https:\/\/www.casasrurales.net\/blog\/wp-json\/wp\/v2\/users\/6"}],"replies":[{"embeddable":true,"href":"https:\/\/www.casasrurales.net\/blog\/wp-json\/wp\/v2\/comments?post=4789"}],"version-history":[{"count":2,"href":"https:\/\/www.casasrurales.net\/blog\/wp-json\/wp\/v2\/posts\/4789\/revisions"}],"predecessor-version":[{"id":4799,"href":"https:\/\/www.casasrurales.net\/blog\/wp-json\/wp\/v2\/posts\/4789\/revisions\/4799"}],"wp:featuredmedia":[{"embeddable":true,"href":"https:\/\/www.casasrurales.net\/blog\/wp-json\/wp\/v2\/media\/4795"}],"wp:attachment":[{"href":"https:\/\/www.casasrurales.net\/blog\/wp-json\/wp\/v2\/media?parent=4789"}],"wp:term":[{"taxonomy":"category","embeddable":true,"href":"https:\/\/www.casasrurales.net\/blog\/wp-json\/wp\/v2\/categories?post=4789"},{"taxonomy":"post_tag","embeddable":true,"href":"https:\/\/www.casasrurales.net\/blog\/wp-json\/wp\/v2\/tags?post=4789"}],"curies":[{"name":"wp","href":"https:\/\/api.w.org\/{rel}","templated":true}]}}