
{"id":4766,"date":"2022-06-30T10:00:00","date_gmt":"2022-06-30T10:00:00","guid":{"rendered":"https:\/\/www.casasrurales.net\/blog\/?p=4766"},"modified":"2022-06-30T15:22:00","modified_gmt":"2022-06-30T15:22:00","slug":"las-playas-y-calas-mas-bonitas-de-formentera","status":"publish","type":"post","link":"https:\/\/www.casasrurales.net\/blog\/las-playas-y-calas-mas-bonitas-de-formentera","title":{"rendered":"Las playas y calas m\u00e1s bonitas de Formentera"},"content":{"rendered":"<p>Sin duda, <strong>uno de los destinos que m\u00e1s se ha puesto de moda<\/strong> en los \u00faltimos a\u00f1os debido a la<strong> tranquilidad y exclusividad de sus espacios,<\/strong> donde vas a poder disfrutar de los mejores paisajes de la zona.<\/p>\n<p>Hablamos, c\u00f3mo no, de la preciosa isla de <strong>Formentera<\/strong>, la m\u00e1s peque\u00f1a de las que forman las afamadas<strong> islas pitiusas.<\/strong><\/p>\n<p>A pesar de su reducido tama\u00f1o, con<strong> tan s\u00f3lo 69 kil\u00f3metros de litoral,<\/strong> guarda en su interior un conjunto de <a href=\"https:\/\/www.casasrurales.net\/casas-rurales\/formentera\">playas y lugares llenos de encanto<\/a> a los que <strong>\u00fanicamente se puede acceder en barco,<\/strong> y desde el puerto de Ibiza.<\/p>\n<p>As\u00ed que hoy, si est\u00e1s pensando en viajar hasta Formentera, nos vamos a centrar en sus playas y calas, <strong>mostr\u00e1ndote las m\u00e1s bonitas.<\/strong><\/p>\n<p><strong><em>\u00bfEst\u00e1s preparado?<\/em><\/strong><\/p>\n<h2><strong>Cala Saona<\/strong><\/h2>\n<div id=\"attachment_4769\" style=\"width: 650px\" class=\"wp-caption aligncenter\"><img aria-describedby=\"caption-attachment-4769\" class=\"size-full wp-image-4769\" src=\"https:\/\/cdn1.es.casasrurales.net\/blog\/wp-content\/emp\/blogcasas\/2018\/06\/maymonides-FLICKR.jpg\" alt=\"maymonides-FLICKR\" width=\"640\" height=\"480\" srcset=\"https:\/\/cdn1.es.casasrurales.net\/blog\/wp-content\/emp\/blogcasas\/2018\/06\/maymonides-FLICKR.jpg 640w, https:\/\/cdn1.es.casasrurales.net\/blog\/wp-content\/emp\/blogcasas\/2018\/06\/maymonides-FLICKR-300x225.jpg 300w, https:\/\/cdn1.es.casasrurales.net\/blog\/wp-content\/emp\/blogcasas\/2018\/06\/maymonides-FLICKR-156x117.jpg 156w\" sizes=\"(max-width: 640px) 100vw, 640px\" \/><p id=\"caption-attachment-4769\" class=\"wp-caption-text\">maymonides-FLICKR<\/p><\/div>\n<p>Es <strong>una de las playas m\u00e1s bonitas de la isla<\/strong>, donde vas a poder disfrutar de las mejores vistas de un paisaje de aguas cristalinas, rodeadas de <strong>acantilados<\/strong> en los que resalta la <strong>piedra de color rojizo<\/strong> tan caracter\u00edstica.<\/p>\n<p>Son <strong>140 metros de playa<\/strong> en los que vas a poder disfrutar de momentos bajo el sol de la isla, en una estampa que<strong> te recordar\u00e1 al Caribe.<\/strong> Adem\u00e1s, los tradicionales <strong>embarcaderos de madera<\/strong> le dan un punto de tradici\u00f3n que le hacen \u00fanica.<\/p>\n<h2><strong>Playa de Ses Illetes<\/strong><\/h2>\n<div id=\"attachment_4768\" style=\"width: 650px\" class=\"wp-caption aligncenter\"><img aria-describedby=\"caption-attachment-4768\" class=\"size-full wp-image-4768\" src=\"https:\/\/cdn1.es.casasrurales.net\/blog\/wp-content\/emp\/blogcasas\/2018\/06\/Federico-Capoano-FLICKR.jpg\" alt=\"Federico Capoano-FLICKR\" width=\"640\" height=\"424\" srcset=\"https:\/\/cdn1.es.casasrurales.net\/blog\/wp-content\/emp\/blogcasas\/2018\/06\/Federico-Capoano-FLICKR.jpg 640w, https:\/\/cdn1.es.casasrurales.net\/blog\/wp-content\/emp\/blogcasas\/2018\/06\/Federico-Capoano-FLICKR-300x199.jpg 300w, https:\/\/cdn1.es.casasrurales.net\/blog\/wp-content\/emp\/blogcasas\/2018\/06\/Federico-Capoano-FLICKR-320x213.jpg 320w\" sizes=\"(max-width: 640px) 100vw, 640px\" \/><p id=\"caption-attachment-4768\" class=\"wp-caption-text\">Federico Capoano-FLICKR<\/p><\/div>\n<p>Es <strong>una de las m\u00e1s conocidas<\/strong> de la isla, donde vas a poder disfrutar de un paisaje que no parece ni siquiera de nuestro pa\u00eds.<\/p>\n<p>Su <strong>perfil dunar le hace \u00fanica<\/strong>, y en estos espacios resalta la vegetaci\u00f3n t\u00edpica de la isla, que es el escenario perfecto para la pr\u00e1ctica de los <strong>deportes de aventura y ocio.<\/strong><\/p>\n<p>Su extensi\u00f3n es <strong>poco m\u00e1s de 500 metros<\/strong> que <strong>se pone hasta arriba de gente<\/strong> en la \u00e9poca de verano.<\/p>\n<h2><strong>Playa de S&#8217;Alga<\/strong><\/h2>\n<div id=\"attachment_4770\" style=\"width: 650px\" class=\"wp-caption aligncenter\"><img aria-describedby=\"caption-attachment-4770\" class=\"size-full wp-image-4770\" src=\"https:\/\/cdn1.es.casasrurales.net\/blog\/wp-content\/emp\/blogcasas\/2018\/06\/Samu-FLICKR-2.jpg\" alt=\"Samu-FLICKR\" width=\"640\" height=\"480\" srcset=\"https:\/\/cdn1.es.casasrurales.net\/blog\/wp-content\/emp\/blogcasas\/2018\/06\/Samu-FLICKR-2.jpg 640w, https:\/\/cdn1.es.casasrurales.net\/blog\/wp-content\/emp\/blogcasas\/2018\/06\/Samu-FLICKR-2-300x225.jpg 300w, https:\/\/cdn1.es.casasrurales.net\/blog\/wp-content\/emp\/blogcasas\/2018\/06\/Samu-FLICKR-2-156x117.jpg 156w\" sizes=\"(max-width: 640px) 100vw, 640px\" \/><p id=\"caption-attachment-4770\" class=\"wp-caption-text\">Samu-FLICKR<\/p><\/div>\n<p>Como si de una mu\u00f1eca rusa se tratara, esta playa se encuentra <strong>dentro de una peque\u00f1a isla que forma parte a su vez de la isla de Formentera<\/strong>. Puedes imaginar el paisaje exclusivo de la zona,<em> \u00bfverdad?<\/em><\/p>\n<p>De la anterior, la separan unos 150 metros, y son <strong>3 kil\u00f3metros de arena blanca<\/strong> y agua cristalina en la que el <strong>color turquesa<\/strong> es el predominante.<\/p>\n<p>Forma<strong> parte de un Parque Natural<\/strong> por lo que si la visitas, te rogamos que tengas cuidado y <strong>protejas el ecosistema<\/strong> que hay en ella. Adem\u00e1s, si vas a pasar el d\u00eda, te recomendamos que vayas con provisiones ya que, a diferencia de la mayor\u00eda de las playas, <strong>no encontrar\u00e1s ni chiringuitos ni establecimientos<\/strong> en los que tomar algo.<\/p>\n<h2><strong>Playa de Es Pujols<\/strong><\/h2>\n<div id=\"attachment_4767\" style=\"width: 650px\" class=\"wp-caption aligncenter\"><img aria-describedby=\"caption-attachment-4767\" class=\"size-full wp-image-4767\" src=\"https:\/\/cdn1.es.casasrurales.net\/blog\/wp-content\/emp\/blogcasas\/2018\/06\/Eric-Borda-FLICKR.jpg\" alt=\"Eric Borda-FLICKR\" width=\"640\" height=\"480\" srcset=\"https:\/\/cdn1.es.casasrurales.net\/blog\/wp-content\/emp\/blogcasas\/2018\/06\/Eric-Borda-FLICKR.jpg 640w, https:\/\/cdn1.es.casasrurales.net\/blog\/wp-content\/emp\/blogcasas\/2018\/06\/Eric-Borda-FLICKR-300x225.jpg 300w, https:\/\/cdn1.es.casasrurales.net\/blog\/wp-content\/emp\/blogcasas\/2018\/06\/Eric-Borda-FLICKR-156x117.jpg 156w\" sizes=\"(max-width: 640px) 100vw, 640px\" \/><p id=\"caption-attachment-4767\" class=\"wp-caption-text\">Eric Borda-FLICKR<\/p><\/div>\n<p>Te presentamos <strong>una de las zonas con m\u00e1s ambiente<\/strong>, especialmente en verano.<\/p>\n<p>Es el lugar en el que aquellos que desembarcan en el Puerto de La Savina, pasan un rato agradable entre<strong> tenderetes, chiringuitos y restaurantes<\/strong> en los que relajarte disfrutando de la gastronom\u00eda de la zona.<\/p>\n<p>Igual que en casos anteriores, sus aguas turquesas parecen atrapar a todo aquel que pisa esta playa, donde los<strong> barcos de pescadores<\/strong> nos recuerdan la zona en la que estamos.<\/p>\n<p>&nbsp;<\/p>\n<p>Como ves, hay <strong>una gran oferta de espacios naturales<\/strong> en los que vas a poder disfrutar de la esencia de Formentera.<strong><em> \u00bfTe animas a ir?<\/em><\/strong><\/p>\n","protected":false},"excerpt":{"rendered":"<p>Sin duda, uno de los destinos que m\u00e1s se ha puesto de moda en los \u00faltimos a\u00f1os debido a la tranquilidad y exclusividad de sus espacios, donde vas a poder disfrutar de los mejores paisajes de la zona. Hablamos, c\u00f3mo&hellip; <br \/><a class=\"read-more-button\" href=\"https:\/\/www.casasrurales.net\/blog\/las-playas-y-calas-mas-bonitas-de-formentera\">Leer m\u00e1s<\/a><\/p>\n","protected":false},"author":6,"featured_media":4771,"comment_status":"open","ping_status":"open","sticky":false,"template":"","format":"standard","meta":[],"categories":[11],"tags":[74],"_links":{"self":[{"href":"https:\/\/www.casasrurales.net\/blog\/wp-json\/wp\/v2\/posts\/4766"}],"collection":[{"href":"https:\/\/www.casasrurales.net\/blog\/wp-json\/wp\/v2\/posts"}],"about":[{"href":"https:\/\/www.casasrurales.net\/blog\/wp-json\/wp\/v2\/types\/post"}],"author":[{"embeddable":true,"href":"https:\/\/www.casasrurales.net\/blog\/wp-json\/wp\/v2\/users\/6"}],"replies":[{"embeddable":true,"href":"https:\/\/www.casasrurales.net\/blog\/wp-json\/wp\/v2\/comments?post=4766"}],"version-history":[{"count":3,"href":"https:\/\/www.casasrurales.net\/blog\/wp-json\/wp\/v2\/posts\/4766\/revisions"}],"predecessor-version":[{"id":11018,"href":"https:\/\/www.casasrurales.net\/blog\/wp-json\/wp\/v2\/posts\/4766\/revisions\/11018"}],"wp:featuredmedia":[{"embeddable":true,"href":"https:\/\/www.casasrurales.net\/blog\/wp-json\/wp\/v2\/media\/4771"}],"wp:attachment":[{"href":"https:\/\/www.casasrurales.net\/blog\/wp-json\/wp\/v2\/media?parent=4766"}],"wp:term":[{"taxonomy":"category","embeddable":true,"href":"https:\/\/www.casasrurales.net\/blog\/wp-json\/wp\/v2\/categories?post=4766"},{"taxonomy":"post_tag","embeddable":true,"href":"https:\/\/www.casasrurales.net\/blog\/wp-json\/wp\/v2\/tags?post=4766"}],"curies":[{"name":"wp","href":"https:\/\/api.w.org\/{rel}","templated":true}]}}