
{"id":4688,"date":"2018-06-08T08:30:05","date_gmt":"2018-06-08T08:30:05","guid":{"rendered":"https:\/\/www.casasrurales.net\/blog\/?p=4688"},"modified":"2018-06-08T08:30:05","modified_gmt":"2018-06-08T08:30:05","slug":"los-pueblos-con-los-nombres-mas-curiosos","status":"publish","type":"post","link":"https:\/\/www.casasrurales.net\/blog\/los-pueblos-con-los-nombres-mas-curiosos","title":{"rendered":"Los pueblos con los nombres m\u00e1s curiosos"},"content":{"rendered":"<p align=\"JUSTIFY\">Ya sabemos que en Espa\u00f1a somos <strong>los primeros en hacer bromas de lo nuestro,<\/strong> y m\u00e1s si es con algo que nos recuerda a ciertas zonas del cuerpo humano.<\/p>\n<p align=\"JUSTIFY\">No es para menos, viendo los nombres que tienen algunos de nuestros pueblos que cuanto menos, son peculiares. <strong>Te damos la\u00a0<\/strong><strong>bienvenida a alguno de ellos.<\/strong><\/p>\n<h2 align=\"JUSTIFY\"><strong>Villapene (Lugo)<\/strong><\/h2>\n<div id=\"attachment_4690\" style=\"width: 810px\" class=\"wp-caption aligncenter\"><img aria-describedby=\"caption-attachment-4690\" class=\"size-full wp-image-4690\" src=\"https:\/\/cdn1.es.casasrurales.net\/blog\/wp-content\/emp\/blogcasas\/2018\/06\/Villapene-WIKIPEDIA.jpg\" alt=\"Villapene-WIKIPEDIA\" width=\"800\" height=\"451\" srcset=\"https:\/\/cdn1.es.casasrurales.net\/blog\/wp-content\/emp\/blogcasas\/2018\/06\/Villapene-WIKIPEDIA.jpg 800w, https:\/\/cdn1.es.casasrurales.net\/blog\/wp-content\/emp\/blogcasas\/2018\/06\/Villapene-WIKIPEDIA-300x169.jpg 300w, https:\/\/cdn1.es.casasrurales.net\/blog\/wp-content\/emp\/blogcasas\/2018\/06\/Villapene-WIKIPEDIA-768x433.jpg 768w\" sizes=\"(max-width: 800px) 100vw, 800px\" \/><p id=\"caption-attachment-4690\" class=\"wp-caption-text\">Villapene-WIKIPEDIA<\/p><\/div>\n<p align=\"JUSTIFY\"><a href=\"https:\/\/www.casasrurales.net\/casas-rurales\/lugo\">En Lugo encontramos este pueblo<\/a> que se llama ni m\u00e1s ni menos que Villapene. <strong><em>\u00bfQu\u00e9 tiene el pene para que le pongan en esta aldea su nombre?<\/em> <\/strong><\/p>\n<p align=\"JUSTIFY\">Pues en verdad\u2026 nada. El origen de este nombre no reside en el aparato sexual masculino y, es m\u00e1s, el <strong>nombre real del pueblo es Santa Mar\u00eda de Vilapene<\/strong>. Sin embargo, los vecinos de este pueblo, no m\u00e1s de 200, ven todos los d\u00edas gente haci\u00e9ndose<strong> una foto en su cartel.<\/strong> <strong>\u00a1Incluso lo han llegado a robar!<\/strong><\/p>\n<h2 align=\"JUSTIFY\"><strong>Villaviciosa (Asturias)<\/strong><\/h2>\n<div id=\"attachment_4691\" style=\"width: 650px\" class=\"wp-caption aligncenter\"><img aria-describedby=\"caption-attachment-4691\" class=\"size-full wp-image-4691\" src=\"https:\/\/cdn1.es.casasrurales.net\/blog\/wp-content\/emp\/blogcasas\/2018\/06\/David-Alvarez-Lopez.jpg\" alt=\"David Alvarez Lopez-FLICKR\" width=\"640\" height=\"427\" srcset=\"https:\/\/cdn1.es.casasrurales.net\/blog\/wp-content\/emp\/blogcasas\/2018\/06\/David-Alvarez-Lopez.jpg 640w, https:\/\/cdn1.es.casasrurales.net\/blog\/wp-content\/emp\/blogcasas\/2018\/06\/David-Alvarez-Lopez-300x200.jpg 300w, https:\/\/cdn1.es.casasrurales.net\/blog\/wp-content\/emp\/blogcasas\/2018\/06\/David-Alvarez-Lopez-320x213.jpg 320w\" sizes=\"(max-width: 640px) 100vw, 640px\" \/><p id=\"caption-attachment-4691\" class=\"wp-caption-text\">David Alvarez Lopez-FLICKR<\/p><\/div>\n<p align=\"JUSTIFY\">Siguiendo con las villas en la comunidad de al lado encontramos Villaviciosa.<\/p>\n<p align=\"JUSTIFY\">Nada tiene que ver con lo que todos hab\u00e9is pensado nada m\u00e1s leerlo. Ni a las mujeres, ni a sus comportamientos se refiere, sino<strong> a la fertilidad de las tierras<\/strong> las cuales daban numerosos productos.<\/p>\n<p align=\"JUSTIFY\"><strong><em>\u00bfHab\u00edas pensado mal, eh?<\/em><\/strong><\/p>\n<h2 align=\"JUSTIFY\"><strong>Valdezorras (Sevilla)<\/strong><\/h2>\n<div id=\"attachment_4693\" style=\"width: 310px\" class=\"wp-caption aligncenter\"><img aria-describedby=\"caption-attachment-4693\" class=\"size-full wp-image-4693\" src=\"https:\/\/cdn1.es.casasrurales.net\/blog\/wp-content\/emp\/blogcasas\/2018\/06\/valdezorras.jpg\" alt=\"valdezorras\" width=\"300\" height=\"300\" srcset=\"https:\/\/cdn1.es.casasrurales.net\/blog\/wp-content\/emp\/blogcasas\/2018\/06\/valdezorras.jpg 300w, https:\/\/cdn1.es.casasrurales.net\/blog\/wp-content\/emp\/blogcasas\/2018\/06\/valdezorras-150x150.jpg 150w, https:\/\/cdn1.es.casasrurales.net\/blog\/wp-content\/emp\/blogcasas\/2018\/06\/valdezorras-60x60.jpg 60w\" sizes=\"(max-width: 300px) 100vw, 300px\" \/><p id=\"caption-attachment-4693\" class=\"wp-caption-text\">valdezorras<\/p><\/div>\n<p align=\"JUSTIFY\">En la otra punta de Espa\u00f1a encontramos Valdezorras.<\/p>\n<p align=\"JUSTIFY\">Este <strong>barrio sevillano<\/strong> construido en los <strong>a\u00f1os 60<\/strong> sobre una barriada se conoc\u00eda como Barrio Alto de Valdezorras.<\/p>\n<p align=\"JUSTIFY\">Seguro que sus vecinas no est\u00e1n muy contentas con este nombre.<\/p>\n<h2 align=\"JUSTIFY\"><strong>Pepino (Toledo)<\/strong><\/h2>\n<div id=\"attachment_4697\" style=\"width: 850px\" class=\"wp-caption aligncenter\"><img aria-describedby=\"caption-attachment-4697\" class=\"size-large wp-image-4697\" src=\"https:\/\/cdn1.es.casasrurales.net\/blog\/wp-content\/emp\/blogcasas\/2018\/06\/Pepino-WIKIPEDIA-1024x768.jpg\" alt=\"Pepino-WIKIPEDIA\" width=\"840\" height=\"630\" srcset=\"https:\/\/cdn1.es.casasrurales.net\/blog\/wp-content\/emp\/blogcasas\/2018\/06\/Pepino-WIKIPEDIA-1024x768.jpg 1024w, https:\/\/cdn1.es.casasrurales.net\/blog\/wp-content\/emp\/blogcasas\/2018\/06\/Pepino-WIKIPEDIA-300x225.jpg 300w, https:\/\/cdn1.es.casasrurales.net\/blog\/wp-content\/emp\/blogcasas\/2018\/06\/Pepino-WIKIPEDIA-768x576.jpg 768w, https:\/\/cdn1.es.casasrurales.net\/blog\/wp-content\/emp\/blogcasas\/2018\/06\/Pepino-WIKIPEDIA-1170x878.jpg 1170w, https:\/\/cdn1.es.casasrurales.net\/blog\/wp-content\/emp\/blogcasas\/2018\/06\/Pepino-WIKIPEDIA-156x117.jpg 156w, https:\/\/cdn1.es.casasrurales.net\/blog\/wp-content\/emp\/blogcasas\/2018\/06\/Pepino-WIKIPEDIA-800x600.jpg 800w, https:\/\/cdn1.es.casasrurales.net\/blog\/wp-content\/emp\/blogcasas\/2018\/06\/Pepino-WIKIPEDIA.jpg 1280w\" sizes=\"(max-width: 840px) 100vw, 840px\" \/><p id=\"caption-attachment-4697\" class=\"wp-caption-text\">Pepino-WIKIPEDIA<\/p><\/div>\n<p align=\"JUSTIFY\">Los <strong><em>pepineros<\/em> <\/strong>toman este nombre de <strong>un antiguo labrador del pueblo<\/strong>. Y desde entonces, tambi\u00e9n son muchos los que quieren hacerse una foto en su cartel.<\/p>\n<h2 align=\"JUSTIFY\"><strong>Churra (Murcia)<\/strong><\/h2>\n<div id=\"attachment_4695\" style=\"width: 510px\" class=\"wp-caption aligncenter\"><img aria-describedby=\"caption-attachment-4695\" class=\"size-full wp-image-4695\" src=\"https:\/\/cdn1.es.casasrurales.net\/blog\/wp-content\/emp\/blogcasas\/2018\/06\/Derick-Leony-Flirck.jpg\" alt=\"Derick Leony (Flirck)\" width=\"500\" height=\"375\" srcset=\"https:\/\/cdn1.es.casasrurales.net\/blog\/wp-content\/emp\/blogcasas\/2018\/06\/Derick-Leony-Flirck.jpg 500w, https:\/\/cdn1.es.casasrurales.net\/blog\/wp-content\/emp\/blogcasas\/2018\/06\/Derick-Leony-Flirck-300x225.jpg 300w, https:\/\/cdn1.es.casasrurales.net\/blog\/wp-content\/emp\/blogcasas\/2018\/06\/Derick-Leony-Flirck-156x117.jpg 156w\" sizes=\"(max-width: 500px) 100vw, 500px\" \/><p id=\"caption-attachment-4695\" class=\"wp-caption-text\">Derick Leony (Flirck)<\/p><\/div>\n<p align=\"JUSTIFY\">\u00bfTe imaginas un pueblo que <strong>comenzara llam\u00e1ndose Sierra,<\/strong> y llegara a derivar en Churra?<\/p>\n<p align=\"JUSTIFY\">Pues eso ha pasado<strong> en Murcia.<\/strong> Cuando los musulmanes llegaron aqu\u00ed <strong>llamaron a la tierra Sharat,<\/strong> que significa Sierra.<\/p>\n<p align=\"JUSTIFY\">El parecido de su pronunciaci\u00f3n con nuestra <em>Churra<\/em> ha hecho que se quede con este nombre tan particular.<\/p>\n<h2 align=\"JUSTIFY\"><strong>Toc\u00f3n (Granada)<\/strong><\/h2>\n<div id=\"attachment_4692\" style=\"width: 852px\" class=\"wp-caption aligncenter\"><img aria-describedby=\"caption-attachment-4692\" class=\"size-full wp-image-4692\" src=\"https:\/\/cdn1.es.casasrurales.net\/blog\/wp-content\/emp\/blogcasas\/2018\/06\/Toc\u00f3n-WIKIPEDIA.jpg\" alt=\"Toc\u00f3n-WIKIPEDIA\" width=\"842\" height=\"592\" srcset=\"https:\/\/cdn1.es.casasrurales.net\/blog\/wp-content\/emp\/blogcasas\/2018\/06\/Toc\u00f3n-WIKIPEDIA.jpg 842w, https:\/\/cdn1.es.casasrurales.net\/blog\/wp-content\/emp\/blogcasas\/2018\/06\/Toc\u00f3n-WIKIPEDIA-300x211.jpg 300w, https:\/\/cdn1.es.casasrurales.net\/blog\/wp-content\/emp\/blogcasas\/2018\/06\/Toc\u00f3n-WIKIPEDIA-768x540.jpg 768w\" sizes=\"(max-width: 842px) 100vw, 842px\" \/><p id=\"caption-attachment-4692\" class=\"wp-caption-text\">Toc\u00f3n-WIKIPEDIA<\/p><\/div>\n<p align=\"JUSTIFY\">En este pueblo de <strong>Granada<\/strong> tambi\u00e9n llama la atenci\u00f3n el nombre.<\/p>\n<p align=\"JUSTIFY\">Y es que, su nombre deriva, como en el caso anterior, <strong>de la cultura \u00e1rabe<\/strong>, posteriormente <strong>adaptada al castellano.<\/strong><\/p>\n<p align=\"JUSTIFY\">No sabemos si los vecinos de la zona estar\u00e1n muy de acuerdo con el nombre y lo que este conlleva, el caso es que <strong>es un reclamo tur\u00edstico.<\/strong><\/p>\n<h2 align=\"JUSTIFY\"><strong>Guarrom\u00e1n (Ja\u00e9n)<\/strong><\/h2>\n<div id=\"attachment_4696\" style=\"width: 940px\" class=\"wp-caption aligncenter\"><img aria-describedby=\"caption-attachment-4696\" class=\"size-full wp-image-4696\" src=\"https:\/\/cdn1.es.casasrurales.net\/blog\/wp-content\/emp\/blogcasas\/2018\/06\/Guarrom\u00e1n-FLICKR.jpg\" alt=\"Guarrom\u00e1n-FLICKR\" width=\"930\" height=\"622\" srcset=\"https:\/\/cdn1.es.casasrurales.net\/blog\/wp-content\/emp\/blogcasas\/2018\/06\/Guarrom\u00e1n-FLICKR.jpg 930w, https:\/\/cdn1.es.casasrurales.net\/blog\/wp-content\/emp\/blogcasas\/2018\/06\/Guarrom\u00e1n-FLICKR-300x201.jpg 300w, https:\/\/cdn1.es.casasrurales.net\/blog\/wp-content\/emp\/blogcasas\/2018\/06\/Guarrom\u00e1n-FLICKR-768x514.jpg 768w, https:\/\/cdn1.es.casasrurales.net\/blog\/wp-content\/emp\/blogcasas\/2018\/06\/Guarrom\u00e1n-FLICKR-320x213.jpg 320w\" sizes=\"(max-width: 930px) 100vw, 930px\" \/><p id=\"caption-attachment-4696\" class=\"wp-caption-text\">Guarrom\u00e1n-FLICKR<\/p><\/div>\n<p align=\"JUSTIFY\">Cuando sus primeros habitantes castellanizaron <strong>El Arroyo de los Granados\u00a0<\/strong>no imaginaron que iban a dar a Ja\u00e9n un pueblo con este nombre, y que en ese pueblo se encontrar\u00eda la sede de la <strong>Asociaci\u00f3n Internacional del Pueblo con Nombres Raros, Feos y Peculiares.<\/strong><\/p>\n<p align=\"JUSTIFY\">Es sin duda, uno <strong>de los m\u00e1s conocidos y mencionados.<\/strong><\/p>\n<h2 align=\"JUSTIFY\"><strong>Alcantarilla (Murcia)<\/strong><\/h2>\n<div id=\"attachment_4698\" style=\"width: 777px\" class=\"wp-caption aligncenter\"><img aria-describedby=\"caption-attachment-4698\" class=\"size-full wp-image-4698\" src=\"https:\/\/cdn1.es.casasrurales.net\/blog\/wp-content\/emp\/blogcasas\/2018\/06\/Alcantarilla-WIKIPEDIA.jpg\" alt=\"Alcantarilla-WIKIPEDIA\" width=\"767\" height=\"574\" srcset=\"https:\/\/cdn1.es.casasrurales.net\/blog\/wp-content\/emp\/blogcasas\/2018\/06\/Alcantarilla-WIKIPEDIA.jpg 767w, https:\/\/cdn1.es.casasrurales.net\/blog\/wp-content\/emp\/blogcasas\/2018\/06\/Alcantarilla-WIKIPEDIA-300x225.jpg 300w, https:\/\/cdn1.es.casasrurales.net\/blog\/wp-content\/emp\/blogcasas\/2018\/06\/Alcantarilla-WIKIPEDIA-156x117.jpg 156w\" sizes=\"(max-width: 767px) 100vw, 767px\" \/><p id=\"caption-attachment-4698\" class=\"wp-caption-text\">Alcantarilla-WIKIPEDIA<\/p><\/div>\n<p align=\"JUSTIFY\">Volvemos otra vez a <strong>Murcia<\/strong>, donde parece que los nombres curiosos de los pueblos proliferan.<\/p>\n<p align=\"JUSTIFY\">Un <strong>puente que iba hac\u00eda Almer\u00eda dio nombre al pueblo<\/strong>\u00a0que hoy en d\u00eda, nos recuerda m\u00e1s a los subsuelos que a un puente.<\/p>\n<p align=\"JUSTIFY\">Con <em><strong>Guasa<\/strong><\/em>, como una peque\u00f1a <strong>aldea de Huesca,<\/strong> hay que tomarse estos nombres y es que si no nos re\u00edmos de nosotros mismos, perdemos nuestra esencia.<\/p>\n<p align=\"JUSTIFY\">Ya sabes, aprovecha las vacaciones y visita algunos de estos pueblos. <strong>Hacerse una foto con sus carteles para despu\u00e9s re\u00edrse de ello \u00a1no tiene precio!<\/strong><\/p>\n","protected":false},"excerpt":{"rendered":"<p>Ya sabemos que en Espa\u00f1a somos los primeros en hacer bromas de lo nuestro, y m\u00e1s si es con algo que nos recuerda a ciertas zonas del cuerpo humano. No es para menos, viendo los nombres que tienen algunos de&hellip; <br \/><a class=\"read-more-button\" href=\"https:\/\/www.casasrurales.net\/blog\/los-pueblos-con-los-nombres-mas-curiosos\">Leer m\u00e1s<\/a><\/p>\n","protected":false},"author":6,"featured_media":4689,"comment_status":"open","ping_status":"open","sticky":false,"template":"","format":"standard","meta":[],"categories":[13],"tags":[],"_links":{"self":[{"href":"https:\/\/www.casasrurales.net\/blog\/wp-json\/wp\/v2\/posts\/4688"}],"collection":[{"href":"https:\/\/www.casasrurales.net\/blog\/wp-json\/wp\/v2\/posts"}],"about":[{"href":"https:\/\/www.casasrurales.net\/blog\/wp-json\/wp\/v2\/types\/post"}],"author":[{"embeddable":true,"href":"https:\/\/www.casasrurales.net\/blog\/wp-json\/wp\/v2\/users\/6"}],"replies":[{"embeddable":true,"href":"https:\/\/www.casasrurales.net\/blog\/wp-json\/wp\/v2\/comments?post=4688"}],"version-history":[{"count":1,"href":"https:\/\/www.casasrurales.net\/blog\/wp-json\/wp\/v2\/posts\/4688\/revisions"}],"predecessor-version":[{"id":4699,"href":"https:\/\/www.casasrurales.net\/blog\/wp-json\/wp\/v2\/posts\/4688\/revisions\/4699"}],"wp:featuredmedia":[{"embeddable":true,"href":"https:\/\/www.casasrurales.net\/blog\/wp-json\/wp\/v2\/media\/4689"}],"wp:attachment":[{"href":"https:\/\/www.casasrurales.net\/blog\/wp-json\/wp\/v2\/media?parent=4688"}],"wp:term":[{"taxonomy":"category","embeddable":true,"href":"https:\/\/www.casasrurales.net\/blog\/wp-json\/wp\/v2\/categories?post=4688"},{"taxonomy":"post_tag","embeddable":true,"href":"https:\/\/www.casasrurales.net\/blog\/wp-json\/wp\/v2\/tags?post=4688"}],"curies":[{"name":"wp","href":"https:\/\/api.w.org\/{rel}","templated":true}]}}