
{"id":4637,"date":"2018-06-01T06:48:34","date_gmt":"2018-06-01T06:48:34","guid":{"rendered":"https:\/\/www.casasrurales.net\/blog\/?p=4637"},"modified":"2018-06-01T06:48:34","modified_gmt":"2018-06-01T06:48:34","slug":"las-mejores-playas-de-madrid","status":"publish","type":"post","link":"https:\/\/www.casasrurales.net\/blog\/las-mejores-playas-de-madrid","title":{"rendered":"Las mejores playas de Madrid"},"content":{"rendered":"<p align=\"JUSTIFY\"><strong><em>Aqu\u00ed no hay playa, vaya, vaya<\/em><\/strong><strong><em>\u2026<\/em><\/strong><\/p>\n<p align=\"JUSTIFY\">Puede que esa canci\u00f3n en los 80 hablar\u00e1 de Madrid\u00a0pero a d\u00eda de hoy <strong>por la Comunidad podemos disfrutar de <\/strong><strong>zonas de ba\u00f1o<\/strong> que <a href=\"https:\/\/www.casasrurales.net\/casas-rurales\/madrid\">nada tienen que envidiar a la costa espa\u00f1ola<\/a>.<\/p>\n<p align=\"JUSTIFY\">Hoy te traemos las m\u00e1s bonitas <strong>para pasar un d\u00eda genial con los amigos o la familia<\/strong>.<\/p>\n<h2 align=\"JUSTIFY\"><strong>El pantano de San Juan\u00a0<\/strong><\/h2>\n<div id=\"attachment_4644\" style=\"width: 650px\" class=\"wp-caption aligncenter\"><img aria-describedby=\"caption-attachment-4644\" class=\"size-full wp-image-4644\" src=\"https:\/\/cdn1.es.casasrurales.net\/blog\/wp-content\/emp\/blogcasas\/2018\/05\/Olga-Berrios-Flickr.jpg\" alt=\"Olga Berrios (Flickr)\" width=\"640\" height=\"427\" srcset=\"https:\/\/cdn1.es.casasrurales.net\/blog\/wp-content\/emp\/blogcasas\/2018\/05\/Olga-Berrios-Flickr.jpg 640w, https:\/\/cdn1.es.casasrurales.net\/blog\/wp-content\/emp\/blogcasas\/2018\/05\/Olga-Berrios-Flickr-300x200.jpg 300w, https:\/\/cdn1.es.casasrurales.net\/blog\/wp-content\/emp\/blogcasas\/2018\/05\/Olga-Berrios-Flickr-320x213.jpg 320w\" sizes=\"(max-width: 640px) 100vw, 640px\" \/><p id=\"caption-attachment-4644\" class=\"wp-caption-text\">Olga Berrios (Flickr)<\/p><\/div>\n<p align=\"JUSTIFY\">Es la playa por excelencia madrile\u00f1a y <strong>a lo largo de los <\/strong><strong>14 kil\u00f3metros<\/strong> que recorre puedes ba\u00f1arte o practicar numerosos deportes acu\u00e1ticos.<\/p>\n<p align=\"JUSTIFY\"><strong>2 zonas delimitadas<\/strong> que grandes y peque\u00f1os, disfrutan a la par ba\u00f1adas con <strong>aguas del Alberche.<\/strong><\/p>\n<p align=\"JUSTIFY\">Situado <strong>entre 4 municipios de la Sierra<\/strong>: San Mart\u00edn de Valdeiglesias, El Tiemblo, Cebreros y Pelayos de la Presa, es el \u00fanico embalse en el que puedes ba\u00f1arte por eso <strong>se llena hasta la bandera durante los meses veraniegos.<\/strong><\/p>\n<h2 align=\"JUSTIFY\"><strong>Piscinas naturales de Buitrago de Lozoya<\/strong><\/h2>\n<div id=\"attachment_4645\" style=\"width: 650px\" class=\"wp-caption aligncenter\"><img aria-describedby=\"caption-attachment-4645\" class=\"size-full wp-image-4645\" src=\"https:\/\/cdn1.es.casasrurales.net\/blog\/wp-content\/emp\/blogcasas\/2018\/05\/Sergio-de-Gracia-dAgosto-Flickr.jpg\" alt=\"Sergio de Gracia d'Agosto (Flickr)\" width=\"640\" height=\"432\" srcset=\"https:\/\/cdn1.es.casasrurales.net\/blog\/wp-content\/emp\/blogcasas\/2018\/05\/Sergio-de-Gracia-dAgosto-Flickr.jpg 640w, https:\/\/cdn1.es.casasrurales.net\/blog\/wp-content\/emp\/blogcasas\/2018\/05\/Sergio-de-Gracia-dAgosto-Flickr-300x203.jpg 300w\" sizes=\"(max-width: 640px) 100vw, 640px\" \/><p id=\"caption-attachment-4645\" class=\"wp-caption-text\">Sergio de Gracia d&#8217;Agosto (Flickr)<\/p><\/div>\n<p align=\"JUSTIFY\">El <strong>Embalse de Riosequillo<\/strong><strong>,<\/strong> proporciona agua a esta piscina que se extiende en una amplia superficie, siendo <strong>la m\u00e1s grande de Espa\u00f1a<\/strong>, y desde cuya orilla tendr\u00e1s unas vistas alucinantes.<\/p>\n<p align=\"JUSTIFY\">Est\u00e1 a <strong>70 kil\u00f3metros de la capital<\/strong> y su entrada<strong> cuesta 2.50 euros<\/strong> para los adultos y un euro menos para los peques.<\/p>\n<p align=\"JUSTIFY\">Es un \u00e1rea que cuenta con zona de c\u00e9sped, merenderos, atracciones para los m\u00e1s peque\u00f1os y<strong> un <\/strong><strong>bar<\/strong> donde tomarse un caf\u00e9 al caer la tarde.<\/p>\n<p align=\"JUSTIFY\">A su alrededor numerosas <strong>zonas de senderismo<\/strong> har\u00e1 las delicias de los m\u00e1s aventureros y un <strong>jard\u00edn bot\u00e1nico<\/strong> en el que descubrir <strong>m\u00e1s de 239 especies<\/strong>.<\/p>\n<h2 align=\"JUSTIFY\"><strong>Piscinas en Cercedilla<\/strong><\/h2>\n<div id=\"attachment_4641\" style=\"width: 650px\" class=\"wp-caption aligncenter\"><img aria-describedby=\"caption-attachment-4641\" class=\"size-full wp-image-4641\" src=\"https:\/\/cdn1.es.casasrurales.net\/blog\/wp-content\/emp\/blogcasas\/2018\/05\/Javier-Costas-Franco-Flickr.jpg\" alt=\"Javier Costas Franco (Flickr)\" width=\"640\" height=\"428\" srcset=\"https:\/\/cdn1.es.casasrurales.net\/blog\/wp-content\/emp\/blogcasas\/2018\/05\/Javier-Costas-Franco-Flickr.jpg 640w, https:\/\/cdn1.es.casasrurales.net\/blog\/wp-content\/emp\/blogcasas\/2018\/05\/Javier-Costas-Franco-Flickr-300x201.jpg 300w, https:\/\/cdn1.es.casasrurales.net\/blog\/wp-content\/emp\/blogcasas\/2018\/05\/Javier-Costas-Franco-Flickr-320x213.jpg 320w\" sizes=\"(max-width: 640px) 100vw, 640px\" \/><p id=\"caption-attachment-4641\" class=\"wp-caption-text\">Javier Costas Franco (Flickr)<\/p><\/div>\n<p align=\"JUSTIFY\">En la<strong> Sierra de <\/strong><strong>Guadarrama <\/strong>encontramos el <strong>Valle de Fuenfr\u00eda<\/strong>. El Arroyo de la Venta que transcurre por \u00e9l, ba\u00f1a la Dehesa de Cercedilla en un<strong> \u00e1rea de 755 metros cuadrados<\/strong> creado en 1978.<\/p>\n<p align=\"JUSTIFY\">Esta<strong> \u00e1rea recreativa<\/strong> es una opci\u00f3n perfecta para pasar el d\u00eda con los m\u00e1s peque\u00f1os y es que est\u00e1 colmada de <strong>zonas de juego y aventuras<\/strong><strong>.<\/strong> Adem\u00e1s, su<strong> zona de picnic<\/strong> est\u00e1 pr\u00f3xima a una <strong>antigua muralla romana. <\/strong><\/p>\n<h2 align=\"JUSTIFY\"><strong>Piscinas naturales de Rascafr\u00eda<\/strong><\/h2>\n<div id=\"attachment_4639\" style=\"width: 650px\" class=\"wp-caption aligncenter\"><img aria-describedby=\"caption-attachment-4639\" class=\"size-full wp-image-4639\" src=\"https:\/\/cdn1.es.casasrurales.net\/blog\/wp-content\/emp\/blogcasas\/2018\/05\/By-Your-Flickr.jpg\" alt=\"By-Your (Flickr)\" width=\"640\" height=\"444\" srcset=\"https:\/\/cdn1.es.casasrurales.net\/blog\/wp-content\/emp\/blogcasas\/2018\/05\/By-Your-Flickr.jpg 640w, https:\/\/cdn1.es.casasrurales.net\/blog\/wp-content\/emp\/blogcasas\/2018\/05\/By-Your-Flickr-300x208.jpg 300w\" sizes=\"(max-width: 640px) 100vw, 640px\" \/><p id=\"caption-attachment-4639\" class=\"wp-caption-text\">By-Your (Flickr)<\/p><\/div>\n<p align=\"JUSTIFY\">Es la opci\u00f3n m\u00e1s econ\u00f3mica puesto que <strong>su entrada es gratis,<\/strong> eso s\u00ed, hay que cuidar la zona y no dejar restos.<\/p>\n<p align=\"JUSTIFY\"><strong>Las Presillas<\/strong><strong>,<\/strong> que es como se llaman estas piscinas, se encuentran en el <strong>Valle del Paular<\/strong>, uno de los m\u00e1s bonitos de la Sierra Madrile\u00f1a.<\/p>\n<p align=\"JUSTIFY\">Podr\u00e1s disfrutar de las vistas al <strong>Pico de Pe\u00f1alara<\/strong> mientras te das<strong> un ba\u00f1o en una de las 3 piscinas<\/strong>. Cuenta con una <strong>zona recreativa<\/strong><strong> perfecta<\/strong> para que los m\u00e1s peque\u00f1os se diviertan y t\u00fa disfrutes de un merecido picnic tumbado en los prados verdes.<\/p>\n<h2 align=\"JUSTIFY\"><strong>Las Pozas de Puebla de la Sierra<\/strong><\/h2>\n<div id=\"attachment_4638\" style=\"width: 650px\" class=\"wp-caption aligncenter\"><img aria-describedby=\"caption-attachment-4638\" class=\"size-full wp-image-4638\" src=\"https:\/\/cdn1.es.casasrurales.net\/blog\/wp-content\/emp\/blogcasas\/2018\/05\/Alberto-Medina-Flickr.jpg\" alt=\"Alberto Medina (Flickr)\" width=\"640\" height=\"480\" srcset=\"https:\/\/cdn1.es.casasrurales.net\/blog\/wp-content\/emp\/blogcasas\/2018\/05\/Alberto-Medina-Flickr.jpg 640w, https:\/\/cdn1.es.casasrurales.net\/blog\/wp-content\/emp\/blogcasas\/2018\/05\/Alberto-Medina-Flickr-300x225.jpg 300w, https:\/\/cdn1.es.casasrurales.net\/blog\/wp-content\/emp\/blogcasas\/2018\/05\/Alberto-Medina-Flickr-156x117.jpg 156w\" sizes=\"(max-width: 640px) 100vw, 640px\" \/><p id=\"caption-attachment-4638\" class=\"wp-caption-text\">Alberto Medina (Flickr)<\/p><\/div>\n<p align=\"JUSTIFY\">El <strong>r\u00edo de la Puebla<\/strong>\u00a0se abre paso de manera estacional por la sierra de Guadarrama hasta llegar a esta zona, colindante ya con Castilla La Mancha, en la que forma <strong>unas charcas perfectas<\/strong> para darse un refrescante ba\u00f1o en un caluroso d\u00eda de verano.<\/p>\n<p align=\"JUSTIFY\">La naturaleza y la calma te rodear\u00e1n mientras tomas el sol junto a los tuyos.<\/p>\n<h2 align=\"JUSTIFY\"><strong>Playa del Alberche en Aldea del Fresno\u00a0<\/strong><\/h2>\n<div id=\"attachment_4646\" style=\"width: 650px\" class=\"wp-caption aligncenter\"><img aria-describedby=\"caption-attachment-4646\" class=\"size-full wp-image-4646\" src=\"https:\/\/cdn1.es.casasrurales.net\/blog\/wp-content\/emp\/blogcasas\/2018\/05\/Valakirka-Flickr.jpg\" alt=\"Valakirka (Flickr)\" width=\"640\" height=\"480\" srcset=\"https:\/\/cdn1.es.casasrurales.net\/blog\/wp-content\/emp\/blogcasas\/2018\/05\/Valakirka-Flickr.jpg 640w, https:\/\/cdn1.es.casasrurales.net\/blog\/wp-content\/emp\/blogcasas\/2018\/05\/Valakirka-Flickr-300x225.jpg 300w, https:\/\/cdn1.es.casasrurales.net\/blog\/wp-content\/emp\/blogcasas\/2018\/05\/Valakirka-Flickr-156x117.jpg 156w\" sizes=\"(max-width: 640px) 100vw, 640px\" \/><p id=\"caption-attachment-4646\" class=\"wp-caption-text\">Valakirka (Flickr)<\/p><\/div>\n<p align=\"JUSTIFY\">Sin ir hasta la Sierra, al <strong>suroeste de la comunidad,<\/strong> encontramos esta playa rural con arena que se convierte en <strong>una de las mejores para ir con los peques<\/strong> de la casa, sus aguas apenas cubren.<\/p>\n<p align=\"JUSTIFY\">Adem\u00e1s, <strong>su entrada es <\/strong><strong>gratuita<\/strong>, cuenta con <strong>zona de <\/strong><strong>picnic\u00a0<\/strong><strong>y fuentes de agua potable.<\/strong> Si se han portado bien, pod\u00e9is terminar la jornada visitando el <strong>Safari<\/strong> al aire libre con el que cuenta este pueblo.<\/p>\n<p align=\"JUSTIFY\">Llega el verano y muchos amigos se van a la playa mientras t\u00fa tienes que quedarte en la ciudad trabajando. No te martirices m\u00e1s con ello y <strong>descubre <\/strong><strong>piscinas naturales<\/strong> perfectas para pasar el fin de semana. Ahora ya no te dar\u00e1n m\u00e1s envidia y es que <strong>Madrid es mucho Madrid. <\/strong><\/p>\n","protected":false},"excerpt":{"rendered":"<p>Aqu\u00ed no hay playa, vaya, vaya\u2026 Puede que esa canci\u00f3n en los 80 hablar\u00e1 de Madrid\u00a0pero a d\u00eda de hoy por la Comunidad podemos disfrutar de zonas de ba\u00f1o que nada tienen que envidiar a la costa espa\u00f1ola. Hoy te&hellip; <br \/><a class=\"read-more-button\" href=\"https:\/\/www.casasrurales.net\/blog\/las-mejores-playas-de-madrid\">Leer m\u00e1s<\/a><\/p>\n","protected":false},"author":6,"featured_media":4640,"comment_status":"open","ping_status":"open","sticky":false,"template":"","format":"standard","meta":[],"categories":[11],"tags":[21],"_links":{"self":[{"href":"https:\/\/www.casasrurales.net\/blog\/wp-json\/wp\/v2\/posts\/4637"}],"collection":[{"href":"https:\/\/www.casasrurales.net\/blog\/wp-json\/wp\/v2\/posts"}],"about":[{"href":"https:\/\/www.casasrurales.net\/blog\/wp-json\/wp\/v2\/types\/post"}],"author":[{"embeddable":true,"href":"https:\/\/www.casasrurales.net\/blog\/wp-json\/wp\/v2\/users\/6"}],"replies":[{"embeddable":true,"href":"https:\/\/www.casasrurales.net\/blog\/wp-json\/wp\/v2\/comments?post=4637"}],"version-history":[{"count":2,"href":"https:\/\/www.casasrurales.net\/blog\/wp-json\/wp\/v2\/posts\/4637\/revisions"}],"predecessor-version":[{"id":4648,"href":"https:\/\/www.casasrurales.net\/blog\/wp-json\/wp\/v2\/posts\/4637\/revisions\/4648"}],"wp:featuredmedia":[{"embeddable":true,"href":"https:\/\/www.casasrurales.net\/blog\/wp-json\/wp\/v2\/media\/4640"}],"wp:attachment":[{"href":"https:\/\/www.casasrurales.net\/blog\/wp-json\/wp\/v2\/media?parent=4637"}],"wp:term":[{"taxonomy":"category","embeddable":true,"href":"https:\/\/www.casasrurales.net\/blog\/wp-json\/wp\/v2\/categories?post=4637"},{"taxonomy":"post_tag","embeddable":true,"href":"https:\/\/www.casasrurales.net\/blog\/wp-json\/wp\/v2\/tags?post=4637"}],"curies":[{"name":"wp","href":"https:\/\/api.w.org\/{rel}","templated":true}]}}