
{"id":4629,"date":"2020-07-29T15:48:21","date_gmt":"2020-07-29T15:48:21","guid":{"rendered":"https:\/\/www.casasrurales.net\/blog\/?p=4629"},"modified":"2020-07-29T15:51:59","modified_gmt":"2020-07-29T15:51:59","slug":"las-playas-mas-bonitas-de-alicante","status":"publish","type":"post","link":"https:\/\/www.casasrurales.net\/blog\/las-playas-mas-bonitas-de-alicante","title":{"rendered":"Las playas m\u00e1s bonitas de Alicante"},"content":{"rendered":"<p align=\"JUSTIFY\">No hay mejor lugar en el que<strong> disfrutar de la playa que en el Mediterr\u00e1neo<\/strong>, ese mar que tantas canciones ha inspirado a nuestros m\u00fasicos, y no es algo de extra\u00f1ar pues esta zona contiene paisajes maravillosos.<\/p>\n<p align=\"JUSTIFY\">Hoy en concreto, <a href=\"https:\/\/www.casasrurales.net\/casas-rurales\/alicante\">nos vamos a centrar en Alicante<\/a>. <strong>244 kil\u00f3metros de playas, acantilados y calas forman la <\/strong><strong>Costa Blanca<\/strong><strong> en la que los<\/strong> chiringuitos se entremezclan con ciudades cargadas de historia y peque\u00f1os pueblos pesqueros.<\/p>\n<p align=\"JUSTIFY\">19 localidades dotan a esta provincia de algunas de las <strong>playas m\u00e1s bonitas de la Pen\u00ednsula.<\/strong><\/p>\n<h2 align=\"JUSTIFY\"><strong>Playa de San Juan<\/strong><\/h2>\n<div id=\"attachment_4635\" style=\"width: 650px\" class=\"wp-caption aligncenter\"><img aria-describedby=\"caption-attachment-4635\" class=\"size-full wp-image-4635\" src=\"https:\/\/cdn1.es.casasrurales.net\/blog\/wp-content\/emp\/blogcasas\/2018\/05\/Marcoski-Flickr.jpg\" alt=\"Marcoski (Flickr)\" width=\"640\" height=\"635\" srcset=\"https:\/\/cdn1.es.casasrurales.net\/blog\/wp-content\/emp\/blogcasas\/2018\/05\/Marcoski-Flickr.jpg 640w, https:\/\/cdn1.es.casasrurales.net\/blog\/wp-content\/emp\/blogcasas\/2018\/05\/Marcoski-Flickr-150x150.jpg 150w, https:\/\/cdn1.es.casasrurales.net\/blog\/wp-content\/emp\/blogcasas\/2018\/05\/Marcoski-Flickr-300x298.jpg 300w, https:\/\/cdn1.es.casasrurales.net\/blog\/wp-content\/emp\/blogcasas\/2018\/05\/Marcoski-Flickr-60x60.jpg 60w\" sizes=\"(max-width: 640px) 100vw, 640px\" \/><p id=\"caption-attachment-4635\" class=\"wp-caption-text\">Marcoski (Flickr)<\/p><\/div>\n<p align=\"JUSTIFY\">Es un lugar donde el tiempo se para. Su larga <strong>explanada de arena fina<\/strong> se abre ante ti invit\u00e1ndote a plantar la sombrilla y zambullirte inmediatamente en el agua. Situada en la zona que separa la capital de Campello, en ella <strong>sentir\u00e1s que has llegado al para\u00edso. <\/strong><\/p>\n<p align=\"JUSTIFY\">Est\u00e1 en una <strong>zona dedicada al turismo vacacional<\/strong>, aunque no por ello sentir\u00e1s el agobio de otras playas. Para los m\u00e1s peque\u00f1os de la casa dispone de <strong>casetas, toboganes y columpios<\/strong>.<\/p>\n<p align=\"JUSTIFY\">Para los m\u00e1s deportistas cuenta con<strong> canchas de v\u00f3ley playa, porter\u00edas de f\u00fatbol y espacio para practicar windsurf.<\/strong> Adem\u00e1s, el paseo mar\u00edtimo es ideal para hacer running. Tambi\u00e9n tiene zonas habilitadas <strong>para personas con movilidad reducida.<\/strong><\/p>\n<p align=\"JUSTIFY\">Hay m\u00faltiples chiringuitos en lo que refrescarte o comer <strong>una buena paella durante el d\u00eda<\/strong>.<\/p>\n<p align=\"JUSTIFY\">Los m\u00e1s nocturnos deben saber que en los meses estivales se extiende a lo largo del paseo un <strong>mercadillo<\/strong> en el que seguro que picas cualquier cosa. Frente a ella una zona de ocio se abre ante ti, llamada La Fontana. En ella <strong>restaurantes, tiendas y helader\u00edas<\/strong> se mezclan con discotecas en las que la noche no tiene fin.<\/p>\n<p align=\"JUSTIFY\">En cualquiera de los casos, extiende tu toalla en una de sus hamacas y cierra los ojos. Encontrar\u00e1s la paz que estabas buscando.<\/p>\n<h2 align=\"JUSTIFY\"><strong>Playa de Altea<\/strong><\/h2>\n<div id=\"attachment_8832\" style=\"width: 810px\" class=\"wp-caption aligncenter\"><img aria-describedby=\"caption-attachment-8832\" class=\"size-full wp-image-8832\" src=\"https:\/\/cdn1.es.casasrurales.net\/blog\/wp-content\/emp\/blogcasas\/2018\/05\/Michael-Gaylard-FLICKR.jpg\" alt=\"Michael Gaylard-FLICKR\" width=\"800\" height=\"532\" srcset=\"https:\/\/cdn1.es.casasrurales.net\/blog\/wp-content\/emp\/blogcasas\/2018\/05\/Michael-Gaylard-FLICKR.jpg 800w, https:\/\/cdn1.es.casasrurales.net\/blog\/wp-content\/emp\/blogcasas\/2018\/05\/Michael-Gaylard-FLICKR-300x200.jpg 300w, https:\/\/cdn1.es.casasrurales.net\/blog\/wp-content\/emp\/blogcasas\/2018\/05\/Michael-Gaylard-FLICKR-768x511.jpg 768w, https:\/\/cdn1.es.casasrurales.net\/blog\/wp-content\/emp\/blogcasas\/2018\/05\/Michael-Gaylard-FLICKR-320x213.jpg 320w\" sizes=\"(max-width: 800px) 100vw, 800px\" \/><p id=\"caption-attachment-8832\" class=\"wp-caption-text\">Michael Gaylard-FLICKR<\/p><\/div>\n<p align=\"JUSTIFY\">Seguramente hayas visto su casco urbano, un rinc\u00f3n en que el paseo es ideal y donde<strong> la c\u00fapula azul m\u00e1s famosa<\/strong> te pone en antecedentes de lo que vas a ver.<\/p>\n<p align=\"JUSTIFY\">Seguramente <strong>pasear por sus calles empedradas<\/strong> te parezca el plan perfecto, pero cuando veas las <strong>playas que tiene Altea<\/strong>, te vas a quedar con la boca abierta.<\/p>\n<p align=\"JUSTIFY\">La <strong>Cala del Soio o la playa de La Barreta de Gualda<\/strong>, situada junto al Club N\u00e1utico, son s\u00f3lo <strong>algunas de las joyas<\/strong> que vas a encontrar.<\/p>\n<h2><strong>Playa de Levante (Benidorm)<\/strong><\/h2>\n<div id=\"attachment_4631\" style=\"width: 650px\" class=\"wp-caption aligncenter\"><img aria-describedby=\"caption-attachment-4631\" class=\"size-full wp-image-4631\" src=\"https:\/\/cdn1.es.casasrurales.net\/blog\/wp-content\/emp\/blogcasas\/2018\/05\/David-Sanz-Flickr.jpg\" alt=\"David Sanz (Flickr)\" width=\"640\" height=\"180\" srcset=\"https:\/\/cdn1.es.casasrurales.net\/blog\/wp-content\/emp\/blogcasas\/2018\/05\/David-Sanz-Flickr.jpg 640w, https:\/\/cdn1.es.casasrurales.net\/blog\/wp-content\/emp\/blogcasas\/2018\/05\/David-Sanz-Flickr-300x84.jpg 300w\" sizes=\"(max-width: 640px) 100vw, 640px\" \/><p id=\"caption-attachment-4631\" class=\"wp-caption-text\">David Sanz (Flickr)<\/p><\/div>\n<p align=\"JUSTIFY\">Benidorm es una ciudad en el Mediterr\u00e1neo que cuenta <strong>con 2 playas<\/strong>: la de <strong>levante<\/strong> y la de <strong>poniente<\/strong>. Una m\u00e1s tranquila, otra para los que buscan diversi\u00f3n.<\/p>\n<p align=\"JUSTIFY\">Est\u00e1n <strong>separadas por el <\/strong><strong>Mirador de la Punta de Canfali<\/strong><strong>,<\/strong> un balc\u00f3n en medio del Mediterr\u00e1neo con forma de roca que hac\u00eda las veces de defensa en las luchas contra los piratas.<\/p>\n<p align=\"JUSTIFY\">En <strong><em>la Nueva York del Mediterr\u00e1neo<\/em><\/strong> no pod\u00edan faltar las <strong>playas de bandera azul<\/strong> con accesos habilitados para <strong>personas con movilidad reducida<\/strong>.<\/p>\n<p align=\"JUSTIFY\">Dentro de la playa encontrar\u00e1s zonas de colchonetas para disfrutar con los m\u00e1s peque\u00f1os y los no tan peque\u00f1os, podr\u00e1s <strong>alquilar barcas y disfrutar de una cerveza en sus chiringuitos<\/strong>.<\/p>\n<p align=\"JUSTIFY\">Desde las hamacas divisar\u00e1s una <strong>gran ciudad de rascacielos<\/strong> que se abre paso ante ti ofreci\u00e9ndote un sinf\u00edn de opciones para disfrutar de tus vacaciones.<\/p>\n<h2 align=\"JUSTIFY\"><strong>Playa de Tabarca<\/strong><\/h2>\n<p align=\"JUSTIFY\">En cuanto pongas un pie en esta isla sentir\u00e1s que te has trasportado a la mism\u00edsima Grecia.<\/p>\n<p align=\"JUSTIFY\">Desde el puerto de Alicante <strong>salen barcos cada hora.<\/strong> En ellos, podr\u00e1s bajar con los peques a disfrutar de una sala llena de ventanales en la que parecer\u00e1 que est\u00e1is nadando con los peces.<\/p>\n<p align=\"JUSTIFY\">Familias de pescadores habitan este<strong> rinc\u00f3n de 100 habitantes<\/strong> cuyas calles con<strong> blancas fachadas<\/strong> son preciosas para dar un paseo en familia.<strong> El pueblo, rodeado por una muralla,<\/strong> se puede visitar en un d\u00eda y tiene numerosas peque\u00f1as tiendas con encanto. En su plaza principal podr\u00e1s disfrutar de la mejor dieta mediterr\u00e1nea.<\/p>\n<p align=\"JUSTIFY\">Aguas cristalinas abundan entre las zonas rocosas y peque\u00f1as calas en las que bucear y maravillarse con la vida marina que abunda en ella. La <strong>Reserva Marina<\/strong><strong> q<\/strong>ue ver\u00e1s en sus m\u00e1s de <strong>1400 hect\u00e1reas es alucinante. <\/strong><\/p>\n<h2 align=\"JUSTIFY\"><strong>Playa Carabass\u00ed de Elche<\/strong><\/h2>\n<div id=\"attachment_4633\" style=\"width: 650px\" class=\"wp-caption aligncenter\"><img aria-describedby=\"caption-attachment-4633\" class=\"size-full wp-image-4633\" src=\"https:\/\/cdn1.es.casasrurales.net\/blog\/wp-content\/emp\/blogcasas\/2018\/05\/Jorge-Sanz-Flickr.jpg\" alt=\"Jorge Sanz (Flickr)\" width=\"640\" height=\"359\" srcset=\"https:\/\/cdn1.es.casasrurales.net\/blog\/wp-content\/emp\/blogcasas\/2018\/05\/Jorge-Sanz-Flickr.jpg 640w, https:\/\/cdn1.es.casasrurales.net\/blog\/wp-content\/emp\/blogcasas\/2018\/05\/Jorge-Sanz-Flickr-300x168.jpg 300w\" sizes=\"(max-width: 640px) 100vw, 640px\" \/><p id=\"caption-attachment-4633\" class=\"wp-caption-text\">Jorge Sanz (Flickr)<\/p><\/div>\n<p align=\"JUSTIFY\">Para terminar nos hemos decantado por una playa en la que, si quieres, podr\u00e1s <strong>practicar nudismo<\/strong>.<\/p>\n<p align=\"JUSTIFY\">La<strong> Sierra del Carabassi, <\/strong>cuenta a sus pies con una <strong>playa de fina arena dorada<\/strong> que alberga <strong>dunas<\/strong> creadas a lo largo del tiempo y pinares. Posee todo aquello que necesitas como espacio de <strong>aparcamiento<\/strong>, desde el que acceder a las pasarelas que te conducen a las cristalinas aguas, numerosos <strong>chiringuitos<\/strong> en los que tomarse una cerveza o un helado y hamacas. Adem\u00e1s, tiene espacios habilitados para <strong>practicar windsurf y otros deportes acu\u00e1ticos.<\/strong> (Foto: Adriano Agull\u00f3)<\/p>\n<p align=\"JUSTIFY\">Una zona sin igual, de <strong>protecci\u00f3n ecol\u00f3gica<\/strong>, junto con un ecosistema \u00fanico se extender\u00e1 ante tus ojos puesto que cerca encontramos los <strong>saladares del Clot de Galvany y de Balsares. <\/strong><\/p>\n<p align=\"JUSTIFY\"><strong>Sol, playa, arena y ciudades fant\u00e1sticas<\/strong> se extienden ante ti para vivir unas maravillosas vacaciones en las que te divertir\u00e1s al m\u00e1ximo con los amigos o con la familia. Las opciones en esta zona mediterr\u00e1nea son infinitas y para todos los gustos.<\/p>\n<p align=\"JUSTIFY\"><strong>\u00a1Prep\u00e1rate para disfrutar!<\/strong><\/p>\n","protected":false},"excerpt":{"rendered":"<p>No hay mejor lugar en el que disfrutar de la playa que en el Mediterr\u00e1neo, ese mar que tantas canciones ha inspirado a nuestros m\u00fasicos, y no es algo de extra\u00f1ar pues esta zona contiene paisajes maravillosos. Hoy en concreto,&hellip; <br \/><a class=\"read-more-button\" href=\"https:\/\/www.casasrurales.net\/blog\/las-playas-mas-bonitas-de-alicante\">Leer m\u00e1s<\/a><\/p>\n","protected":false},"author":6,"featured_media":4632,"comment_status":"open","ping_status":"open","sticky":false,"template":"","format":"standard","meta":[],"categories":[11],"tags":[27],"_links":{"self":[{"href":"https:\/\/www.casasrurales.net\/blog\/wp-json\/wp\/v2\/posts\/4629"}],"collection":[{"href":"https:\/\/www.casasrurales.net\/blog\/wp-json\/wp\/v2\/posts"}],"about":[{"href":"https:\/\/www.casasrurales.net\/blog\/wp-json\/wp\/v2\/types\/post"}],"author":[{"embeddable":true,"href":"https:\/\/www.casasrurales.net\/blog\/wp-json\/wp\/v2\/users\/6"}],"replies":[{"embeddable":true,"href":"https:\/\/www.casasrurales.net\/blog\/wp-json\/wp\/v2\/comments?post=4629"}],"version-history":[{"count":3,"href":"https:\/\/www.casasrurales.net\/blog\/wp-json\/wp\/v2\/posts\/4629\/revisions"}],"predecessor-version":[{"id":8833,"href":"https:\/\/www.casasrurales.net\/blog\/wp-json\/wp\/v2\/posts\/4629\/revisions\/8833"}],"wp:featuredmedia":[{"embeddable":true,"href":"https:\/\/www.casasrurales.net\/blog\/wp-json\/wp\/v2\/media\/4632"}],"wp:attachment":[{"href":"https:\/\/www.casasrurales.net\/blog\/wp-json\/wp\/v2\/media?parent=4629"}],"wp:term":[{"taxonomy":"category","embeddable":true,"href":"https:\/\/www.casasrurales.net\/blog\/wp-json\/wp\/v2\/categories?post=4629"},{"taxonomy":"post_tag","embeddable":true,"href":"https:\/\/www.casasrurales.net\/blog\/wp-json\/wp\/v2\/tags?post=4629"}],"curies":[{"name":"wp","href":"https:\/\/api.w.org\/{rel}","templated":true}]}}