
{"id":3959,"date":"2018-01-18T15:36:29","date_gmt":"2018-01-18T15:36:29","guid":{"rendered":"https:\/\/www.casasrurales.net\/blog\/?p=3959"},"modified":"2022-06-29T06:28:48","modified_gmt":"2022-06-29T06:28:48","slug":"las-mejores-casas-rurales-con-biblioteca","status":"publish","type":"post","link":"https:\/\/www.casasrurales.net\/blog\/las-mejores-casas-rurales-con-biblioteca","title":{"rendered":"Las mejores casas rurales con biblioteca"},"content":{"rendered":"<p align=\"JUSTIFY\"><span lang=\"es-ES\">Los que est\u00e9is acostumbrados a viajar sabr\u00e9is mejor que nadie que durante una escapada rural hay momentos para el turismo y la diversi\u00f3n, pero tambi\u00e9n hay <\/span><span lang=\"es-ES\"><b>instantes de relajaci\u00f3n donde apetece disfrutar de una distendida tertulia o de un buen libro.<\/b><\/span><\/p>\n<p align=\"JUSTIFY\"><span lang=\"es-ES\">Hoy queremos hacer un homenaje a todos esos escritores que nos regalan historias m\u00e1gicas con las que <\/span><span lang=\"es-ES\"><b>nuestra imaginaci\u00f3n vuela a otro mundo<\/b><\/span><span lang=\"es-ES\"> y que nos bridan la oportunidad de detener el tiempo y olvidarnos de todo. <\/span><\/p>\n<p align=\"JUSTIFY\"><span lang=\"es-ES\">Para los lectores empedernidos, y para los que no lo son tanto, os traemos <\/span><span lang=\"es-ES\"><b>las casas rurales con las bibliotecas m\u00e1s chulas.<\/b><\/span><\/p>\n<p align=\"JUSTIFY\"><span lang=\"es-ES\">\u00a1Y recuerda! Si no ves muy bien, no olvides incluir las gafas en tu maleta. <\/span><\/p>\n<h2><span lang=\"es-ES\"><b>Mas\u00eda Paradise (Barcelona)<\/b><\/span><b> <\/b><\/h2>\n<div id=\"attachment_10989\" style=\"width: 650px\" class=\"wp-caption aligncenter\"><img aria-describedby=\"caption-attachment-10989\" class=\"size-full wp-image-10989\" src=\"https:\/\/cdn1.es.casasrurales.net\/blog\/wp-content\/emp\/blogcasas\/2018\/01\/Masia-Paradise-Casasrurales.net_.jpg\" alt=\"Mas\u00eda Paradise-Casasrurales.net\" width=\"640\" height=\"480\" srcset=\"https:\/\/cdn1.es.casasrurales.net\/blog\/wp-content\/emp\/blogcasas\/2018\/01\/Masia-Paradise-Casasrurales.net_.jpg 640w, https:\/\/cdn1.es.casasrurales.net\/blog\/wp-content\/emp\/blogcasas\/2018\/01\/Masia-Paradise-Casasrurales.net_-300x225.jpg 300w, https:\/\/cdn1.es.casasrurales.net\/blog\/wp-content\/emp\/blogcasas\/2018\/01\/Masia-Paradise-Casasrurales.net_-156x117.jpg 156w\" sizes=\"(max-width: 640px) 100vw, 640px\" \/><p id=\"caption-attachment-10989\" class=\"wp-caption-text\">Mas\u00eda Paradise-Casasrurales.net<\/p><\/div>\n<p align=\"JUSTIFY\"><span lang=\"es-ES\">Emprendemos nuestra ruta en <\/span><span lang=\"es-ES\"><b>Llinars del Vall\u00e9s<\/b><\/span><span lang=\"es-ES\">, un precioso <a href=\"https:\/\/www.casasrurales.net\/casas-rurales\/masia-paradise--c8047\">pueblo apacible y tranquilo de Barcelona<\/a> situado en un entorno lleno de naturaleza y tranquilidad.<\/span><\/p>\n<p align=\"JUSTIFY\"><span lang=\"es-ES\">All\u00ed nos espera una casa con sabor a tradici\u00f3n, que cuenta con <\/span><span lang=\"es-ES\"><b>una biblioteca que evoca el pasado <\/b><\/span><span lang=\"es-ES\">y se completa con las comodidades del presente. Se distribuye en una zona con sof\u00e1, lo que le aporta a\u00fan m\u00e1s encanto, y las librer\u00edas copan las paredes desde el suelo hasta el techo. Con tanto espacio, os podr\u00e9is imaginar la de libros que ten\u00e9is para elegir. <\/span><\/p>\n<h2><span lang=\"es-ES\"><b>Mas Masaller (Girona)<\/b><\/span><b> <\/b><\/h2>\n<div id=\"attachment_3961\" style=\"width: 650px\" class=\"wp-caption aligncenter\"><img aria-describedby=\"caption-attachment-3961\" class=\"size-full wp-image-3961\" src=\"https:\/\/cdn1.es.casasrurales.net\/blog\/wp-content\/emp\/blogcasas\/2018\/01\/Biblioteca-con-paredes-de-piedra.jpg\" alt=\"Biblioteca con paredes de piedra\" width=\"640\" height=\"480\" srcset=\"https:\/\/cdn1.es.casasrurales.net\/blog\/wp-content\/emp\/blogcasas\/2018\/01\/Biblioteca-con-paredes-de-piedra.jpg 640w, https:\/\/cdn1.es.casasrurales.net\/blog\/wp-content\/emp\/blogcasas\/2018\/01\/Biblioteca-con-paredes-de-piedra-300x225.jpg 300w, https:\/\/cdn1.es.casasrurales.net\/blog\/wp-content\/emp\/blogcasas\/2018\/01\/Biblioteca-con-paredes-de-piedra-156x117.jpg 156w\" sizes=\"(max-width: 640px) 100vw, 640px\" \/><p id=\"caption-attachment-3961\" class=\"wp-caption-text\">Biblioteca con paredes de piedra<\/p><\/div>\n<p align=\"JUSTIFY\"><span lang=\"es-ES\">Continuamos en la provincia de Girona para poner nuestra mirada en el <\/span><span lang=\"es-ES\"><b>municipio de Cruilles<\/b><\/span><span lang=\"es-ES\">, donde se encuentra nuestro pr\u00f3ximo destino.<\/span><\/p>\n<p align=\"JUSTIFY\"><span lang=\"es-ES\">En el interior de una antigua <\/span><span lang=\"es-ES\"><b>mas\u00eda tradicional del siglo XIII <\/b><\/span><span lang=\"es-ES\">se sit\u00faa esta preciosa biblioteca que conserva parte de su <\/span><span lang=\"es-ES\"><b>arquitectura original<\/b><\/span><span lang=\"es-ES\">. El arco de piedra divide ligeramente los espacios, situ\u00e1ndose a un lado la estanter\u00eda; y, al otro, los sof\u00e1s para las lecturas. <\/span><\/p>\n<h2><span lang=\"es-ES\"><b>La Tejeda de Fausto (Segovia)<\/b><\/span><\/h2>\n<div id=\"attachment_3968\" style=\"width: 650px\" class=\"wp-caption aligncenter\"><img aria-describedby=\"caption-attachment-3968\" class=\"size-full wp-image-3968\" src=\"https:\/\/cdn1.es.casasrurales.net\/blog\/wp-content\/emp\/blogcasas\/2018\/01\/Zona-de-estar-con-biblioteca-y-chimenea.jpg\" alt=\"Zona de estar con biblioteca y chimenea\" width=\"640\" height=\"480\" srcset=\"https:\/\/cdn1.es.casasrurales.net\/blog\/wp-content\/emp\/blogcasas\/2018\/01\/Zona-de-estar-con-biblioteca-y-chimenea.jpg 640w, https:\/\/cdn1.es.casasrurales.net\/blog\/wp-content\/emp\/blogcasas\/2018\/01\/Zona-de-estar-con-biblioteca-y-chimenea-300x225.jpg 300w, https:\/\/cdn1.es.casasrurales.net\/blog\/wp-content\/emp\/blogcasas\/2018\/01\/Zona-de-estar-con-biblioteca-y-chimenea-156x117.jpg 156w\" sizes=\"(max-width: 640px) 100vw, 640px\" \/><p id=\"caption-attachment-3968\" class=\"wp-caption-text\">Zona de estar con biblioteca y chimenea<\/p><\/div>\n<p align=\"JUSTIFY\"><span lang=\"es-ES\">Nuestra pr\u00f3xima parada nos lleva hasta <\/span><span lang=\"es-ES\"><b>Requijada<\/b><\/span><span lang=\"es-ES\">, una localidad segoviana rodeada de silencio y naturaleza.<\/span><\/p>\n<p align=\"JUSTIFY\"><span lang=\"es-ES\">El alojamiento irradia tranquilidad en todas sus estancias, pero una de las m\u00e1s especiales es la biblioteca, que alberga una <\/span><span lang=\"es-ES\"><b>chimenea de le\u00f1a tradicional<\/b><\/span><span lang=\"es-ES\"> que caldear\u00e1 tus lecturas en los d\u00edas m\u00e1s fr\u00edos del invierno. <\/span><\/p>\n<h2><span lang=\"es-ES\"><b>Hotel Irigoienea (Navarra)<\/b><\/span><\/h2>\n<div id=\"attachment_3962\" style=\"width: 650px\" class=\"wp-caption aligncenter\"><img aria-describedby=\"caption-attachment-3962\" class=\"size-full wp-image-3962\" src=\"https:\/\/cdn1.es.casasrurales.net\/blog\/wp-content\/emp\/blogcasas\/2018\/01\/Biblioteca-con-piano.jpg\" alt=\"Biblioteca con piano\" width=\"640\" height=\"480\" srcset=\"https:\/\/cdn1.es.casasrurales.net\/blog\/wp-content\/emp\/blogcasas\/2018\/01\/Biblioteca-con-piano.jpg 640w, https:\/\/cdn1.es.casasrurales.net\/blog\/wp-content\/emp\/blogcasas\/2018\/01\/Biblioteca-con-piano-300x225.jpg 300w, https:\/\/cdn1.es.casasrurales.net\/blog\/wp-content\/emp\/blogcasas\/2018\/01\/Biblioteca-con-piano-156x117.jpg 156w\" sizes=\"(max-width: 640px) 100vw, 640px\" \/><p id=\"caption-attachment-3962\" class=\"wp-caption-text\">Biblioteca con piano<\/p><\/div>\n<p align=\"JUSTIFY\"><span lang=\"es-ES\">Entre verdes prados y monta\u00f1as se encuentra <\/span><span lang=\"es-ES\"><b>Urdaz, el municipio navarro<\/b><\/span><span lang=\"es-ES\"> donde se sit\u00faa nuestro pr\u00f3ximo alojamiento. <\/span><\/p>\n<p align=\"JUSTIFY\"><span lang=\"es-ES\">Si adem\u00e1s de gustarte los libros eres un apasionado de la m\u00fasica, esta biblioteca te encantar\u00e1: entre las estanter\u00edas de madera encontrar\u00e9is un <\/span><span lang=\"es-ES\"><b>precioso piano de pared<\/b><\/span><span lang=\"es-ES\"> que pondr\u00e1 el hilo musical a tus jornadas de lectura. <\/span><\/p>\n<h2><span lang=\"es-ES\"><b>Posada Real El Prado Mayor (Burgos)<\/b><\/span><\/h2>\n<div id=\"attachment_3964\" style=\"width: 650px\" class=\"wp-caption aligncenter\"><img aria-describedby=\"caption-attachment-3964\" class=\"size-full wp-image-3964\" src=\"https:\/\/cdn1.es.casasrurales.net\/blog\/wp-content\/emp\/blogcasas\/2018\/01\/Biblioteca-con-techo-de-madera.jpg\" alt=\"Biblioteca con techo de madera\" width=\"640\" height=\"480\" srcset=\"https:\/\/cdn1.es.casasrurales.net\/blog\/wp-content\/emp\/blogcasas\/2018\/01\/Biblioteca-con-techo-de-madera.jpg 640w, https:\/\/cdn1.es.casasrurales.net\/blog\/wp-content\/emp\/blogcasas\/2018\/01\/Biblioteca-con-techo-de-madera-300x225.jpg 300w, https:\/\/cdn1.es.casasrurales.net\/blog\/wp-content\/emp\/blogcasas\/2018\/01\/Biblioteca-con-techo-de-madera-156x117.jpg 156w\" sizes=\"(max-width: 640px) 100vw, 640px\" \/><p id=\"caption-attachment-3964\" class=\"wp-caption-text\">Biblioteca con techo de madera<\/p><\/div>\n<p align=\"JUSTIFY\"><span lang=\"es-ES\">Nos desplazamos hasta <\/span><span lang=\"es-ES\"><b>Quintanilla del Rebollar<\/b><\/span><span lang=\"es-ES\">, en la provincia de Burgos, para traeros un alojamiento con aroma a hogar y tradici\u00f3n.<\/span><\/p>\n<p align=\"JUSTIFY\"><span lang=\"es-ES\">La biblioteca se sit\u00faa bajo un hermoso <\/span><span lang=\"es-ES\"><b>techo triangular de madera<\/b><\/span><span lang=\"es-ES\">, que deja a la vista sus vigas originales, y se rodea de una <\/span><span lang=\"es-ES\"><b>pared de piedra<\/b><\/span><span lang=\"es-ES\"> en 2 colores. Podr\u00e9is disfrutar de las lecturas en la mesa camilla, orientada para aprovechar la luz del exterior, o en los c\u00f3modos sof\u00e1s y sillones. <\/span><\/p>\n<h2><span lang=\"es-ES\"><b>Rasero Retreat (M\u00e1laga)<\/b><\/span><\/h2>\n<div id=\"attachment_3960\" style=\"width: 650px\" class=\"wp-caption aligncenter\"><img aria-describedby=\"caption-attachment-3960\" class=\"size-full wp-image-3960\" src=\"https:\/\/cdn1.es.casasrurales.net\/blog\/wp-content\/emp\/blogcasas\/2018\/01\/Biblioteca-con-chimenea.jpg\" alt=\"Biblioteca con chimenea\" width=\"640\" height=\"480\" srcset=\"https:\/\/cdn1.es.casasrurales.net\/blog\/wp-content\/emp\/blogcasas\/2018\/01\/Biblioteca-con-chimenea.jpg 640w, https:\/\/cdn1.es.casasrurales.net\/blog\/wp-content\/emp\/blogcasas\/2018\/01\/Biblioteca-con-chimenea-300x225.jpg 300w, https:\/\/cdn1.es.casasrurales.net\/blog\/wp-content\/emp\/blogcasas\/2018\/01\/Biblioteca-con-chimenea-156x117.jpg 156w\" sizes=\"(max-width: 640px) 100vw, 640px\" \/><p id=\"caption-attachment-3960\" class=\"wp-caption-text\">Biblioteca con chimenea<\/p><\/div>\n<p align=\"JUSTIFY\"><span lang=\"es-ES\">Continuamos nuestra ruta en la provincia de M\u00e1laga, haciendo una parada en el <\/span><span lang=\"es-ES\"><b>municipio de Ronda<\/b><\/span><span lang=\"es-ES\">.<\/span><\/p>\n<p align=\"JUSTIFY\"><span lang=\"es-ES\">Al igual que el resto de estancias que componen esta lujosa villa, la biblioteca es, sencillamente, espectacular: las estanter\u00edas copan las paredes y se ocupan <\/span><span lang=\"es-ES\"><b>con libros de lo m\u00e1s variado<\/b><\/span><span lang=\"es-ES\">; aportando el toque de hogar, hay una <\/span><span lang=\"es-ES\"><b>chimenea<\/b><\/span><span lang=\"es-ES\"> para el invierno; para el verano, cuenta con un <\/span><span lang=\"es-ES\"><b>acceso directo al jard\u00edn<\/b><\/span><span lang=\"es-ES\">. <\/span><\/p>\n<h2><span lang=\"es-ES\"><b>Casa Rural Cavilas y Molineros (\u00c1vila)<\/b><\/span><\/h2>\n<div id=\"attachment_3963\" style=\"width: 650px\" class=\"wp-caption aligncenter\"><img aria-describedby=\"caption-attachment-3963\" class=\"size-full wp-image-3963\" src=\"https:\/\/cdn1.es.casasrurales.net\/blog\/wp-content\/emp\/blogcasas\/2018\/01\/Biblioteca-con-sof\u00e1s-blancos.jpg\" alt=\"Biblioteca con sof\u00e1s blancos\" width=\"640\" height=\"480\" srcset=\"https:\/\/cdn1.es.casasrurales.net\/blog\/wp-content\/emp\/blogcasas\/2018\/01\/Biblioteca-con-sof\u00e1s-blancos.jpg 640w, https:\/\/cdn1.es.casasrurales.net\/blog\/wp-content\/emp\/blogcasas\/2018\/01\/Biblioteca-con-sof\u00e1s-blancos-300x225.jpg 300w, https:\/\/cdn1.es.casasrurales.net\/blog\/wp-content\/emp\/blogcasas\/2018\/01\/Biblioteca-con-sof\u00e1s-blancos-156x117.jpg 156w\" sizes=\"(max-width: 640px) 100vw, 640px\" \/><p id=\"caption-attachment-3963\" class=\"wp-caption-text\">Biblioteca con sof\u00e1s blancos<\/p><\/div>\n<p align=\"JUSTIFY\"><span lang=\"es-ES\">Nos trasladamos hasta <\/span><span lang=\"es-ES\"><b>Velayos<\/b><\/span><span lang=\"es-ES\">, al noreste de la provincia de \u00c1vila, para presentaros una vivienda de<\/span><span lang=\"es-ES\"><b> dise\u00f1o moderno y actual<\/b><\/span><span lang=\"es-ES\">.<\/span><\/p>\n<p align=\"JUSTIFY\"><span lang=\"es-ES\">La biblioteca contin\u00faa el estilo vanguardista del resto de la casa: las estanter\u00edas se pintan de un agradable color gris metalizado, que combinan a la perfecci\u00f3n con los <\/span><span lang=\"es-ES\"><b>sof\u00e1s en blanco roto<\/b><\/span><span lang=\"es-ES\"> y los cojines. Una estancia ideal para leer hasta el anochecer. <\/span><\/p>\n<h2><span lang=\"es-ES\"><b>Escribana de Torgo (Pontevedra)<\/b><\/span><b> <\/b><\/h2>\n<div id=\"attachment_3965\" style=\"width: 650px\" class=\"wp-caption aligncenter\"><img aria-describedby=\"caption-attachment-3965\" class=\"size-full wp-image-3965\" src=\"https:\/\/cdn1.es.casasrurales.net\/blog\/wp-content\/emp\/blogcasas\/2018\/01\/Biblioteca-con-techo-triangular.jpg\" alt=\"Biblioteca con techo triangular\" width=\"640\" height=\"480\" srcset=\"https:\/\/cdn1.es.casasrurales.net\/blog\/wp-content\/emp\/blogcasas\/2018\/01\/Biblioteca-con-techo-triangular.jpg 640w, https:\/\/cdn1.es.casasrurales.net\/blog\/wp-content\/emp\/blogcasas\/2018\/01\/Biblioteca-con-techo-triangular-300x225.jpg 300w, https:\/\/cdn1.es.casasrurales.net\/blog\/wp-content\/emp\/blogcasas\/2018\/01\/Biblioteca-con-techo-triangular-156x117.jpg 156w\" sizes=\"(max-width: 640px) 100vw, 640px\" \/><p id=\"caption-attachment-3965\" class=\"wp-caption-text\">Biblioteca con techo triangular<\/p><\/div>\n<p align=\"JUSTIFY\"><span lang=\"es-ES\">Terminamos nuestro recorrido en el norte peninsular, concretamente en la <\/span><span lang=\"es-ES\"><b>localidad de A Cari\u00f1a<\/b><\/span><span lang=\"es-ES\">, Pontevedra. <\/span><\/p>\n<p align=\"JUSTIFY\"><span lang=\"es-ES\">Situada en el coraz\u00f3n de un valle con vistas espectaculares, la vivienda cuenta con <\/span><span lang=\"es-ES\"><b>una biblioteca donde perder\u00e1s la noci\u00f3n del tiempo<\/b><\/span><span lang=\"es-ES\">: se rodea de muros de piedra que generan un ambiente muy acogedor, y se equipa con confortables sof\u00e1s y butacas para hacer m\u00e1s c\u00f3moda la lectura. <\/span><\/p>\n<p align=\"JUSTIFY\"><span lang=\"es-ES\">Naturaleza, tranquilidad, sabor a hogar\u2026estas bibliotecas tienen todo lo necesario para sumergirte en una atm\u00f3sfera de fantas\u00edas donde solo existes t\u00fa y tus pensamientos. \u00bfPreparado para viajar a lugares inh\u00f3spitos?<\/span><\/p>\n","protected":false},"excerpt":{"rendered":"<p>Los que est\u00e9is acostumbrados a viajar sabr\u00e9is mejor que nadie que durante una escapada rural hay momentos para el turismo y la diversi\u00f3n, pero tambi\u00e9n hay instantes de relajaci\u00f3n donde apetece disfrutar de una distendida tertulia o de un buen&hellip; <br \/><a class=\"read-more-button\" href=\"https:\/\/www.casasrurales.net\/blog\/las-mejores-casas-rurales-con-biblioteca\">Leer m\u00e1s<\/a><\/p>\n","protected":false},"author":6,"featured_media":3966,"comment_status":"open","ping_status":"open","sticky":false,"template":"","format":"standard","meta":[],"categories":[11],"tags":[22],"_links":{"self":[{"href":"https:\/\/www.casasrurales.net\/blog\/wp-json\/wp\/v2\/posts\/3959"}],"collection":[{"href":"https:\/\/www.casasrurales.net\/blog\/wp-json\/wp\/v2\/posts"}],"about":[{"href":"https:\/\/www.casasrurales.net\/blog\/wp-json\/wp\/v2\/types\/post"}],"author":[{"embeddable":true,"href":"https:\/\/www.casasrurales.net\/blog\/wp-json\/wp\/v2\/users\/6"}],"replies":[{"embeddable":true,"href":"https:\/\/www.casasrurales.net\/blog\/wp-json\/wp\/v2\/comments?post=3959"}],"version-history":[{"count":2,"href":"https:\/\/www.casasrurales.net\/blog\/wp-json\/wp\/v2\/posts\/3959\/revisions"}],"predecessor-version":[{"id":10990,"href":"https:\/\/www.casasrurales.net\/blog\/wp-json\/wp\/v2\/posts\/3959\/revisions\/10990"}],"wp:featuredmedia":[{"embeddable":true,"href":"https:\/\/www.casasrurales.net\/blog\/wp-json\/wp\/v2\/media\/3966"}],"wp:attachment":[{"href":"https:\/\/www.casasrurales.net\/blog\/wp-json\/wp\/v2\/media?parent=3959"}],"wp:term":[{"taxonomy":"category","embeddable":true,"href":"https:\/\/www.casasrurales.net\/blog\/wp-json\/wp\/v2\/categories?post=3959"},{"taxonomy":"post_tag","embeddable":true,"href":"https:\/\/www.casasrurales.net\/blog\/wp-json\/wp\/v2\/tags?post=3959"}],"curies":[{"name":"wp","href":"https:\/\/api.w.org\/{rel}","templated":true}]}}