
{"id":3845,"date":"2020-10-27T12:35:32","date_gmt":"2020-10-27T12:35:32","guid":{"rendered":"https:\/\/www.casasrurales.net\/blog\/?p=3845"},"modified":"2023-10-31T13:32:32","modified_gmt":"2023-10-31T13:32:32","slug":"una-ruta-por-el-parque-natural-fuentes-carrionas","status":"publish","type":"post","link":"https:\/\/www.casasrurales.net\/blog\/una-ruta-por-el-parque-natural-fuentes-carrionas","title":{"rendered":"Una ruta por el Parque Natural Fuentes Carrionas"},"content":{"rendered":"\n<p><b><\/b><span style=\"color: #000000;\"><span style=\"font-family: Calibri, sans-serif;\"><span style=\"font-size: medium;\"><b>Palencia<\/b><\/span><\/span><\/span><span style=\"color: #000000;\"><span style=\"font-family: Calibri, sans-serif;\"><span style=\"font-size: medium;\"> es ese rinc\u00f3n de Espa\u00f1a desconocido pero en el que <\/span><\/span><\/span><span style=\"color: #000000;\"><span style=\"font-family: Calibri, sans-serif;\"><span style=\"font-size: medium;\"><b>en cuanto pones un pie all\u00ed te atrapa<\/b><\/span><\/span><\/span><span style=\"color: #000000;\"><span style=\"font-family: Calibri, sans-serif;\"><span style=\"font-size: medium;\">. Situada al norte de la comunidad castellanoleonense, es la <a href=\"https:\/\/www.casasrurales.net\/casas-rurales\/palencia\">provincia perfecta para perderte y maravillarte con su belleza<\/a>. Hoy te vamos a presentar el <\/span><\/span><\/span><span style=\"color: #000000;\"><span style=\"font-family: Calibri, sans-serif;\"><span style=\"font-size: medium;\"><b>Parque Natural de Fuentes Carrionas<\/b><\/span><\/span><\/span><span style=\"color: #000000;\"><span style=\"font-family: Calibri, sans-serif;\"><span style=\"font-size: medium;\">, ubicado en el l\u00edmite con Cantabria. <\/span><\/span><\/span><\/p>\n\n\n\n<p><span style=\"color: #000000;\"><span style=\"font-family: Calibri, sans-serif;\"><span style=\"font-size: medium;\">En el a\u00f1o 2000 este parque, con <b>m\u00e1s de 78000 hect\u00e1reas y origen en el Cuaternario<\/b>, fue declarado espacio protegido. Entre sus bosques milenarios encontramos sabinares y encinares a pares as\u00ed como abedules o hayedos adem\u00e1s de <b>El Pico Curavacas<\/b>, el m\u00e1s alto de Palencia pero, sin duda alguna, cabe destacar <b>El Pinar de Velilla<\/b>, que es uno de los pocos naturales que se encuentran en la Cordillera, <b>La Tejeda de Tosande<\/b>, que es una de las m\u00e1s pobladas de Europa Occidental, y las <b>especies \u00fanicas y protegidas<\/b>. Las temperaturas tan oscilantes que se dan durante el a\u00f1o aqu\u00ed, hacen que la flora de este lugar sea tan especial. <\/span><\/span><\/span><\/p>\n\n\n\n<figure class=\"wp-block-image alignnone\"><a href=\"https:\/\/cdn1.es.casasrurales.net\/blog\/wp-content\/emp\/blogcasas\/2017\/10\/Jos\u00e9-Luis-Diez-Rodr\u00edguez-Flickr.jpg\"><img width=\"424\" height=\"640\" src=\"https:\/\/cdn1.es.casasrurales.net\/blog\/wp-content\/emp\/blogcasas\/2017\/10\/Jos\u00e9-Luis-Diez-Rodr\u00edguez-Flickr.jpg\" alt=\"Jos\u00e9 Luis Diez Rodr\u00edguez (Flickr)\" class=\"wp-image-3846\" srcset=\"https:\/\/cdn1.es.casasrurales.net\/blog\/wp-content\/emp\/blogcasas\/2017\/10\/Jos\u00e9-Luis-Diez-Rodr\u00edguez-Flickr.jpg 424w, https:\/\/cdn1.es.casasrurales.net\/blog\/wp-content\/emp\/blogcasas\/2017\/10\/Jos\u00e9-Luis-Diez-Rodr\u00edguez-Flickr-199x300.jpg 199w\" sizes=\"(max-width: 424px) 100vw, 424px\" \/><\/a><figcaption>Jos\u00e9 Luis Diez Rodr\u00edguez (Flickr)<\/figcaption><\/figure>\n\n\n\n<p><span style=\"color: #000000;\"><span style=\"font-family: Calibri, sans-serif;\"><span style=\"font-size: medium;\">Perderse en estos bosques en un <b>agradable paseo con toda la familia<\/b> es la manera perfecta de pasar una jornada ideal. Aunque desgraciadamente, en estas tierras entre las que encontramos <b>ciervos, lobos, \u00e1guilas, b\u00fahos, culebras y lagartijas<\/b> entre otras muchas especies, hay <b>especies al borde la extinci\u00f3n<\/b>:<\/span><\/span><\/span><\/p>\n\n\n\n<p><span style=\"color: #000000;\"><span style=\"font-family: Calibri, sans-serif;\"><span style=\"font-size: medium;\"><b>El bisonte europeo<\/b><\/span><\/span><\/span><span style=\"color: #000000;\"><span style=\"font-family: Calibri, sans-serif;\"><span style=\"font-size: medium;\"> en libertad se extingui\u00f3 durante los a\u00f1os 20 pero, repartidos por los zoos del mundo, hab\u00eda 50 ejemplares. Gracias a un gran esfuerzo por preservar la especie, en 2010 <\/span><\/span><\/span><span style=\"color: #000000;\"><span style=\"font-family: Calibri, sans-serif;\"><span style=\"font-size: medium;\"><b>San Cebri\u00e1n de Mud\u00e1 <\/b><\/span><\/span><\/span><span style=\"color: #000000;\"><span style=\"font-family: Calibri, sans-serif;\"><span style=\"font-size: medium;\">acogi\u00f3 9 ejemplares y m\u00e1s tarde otro grupo de 6 que ahora pastan tranquilamente por los bosques del parque. <\/span><\/span><\/span><span style=\"color: #000000;\"><span style=\"font-family: Calibri, sans-serif;\"><span style=\"font-size: medium;\">En la localidad se encuentra el <\/span><\/span><\/span><span style=\"color: #000000;\"><span style=\"font-family: Calibri, sans-serif;\"><span style=\"font-size: medium;\"><b>Centro de Interpretaci\u00f3n del Bisonte Europeo<\/b><\/span><\/span><\/span><span style=\"color: #000000;\"><span style=\"font-family: Calibri, sans-serif;\"><span style=\"font-size: medium;\"> en el que aprender un poco m\u00e1s de ellos. <\/span><\/span><\/span><\/p>\n\n\n\n<p><span style=\"color: #000000;\"><span style=\"font-family: Calibri, sans-serif;\"><span style=\"font-size: medium;\"><b>El oso pardo<\/b> es una especie de la que solo hay 250 ejemplares en Espa\u00f1a. <b>30 de ellos se encuentran en la Cordillera Cant\u00e1brica<\/b>. Ser\u00eda extra\u00f1o pero, si te encuentras marcas en los \u00e1rboles, huellas e incluso si le ves \u00a1huye!<\/span><\/span><\/span><\/p>\n\n\n\n<figure class=\"wp-block-image alignnone\"><a href=\"https:\/\/cdn1.es.casasrurales.net\/blog\/wp-content\/emp\/blogcasas\/2017\/10\/Legio09-Flickr.jpg\"><img width=\"640\" height=\"480\" src=\"https:\/\/cdn1.es.casasrurales.net\/blog\/wp-content\/emp\/blogcasas\/2017\/10\/Legio09-Flickr.jpg\" alt=\"Legio09 (Flickr)\" class=\"wp-image-3847\" srcset=\"https:\/\/cdn1.es.casasrurales.net\/blog\/wp-content\/emp\/blogcasas\/2017\/10\/Legio09-Flickr.jpg 640w, https:\/\/cdn1.es.casasrurales.net\/blog\/wp-content\/emp\/blogcasas\/2017\/10\/Legio09-Flickr-300x225.jpg 300w, https:\/\/cdn1.es.casasrurales.net\/blog\/wp-content\/emp\/blogcasas\/2017\/10\/Legio09-Flickr-156x117.jpg 156w\" sizes=\"(max-width: 640px) 100vw, 640px\" \/><\/a><figcaption>Legio09 (Flickr)<\/figcaption><\/figure>\n\n\n\n<p><span style=\"color: #000000;\"><span style=\"font-family: Calibri, sans-serif;\"><span style=\"font-size: medium;\">El <b>origen del nombre<\/b> del parque se debe al <b>r\u00edo Carri\u00f3n<\/b>, que nace en la <b>Laguna de Fuentes Carrionas<\/b>. Al morir va a parar al inicio del <b>Pisuerga<\/b>, que se filtra un poco m\u00e1s arriba y finalmente nace en la <b>cueva del Cobre<\/b>. Por ellos podr\u00e1s hacer rutas, tanto con amigos como <b>con los m\u00e1s peque\u00f1os de la casa<\/b>. Entre estas est\u00e1n: <\/span><\/span><\/span><\/p>\n\n\n\n<h2><span style=\"color: #000000;\"><span style=\"font-family: Calibri, sans-serif;\"><span style=\"font-size: medium;\"><b><strong>Ruta de la Fuente del Cobre<\/strong><\/b><\/span><\/span><\/span><\/h2>\n\n\n\n<p><span style=\"color: #000000;\"><span style=\"font-family: Calibri, sans-serif;\"><span style=\"font-size: medium;\">Est\u00e1 ruta inicia su recorrido en <\/span><\/span><\/span><span style=\"color: #000000;\"><span style=\"font-family: Calibri, sans-serif;\"><span style=\"font-size: medium;\"><b>Santa Mar\u00eda de Redondo<\/b><\/span><\/span><\/span><span style=\"color: #000000;\"><span style=\"font-family: Calibri, sans-serif;\"><span style=\"font-size: medium;\"> y se extiende por 10 kil\u00f3metros que podr\u00e1s realizar en unas 5 horas. El <\/span><\/span><\/span><span style=\"color: #000000;\"><span style=\"font-family: Calibri, sans-serif;\"><span style=\"font-size: medium;\"><b>arroyo Lombatero<\/b><\/span><\/span><\/span><span style=\"color: #000000;\"><span style=\"font-family: Calibri, sans-serif;\"><span style=\"font-size: medium;\"> quedar\u00e1 bajo nuestros pies antes de cruzar el <\/span><\/span><\/span><span style=\"color: #000000;\"><span style=\"font-family: Calibri, sans-serif;\"><span style=\"font-size: medium;\"><b>r\u00edo Pisuerga<\/b><\/span><\/span><\/span><span style=\"color: #000000;\"><span style=\"font-family: Calibri, sans-serif;\"><span style=\"font-size: medium;\">. Tras ello, un bosque de vegetaci\u00f3n expresa ante nuestras cabezas nos dejar\u00e1 un paisaje fascinante hasta que llegas a un recodo con peque\u00f1as cascadas que dan a la <\/span><\/span><\/span><span style=\"color: #000000;\"><span style=\"font-family: Calibri, sans-serif;\"><span style=\"font-size: medium;\"><b>Fuente del Cobre<\/b><\/span><\/span><\/span><span style=\"color: #000000;\"><span style=\"font-family: Calibri, sans-serif;\"><span style=\"font-size: medium;\">. La <\/span><\/span><\/span><span style=\"color: #000000;\"><span style=\"font-family: Calibri, sans-serif;\"><span style=\"font-size: medium;\"><b>Sierra de Pe\u00f1a Labra<\/b><\/span><\/span><\/span><span style=\"color: #000000;\"><span style=\"font-family: Calibri, sans-serif;\"><span style=\"font-size: medium;\"> y extensas praderas de vacas aparecer\u00e1n ante nosotros mientras volvemos al punto de partida. Una ruta ideal para hacer en cualquier \u00e9poca del a\u00f1o aunque \u00a1cuidado!, en invierno y primavera la nieve y su derretimiento nos puede poner el camino dif\u00edcil. <\/span><\/span><\/span><\/p>\n\n\n\n<h2><span style=\"color: #000000;\"><span style=\"font-family: Calibri, sans-serif;\"><span style=\"font-size: medium;\"><b><strong>Ruta del Bosque F\u00f3sil<\/strong><\/b><\/span><\/span><\/span><\/h2>\n\n\n\n<p><span style=\"color: #000000;\"><span style=\"font-family: Calibri, sans-serif;\"><span style=\"font-size: medium;\">Con los peque\u00f1os una de las opciones que m\u00e1s les gustar\u00e1. Durante una hora y atravesando el <b>valle de Castiller\u00eda<\/b> colmado de vegetaci\u00f3n y prados cercanos a los r\u00edos y arroyos. Antiguamente, esta era una <b>zona de explotaci\u00f3n minera<\/b>. <\/span><\/span><\/span><\/p>\n\n\n\n<figure class=\"wp-block-image alignnone\"><a href=\"https:\/\/cdn1.es.casasrurales.net\/blog\/wp-content\/emp\/blogcasas\/2017\/10\/Miguel-\u00c1ngel-Garc\u00eda-2-Flickr.jpg\"><img width=\"640\" height=\"427\" src=\"https:\/\/cdn1.es.casasrurales.net\/blog\/wp-content\/emp\/blogcasas\/2017\/10\/Miguel-\u00c1ngel-Garc\u00eda-2-Flickr.jpg\" alt=\"Miguel \u00c1ngel Garc\u00eda 2 (Flickr)\" class=\"wp-image-3849\" srcset=\"https:\/\/cdn1.es.casasrurales.net\/blog\/wp-content\/emp\/blogcasas\/2017\/10\/Miguel-\u00c1ngel-Garc\u00eda-2-Flickr.jpg 640w, https:\/\/cdn1.es.casasrurales.net\/blog\/wp-content\/emp\/blogcasas\/2017\/10\/Miguel-\u00c1ngel-Garc\u00eda-2-Flickr-300x200.jpg 300w, https:\/\/cdn1.es.casasrurales.net\/blog\/wp-content\/emp\/blogcasas\/2017\/10\/Miguel-\u00c1ngel-Garc\u00eda-2-Flickr-320x213.jpg 320w\" sizes=\"(max-width: 640px) 100vw, 640px\" \/><\/a><figcaption>Miguel \u00c1ngel Garc\u00eda 2 (Flickr)<\/figcaption><\/figure>\n\n\n\n<p><span style=\"color: #000000;\"><span style=\"font-family: Calibri, sans-serif;\"><span style=\"font-size: medium;\">De hecho, aun se pueden ver algunos edificios en ruinas. Gracias a esta actividad, se descubri\u00f3 que esta zona ya fue <b>habitada hace 300 millones de a\u00f1os<\/b>. 2 miradores aparecen en la ruta para que los ni\u00f1os observen las marcas en los troncos y hay paneles que les ayudar\u00e1n a comprenderlo mejor. <\/span><\/span><\/span><\/p>\n\n\n\n<p><span style=\"color: #000000;\"><span style=\"font-family: Calibri, sans-serif;\"><span style=\"font-size: medium;\">Adem\u00e1s de este paisaje de inigualable belleza, <b>en los pueblos que abarca encontramos<\/b>:<\/span><\/span><\/span><\/p>\n\n\n\n<h2><span style=\"color: #000000;\"><span style=\"font-family: Calibri, sans-serif;\"><span style=\"font-size: medium;\"><b><strong>A Bra\u00f1osera<\/strong><\/b><\/span><\/span><\/span><\/h2>\n\n\n\n<p><span style=\"color: #000000;\"><span style=\"font-family: Calibri, sans-serif;\"><span style=\"font-size: medium;\">Con menos de 300 habitantes y a m\u00e1s de 100 kil\u00f3metros de la capital, este peque\u00f1o pueblo tiene <\/span><\/span><\/span><span style=\"color: #000000;\"><span style=\"font-family: Calibri, sans-serif;\"><span style=\"font-size: medium;\"><b>el ayuntamiento m\u00e1s antiguo de Espa\u00f1a<\/b><\/span><\/span><\/span><span style=\"color: #000000;\"><span style=\"font-family: Calibri, sans-serif;\"><span style=\"font-size: medium;\"> y es que fue el que recibi\u00f3 la <\/span><\/span><\/span><span style=\"color: #000000;\"><span style=\"font-family: Calibri, sans-serif;\"><span style=\"font-size: medium;\"><b>primera carta puebla del Reino de Asturias <\/b><\/span><\/span><\/span><span style=\"color: #000000;\"><span style=\"font-family: Calibri, sans-serif;\"><span style=\"font-size: medium;\">en el a\u00f1o 824. <\/span><\/span><\/span><\/p>\n\n\n\n<p><span style=\"color: #000000;\"><span style=\"font-family: Calibri, sans-serif;\"><span style=\"font-size: medium;\">Para disfrutar a\u00fan m\u00e1s de tu visita a este parque, julio es la \u00e9poca ideal para ir porque adem\u00e1s de que el bosque estar\u00e1 en todo su esplendor, el municipio de <\/span><\/span><\/span><span style=\"color: #000000;\"><span style=\"font-family: Calibri, sans-serif;\"><span style=\"font-size: medium;\"><b>Velilla del R\u00edo Carri\u00f3n<\/b><\/span><\/span><\/span><span style=\"color: #000000;\"><span style=\"font-family: Calibri, sans-serif;\"><span style=\"font-size: medium;\"> celebra el tercer fin de semana de este mes el <\/span><\/span><\/span><span style=\"color: #000000;\"><span style=\"font-family: Calibri, sans-serif;\"><span style=\"font-size: medium;\"><b>D\u00eda de Fuentes Carrionas y de la Monta\u00f1a Palentina<\/b><\/span><\/span><\/span><span style=\"color: #000000;\"><span style=\"font-family: Calibri, sans-serif;\"><span style=\"font-size: medium;\">. Unas fiestas declaradas de <\/span><\/span><\/span><span style=\"color: #000000;\"><span style=\"font-family: Calibri, sans-serif;\"><span style=\"font-size: medium;\"><b>Inter\u00e9s Tur\u00edstico Regional<\/b><\/span><\/span><\/span><span style=\"color: #000000;\"><span style=\"font-family: Calibri, sans-serif;\"><span style=\"font-size: medium;\"> en la que todos los que acudan podr\u00e1n disfrutar de la caldereta t\u00edpica, tambi\u00e9n conocida como <\/span><\/span><\/span><span style=\"color: #000000;\"><span style=\"font-family: Calibri, sans-serif;\"><span style=\"font-size: medium;\"><b>guiso del pastor<\/b><\/span><\/span><\/span><span style=\"color: #000000;\"><span style=\"font-family: Calibri, sans-serif;\"><span style=\"font-size: medium;\">. <\/span><\/span><\/span><\/p>\n\n\n\n<figure class=\"wp-block-image alignnone\"><a href=\"https:\/\/cdn1.es.casasrurales.net\/blog\/wp-content\/emp\/blogcasas\/2017\/10\/Miguel-\u00c1ngel-Garc\u00eda-Flickr.jpg\"><img width=\"640\" height=\"427\" src=\"https:\/\/cdn1.es.casasrurales.net\/blog\/wp-content\/emp\/blogcasas\/2017\/10\/Miguel-\u00c1ngel-Garc\u00eda-Flickr.jpg\" alt=\"Miguel \u00c1ngel Garc\u00eda (Flickr)\" class=\"wp-image-3848\" srcset=\"https:\/\/cdn1.es.casasrurales.net\/blog\/wp-content\/emp\/blogcasas\/2017\/10\/Miguel-\u00c1ngel-Garc\u00eda-Flickr.jpg 640w, https:\/\/cdn1.es.casasrurales.net\/blog\/wp-content\/emp\/blogcasas\/2017\/10\/Miguel-\u00c1ngel-Garc\u00eda-Flickr-300x200.jpg 300w, https:\/\/cdn1.es.casasrurales.net\/blog\/wp-content\/emp\/blogcasas\/2017\/10\/Miguel-\u00c1ngel-Garc\u00eda-Flickr-320x213.jpg 320w\" sizes=\"(max-width: 640px) 100vw, 640px\" \/><\/a><figcaption>Miguel \u00c1ngel Garc\u00eda (Flickr)<\/figcaption><\/figure>\n\n\n\n<p><span style=\"color: #000000;\"><span style=\"font-family: Calibri, sans-serif;\"><span style=\"font-size: medium;\">An\u00edmate y disfruta de unos d\u00edas estupendos en este emplazamiento. Descubrir\u00e1s un <b>paraje natural de extrema belleza <\/b>que te dejar\u00e1 fascinado y har\u00e1 las delicias de grandes y peque\u00f1os. <\/span><\/span><\/span><\/p>\n","protected":false},"excerpt":{"rendered":"<p>Palencia es ese rinc\u00f3n de Espa\u00f1a desconocido pero en el que en cuanto pones un pie all\u00ed te atrapa. Situada al norte de la comunidad castellanoleonense, es la provincia perfecta para perderte y maravillarte con su belleza. Hoy te vamos&hellip; <br \/><a class=\"read-more-button\" href=\"https:\/\/www.casasrurales.net\/blog\/una-ruta-por-el-parque-natural-fuentes-carrionas\">Leer m\u00e1s<\/a><\/p>\n","protected":false},"author":1,"featured_media":3851,"comment_status":"open","ping_status":"open","sticky":false,"template":"","format":"standard","meta":[],"categories":[18],"tags":[57],"_links":{"self":[{"href":"https:\/\/www.casasrurales.net\/blog\/wp-json\/wp\/v2\/posts\/3845"}],"collection":[{"href":"https:\/\/www.casasrurales.net\/blog\/wp-json\/wp\/v2\/posts"}],"about":[{"href":"https:\/\/www.casasrurales.net\/blog\/wp-json\/wp\/v2\/types\/post"}],"author":[{"embeddable":true,"href":"https:\/\/www.casasrurales.net\/blog\/wp-json\/wp\/v2\/users\/1"}],"replies":[{"embeddable":true,"href":"https:\/\/www.casasrurales.net\/blog\/wp-json\/wp\/v2\/comments?post=3845"}],"version-history":[{"count":5,"href":"https:\/\/www.casasrurales.net\/blog\/wp-json\/wp\/v2\/posts\/3845\/revisions"}],"predecessor-version":[{"id":11927,"href":"https:\/\/www.casasrurales.net\/blog\/wp-json\/wp\/v2\/posts\/3845\/revisions\/11927"}],"wp:featuredmedia":[{"embeddable":true,"href":"https:\/\/www.casasrurales.net\/blog\/wp-json\/wp\/v2\/media\/3851"}],"wp:attachment":[{"href":"https:\/\/www.casasrurales.net\/blog\/wp-json\/wp\/v2\/media?parent=3845"}],"wp:term":[{"taxonomy":"category","embeddable":true,"href":"https:\/\/www.casasrurales.net\/blog\/wp-json\/wp\/v2\/categories?post=3845"},{"taxonomy":"post_tag","embeddable":true,"href":"https:\/\/www.casasrurales.net\/blog\/wp-json\/wp\/v2\/tags?post=3845"}],"curies":[{"name":"wp","href":"https:\/\/api.w.org\/{rel}","templated":true}]}}