
{"id":3666,"date":"2021-02-01T11:29:54","date_gmt":"2021-02-01T11:29:54","guid":{"rendered":"https:\/\/www.casasrurales.net\/blog\/?p=3666"},"modified":"2021-02-01T16:20:56","modified_gmt":"2021-02-01T16:20:56","slug":"recorremos-los-lagos-mas-bonitos-de-espana","status":"publish","type":"post","link":"https:\/\/www.casasrurales.net\/blog\/recorremos-los-lagos-mas-bonitos-de-espana","title":{"rendered":"Recorremos los lagos m\u00e1s bonitos de Espa\u00f1a"},"content":{"rendered":"<p><span style=\"color: #000000;\">En un pa\u00eds que cuenta con<strong> aproximadamente 7905 kil\u00f3metros de costa,<\/strong> es de suponer que el primer destino tur\u00edstico por excelencia sea la playa. Pero hay<strong> una alternativa, tanto o m\u00e1s bonita<\/strong> que nuestras playas, para disfrutar de un chapuz\u00f3n en verano o para visitar durante el invierno.<strong> Los lagos y lagunas,<\/strong> de los cuales tambi\u00e9n poseemos un buen n\u00famero, y que ofrecen paisajes inigualables<strong> para entrar en contacto con nuestro lado m\u00e1s salvaje.<\/strong><\/span><\/p>\n<p><span style=\"color: #000000;\">Los lagos y lagunas se extienden por todo el pa\u00eds, pero <a href=\"https:\/\/www.casasrurales.net\/casas-rurales\/asturias\">es hacia el norte donde m\u00e1s se dan<\/a> y donde alcanzan una mayor importancia. Por eso resulta m\u00e1s f\u00e1cil citar ejemplos que podemos encontrar en estas zonas, sin olvidar que en todo el territorio se pueden descubrir estas extensas masas de agua dulce.<\/span><\/p>\n<p>&nbsp;<\/p>\n<h2><span style=\"color: #000000;\"><b>Lagos de Covadonga<\/b><\/span><\/h2>\n<div id=\"attachment_3673\" style=\"width: 650px\" class=\"wp-caption alignnone\"><a href=\"https:\/\/cdn1.es.casasrurales.net\/blog\/wp-content\/emp\/blogcasas\/2017\/08\/Esteban-Salinas-FLICKR.jpg\"><img aria-describedby=\"caption-attachment-3673\" class=\"wp-image-3673 size-full\" src=\"https:\/\/cdn1.es.casasrurales.net\/blog\/wp-content\/emp\/blogcasas\/2017\/08\/Esteban-Salinas-FLICKR.jpg\" alt=\"Esteban Salinas FLICKR\" width=\"640\" height=\"425\" srcset=\"https:\/\/cdn1.es.casasrurales.net\/blog\/wp-content\/emp\/blogcasas\/2017\/08\/Esteban-Salinas-FLICKR.jpg 640w, https:\/\/cdn1.es.casasrurales.net\/blog\/wp-content\/emp\/blogcasas\/2017\/08\/Esteban-Salinas-FLICKR-300x199.jpg 300w, https:\/\/cdn1.es.casasrurales.net\/blog\/wp-content\/emp\/blogcasas\/2017\/08\/Esteban-Salinas-FLICKR-320x213.jpg 320w\" sizes=\"(max-width: 640px) 100vw, 640px\" \/><\/a><p id=\"caption-attachment-3673\" class=\"wp-caption-text\">Esteban Salinas FLICKR<\/p><\/div>\n<p><span style=\"color: #000000;\">En Asturias, dentro del<strong> Parque Nacional de los Picos de Europa,<\/strong> se encuentra este conjunto de lagos que sobrepasan los mil metros de Altura. Son tres los lagos que dan forma al lugar y que guardan el<strong> Santuario de Covadonga. <\/strong><\/span><\/p>\n<p><span style=\"color: #000000;\">El m\u00e1s grande de todos es el<strong> lago Enol<\/strong>, y tambi\u00e9n el que menos altura tiene, llegando a los escasos mil metros. Este lugar cuenta con la leyenda de dar cobijo en sus aguas a la virgen de Covadonga, desde donde cuida a los lugare\u00f1os. M\u00e1s arriba se encuentra<strong> La Ercina<\/strong>, otro paraje tambi\u00e9n amplio que habitualmente sirve como zona de descanso para los reba\u00f1os de la monta\u00f1a.<strong> Siguiendo la ruta est\u00e1 El Bricial,<\/strong> el m\u00e1s peque\u00f1o en tama\u00f1o pero no en belleza, que \u00fanicamente dispone de agua una vez que empieza el deshielo de las monta\u00f1as.<\/span><\/p>\n<p>&nbsp;<\/p>\n<h2><span style=\"color: #000000;\"><b>Laguna Negra<\/b><\/span><\/h2>\n<div id=\"attachment_3672\" style=\"width: 650px\" class=\"wp-caption alignnone\"><a href=\"https:\/\/cdn1.es.casasrurales.net\/blog\/wp-content\/emp\/blogcasas\/2017\/08\/Carlos-Romo-FLICKR.jpg\"><img aria-describedby=\"caption-attachment-3672\" class=\"wp-image-3672 size-full\" src=\"https:\/\/cdn1.es.casasrurales.net\/blog\/wp-content\/emp\/blogcasas\/2017\/08\/Carlos-Romo-FLICKR.jpg\" alt=\"Carlos Romo FLICKR\" width=\"640\" height=\"198\" srcset=\"https:\/\/cdn1.es.casasrurales.net\/blog\/wp-content\/emp\/blogcasas\/2017\/08\/Carlos-Romo-FLICKR.jpg 640w, https:\/\/cdn1.es.casasrurales.net\/blog\/wp-content\/emp\/blogcasas\/2017\/08\/Carlos-Romo-FLICKR-300x93.jpg 300w\" sizes=\"(max-width: 640px) 100vw, 640px\" \/><\/a><p id=\"caption-attachment-3672\" class=\"wp-caption-text\">Carlos Romo FLICKR<\/p><\/div>\n<p><span style=\"color: #000000;\">El nombre de esta laguna<strong> situada junto al Urbi\u00f3n,<\/strong> en el norte de la<strong> provincia de Soria,<\/strong> obedece en parte a la tonalidad que adquieren sus aguas y en parte a la oscura leyenda que alberga el paraje. <\/span><\/p>\n<p><span style=\"color: #000000;\">Cuenta la <strong>historia de este m\u00e1gico paraje de origen glaciar<\/strong>, que Alvargonz\u00e1lez, heredero de las tierras de la zona, fue asesinado por sus hijos y nueras de un hachazo en el cuello y cuatro pu\u00f1aladas. Seg\u00fan el relato, su cuerpo descansa en alg\u00fan punto de las aguas que se dice no tienen fondo, con una piedra atada a los pies.<\/span><\/p>\n<p>&nbsp;<\/p>\n<h2><span style=\"color: #000000;\"><b>Lago de Sanabria<\/b><\/span><\/h2>\n<div id=\"attachment_3668\" style=\"width: 650px\" class=\"wp-caption alignnone\"><a href=\"https:\/\/cdn1.es.casasrurales.net\/blog\/wp-content\/emp\/blogcasas\/2017\/08\/Jesus-Solana-FLICKR.jpg\"><img aria-describedby=\"caption-attachment-3668\" class=\"wp-image-3668 size-full\" src=\"https:\/\/cdn1.es.casasrurales.net\/blog\/wp-content\/emp\/blogcasas\/2017\/08\/Jesus-Solana-FLICKR.jpg\" alt=\"Jesus Solana FLICKR\" width=\"640\" height=\"428\" srcset=\"https:\/\/cdn1.es.casasrurales.net\/blog\/wp-content\/emp\/blogcasas\/2017\/08\/Jesus-Solana-FLICKR.jpg 640w, https:\/\/cdn1.es.casasrurales.net\/blog\/wp-content\/emp\/blogcasas\/2017\/08\/Jesus-Solana-FLICKR-300x201.jpg 300w, https:\/\/cdn1.es.casasrurales.net\/blog\/wp-content\/emp\/blogcasas\/2017\/08\/Jesus-Solana-FLICKR-320x213.jpg 320w\" sizes=\"(max-width: 640px) 100vw, 640px\" \/><\/a><p id=\"caption-attachment-3668\" class=\"wp-caption-text\">Jesus Solana FLICKR<\/p><\/div>\n<p><span style=\"color: #000000;\">Este lugar cuenta con el honor de ser<strong> posiblemente el lago m\u00e1s bonito del pa\u00eds,<\/strong> al igual que es el de mayor extensi\u00f3n. Es un lago de origen glaciar que se encuentra dentro de la <strong>provincia de Zamora<\/strong>, muy cerca de la frontera de Portugal<\/span><\/p>\n<p><span style=\"color: #000000;\">Dispone de <strong>varias zonas habilitadas para el ba\u00f1o y para practicar diversos deportes acu\u00e1ticos.<\/strong> Adem\u00e1s, todo el entorno del Parque Natural es un espacio protegido en el que se puede visitar el Centro de Interpretaci\u00f3n y el Monasterio de San Mart\u00edn de Casta\u00f1eda.<\/span><\/p>\n<h2><\/h2>\n<h2><span style=\"color: #000000;\"><b>Lago de Sant Maurici<\/b><\/span><\/h2>\n<div id=\"attachment_3667\" style=\"width: 650px\" class=\"wp-caption alignnone\"><a href=\"https:\/\/cdn1.es.casasrurales.net\/blog\/wp-content\/emp\/blogcasas\/2017\/08\/horrapics-FLICKR.jpg\"><img aria-describedby=\"caption-attachment-3667\" class=\"wp-image-3667 size-full\" src=\"https:\/\/cdn1.es.casasrurales.net\/blog\/wp-content\/emp\/blogcasas\/2017\/08\/horrapics-FLICKR.jpg\" alt=\"horrapics FLICKR\" width=\"640\" height=\"480\" srcset=\"https:\/\/cdn1.es.casasrurales.net\/blog\/wp-content\/emp\/blogcasas\/2017\/08\/horrapics-FLICKR.jpg 640w, https:\/\/cdn1.es.casasrurales.net\/blog\/wp-content\/emp\/blogcasas\/2017\/08\/horrapics-FLICKR-300x225.jpg 300w, https:\/\/cdn1.es.casasrurales.net\/blog\/wp-content\/emp\/blogcasas\/2017\/08\/horrapics-FLICKR-156x117.jpg 156w\" sizes=\"(max-width: 640px) 100vw, 640px\" \/><\/a><p id=\"caption-attachment-3667\" class=\"wp-caption-text\">horrapics FLICKR<\/p><\/div>\n<p><span style=\"color: #000000;\">Otra de las comunidades que cuenta con interesantes lagos es Catalu\u00f1a. Dentro del Parque Nacional de Aig\u00fcestortes se encuentra el<strong> Lago de Sant Maurici, en la provincia de Lleida.<\/strong><\/span><\/p>\n<p><span style=\"color: #000000;\">Este lugar, rodeado por las cimas pirenaicas, se sit\u00faa a<strong> una altitud de 1910 metros sobre el nivel del mar<\/strong> y junto a la <strong>famosa monta\u00f1a Els Encantats<\/strong>. Lo m\u00e1s llamativo del lago es que sus aguas est\u00e1n heladas durante la mayor parte del a\u00f1o, un paisaje de gran belleza al que solo se puede acceder caminando o en bicicleta.<\/span><\/p>\n<p>&nbsp;<\/p>\n<h2><span style=\"color: #000000;\"><b>Lago de Ba\u00f1olas<\/b><\/span><\/h2>\n<div id=\"attachment_3670\" style=\"width: 650px\" class=\"wp-caption alignnone\"><a href=\"https:\/\/cdn1.es.casasrurales.net\/blog\/wp-content\/emp\/blogcasas\/2017\/08\/Albert-Torell\u00f3-FLICKR.jpg\"><img aria-describedby=\"caption-attachment-3670\" class=\"wp-image-3670 size-full\" src=\"https:\/\/cdn1.es.casasrurales.net\/blog\/wp-content\/emp\/blogcasas\/2017\/08\/Albert-Torell\u00f3-FLICKR.jpg\" alt=\"Albert Torell\u00f3 FLICKR\" width=\"640\" height=\"335\" srcset=\"https:\/\/cdn1.es.casasrurales.net\/blog\/wp-content\/emp\/blogcasas\/2017\/08\/Albert-Torell\u00f3-FLICKR.jpg 640w, https:\/\/cdn1.es.casasrurales.net\/blog\/wp-content\/emp\/blogcasas\/2017\/08\/Albert-Torell\u00f3-FLICKR-300x157.jpg 300w\" sizes=\"(max-width: 640px) 100vw, 640px\" \/><\/a><p id=\"caption-attachment-3670\" class=\"wp-caption-text\">Albert Torell\u00f3 FLICKR<\/p><\/div>\n<p><span style=\"color: #000000;\">Tambi\u00e9n<strong> en Catalu\u00f1a, en el interior de Gerona<\/strong>, nace este lugar que es el m\u00e1s grande de la comunidad y uno de los m\u00e1s antiguos de Espa\u00f1a, ya que <strong>data de hace 250.000 a\u00f1os<\/strong>. Existe adem\u00e1s una leyenda asociada a este lugar, y que cuenta que un m\u00e1gico drag\u00f3n, conocido como Draga, habita en sus aguas, siendo el responsable de<strong> diversos naufragios y desapariciones<\/strong> que se han dado en la zona a lo largo de los a\u00f1os.<\/span><\/p>\n<p>&nbsp;<\/p>\n<h2><span style=\"color: #000000;\"><b>Lagunas de Ruidera<\/b><\/span><\/h2>\n<div id=\"attachment_3669\" style=\"width: 650px\" class=\"wp-caption alignnone\"><a href=\"https:\/\/cdn1.es.casasrurales.net\/blog\/wp-content\/emp\/blogcasas\/2017\/08\/M.Peinado-FLICKR.jpg\"><img aria-describedby=\"caption-attachment-3669\" class=\"wp-image-3669 size-full\" src=\"https:\/\/cdn1.es.casasrurales.net\/blog\/wp-content\/emp\/blogcasas\/2017\/08\/M.Peinado-FLICKR.jpg\" alt=\"M.Peinado FLICKR\" width=\"640\" height=\"480\" srcset=\"https:\/\/cdn1.es.casasrurales.net\/blog\/wp-content\/emp\/blogcasas\/2017\/08\/M.Peinado-FLICKR.jpg 640w, https:\/\/cdn1.es.casasrurales.net\/blog\/wp-content\/emp\/blogcasas\/2017\/08\/M.Peinado-FLICKR-300x225.jpg 300w, https:\/\/cdn1.es.casasrurales.net\/blog\/wp-content\/emp\/blogcasas\/2017\/08\/M.Peinado-FLICKR-156x117.jpg 156w\" sizes=\"(max-width: 640px) 100vw, 640px\" \/><\/a><p id=\"caption-attachment-3669\" class=\"wp-caption-text\">M.Peinado FLICKR<\/p><\/div>\n<p><span style=\"color: #000000;\">M\u00e1s hacia el centro del pa\u00eds, en la comunidad de Castilla La Macha, se encuentra<strong> este conjunto de lagunas<\/strong>. Su situaci\u00f3n exacta est\u00e1 <strong>entre las provincias de Ciudad Real y Albacete<\/strong>, dentro de un espacio natural protegido, conocido como el Parque Natural de las Lagunas de Ruidera.<\/span><\/p>\n<p><span style=\"color: #000000;\"><strong>Son en total 15 los espacios<\/strong> que dan forma a este paraje, que <strong>se comunican por medio de cascadas o saltos de agua<\/strong>, dando lugar a una de las zonas m\u00e1s impresionantes de todo el territorio nacional.<\/span><\/p>\n","protected":false},"excerpt":{"rendered":"<p>En un pa\u00eds que cuenta con aproximadamente 7905 kil\u00f3metros de costa, es de suponer que el primer destino tur\u00edstico por excelencia sea la playa. Pero hay una alternativa, tanto o m\u00e1s bonita que nuestras playas, para disfrutar de un chapuz\u00f3n&hellip; <br \/><a class=\"read-more-button\" href=\"https:\/\/www.casasrurales.net\/blog\/recorremos-los-lagos-mas-bonitos-de-espana\">Leer m\u00e1s<\/a><\/p>\n","protected":false},"author":1,"featured_media":3671,"comment_status":"open","ping_status":"open","sticky":false,"template":"","format":"standard","meta":[],"categories":[11],"tags":[],"_links":{"self":[{"href":"https:\/\/www.casasrurales.net\/blog\/wp-json\/wp\/v2\/posts\/3666"}],"collection":[{"href":"https:\/\/www.casasrurales.net\/blog\/wp-json\/wp\/v2\/posts"}],"about":[{"href":"https:\/\/www.casasrurales.net\/blog\/wp-json\/wp\/v2\/types\/post"}],"author":[{"embeddable":true,"href":"https:\/\/www.casasrurales.net\/blog\/wp-json\/wp\/v2\/users\/1"}],"replies":[{"embeddable":true,"href":"https:\/\/www.casasrurales.net\/blog\/wp-json\/wp\/v2\/comments?post=3666"}],"version-history":[{"count":3,"href":"https:\/\/www.casasrurales.net\/blog\/wp-json\/wp\/v2\/posts\/3666\/revisions"}],"predecessor-version":[{"id":8999,"href":"https:\/\/www.casasrurales.net\/blog\/wp-json\/wp\/v2\/posts\/3666\/revisions\/8999"}],"wp:featuredmedia":[{"embeddable":true,"href":"https:\/\/www.casasrurales.net\/blog\/wp-json\/wp\/v2\/media\/3671"}],"wp:attachment":[{"href":"https:\/\/www.casasrurales.net\/blog\/wp-json\/wp\/v2\/media?parent=3666"}],"wp:term":[{"taxonomy":"category","embeddable":true,"href":"https:\/\/www.casasrurales.net\/blog\/wp-json\/wp\/v2\/categories?post=3666"},{"taxonomy":"post_tag","embeddable":true,"href":"https:\/\/www.casasrurales.net\/blog\/wp-json\/wp\/v2\/tags?post=3666"}],"curies":[{"name":"wp","href":"https:\/\/api.w.org\/{rel}","templated":true}]}}