
{"id":3627,"date":"2020-10-29T11:14:56","date_gmt":"2020-10-29T11:14:56","guid":{"rendered":"https:\/\/www.casasrurales.net\/blog\/?p=3627"},"modified":"2020-10-29T16:40:57","modified_gmt":"2020-10-29T16:40:57","slug":"una-escapada-a-las-7-piscinas-naturales-de-avila","status":"publish","type":"post","link":"https:\/\/www.casasrurales.net\/blog\/una-escapada-a-las-7-piscinas-naturales-de-avila","title":{"rendered":"Una escapada a las 7 piscinas naturales de \u00c1vila"},"content":{"rendered":"<p><span style=\"color: #000000;\"><span style=\"font-family: Calibri, sans-serif;\"><span style=\"font-size: medium;\">En verano a todos nos apetece disfrutar del sol y de un buen ba\u00f1o refrescante. No siempre nos es posible ir a la playa pero eso no es problema en un pa\u00eds colmado de piscinas naturales. <\/span><\/span><\/span><\/p>\n<p><span style=\"color: #000000;\"><span style=\"font-family: Calibri, sans-serif;\"><span style=\"font-size: medium;\">Concretamente en <\/span><\/span><\/span><span style=\"color: #000000;\"><span style=\"font-family: Calibri, sans-serif;\"><span style=\"font-size: medium;\"><b>\u00c1vila<\/b><\/span><\/span><\/span><span style=\"color: #000000;\"><span style=\"font-family: Calibri, sans-serif;\"><span style=\"font-size: medium;\">\u00a0te vamos a presentar algunas de las mejores <a href=\"https:\/\/www.casasrurales.net\/casas-rurales\/avila\">para pasar un fant\u00e1stico d\u00eda veraniego<\/a> con la familia o los amigos:<\/span><\/span><\/span><\/p>\n<h2><span style=\"color: #000000;\"><span style=\"font-family: Calibri, sans-serif;\"><span style=\"font-size: medium;\"><b>El Risquillo de Guisando<\/b><\/span><\/span><\/span><\/h2>\n<div id=\"attachment_3633\" style=\"width: 310px\" class=\"wp-caption alignnone\"><a href=\"https:\/\/cdn1.es.casasrurales.net\/blog\/wp-content\/emp\/blogcasas\/2017\/08\/Cabeza-de-Turco-Flickr.jpg\"><img aria-describedby=\"caption-attachment-3633\" class=\"size-medium wp-image-3633\" src=\"https:\/\/cdn1.es.casasrurales.net\/blog\/wp-content\/emp\/blogcasas\/2017\/08\/Cabeza-de-Turco-Flickr-300x200.jpg\" alt=\"Cabeza de Turco (Flickr)\" width=\"300\" height=\"200\" srcset=\"https:\/\/cdn1.es.casasrurales.net\/blog\/wp-content\/emp\/blogcasas\/2017\/08\/Cabeza-de-Turco-Flickr-300x200.jpg 300w, https:\/\/cdn1.es.casasrurales.net\/blog\/wp-content\/emp\/blogcasas\/2017\/08\/Cabeza-de-Turco-Flickr-320x213.jpg 320w, https:\/\/cdn1.es.casasrurales.net\/blog\/wp-content\/emp\/blogcasas\/2017\/08\/Cabeza-de-Turco-Flickr.jpg 500w\" sizes=\"(max-width: 300px) 100vw, 300px\" \/><\/a><p id=\"caption-attachment-3633\" class=\"wp-caption-text\">Cabeza de Turco (Flickr)<\/p><\/div>\n<p><span style=\"color: #000000;\"><span style=\"font-family: Calibri, sans-serif;\"><span style=\"font-size: medium;\">El <\/span><\/span><\/span><span style=\"color: #000000;\"><span style=\"font-family: Calibri, sans-serif;\"><span style=\"font-size: medium;\"><b>r\u00edo Pelayo<\/b><\/span><\/span><\/span><span style=\"color: #000000;\"><span style=\"font-family: Calibri, sans-serif;\"><span style=\"font-size: medium;\"> ba\u00f1a la <\/span><\/span><\/span><span style=\"color: #000000;\"><span style=\"font-family: Calibri, sans-serif;\"><span style=\"font-size: medium;\"><b>Sierra de Gredos,\u00a0<\/b><\/span><\/span><\/span><span style=\"color: #000000;\"><span style=\"font-family: Calibri, sans-serif;\"><span style=\"font-size: medium;\">hasta llegar a esta tranquila piscina rodeada de piedras. Una zona de cemento te permitir\u00e1 tomar el sol mientras que en el restaurante cercano podr\u00e1s disfrutar de men\u00fas a buen precio.<\/span><\/span><\/span><b> <\/b><span style=\"color: #000000;\"><span style=\"font-family: Calibri, sans-serif;\"><span style=\"font-size: medium;\">Camilo Jos\u00e9 Cela dijo lo siguiente del pueblo: \u201cAl pie de los Galayos, <\/span><\/span><\/span><span style=\"color: #000000;\"><span style=\"font-family: Calibri, sans-serif;\"><span style=\"font-size: medium;\"><b>es quiz\u00e1s el pueblecito de m\u00e1s bellas vistas de toda Espa\u00f1a<\/b><\/span><\/span><\/span><span style=\"color: #000000;\"><span style=\"font-family: Calibri, sans-serif;\"><span style=\"font-size: medium;\">\u201d. Ac\u00e9rcate y descubrir\u00e1s que no se equivoca.<\/span><\/span><\/span><\/p>\n<h2><span style=\"color: #000000;\"><span style=\"font-family: Calibri, sans-serif;\"><span style=\"font-size: medium;\"><b>El Charco Verde<\/b><\/span><\/span><\/span><\/h2>\n<div id=\"attachment_3631\" style=\"width: 310px\" class=\"wp-caption alignnone\"><a href=\"https:\/\/cdn1.es.casasrurales.net\/blog\/wp-content\/emp\/blogcasas\/2017\/08\/Alejandro-Magnum-Flickr.jpg\"><img aria-describedby=\"caption-attachment-3631\" class=\"size-medium wp-image-3631\" src=\"https:\/\/cdn1.es.casasrurales.net\/blog\/wp-content\/emp\/blogcasas\/2017\/08\/Alejandro-Magnum-Flickr-300x169.jpg\" alt=\"Alejandro Magnum (Flickr)\" width=\"300\" height=\"169\" srcset=\"https:\/\/cdn1.es.casasrurales.net\/blog\/wp-content\/emp\/blogcasas\/2017\/08\/Alejandro-Magnum-Flickr-300x169.jpg 300w, https:\/\/cdn1.es.casasrurales.net\/blog\/wp-content\/emp\/blogcasas\/2017\/08\/Alejandro-Magnum-Flickr.jpg 640w\" sizes=\"(max-width: 300px) 100vw, 300px\" \/><\/a><p id=\"caption-attachment-3631\" class=\"wp-caption-text\">Alejandro Magnum (Flickr)<\/p><\/div>\n<p><span style=\"color: #000000;\"><span style=\"font-family: Calibri, sans-serif;\"><span style=\"font-size: medium;\">Tambi\u00e9n en la localidad, pero m\u00e1s alejado del centro del pueblo, se encuentra esta piscina natural. Solo con el nombre puedes imaginar el color de sus aguas. Es la zona ideal para <b>pasar el d\u00eda en familia<\/b> y disfrutar de un estupendo picnic a orillas de la piscina.<\/span><\/span><\/span><\/p>\n<h2><span style=\"color: #000000;\"><span style=\"font-family: Calibri, sans-serif;\"><span style=\"font-size: medium;\"><b>La Garganta de los Caballeros<\/b><\/span><\/span><\/span><\/h2>\n<div id=\"attachment_3629\" style=\"width: 310px\" class=\"wp-caption alignnone\"><a href=\"https:\/\/cdn1.es.casasrurales.net\/blog\/wp-content\/emp\/blogcasas\/2017\/08\/Pentarux-Flickr.jpg\"><img aria-describedby=\"caption-attachment-3629\" class=\"size-medium wp-image-3629\" src=\"https:\/\/cdn1.es.casasrurales.net\/blog\/wp-content\/emp\/blogcasas\/2017\/08\/Pentarux-Flickr-300x109.jpg\" alt=\"Pentarux (Flickr)\" width=\"300\" height=\"109\" srcset=\"https:\/\/cdn1.es.casasrurales.net\/blog\/wp-content\/emp\/blogcasas\/2017\/08\/Pentarux-Flickr-300x109.jpg 300w, https:\/\/cdn1.es.casasrurales.net\/blog\/wp-content\/emp\/blogcasas\/2017\/08\/Pentarux-Flickr.jpg 640w\" sizes=\"(max-width: 300px) 100vw, 300px\" \/><\/a><p id=\"caption-attachment-3629\" class=\"wp-caption-text\">Pentarux (Flickr)<\/p><\/div>\n<p><span style=\"color: #000000;\"><span style=\"font-family: Calibri, sans-serif;\"><span style=\"font-size: medium;\">Entre<\/span><\/span><\/span><span style=\"color: #000000;\"><span style=\"font-family: Calibri, sans-serif;\"><span style=\"font-size: medium;\"><b> Navalonguilla y Navalguejo\u00a0<\/b><\/span><\/span><\/span><span style=\"color: #000000;\"><span style=\"font-family: Calibri, sans-serif;\"><span style=\"font-size: medium;\">se encuentra una de las piscinas naturales m\u00e1s bonitas de la provincia. Aguas verdeazuladas invitan al ba\u00f1o durante el verano. Un paisaje natural impresionante rodea esta zona en la que pasar <\/span><\/span><\/span><span style=\"color: #000000;\"><span style=\"font-family: Calibri, sans-serif;\"><span style=\"font-size: medium;\"><b>un d\u00eda estupendo con los m\u00e1s peque\u00f1os.\u00a0<\/b><\/span><\/span><\/span><\/p>\n<h2><span style=\"color: #000000;\"><span style=\"font-family: Calibri, sans-serif;\"><span style=\"font-size: medium;\"><b>Piscina naturales del r\u00edo Arenal<\/b><\/span><\/span><\/span><\/h2>\n<div id=\"attachment_3632\" style=\"width: 310px\" class=\"wp-caption alignnone\"><a href=\"https:\/\/cdn1.es.casasrurales.net\/blog\/wp-content\/emp\/blogcasas\/2017\/08\/Bachmont-Flickr.jpg\"><img aria-describedby=\"caption-attachment-3632\" class=\"size-medium wp-image-3632\" src=\"https:\/\/cdn1.es.casasrurales.net\/blog\/wp-content\/emp\/blogcasas\/2017\/08\/Bachmont-Flickr-300x199.jpg\" alt=\"Bachmont (Flickr)\" width=\"300\" height=\"199\" srcset=\"https:\/\/cdn1.es.casasrurales.net\/blog\/wp-content\/emp\/blogcasas\/2017\/08\/Bachmont-Flickr-300x199.jpg 300w, https:\/\/cdn1.es.casasrurales.net\/blog\/wp-content\/emp\/blogcasas\/2017\/08\/Bachmont-Flickr-320x213.jpg 320w, https:\/\/cdn1.es.casasrurales.net\/blog\/wp-content\/emp\/blogcasas\/2017\/08\/Bachmont-Flickr.jpg 640w\" sizes=\"(max-width: 300px) 100vw, 300px\" \/><\/a><p id=\"caption-attachment-3632\" class=\"wp-caption-text\">Bachmont (Flickr)<\/p><\/div>\n<p><span style=\"color: #000000;\"><span style=\"font-family: Calibri, sans-serif;\"><span style=\"font-size: medium;\"><b>Arenas de San Pedro\u00a0<\/b><\/span><\/span><\/span><span style=\"color: #000000;\"><span style=\"font-family: Calibri, sans-serif;\"><span style=\"font-size: medium;\">es un pueblo de origen medieval en el que destacan sus <\/span><\/span><\/span><span style=\"color: #000000;\"><span style=\"font-family: Calibri, sans-serif;\"><span style=\"font-size: medium;\"><b>cuevas<\/b><\/span><\/span><\/span><span style=\"color: #000000;\"><span style=\"font-family: Calibri, sans-serif;\"><span style=\"font-size: medium;\"> as\u00ed como las piscinas naturales. En la <\/span><\/span><\/span><span style=\"color: #000000;\"><span style=\"font-family: Calibri, sans-serif;\"><span style=\"font-size: medium;\"><b>Garganta del r\u00edo Pelayo<\/b><\/span><\/span><\/span><span style=\"color: #000000;\"><span style=\"font-family: Calibri, sans-serif;\"><span style=\"font-size: medium;\"> encontrar\u00e9is esta zona de ba\u00f1o equipada para mayores y peque\u00f1os con trampolines. <\/span><\/span><\/span><span style=\"color: #000000;\"><span style=\"font-family: Calibri, sans-serif;\"><span style=\"font-size: medium;\">Una sorpresa hay en ella: <\/span><\/span><\/span><span style=\"color: #000000;\"><span style=\"font-family: Calibri, sans-serif;\"><span style=\"font-size: medium;\"><b>las truchas compartir\u00e1n contigo el ba\u00f1o<\/b><\/span><\/span><\/span><span style=\"color: #000000;\"><span style=\"font-family: Calibri, sans-serif;\"><span style=\"font-size: medium;\">.<\/span><\/span><\/span><\/p>\n<h2><span style=\"color: #000000;\"><span style=\"font-family: Calibri, sans-serif;\"><span style=\"font-size: medium;\"><b>El arroyo del Cimorro<\/b><\/span><\/span><\/span><\/h2>\n<div id=\"attachment_3634\" style=\"width: 310px\" class=\"wp-caption alignnone\"><a href=\"https:\/\/cdn1.es.casasrurales.net\/blog\/wp-content\/emp\/blogcasas\/2017\/08\/es.topsportholidays.com-Flickr.jpg\"><img aria-describedby=\"caption-attachment-3634\" class=\"size-medium wp-image-3634\" src=\"https:\/\/cdn1.es.casasrurales.net\/blog\/wp-content\/emp\/blogcasas\/2017\/08\/es.topsportholidays.com-Flickr-300x201.jpg\" alt=\"es.topsportholidays.com (Flickr)\" width=\"300\" height=\"201\" srcset=\"https:\/\/cdn1.es.casasrurales.net\/blog\/wp-content\/emp\/blogcasas\/2017\/08\/es.topsportholidays.com-Flickr-300x201.jpg 300w, https:\/\/cdn1.es.casasrurales.net\/blog\/wp-content\/emp\/blogcasas\/2017\/08\/es.topsportholidays.com-Flickr-320x213.jpg 320w, https:\/\/cdn1.es.casasrurales.net\/blog\/wp-content\/emp\/blogcasas\/2017\/08\/es.topsportholidays.com-Flickr.jpg 640w\" sizes=\"(max-width: 300px) 100vw, 300px\" \/><\/a><p id=\"caption-attachment-3634\" class=\"wp-caption-text\">es.topsportholidays.com (Flickr)<\/p><\/div>\n<p><span style=\"color: #000000;\"><span style=\"font-family: Calibri, sans-serif;\"><span style=\"font-size: medium;\">Piscina ideal para pasarlo en grande cualquier d\u00eda de verano. Este peque\u00f1o arroyo que pasa por el pueblo de <b>Navalacruz<\/b> est\u00e1 acondicionado con duchas y un merendero as\u00ed como una zona de ocio que har\u00e1n las delicias de toda la familia.<\/span><\/span><\/span><\/p>\n<h2><span style=\"color: #000000;\"><span style=\"font-family: Calibri, sans-serif;\"><span style=\"font-size: medium;\"><b>Piscinas naturales de Navaluenga<\/b><\/span><\/span><\/span><\/h2>\n<div id=\"attachment_3635\" style=\"width: 310px\" class=\"wp-caption alignnone\"><a href=\"https:\/\/cdn1.es.casasrurales.net\/blog\/wp-content\/emp\/blogcasas\/2017\/08\/M.-Peinado-Flickr.jpg\"><img aria-describedby=\"caption-attachment-3635\" class=\"size-medium wp-image-3635\" src=\"https:\/\/cdn1.es.casasrurales.net\/blog\/wp-content\/emp\/blogcasas\/2017\/08\/M.-Peinado-Flickr-300x225.jpg\" alt=\"M. Peinado (Flickr)\" width=\"300\" height=\"225\" srcset=\"https:\/\/cdn1.es.casasrurales.net\/blog\/wp-content\/emp\/blogcasas\/2017\/08\/M.-Peinado-Flickr-300x225.jpg 300w, https:\/\/cdn1.es.casasrurales.net\/blog\/wp-content\/emp\/blogcasas\/2017\/08\/M.-Peinado-Flickr-156x117.jpg 156w, https:\/\/cdn1.es.casasrurales.net\/blog\/wp-content\/emp\/blogcasas\/2017\/08\/M.-Peinado-Flickr.jpg 640w\" sizes=\"(max-width: 300px) 100vw, 300px\" \/><\/a><p id=\"caption-attachment-3635\" class=\"wp-caption-text\">M. Peinado (Flickr)<\/p><\/div>\n<p><span style=\"color: #000000;\"><span style=\"font-family: Calibri, sans-serif;\"><span style=\"font-size: medium;\">Bajo un puente rom\u00e1nico las tranquilas aguas del <b>Alberche<\/b> se extienden formando una piscina natural con vistas preciosas. C\u00e9sped alrededor dota a esta zona de ba\u00f1o del lugar ideal en el que pasar el d\u00eda y comer a orillas del r\u00edo.<\/span><\/span><\/span><\/p>\n<h2><span style=\"color: #000000;\"><span style=\"font-family: Calibri, sans-serif;\"><span style=\"font-size: medium;\"><b>Piscina Natural de El Raso o de Los Riveros<\/b><\/span><\/span><\/span><\/h2>\n<div id=\"attachment_3630\" style=\"width: 310px\" class=\"wp-caption alignnone\"><a href=\"https:\/\/cdn1.es.casasrurales.net\/blog\/wp-content\/emp\/blogcasas\/2017\/08\/@ondasderuido-Flickr.jpg\"><img aria-describedby=\"caption-attachment-3630\" class=\"size-medium wp-image-3630\" src=\"https:\/\/cdn1.es.casasrurales.net\/blog\/wp-content\/emp\/blogcasas\/2017\/08\/@ondasderuido-Flickr-300x200.jpg\" alt=\"@ondasderuido (Flickr)\" width=\"300\" height=\"200\" srcset=\"https:\/\/cdn1.es.casasrurales.net\/blog\/wp-content\/emp\/blogcasas\/2017\/08\/@ondasderuido-Flickr-300x200.jpg 300w, https:\/\/cdn1.es.casasrurales.net\/blog\/wp-content\/emp\/blogcasas\/2017\/08\/@ondasderuido-Flickr-320x213.jpg 320w, https:\/\/cdn1.es.casasrurales.net\/blog\/wp-content\/emp\/blogcasas\/2017\/08\/@ondasderuido-Flickr.jpg 640w\" sizes=\"(max-width: 300px) 100vw, 300px\" \/><\/a><p id=\"caption-attachment-3630\" class=\"wp-caption-text\">@ondasderuido (Flickr)<\/p><\/div>\n<p><span style=\"color: #000000;\"><span style=\"font-family: Calibri, sans-serif;\"><span style=\"font-size: medium;\">El <b>r\u00edo Tormes<\/b>, a su paso por <b>\u00c1vila<\/b>, ba\u00f1a numerosas zonas como la <b>Piscina Natural de El Raso o de Los Riveros<\/b>. Es una de las m\u00e1s frecuentadas de la provincia y es que est\u00e1 dotada de todo lo que necesitas para pasar un d\u00eda genial. Barbacoas, zonas de picnic, atracciones infantiles y <b>un entorno precioso te espera all\u00ed en tu pr\u00f3xima escapada<\/b>.\u00a0<\/span><\/span><\/span><\/p>\n<p><span style=\"color: #000000;\"><span style=\"font-family: Calibri, sans-serif;\"><span style=\"font-size: medium;\"><b>\u00c1vila<\/b> es la provincia perfecta para <b>pasar un estupendo d\u00eda de verano<\/b>. Huyendo de los calores, ser\u00e1 el sitio ideal para darse un refrescante ba\u00f1o a orilla de la <b>Sierra de Gredos<\/b> y disfrutar de los r\u00edos que ba\u00f1an sus peque\u00f1os pueblos rurales.<\/span><\/span><\/span><\/p>\n","protected":false},"excerpt":{"rendered":"<p>En verano a todos nos apetece disfrutar del sol y de un buen ba\u00f1o refrescante. No siempre nos es posible ir a la playa pero eso no es problema en un pa\u00eds colmado de piscinas naturales. Concretamente en \u00c1vila\u00a0te vamos&hellip; <br \/><a class=\"read-more-button\" href=\"https:\/\/www.casasrurales.net\/blog\/una-escapada-a-las-7-piscinas-naturales-de-avila\">Leer m\u00e1s<\/a><\/p>\n","protected":false},"author":1,"featured_media":3628,"comment_status":"open","ping_status":"open","sticky":false,"template":"","format":"standard","meta":[],"categories":[11],"tags":[30],"_links":{"self":[{"href":"https:\/\/www.casasrurales.net\/blog\/wp-json\/wp\/v2\/posts\/3627"}],"collection":[{"href":"https:\/\/www.casasrurales.net\/blog\/wp-json\/wp\/v2\/posts"}],"about":[{"href":"https:\/\/www.casasrurales.net\/blog\/wp-json\/wp\/v2\/types\/post"}],"author":[{"embeddable":true,"href":"https:\/\/www.casasrurales.net\/blog\/wp-json\/wp\/v2\/users\/1"}],"replies":[{"embeddable":true,"href":"https:\/\/www.casasrurales.net\/blog\/wp-json\/wp\/v2\/comments?post=3627"}],"version-history":[{"count":1,"href":"https:\/\/www.casasrurales.net\/blog\/wp-json\/wp\/v2\/posts\/3627\/revisions"}],"predecessor-version":[{"id":3636,"href":"https:\/\/www.casasrurales.net\/blog\/wp-json\/wp\/v2\/posts\/3627\/revisions\/3636"}],"wp:featuredmedia":[{"embeddable":true,"href":"https:\/\/www.casasrurales.net\/blog\/wp-json\/wp\/v2\/media\/3628"}],"wp:attachment":[{"href":"https:\/\/www.casasrurales.net\/blog\/wp-json\/wp\/v2\/media?parent=3627"}],"wp:term":[{"taxonomy":"category","embeddable":true,"href":"https:\/\/www.casasrurales.net\/blog\/wp-json\/wp\/v2\/categories?post=3627"},{"taxonomy":"post_tag","embeddable":true,"href":"https:\/\/www.casasrurales.net\/blog\/wp-json\/wp\/v2\/tags?post=3627"}],"curies":[{"name":"wp","href":"https:\/\/api.w.org\/{rel}","templated":true}]}}