
{"id":3617,"date":"2017-08-22T11:07:17","date_gmt":"2017-08-22T11:07:17","guid":{"rendered":"https:\/\/www.casasrurales.net\/blog\/?p=3617"},"modified":"2017-08-04T08:45:04","modified_gmt":"2017-08-04T08:45:04","slug":"turismo-rural-en-el-canon-de-rio-lobos","status":"publish","type":"post","link":"https:\/\/www.casasrurales.net\/blog\/turismo-rural-en-el-canon-de-rio-lobos","title":{"rendered":"Turismo rural en el Ca\u00f1\u00f3n de R\u00edo Lobos"},"content":{"rendered":"<p><b><\/b><span style=\"color: #000000;\"><span style=\"font-family: Calibri, sans-serif;\"><span style=\"font-size: medium;\"><b>Burgos <\/b><\/span><\/span><\/span><span style=\"color: #000000;\"><span style=\"font-family: Calibri, sans-serif;\"><span style=\"font-size: medium;\">y, mayoritariamente, <\/span><\/span><\/span><span style=\"color: #000000;\"><span style=\"font-family: Calibri, sans-serif;\"><span style=\"font-size: medium;\"><b>Soria<\/b><\/span><\/span><\/span><span style=\"color: #000000;\"><span style=\"font-family: Calibri, sans-serif;\"><span style=\"font-size: medium;\"> se reparten un <\/span><\/span><\/span><span style=\"color: #000000;\"><span style=\"font-family: Calibri, sans-serif;\"><span style=\"font-size: medium;\"><b>Parque Natural protegido<\/b><\/span><\/span><\/span><span style=\"color: #000000;\"><span style=\"font-family: Calibri, sans-serif;\"><span style=\"font-size: medium;\"> que te encantar\u00e1 visitar y es que, el <\/span><\/span><\/span><span style=\"color: #000000;\"><span style=\"font-family: Calibri, sans-serif;\"><span style=\"font-size: medium;\"><b>Ca\u00f1\u00f3n de R\u00edo Lobos<\/b><\/span><\/span><\/span><span style=\"color: #000000;\"><span style=\"font-family: Calibri, sans-serif;\"><span style=\"font-size: medium;\">, es una maravilla de la <\/span><\/span><\/span><span style=\"color: #000000;\"><span style=\"font-family: Calibri, sans-serif;\"><span style=\"font-size: medium;\"><b>Cordillera Ib\u00e9rica<\/b><\/span><\/span><\/span><span style=\"color: #000000;\"><span style=\"font-family: Calibri, sans-serif;\"><span style=\"font-size: medium;\">. <\/span><\/span><\/span><\/p>\n<p><span style=\"color: #000000;\"><span style=\"font-family: Calibri, sans-serif;\"><span style=\"font-size: medium;\">Las cavidades que en \u00e9l hay sit\u00faan el <a href=\"https:\/\/www.casasrurales.net\/casas-rurales\/soria\">origen de este espectacular paisaje<\/a>, moldeado por el paso del r\u00edo, en la Edad del Bronce. Cualquier \u00e9poca es buena para visitar este lugar, pero <\/span><\/span><\/span><span style=\"color: #000000;\"><span style=\"font-family: Calibri, sans-serif;\"><span style=\"font-size: medium;\"><b>el oto\u00f1o hace magia en sus hojas<\/b><\/span><\/span><\/span><span style=\"color: #000000;\"><span style=\"font-family: Calibri, sans-serif;\"><span style=\"font-size: medium;\">. <\/span><\/span><\/span><\/p>\n<div id=\"attachment_3618\" style=\"width: 210px\" class=\"wp-caption alignnone\"><a href=\"https:\/\/cdn1.es.casasrurales.net\/blog\/wp-content\/emp\/blogcasas\/2017\/08\/Gabriel-Gonz\u00e1lez-Flickr.jpg\"><img aria-describedby=\"caption-attachment-3618\" class=\"size-medium wp-image-3618\" src=\"https:\/\/cdn1.es.casasrurales.net\/blog\/wp-content\/emp\/blogcasas\/2017\/08\/Gabriel-Gonz\u00e1lez-Flickr-200x300.jpg\" alt=\"Gabriel Gonz\u00e1lez (Flickr)\" width=\"200\" height=\"300\" srcset=\"https:\/\/cdn1.es.casasrurales.net\/blog\/wp-content\/emp\/blogcasas\/2017\/08\/Gabriel-Gonz\u00e1lez-Flickr-200x300.jpg 200w, https:\/\/cdn1.es.casasrurales.net\/blog\/wp-content\/emp\/blogcasas\/2017\/08\/Gabriel-Gonz\u00e1lez-Flickr.jpg 426w\" sizes=\"(max-width: 200px) 100vw, 200px\" \/><\/a><p id=\"caption-attachment-3618\" class=\"wp-caption-text\">Gabriel Gonz\u00e1lez (Flickr)<\/p><\/div>\n<p><span style=\"color: #000000;\"><span style=\"font-family: Calibri, sans-serif;\"><span style=\"font-size: medium;\">Un impresionante ca\u00f1\u00f3n de m\u00e1s de 25 metros de recorrido es la atracci\u00f3n principal de este parque que abarca 10000 hect\u00e1reas repartidas a lo largo de <\/span><\/span><\/span><span style=\"color: #000000;\"><span style=\"font-family: Calibri, sans-serif;\"><span style=\"font-size: medium;\"><b>6 pueblos de Soria\u00a0y uno de Burgos<\/b><\/span><\/span><\/span><span style=\"color: #000000;\"><span style=\"font-family: Calibri, sans-serif;\"><span style=\"font-size: medium;\"> .<\/span><\/span><\/span><\/p>\n<p><span style=\"color: #000000;\"><span style=\"font-family: Calibri, sans-serif;\"><span style=\"font-size: medium;\">La acci\u00f3n del tiempo y la erosi\u00f3n que ha sufrido por el <\/span><\/span><\/span><span style=\"color: #000000;\"><span style=\"font-family: Calibri, sans-serif;\"><span style=\"font-size: medium;\"><b>r\u00edo Lobos<\/b><\/span><\/span><\/span><span style=\"color: #000000;\"><span style=\"font-family: Calibri, sans-serif;\"><span style=\"font-size: medium;\"> forma un paisaje espectacular. <\/span><\/span><\/span><\/p>\n<p><span style=\"color: #000000;\"><span style=\"font-family: Calibri, sans-serif;\"><span style=\"font-size: medium;\">Desde 1985 esta zona protegida propone rutas que no rompan la armon\u00eda entre los humanos y la naturaleza. Las <b>rutas a caballo<\/b> y la <b>espeleolog\u00eda<\/b> est\u00e1n permitidas en ciertas zonas pero, sin duda alguna, la actividad que reina es el <b>senderismo<\/b>. <\/span><\/span><\/span><\/p>\n<p><span style=\"color: #000000;\"><span style=\"font-family: Calibri, sans-serif;\"><span style=\"font-size: medium;\">Consta de numerosos caminos que seguir para descubrir el parque, sin embargo, tiene <b>4 principales<\/b> desde las que visitar las mejores zonas del mismo. Son las siguientes: <\/span><\/span><\/span><\/p>\n<h2><span style=\"color: #000000;\"><span style=\"font-family: Calibri, sans-serif;\"><span style=\"font-size: medium;\"><b>La Senda del R\u00edo<\/b><\/span><\/span><\/span><\/h2>\n<p><span style=\"color: #000000;\"><span style=\"font-family: Calibri, sans-serif;\"><span style=\"font-size: medium;\">En los 25 kil\u00f3metros que recorre podr\u00e1s disfrutar del interior del Ca\u00f1on, uno de los paisajes m\u00e1s bonitos que tus ojos admirar\u00e1n. Abarca el espacio que hay entre <\/span><\/span><\/span><span style=\"color: #000000;\"><span style=\"font-family: Calibri, sans-serif;\"><span style=\"font-size: medium;\"><b>los 2 extremos del parque<\/b><\/span><\/span><\/span><span style=\"color: #000000;\"><span style=\"font-family: Calibri, sans-serif;\"><span style=\"font-size: medium;\"> comenzando en <\/span><\/span><\/span><span style=\"color: #000000;\"><span style=\"font-family: Calibri, sans-serif;\"><span style=\"font-size: medium;\"><b>Hontoria del Pinar,<\/b><\/span><\/span><\/span><span style=\"color: #000000;\"><span style=\"font-family: Calibri, sans-serif;\"><span style=\"font-size: medium;\"> que pertenece a <\/span><\/span><\/span><span style=\"color: #000000;\"><span style=\"font-family: Calibri, sans-serif;\"><span style=\"font-size: medium;\"><b>Burgos<\/b><\/span><\/span><\/span><span style=\"color: #000000;\"><span style=\"font-family: Calibri, sans-serif;\"><span style=\"font-size: medium;\">. <\/span><\/span><\/span><\/p>\n<p><span style=\"color: #000000;\"><span style=\"font-family: Calibri, sans-serif;\"><span style=\"font-size: medium;\">No solo puedes acceder por ellas sino que tambi\u00e9n puedes comenzar esta ruta lineal que bordea el r\u00edo desde un punto intermedio: el <\/span><\/span><\/span><span style=\"color: #000000;\"><span style=\"font-family: Calibri, sans-serif;\"><span style=\"font-size: medium;\"><b>Puente de los Siete Ojos<\/b><\/span><\/span><\/span><span style=\"color: #000000;\"><span style=\"font-family: Calibri, sans-serif;\"><span style=\"font-size: medium;\">.<\/span><\/span><\/span><\/p>\n<p>&nbsp;<\/p>\n<div id=\"attachment_3619\" style=\"width: 310px\" class=\"wp-caption alignnone\"><a href=\"https:\/\/cdn1.es.casasrurales.net\/blog\/wp-content\/emp\/blogcasas\/2017\/08\/Gabriel-Gonz\u00e1lez-2-Flickr.jpg\"><img aria-describedby=\"caption-attachment-3619\" class=\"size-medium wp-image-3619\" src=\"https:\/\/cdn1.es.casasrurales.net\/blog\/wp-content\/emp\/blogcasas\/2017\/08\/Gabriel-Gonz\u00e1lez-2-Flickr-300x200.jpg\" alt=\"Gabriel Gonz\u00e1lez 2 (Flickr)\" width=\"300\" height=\"200\" srcset=\"https:\/\/cdn1.es.casasrurales.net\/blog\/wp-content\/emp\/blogcasas\/2017\/08\/Gabriel-Gonz\u00e1lez-2-Flickr-300x200.jpg 300w, https:\/\/cdn1.es.casasrurales.net\/blog\/wp-content\/emp\/blogcasas\/2017\/08\/Gabriel-Gonz\u00e1lez-2-Flickr-320x213.jpg 320w, https:\/\/cdn1.es.casasrurales.net\/blog\/wp-content\/emp\/blogcasas\/2017\/08\/Gabriel-Gonz\u00e1lez-2-Flickr.jpg 640w\" sizes=\"(max-width: 300px) 100vw, 300px\" \/><\/a><p id=\"caption-attachment-3619\" class=\"wp-caption-text\">Gabriel Gonz\u00e1lez 2 (Flickr)<\/p><\/div>\n<p><span style=\"color: #000000;\"><span style=\"font-family: Calibri, sans-serif;\"><span style=\"font-size: medium;\">Es una ruta f\u00e1cil para hacer en familia pero <\/span><\/span><\/span><span style=\"color: #000000;\"><span style=\"font-family: Calibri, sans-serif;\"><span style=\"font-size: medium;\"><b>\u00a1cuidado con la crecida del r\u00edo!<\/b><\/span><\/span><\/span><\/p>\n<h2><span style=\"color: #000000;\"><span style=\"font-family: Calibri, sans-serif;\"><span style=\"font-size: medium;\"><b>Senda de las Gullur\u00edas<\/b><\/span><\/span><\/span><\/h2>\n<p><span style=\"color: #000000;\"><span style=\"font-family: Calibri, sans-serif;\"><span style=\"font-size: medium;\">9 kil\u00f3metros en sentido circular forman esta ruta que parte desde la <b>Casa del Parque de Ucero<\/b>. Es una de las mejores, puesto que ver\u00e1s el Parque desde su zona superior.\u00a0<\/span><\/span><\/span><\/p>\n<div id=\"attachment_3623\" style=\"width: 310px\" class=\"wp-caption alignnone\"><a href=\"https:\/\/cdn1.es.casasrurales.net\/blog\/wp-content\/emp\/blogcasas\/2017\/08\/Emilio-del-Prado-FLICKR.jpg\"><img aria-describedby=\"caption-attachment-3623\" class=\"size-medium wp-image-3623\" src=\"https:\/\/cdn1.es.casasrurales.net\/blog\/wp-content\/emp\/blogcasas\/2017\/08\/Emilio-del-Prado-FLICKR-300x192.jpg\" alt=\"Emilio del Prado-FLICKR\" width=\"300\" height=\"192\" srcset=\"https:\/\/cdn1.es.casasrurales.net\/blog\/wp-content\/emp\/blogcasas\/2017\/08\/Emilio-del-Prado-FLICKR-300x192.jpg 300w, https:\/\/cdn1.es.casasrurales.net\/blog\/wp-content\/emp\/blogcasas\/2017\/08\/Emilio-del-Prado-FLICKR.jpg 640w\" sizes=\"(max-width: 300px) 100vw, 300px\" \/><\/a><p id=\"caption-attachment-3623\" class=\"wp-caption-text\">Emilio del Prado-FLICKR<\/p><\/div>\n<p><span style=\"color: #000000;\"><span style=\"font-family: Calibri, sans-serif;\"><span style=\"font-size: medium;\">Uno de los puntos m\u00e1s bonitos es el <b>Mirador de las Gullur\u00edas<\/b> desde el que la panor\u00e1mica del Ca\u00f1\u00f3n te dejar\u00e1 sin palabras. <\/span><\/span><\/span><\/p>\n<p><span style=\"color: #000000;\"><span style=\"font-family: Calibri, sans-serif;\"><span style=\"font-size: medium;\">Est\u00e1 recomendada para toda la familia y tiene acceso a la <b>Senda del Castillo<\/b>. <\/span><\/span><\/span><\/p>\n<h2><span style=\"color: #000000;\"><span style=\"font-family: Calibri, sans-serif;\"><span style=\"font-size: medium;\"><b>Senda del Castillo<\/b><\/span><\/span><\/span><\/h2>\n<p><span style=\"color: #000000;\"><span style=\"font-family: Calibri, sans-serif;\"><span style=\"font-size: medium;\">Es la \u00fanica de las principales que no pasa por el eje central sino que <b>se centra en descubrirte los alrededores<\/b>. <\/span><\/span><\/span><\/p>\n<p><span style=\"color: #000000;\"><span style=\"font-family: Calibri, sans-serif;\"><span style=\"font-size: medium;\">El <b>r\u00edo Ucero<\/b> traza un sendero circular en el que atravesar\u00e1s los 133 metros de longitud de un <b>t\u00fanel romano<\/b> y en el que podr\u00e1s visitar, gratuitamente, el <b>castillo de Ucero<\/b>. <\/span><\/span><\/span><\/p>\n<p><span style=\"color: #000000;\"><span style=\"font-family: Calibri, sans-serif;\"><span style=\"font-size: medium;\">Es una manera diferente de visitar este ca\u00f1\u00f3n que se recorre en unas 2 horas.<\/span><\/span><\/span><\/p>\n<div id=\"attachment_3620\" style=\"width: 310px\" class=\"wp-caption alignnone\"><a href=\"https:\/\/cdn1.es.casasrurales.net\/blog\/wp-content\/emp\/blogcasas\/2017\/08\/Giborn_134-Flickr.jpg\"><img aria-describedby=\"caption-attachment-3620\" class=\"size-medium wp-image-3620\" src=\"https:\/\/cdn1.es.casasrurales.net\/blog\/wp-content\/emp\/blogcasas\/2017\/08\/Giborn_134-Flickr-300x162.jpg\" alt=\"Giborn_134 (Flickr)\" width=\"300\" height=\"162\" srcset=\"https:\/\/cdn1.es.casasrurales.net\/blog\/wp-content\/emp\/blogcasas\/2017\/08\/Giborn_134-Flickr-300x162.jpg 300w, https:\/\/cdn1.es.casasrurales.net\/blog\/wp-content\/emp\/blogcasas\/2017\/08\/Giborn_134-Flickr.jpg 640w\" sizes=\"(max-width: 300px) 100vw, 300px\" \/><\/a><p id=\"caption-attachment-3620\" class=\"wp-caption-text\">Giborn_134 (Flickr)<\/p><\/div>\n<h2><span style=\"color: #000000;\"><span style=\"font-family: Calibri, sans-serif;\"><span style=\"font-size: medium;\"><b>Senda de Hontoria<\/b><\/span><\/span><\/span><\/h2>\n<p><span style=\"color: #000000;\"><span style=\"font-family: Calibri, sans-serif;\"><span style=\"font-size: medium;\">El valle aparecer\u00e1 ante ti ensanch\u00e1ndose cada vez m\u00e1s pero sorprendi\u00e9ndote con zonas pr\u00e1cticamente salvajes en las que la acci\u00f3n del hombre no ha llegado. <\/span><\/span><\/span><\/p>\n<div id=\"attachment_3622\" style=\"width: 310px\" class=\"wp-caption alignnone\"><a href=\"https:\/\/cdn1.es.casasrurales.net\/blog\/wp-content\/emp\/blogcasas\/2017\/08\/Apusapus20-Flickr.jpg\"><img aria-describedby=\"caption-attachment-3622\" class=\"size-medium wp-image-3622\" src=\"https:\/\/cdn1.es.casasrurales.net\/blog\/wp-content\/emp\/blogcasas\/2017\/08\/Apusapus20-Flickr-300x200.jpg\" alt=\"Apusapus20 (Flickr)\" width=\"300\" height=\"200\" srcset=\"https:\/\/cdn1.es.casasrurales.net\/blog\/wp-content\/emp\/blogcasas\/2017\/08\/Apusapus20-Flickr-300x200.jpg 300w, https:\/\/cdn1.es.casasrurales.net\/blog\/wp-content\/emp\/blogcasas\/2017\/08\/Apusapus20-Flickr-320x213.jpg 320w, https:\/\/cdn1.es.casasrurales.net\/blog\/wp-content\/emp\/blogcasas\/2017\/08\/Apusapus20-Flickr.jpg 640w\" sizes=\"(max-width: 300px) 100vw, 300px\" \/><\/a><p id=\"caption-attachment-3622\" class=\"wp-caption-text\">Apusapus20 (Flickr)<\/p><\/div>\n<p><span style=\"color: #000000;\"><span style=\"font-family: Calibri, sans-serif;\"><span style=\"font-size: medium;\">Unos 10 kil\u00f3metros en sentido circular te dirigen hasta <b>La Isla<\/b>, un paraje que va camino de <b>El Hocino<\/b> y que, antes de volver a la salida, atraviesa <b>Hontoria<\/b>. Es recomendable hacerlo en oto\u00f1o pues las vistas del r\u00edo lleno te fascinar\u00e1n adem\u00e1s de la <b>fuente de Las Raideras<\/b> que est\u00e1n en todo su esplendor en \u00e9poca de lluvias. <\/span><\/span><\/span><\/p>\n<p><span style=\"color: #000000;\"><span style=\"font-family: Calibri, sans-serif;\"><span style=\"font-size: medium;\">Si te desv\u00edas un caminito de 5 kil\u00f3metros antes de llegar a Hontoria, <b>El Mirador de Costalago<\/b> se abrir\u00e1 ante ti. <\/span><\/span><\/span><\/p>\n<div id=\"attachment_3621\" style=\"width: 310px\" class=\"wp-caption alignnone\"><a href=\"https:\/\/cdn1.es.casasrurales.net\/blog\/wp-content\/emp\/blogcasas\/2017\/08\/Ra\u00fal-Pe\u00f1aranda-Camarero-Flickr.jpg\"><img aria-describedby=\"caption-attachment-3621\" class=\"size-medium wp-image-3621\" src=\"https:\/\/cdn1.es.casasrurales.net\/blog\/wp-content\/emp\/blogcasas\/2017\/08\/Ra\u00fal-Pe\u00f1aranda-Camarero-Flickr-300x182.jpg\" alt=\"Ra\u00fal Pe\u00f1aranda Camarero (Flickr)\" width=\"300\" height=\"182\" srcset=\"https:\/\/cdn1.es.casasrurales.net\/blog\/wp-content\/emp\/blogcasas\/2017\/08\/Ra\u00fal-Pe\u00f1aranda-Camarero-Flickr-300x182.jpg 300w, https:\/\/cdn1.es.casasrurales.net\/blog\/wp-content\/emp\/blogcasas\/2017\/08\/Ra\u00fal-Pe\u00f1aranda-Camarero-Flickr.jpg 640w\" sizes=\"(max-width: 300px) 100vw, 300px\" \/><\/a><p id=\"caption-attachment-3621\" class=\"wp-caption-text\">Ra\u00fal Pe\u00f1aranda Camarero (Flickr)<\/p><\/div>\n<p><span style=\"color: #000000;\"><span style=\"font-family: Calibri, sans-serif;\"><span style=\"font-size: medium;\">Estos son solos algunas de las rutas, colmadas de <b>planta arom\u00e1ticas, pinos y encinas<\/b>, m\u00e1s populares de realizar en este Parque. <\/span><\/span><\/span><\/p>\n<p><span style=\"color: #000000;\"><span style=\"font-family: Calibri, sans-serif;\"><span style=\"font-size: medium;\">Son <b>f\u00e1ciles y aptas para toda la familia<\/b>, por lo que pasar\u00e9is un d\u00eda estupendo en un paraje maravilloso. <\/span><\/span><\/span><\/p>\n","protected":false},"excerpt":{"rendered":"<p>Burgos y, mayoritariamente, Soria se reparten un Parque Natural protegido que te encantar\u00e1 visitar y es que, el Ca\u00f1\u00f3n de R\u00edo Lobos, es una maravilla de la Cordillera Ib\u00e9rica. Las cavidades que en \u00e9l hay sit\u00faan el origen de este&hellip; <br \/><a class=\"read-more-button\" href=\"https:\/\/www.casasrurales.net\/blog\/turismo-rural-en-el-canon-de-rio-lobos\">Leer m\u00e1s<\/a><\/p>\n","protected":false},"author":1,"featured_media":3624,"comment_status":"open","ping_status":"open","sticky":false,"template":"","format":"standard","meta":[],"categories":[18],"tags":[],"_links":{"self":[{"href":"https:\/\/www.casasrurales.net\/blog\/wp-json\/wp\/v2\/posts\/3617"}],"collection":[{"href":"https:\/\/www.casasrurales.net\/blog\/wp-json\/wp\/v2\/posts"}],"about":[{"href":"https:\/\/www.casasrurales.net\/blog\/wp-json\/wp\/v2\/types\/post"}],"author":[{"embeddable":true,"href":"https:\/\/www.casasrurales.net\/blog\/wp-json\/wp\/v2\/users\/1"}],"replies":[{"embeddable":true,"href":"https:\/\/www.casasrurales.net\/blog\/wp-json\/wp\/v2\/comments?post=3617"}],"version-history":[{"count":2,"href":"https:\/\/www.casasrurales.net\/blog\/wp-json\/wp\/v2\/posts\/3617\/revisions"}],"predecessor-version":[{"id":3626,"href":"https:\/\/www.casasrurales.net\/blog\/wp-json\/wp\/v2\/posts\/3617\/revisions\/3626"}],"wp:featuredmedia":[{"embeddable":true,"href":"https:\/\/www.casasrurales.net\/blog\/wp-json\/wp\/v2\/media\/3624"}],"wp:attachment":[{"href":"https:\/\/www.casasrurales.net\/blog\/wp-json\/wp\/v2\/media?parent=3617"}],"wp:term":[{"taxonomy":"category","embeddable":true,"href":"https:\/\/www.casasrurales.net\/blog\/wp-json\/wp\/v2\/categories?post=3617"},{"taxonomy":"post_tag","embeddable":true,"href":"https:\/\/www.casasrurales.net\/blog\/wp-json\/wp\/v2\/tags?post=3617"}],"curies":[{"name":"wp","href":"https:\/\/api.w.org\/{rel}","templated":true}]}}