
{"id":3582,"date":"2017-08-19T11:08:47","date_gmt":"2017-08-19T11:08:47","guid":{"rendered":"https:\/\/www.casasrurales.net\/blog\/?p=3582"},"modified":"2023-10-31T14:38:08","modified_gmt":"2023-10-31T14:38:08","slug":"turismo-rural-en-la-codosera","status":"publish","type":"post","link":"https:\/\/www.casasrurales.net\/blog\/turismo-rural-en-la-codosera","title":{"rendered":"Turismo Rural en La Codosera"},"content":{"rendered":"<p><b><\/b><span style=\"color: #000000;\"><span style=\"font-family: Calibri, sans-serif;\"><span style=\"font-size: medium;\">A tan solo 4 kil\u00f3metros de la frontera con Portugal encontramos el municipio de <\/span><\/span><\/span><span style=\"color: #000000;\"><span style=\"font-family: Calibri, sans-serif;\"><span style=\"font-size: medium;\"><b>La Codosera,<\/b><\/span><\/span><\/span><span style=\"color: #000000;\"><span style=\"font-family: Calibri, sans-serif;\"><span style=\"font-size: medium;\"> en <\/span><\/span><\/span><span style=\"color: #000000;\"><span style=\"font-family: Calibri, sans-serif;\"><span style=\"font-size: medium;\"><b>Badajoz. <\/b><\/span><\/span><\/span><span style=\"color: #000000;\"><span style=\"font-family: Calibri, sans-serif;\"><span style=\"font-size: medium;\">Este pueblo extreme\u00f1o de poco m\u00e1s de 200 habitantes es un <a href=\"https:\/\/www.casasrurales.net\/casas-rurales\/badajoz\">rinc\u00f3n de esos que hay que visitar<\/a> al menos una vez en la vida. Desde aqu\u00ed,\u00a0te descubrimos la riqueza de esta tierra. <\/span><\/span><\/span><\/p>\n<p><span style=\"color: #000000;\"><span style=\"font-family: Calibri, sans-serif;\"><span style=\"font-size: medium;\">El <b>r\u00edo G\u00e9vora, <\/b>en el que habitan la trucha y el barbo<b>,<\/b> ba\u00f1a las aguas de este pueblo fronterizo cuyo origen se remonta a la prehistoria aunque sus primeros restos datan del siglo XII. Su situaci\u00f3n ha marcado el pueblo, por ello hasta hace escasos a\u00f1os <b>fue zona de contrabando<\/b> y sus casas son caracter\u00edsticas: levantadas por familiares y amigos se han tenido que adaptar a los materiales y el terreno de la zona, lo que se conoce como <b>tomamendia<\/b>. <\/span><\/span><\/span><\/p>\n<div id=\"attachment_3587\" style=\"width: 310px\" class=\"wp-caption alignnone\"><a href=\"https:\/\/cdn1.es.casasrurales.net\/blog\/wp-content\/emp\/blogcasas\/2017\/07\/Club-del-Caminante-de-Badajoz-Flickr.jpg\"><img aria-describedby=\"caption-attachment-3587\" class=\"size-medium wp-image-3587\" src=\"https:\/\/cdn1.es.casasrurales.net\/blog\/wp-content\/emp\/blogcasas\/2017\/07\/Club-del-Caminante-de-Badajoz-Flickr-300x148.jpg\" alt=\"Club del Caminante de Badajoz (Flickr)\" width=\"300\" height=\"148\" srcset=\"https:\/\/cdn1.es.casasrurales.net\/blog\/wp-content\/emp\/blogcasas\/2017\/07\/Club-del-Caminante-de-Badajoz-Flickr-300x148.jpg 300w, https:\/\/cdn1.es.casasrurales.net\/blog\/wp-content\/emp\/blogcasas\/2017\/07\/Club-del-Caminante-de-Badajoz-Flickr.jpg 640w\" sizes=\"(max-width: 300px) 100vw, 300px\" \/><\/a><p id=\"caption-attachment-3587\" class=\"wp-caption-text\">Club del Caminante de Badajoz (Flickr)<\/p><\/div>\n<h2><em><strong>\u00bfQu\u00e9 fiestas hay?<\/strong><\/em><\/h2>\n<p><span style=\"color: #000000;\"><span style=\"font-family: Calibri, sans-serif;\"><span style=\"font-size: medium;\">Desde el castillo que corona el pueblo hasta la parte m\u00e1s baja, las casas se escalonan en calles empinadas. Por ellas, <b>son numerosas las fiestas que los vecinos del municipio celebran<\/b> durante todo el a\u00f1o y entre las que destacan: <\/span><\/span><\/span><\/p>\n<ul>\n<li><span style=\"color: #000000;\"><span style=\"font-family: Calibri, sans-serif;\"><span style=\"font-size: medium;\">Las de <b>San Juan Bautista<\/b> que es el patr\u00f3n del pueblo. El s\u00e1bado antes de la fiesta en el pueblo se celebra una verbena para ni\u00f1os y los m\u00e1s j\u00f3venes se mojan con cubos de agua por todo el pueblo. El ayuntamiento invita a los vecinos a una parrillada.<\/span><\/span><\/span><\/li>\n<li><span style=\"color: #000000;\"><span style=\"font-family: Calibri, sans-serif;\"><span style=\"font-size: medium;\"><b>Fiestas de la barriada de San Miguel<\/b>. El \u00faltimo s\u00e1bado de julio la madrugada en este pueblo se celebra con una gran verbena mientras que por el d\u00eda <b>los agr\u00edcolas y ganaderos de la zona ofrecen sus productos <\/b>a los visitantes.<\/span><\/span><\/span><\/li>\n<li><span style=\"color: #000000;\"><span style=\"font-family: Calibri, sans-serif;\"><span style=\"font-size: medium;\"><b>Fiestas del pueblo<\/b>. El segundo fin de semana de agosto el pueblo se viste de fiesta y celebra todo tipos de juegos para los m\u00e1s peque\u00f1os y conciertos para los j\u00f3venes mientras <b>los cabezudos danzan por el pueblo<\/b>. 4 d\u00edas de aut\u00e9ntica diversi\u00f3n donde <b>habitantes y forasteros se lo pasan en grande<\/b>. Tambi\u00e9n se elige a la Reina de las fiestas adem\u00e1s de las Damas de Honor.<\/span><\/span><\/span><\/li>\n<\/ul>\n<div id=\"attachment_3586\" style=\"width: 310px\" class=\"wp-caption alignnone\"><a href=\"https:\/\/cdn1.es.casasrurales.net\/blog\/wp-content\/emp\/blogcasas\/2017\/07\/Vicuni-Universidad-2-Flickr.jpg\"><img aria-describedby=\"caption-attachment-3586\" class=\"size-medium wp-image-3586\" src=\"https:\/\/cdn1.es.casasrurales.net\/blog\/wp-content\/emp\/blogcasas\/2017\/07\/Vicuni-Universidad-2-Flickr-300x225.jpg\" alt=\"Vicuni Universidad 2 (Flickr)\" width=\"300\" height=\"225\" srcset=\"https:\/\/cdn1.es.casasrurales.net\/blog\/wp-content\/emp\/blogcasas\/2017\/07\/Vicuni-Universidad-2-Flickr-300x225.jpg 300w, https:\/\/cdn1.es.casasrurales.net\/blog\/wp-content\/emp\/blogcasas\/2017\/07\/Vicuni-Universidad-2-Flickr-156x117.jpg 156w, https:\/\/cdn1.es.casasrurales.net\/blog\/wp-content\/emp\/blogcasas\/2017\/07\/Vicuni-Universidad-2-Flickr.jpg 640w\" sizes=\"(max-width: 300px) 100vw, 300px\" \/><\/a><p id=\"caption-attachment-3586\" class=\"wp-caption-text\">Vicuni Universidad 2 (Flickr)<\/p><\/div>\n<h2><em><strong>Naturaleza<\/strong><\/em><\/h2>\n<p><span style=\"color: #000000;\"><span style=\"font-family: Calibri, sans-serif;\"><span style=\"font-size: medium;\">A las afueras, concretamente en <b>la Rabaza<\/b>, una de las aldeas, encontramos las <b>piscinas naturales<\/b> en las que refrescarse durante un caluroso d\u00eda de verano. Ideales para pasar el d\u00eda en familia en un paisaje ba\u00f1ado por la <b>Sierra de San Pedro<\/b>. Si paseas por all\u00ed descubrir\u00e1s adem\u00e1s en puente m\u00e1s peque\u00f1o del mundo, el de <b>El Marco<\/b>. Sobre el <b>r\u00edo Abrilongo<\/b>, se sit\u00faa en plena frontera y en sus extremos encontrar\u00e1s una E y una P, refiri\u00e9ndose al pa\u00eds en el que est\u00e9s en ese momento. <\/span><\/span><\/span><\/p>\n<div id=\"attachment_3588\" style=\"width: 310px\" class=\"wp-caption alignnone\"><a href=\"https:\/\/cdn1.es.casasrurales.net\/blog\/wp-content\/emp\/blogcasas\/2017\/07\/H_Ormigo_2-Flickr.jpg\"><img aria-describedby=\"caption-attachment-3588\" class=\"size-medium wp-image-3588\" src=\"https:\/\/cdn1.es.casasrurales.net\/blog\/wp-content\/emp\/blogcasas\/2017\/07\/H_Ormigo_2-Flickr-300x225.jpg\" alt=\"H_Ormigo_2 (Flickr)\" width=\"300\" height=\"225\" srcset=\"https:\/\/cdn1.es.casasrurales.net\/blog\/wp-content\/emp\/blogcasas\/2017\/07\/H_Ormigo_2-Flickr-300x225.jpg 300w, https:\/\/cdn1.es.casasrurales.net\/blog\/wp-content\/emp\/blogcasas\/2017\/07\/H_Ormigo_2-Flickr-156x117.jpg 156w, https:\/\/cdn1.es.casasrurales.net\/blog\/wp-content\/emp\/blogcasas\/2017\/07\/H_Ormigo_2-Flickr.jpg 500w\" sizes=\"(max-width: 300px) 100vw, 300px\" \/><\/a><p id=\"caption-attachment-3588\" class=\"wp-caption-text\">H_Ormigo_2 (Flickr)<\/p><\/div>\n<p><span style=\"color: #000000;\"><span style=\"font-family: Calibri, sans-serif;\"><span style=\"font-size: medium;\">La Sierra de San Pedro se confunde con la de <b>Sa\u00f4 Mamede<\/b> en la zona conocida como <b>La Raya.<\/b> Abundan en ella las fuentes, m\u00e1s de 119 en sus l\u00edmites, <b>pozos, molinos harineros y corrientes de agua<\/b> en torno a ermitas debido a su culto religioso. Los bosques de la <b>Comarca de los Bald\u00edos<\/b> est\u00e1n compuestos por <b>alcornocales, encinares<\/b> y otras especies como el roble o el fresno. Sus alturas est\u00e1n coronadas por especies como el <b>\u00c1guila real<\/b> o b\u00fahos. <\/span><\/span><\/span><\/p>\n<p><span style=\"color: #000000;\"><span style=\"font-family: Calibri, sans-serif;\"><span style=\"font-size: medium;\">Es una zona perfecta para hacer <b>rutas en bicicleta, a caballo o de senderismo<\/b> en familia o con los amigos. Una de ellas es <b>La de la Sierra<\/b>. Es una ruta apta para toda la familia y el recorrido es de 6 kil\u00f3metros. En \u00e9l ver\u00e1s la <b>Sierra Matasiete<\/b>, la extracci\u00f3n mineral de <b>Barro Blanco<\/b> y el <b>Valle Seco<\/b> adem\u00e1s de <b>Santuario de Chandavila<\/b>, nombre de la carretera que encontrar\u00e1s a lo largo del camino.<\/span><\/span><\/span><\/p>\n<div id=\"attachment_3583\" style=\"width: 310px\" class=\"wp-caption alignnone\"><a href=\"https:\/\/cdn1.es.casasrurales.net\/blog\/wp-content\/emp\/blogcasas\/2017\/07\/Mi-Flickr.jpg\"><img aria-describedby=\"caption-attachment-3583\" class=\"size-medium wp-image-3583\" src=\"https:\/\/cdn1.es.casasrurales.net\/blog\/wp-content\/emp\/blogcasas\/2017\/07\/Mi-Flickr-300x300.jpg\" alt=\"Mi) (Flickr)\" width=\"300\" height=\"300\" srcset=\"https:\/\/cdn1.es.casasrurales.net\/blog\/wp-content\/emp\/blogcasas\/2017\/07\/Mi-Flickr-300x300.jpg 300w, https:\/\/cdn1.es.casasrurales.net\/blog\/wp-content\/emp\/blogcasas\/2017\/07\/Mi-Flickr-150x150.jpg 150w, https:\/\/cdn1.es.casasrurales.net\/blog\/wp-content\/emp\/blogcasas\/2017\/07\/Mi-Flickr-60x60.jpg 60w, https:\/\/cdn1.es.casasrurales.net\/blog\/wp-content\/emp\/blogcasas\/2017\/07\/Mi-Flickr.jpg 640w\" sizes=\"(max-width: 300px) 100vw, 300px\" \/><\/a><p id=\"caption-attachment-3583\" class=\"wp-caption-text\">Mi) (Flickr)<\/p><\/div>\n<p><span style=\"color: #000000;\"><span style=\"font-family: Calibri, sans-serif;\"><span style=\"font-size: medium;\">Un paraje natural sin igual que marca la frontera de Espa\u00f1a. <b>Los paisajes all\u00ed parecen de pel\u00edcula<\/b> y en el pueblo te lo pasar\u00e1s en grande.<\/span><\/span><\/span><\/p>\n","protected":false},"excerpt":{"rendered":"<p>A tan solo 4 kil\u00f3metros de la frontera con Portugal encontramos el municipio de La Codosera, en Badajoz. Este pueblo extreme\u00f1o de poco m\u00e1s de 200 habitantes es un rinc\u00f3n de esos que hay que visitar al menos una vez&hellip; <br \/><a class=\"read-more-button\" href=\"https:\/\/www.casasrurales.net\/blog\/turismo-rural-en-la-codosera\">Leer m\u00e1s<\/a><\/p>\n","protected":false},"author":1,"featured_media":3585,"comment_status":"open","ping_status":"open","sticky":false,"template":"","format":"standard","meta":[],"categories":[18],"tags":[],"_links":{"self":[{"href":"https:\/\/www.casasrurales.net\/blog\/wp-json\/wp\/v2\/posts\/3582"}],"collection":[{"href":"https:\/\/www.casasrurales.net\/blog\/wp-json\/wp\/v2\/posts"}],"about":[{"href":"https:\/\/www.casasrurales.net\/blog\/wp-json\/wp\/v2\/types\/post"}],"author":[{"embeddable":true,"href":"https:\/\/www.casasrurales.net\/blog\/wp-json\/wp\/v2\/users\/1"}],"replies":[{"embeddable":true,"href":"https:\/\/www.casasrurales.net\/blog\/wp-json\/wp\/v2\/comments?post=3582"}],"version-history":[{"count":2,"href":"https:\/\/www.casasrurales.net\/blog\/wp-json\/wp\/v2\/posts\/3582\/revisions"}],"predecessor-version":[{"id":11992,"href":"https:\/\/www.casasrurales.net\/blog\/wp-json\/wp\/v2\/posts\/3582\/revisions\/11992"}],"wp:featuredmedia":[{"embeddable":true,"href":"https:\/\/www.casasrurales.net\/blog\/wp-json\/wp\/v2\/media\/3585"}],"wp:attachment":[{"href":"https:\/\/www.casasrurales.net\/blog\/wp-json\/wp\/v2\/media?parent=3582"}],"wp:term":[{"taxonomy":"category","embeddable":true,"href":"https:\/\/www.casasrurales.net\/blog\/wp-json\/wp\/v2\/categories?post=3582"},{"taxonomy":"post_tag","embeddable":true,"href":"https:\/\/www.casasrurales.net\/blog\/wp-json\/wp\/v2\/tags?post=3582"}],"curies":[{"name":"wp","href":"https:\/\/api.w.org\/{rel}","templated":true}]}}