
{"id":3416,"date":"2020-10-08T10:21:52","date_gmt":"2020-10-08T10:21:52","guid":{"rendered":"https:\/\/www.casasrurales.net\/blog\/?p=3416"},"modified":"2020-10-08T15:28:02","modified_gmt":"2020-10-08T15:28:02","slug":"los-parques-naturales-mas-bonitos-de-cataluna","status":"publish","type":"post","link":"https:\/\/www.casasrurales.net\/blog\/los-parques-naturales-mas-bonitos-de-cataluna","title":{"rendered":"Los Parques Naturales m\u00e1s bonitos de Catalu\u00f1a"},"content":{"rendered":"<p><b><\/b>Esta <strong>comunidad del noroeste de Espa\u00f1a<\/strong> ha sido una de las m\u00e1s importantes a lo largo de la historia gracias a su cercan\u00eda con Europa y su<strong> apertura al Mediterr\u00e1neo<\/strong>.<\/p>\n<p>Un lugar que <a href=\"https:\/\/www.casasrurales.net\/casas-rurales\/tarragona\">merece la pena visitar por su trayectoria<\/a> pero tambi\u00e9n porque alberga en su territorio\u00a0casi una veintena de los <strong>parques m\u00e1s bonitos de Espa\u00f1a<\/strong>. Hoy vamos a descubrir alguno de ellos.<\/p>\n<h2 align=\"JUSTIFY\"><strong>Parque Nacional de Aig\u00fcestortes i Estany de Sant Maurici<\/strong><\/h2>\n<div id=\"attachment_3420\" style=\"width: 310px\" class=\"wp-caption alignnone\"><a href=\"https:\/\/cdn1.es.casasrurales.net\/blog\/wp-content\/emp\/blogcasas\/2017\/07\/PiulasVerdes-Flickr.jpg\"><img aria-describedby=\"caption-attachment-3420\" class=\"size-medium wp-image-3420\" src=\"https:\/\/cdn1.es.casasrurales.net\/blog\/wp-content\/emp\/blogcasas\/2017\/07\/PiulasVerdes-Flickr-300x188.jpg\" alt=\"PiulasVerdes (Flickr)\" width=\"300\" height=\"188\" srcset=\"https:\/\/cdn1.es.casasrurales.net\/blog\/wp-content\/emp\/blogcasas\/2017\/07\/PiulasVerdes-Flickr-300x188.jpg 300w, https:\/\/cdn1.es.casasrurales.net\/blog\/wp-content\/emp\/blogcasas\/2017\/07\/PiulasVerdes-Flickr.jpg 640w\" sizes=\"(max-width: 300px) 100vw, 300px\" \/><\/a><p id=\"caption-attachment-3420\" class=\"wp-caption-text\">PiulasVerdes (Flickr)<\/p><\/div>\n<p align=\"JUSTIFY\">Este parque se sit\u00faa en la parte central de los Pirineos entre las comarcas de la A<strong>lta Ribagorza, el Pallars Sobir\u00e0 , el Pallars Juss\u00e0\u00a0y el Valle de Ar\u00e1n<\/strong>. Est\u00e1 formado 2 valles y 2 zonas muy distintas entre s\u00ed pero colmadas ambas de lagos de origen cuaternario.<\/p>\n<p align=\"JUSTIFY\">Con <strong>zona atl\u00e1ntica y zona mediterr\u00e1nea<\/strong>, los prados y las especies que all\u00ed habitan son muy diversos. Aunque est\u00e1 abierto durante todo el a\u00f1o, el verano es la mejor \u00e9poca para descubrirlo mediante numerosos <strong>senderos adaptables a todos los niveles de dificultad<\/strong> y conectados entre s\u00ed por la ruta de Gran Recorrido 11, que atraviesa un parque con m\u00faltiples opciones.<\/p>\n<h2><strong>Parque Natural del Alto Pirineo<\/strong><\/h2>\n<div id=\"attachment_3424\" style=\"width: 310px\" class=\"wp-caption alignnone\"><a href=\"https:\/\/cdn1.es.casasrurales.net\/blog\/wp-content\/emp\/blogcasas\/2017\/07\/YuriBCN-aka-JordiVK-Flickr.jpg\"><img aria-describedby=\"caption-attachment-3424\" class=\"size-medium wp-image-3424\" src=\"https:\/\/cdn1.es.casasrurales.net\/blog\/wp-content\/emp\/blogcasas\/2017\/07\/YuriBCN-aka-JordiVK-Flickr-300x199.jpg\" alt=\"YuriBCN aka JordiVK (Flickr)\" width=\"300\" height=\"199\" srcset=\"https:\/\/cdn1.es.casasrurales.net\/blog\/wp-content\/emp\/blogcasas\/2017\/07\/YuriBCN-aka-JordiVK-Flickr-300x199.jpg 300w, https:\/\/cdn1.es.casasrurales.net\/blog\/wp-content\/emp\/blogcasas\/2017\/07\/YuriBCN-aka-JordiVK-Flickr-320x213.jpg 320w, https:\/\/cdn1.es.casasrurales.net\/blog\/wp-content\/emp\/blogcasas\/2017\/07\/YuriBCN-aka-JordiVK-Flickr.jpg 640w\" sizes=\"(max-width: 300px) 100vw, 300px\" \/><\/a><p id=\"caption-attachment-3424\" class=\"wp-caption-text\">YuriBCN aka JordiVK (Flickr)<\/p><\/div>\n<p align=\"JUSTIFY\">Entre las <strong>comarcas del Pallars Sobir\u00e1 y el Alto Urgel.<\/strong> Cerca de 70000 hect\u00e1reas de terreno lo convierten en <strong>uno de los m\u00e1s extensos de Catalu\u00f1a<\/strong>. Los valles que recorren este parque te dan la oportunidad de ascender <strong>hasta la Pica d\u2019Estats o al Montxeixo<\/strong> pero tambi\u00e9n puedes quedarte por las faldas haciendo rutas en las que descubrir la magia natural, cultural e hist\u00f3rica que desprende.<\/p>\n<p align=\"JUSTIFY\">Por los Pirineos se pueden hacer numerosos recorridos pero hemos querido destacara la <strong>Traves\u00eda de La Magia del Pallars<\/strong>. Con una duraci\u00f3n de 3 d\u00edas, <strong>atravesar\u00e1s el Valle de Siarb<\/strong> mientras descubres grandes praderas, bosques de pinos y miradores m\u00e1gicos.<\/p>\n<h2><strong>El Cabo de Creus<\/strong><\/h2>\n<div id=\"attachment_3425\" style=\"width: 310px\" class=\"wp-caption alignnone\"><a href=\"https:\/\/cdn1.es.casasrurales.net\/blog\/wp-content\/emp\/blogcasas\/2017\/07\/Fernando-Jim\u00e9nez-Flickr.jpg\"><img aria-describedby=\"caption-attachment-3425\" class=\"size-medium wp-image-3425\" src=\"https:\/\/cdn1.es.casasrurales.net\/blog\/wp-content\/emp\/blogcasas\/2017\/07\/Fernando-Jim\u00e9nez-Flickr-300x225.jpg\" alt=\"Fernando Jim\u00e9nez (Flickr)\" width=\"300\" height=\"225\" srcset=\"https:\/\/cdn1.es.casasrurales.net\/blog\/wp-content\/emp\/blogcasas\/2017\/07\/Fernando-Jim\u00e9nez-Flickr-300x225.jpg 300w, https:\/\/cdn1.es.casasrurales.net\/blog\/wp-content\/emp\/blogcasas\/2017\/07\/Fernando-Jim\u00e9nez-Flickr-156x117.jpg 156w, https:\/\/cdn1.es.casasrurales.net\/blog\/wp-content\/emp\/blogcasas\/2017\/07\/Fernando-Jim\u00e9nez-Flickr.jpg 640w\" sizes=\"(max-width: 300px) 100vw, 300px\" \/><\/a><p id=\"caption-attachment-3425\" class=\"wp-caption-text\">Fernando Jim\u00e9nez (Flickr)<\/p><\/div>\n<p align=\"JUSTIFY\"><b><\/b>En este punto de tierra parece que las <strong>monta\u00f1as y el mar se unen<\/strong> en un paisaje id\u00edlico. Hace 20 a\u00f1os se convirti\u00f3 en el <strong>primer parque mar\u00edtimo-terrestre de la Pen\u00ednsula<\/strong> y no es para menos como puedes comprobar en alguna de sus rutas. En ella rodear\u00e1s grandes acantilados que se funden en uno con el mar, monta\u00f1as, d\u00f3lmenes y <strong>un faro<\/strong> que se alza en su punta. Una punta de Espa\u00f1a que es admirable<span style=\"font-family: 'Times New Roman', serif;\"><span style=\"font-size: small;\">.\u00a0<\/span><\/span><\/p>\n<div id=\"attachment_3421\" style=\"width: 310px\" class=\"wp-caption alignnone\"><a href=\"https:\/\/cdn1.es.casasrurales.net\/blog\/wp-content\/emp\/blogcasas\/2017\/07\/Quico-Gimeno-Flickr.jpg\"><img aria-describedby=\"caption-attachment-3421\" class=\"size-medium wp-image-3421\" src=\"https:\/\/cdn1.es.casasrurales.net\/blog\/wp-content\/emp\/blogcasas\/2017\/07\/Quico-Gimeno-Flickr-300x93.jpg\" alt=\"Quico Gimeno (Flickr)\" width=\"300\" height=\"93\" srcset=\"https:\/\/cdn1.es.casasrurales.net\/blog\/wp-content\/emp\/blogcasas\/2017\/07\/Quico-Gimeno-Flickr-300x93.jpg 300w, https:\/\/cdn1.es.casasrurales.net\/blog\/wp-content\/emp\/blogcasas\/2017\/07\/Quico-Gimeno-Flickr.jpg 640w\" sizes=\"(max-width: 300px) 100vw, 300px\" \/><\/a><p id=\"caption-attachment-3421\" class=\"wp-caption-text\">Quico Gimeno (Flickr)<\/p><\/div>\n<h2 align=\"JUSTIFY\"><strong>Parque natural del Delta del Ebro<\/strong><\/h2>\n<p align=\"JUSTIFY\"><strong>En Tarragona\u00a0y en su zona m\u00e1s meridional,<\/strong> encontramos este parque en la desembocadura del r\u00edo m\u00e1s caudaloso de Espa\u00f1a y del que recibe el nombre. <strong>Con casi 8000 hect\u00e1reas<\/strong> alberga este t\u00edtulo desde 1983.<\/p>\n<p align=\"JUSTIFY\">Los <strong>sedimentos<\/strong> que deposita en las orillas provienen del sistema Ib\u00e9rico, la Cordillera Cant\u00e1brica y los Pirineos, es decir, de todo lo que recorre en su largo camino por ello no es de extra\u00f1ar que estos restos se amontonen en una superficie de <strong>m\u00e1s de 320 kil\u00f3metros cuadrados.<\/strong><\/p>\n<div id=\"attachment_3419\" style=\"width: 310px\" class=\"wp-caption alignnone\"><a href=\"https:\/\/cdn1.es.casasrurales.net\/blog\/wp-content\/emp\/blogcasas\/2017\/07\/Nacho-Pintos-Flickr.jpg\"><img aria-describedby=\"caption-attachment-3419\" class=\"size-medium wp-image-3419\" src=\"https:\/\/cdn1.es.casasrurales.net\/blog\/wp-content\/emp\/blogcasas\/2017\/07\/Nacho-Pintos-Flickr-300x169.jpg\" alt=\"Nacho Pintos (Flickr)\" width=\"300\" height=\"169\" srcset=\"https:\/\/cdn1.es.casasrurales.net\/blog\/wp-content\/emp\/blogcasas\/2017\/07\/Nacho-Pintos-Flickr-300x169.jpg 300w, https:\/\/cdn1.es.casasrurales.net\/blog\/wp-content\/emp\/blogcasas\/2017\/07\/Nacho-Pintos-Flickr.jpg 640w\" sizes=\"(max-width: 300px) 100vw, 300px\" \/><\/a><p id=\"caption-attachment-3419\" class=\"wp-caption-text\">Nacho Pintos (Flickr)<\/p><\/div>\n<p align=\"JUSTIFY\">Adem\u00e1s, su<strong> inclusi\u00f3n en el mar se extiende por m\u00e1s de 22 kil\u00f3metros<\/strong> en forma de una flecha perfectamente dibujada siendo el tercer delta de m\u00e1s extensi\u00f3n en el mar Mediterr\u00e1neo.<\/p>\n<h2 align=\"JUSTIFY\"><strong>Parque Natural de la Serra de Montsant<\/strong><\/h2>\n<p align=\"JUSTIFY\">Indicado especialmente <strong>para practicar escalada<\/strong> en sus numerosos y empinados barrancos y desfiladeros como el de Fraguerau, su superficie se extiende entre <strong>m\u00e1s de 9000 hect\u00e1reas<\/strong> que pertenecen a la Sierra del Montsant.<\/p>\n<div id=\"attachment_3423\" style=\"width: 310px\" class=\"wp-caption alignnone\"><a href=\"https:\/\/cdn1.es.casasrurales.net\/blog\/wp-content\/emp\/blogcasas\/2017\/07\/S\u00edlvia-Mart\u00edn-2-Flickr.jpg\"><img aria-describedby=\"caption-attachment-3423\" class=\"size-medium wp-image-3423\" src=\"https:\/\/cdn1.es.casasrurales.net\/blog\/wp-content\/emp\/blogcasas\/2017\/07\/S\u00edlvia-Mart\u00edn-2-Flickr-300x225.jpg\" alt=\"S\u00edlvia Mart\u00edn 2 (Flickr)\" width=\"300\" height=\"225\" srcset=\"https:\/\/cdn1.es.casasrurales.net\/blog\/wp-content\/emp\/blogcasas\/2017\/07\/S\u00edlvia-Mart\u00edn-2-Flickr-300x225.jpg 300w, https:\/\/cdn1.es.casasrurales.net\/blog\/wp-content\/emp\/blogcasas\/2017\/07\/S\u00edlvia-Mart\u00edn-2-Flickr-156x117.jpg 156w, https:\/\/cdn1.es.casasrurales.net\/blog\/wp-content\/emp\/blogcasas\/2017\/07\/S\u00edlvia-Mart\u00edn-2-Flickr.jpg 640w\" sizes=\"(max-width: 300px) 100vw, 300px\" \/><\/a><p id=\"caption-attachment-3423\" class=\"wp-caption-text\">S\u00edlvia Mart\u00edn 2 (Flickr)<\/p><\/div>\n<p align=\"JUSTIFY\">La vegetaci\u00f3n, de<strong> influencia submediterr\u00e1nea y eurosiberiana<\/strong>, provoca que haya especies vegetales y no t\u00edpicas de la comunidad mezcladas entre otras como las encinas. Podr\u00e1s disfrutar de barbacoas controladas en \u00e9l tras haber realizado alguna<strong> ruta de senderismo<\/strong> que se adapte a tu nivel.<\/p>\n<h2 align=\"JUSTIFY\"><strong>Parque Natural de la Zona Volc\u00e1nica de la Garrotxa <\/strong><\/h2>\n<p align=\"JUSTIFY\">Por \u00faltimo no podr\u00edamos dejar de hacer referencia a este parque que es<strong> uno de los m\u00e1s importantes en cuanto a volcanes peninsulares<\/strong>, siendo uno de ellos, el Croscat, el m\u00e1s grande y joven de Espa\u00f1a. Sus grandes chimeneas se funden <strong>entre bosques de hayas, robledos y alcornoques<\/strong> por lo que podr\u00e1s realizar rutas a lo largo de todo el a\u00f1o disfrutando de paisajes que te dejaran sin palabras.<\/p>\n<div id=\"attachment_3426\" style=\"width: 310px\" class=\"wp-caption alignnone\"><a href=\"https:\/\/cdn1.es.casasrurales.net\/blog\/wp-content\/emp\/blogcasas\/2017\/07\/Jordi-Carrasco-Flickr.jpg\"><img aria-describedby=\"caption-attachment-3426\" class=\"size-medium wp-image-3426\" src=\"https:\/\/cdn1.es.casasrurales.net\/blog\/wp-content\/emp\/blogcasas\/2017\/07\/Jordi-Carrasco-Flickr-300x200.jpg\" alt=\"Jordi Carrasco (Flickr)\" width=\"300\" height=\"200\" srcset=\"https:\/\/cdn1.es.casasrurales.net\/blog\/wp-content\/emp\/blogcasas\/2017\/07\/Jordi-Carrasco-Flickr-300x200.jpg 300w, https:\/\/cdn1.es.casasrurales.net\/blog\/wp-content\/emp\/blogcasas\/2017\/07\/Jordi-Carrasco-Flickr-320x213.jpg 320w, https:\/\/cdn1.es.casasrurales.net\/blog\/wp-content\/emp\/blogcasas\/2017\/07\/Jordi-Carrasco-Flickr.jpg 640w\" sizes=\"(max-width: 300px) 100vw, 300px\" \/><\/a><p id=\"caption-attachment-3426\" class=\"wp-caption-text\">Jordi Carrasco (Flickr)<\/p><\/div>\n<p align=\"JUSTIFY\"><strong>Numerosas opciones se presentan ante ti<\/strong> para disfrutar de unos d\u00edas en plena naturaleza en esta comunidad del noreste espa\u00f1ol. En sus cimas descubrir\u00e1s<strong> vistas que nunca se te borrar\u00e1n<\/strong> y compartir ese momento rodeado de tus seres queridos no tiene precio.<\/p>\n","protected":false},"excerpt":{"rendered":"<p>Esta comunidad del noroeste de Espa\u00f1a ha sido una de las m\u00e1s importantes a lo largo de la historia gracias a su cercan\u00eda con Europa y su apertura al Mediterr\u00e1neo. Un lugar que merece la pena visitar por su trayectoria&hellip; <br \/><a class=\"read-more-button\" href=\"https:\/\/www.casasrurales.net\/blog\/los-parques-naturales-mas-bonitos-de-cataluna\">Leer m\u00e1s<\/a><\/p>\n","protected":false},"author":1,"featured_media":3422,"comment_status":"open","ping_status":"open","sticky":false,"template":"","format":"standard","meta":[],"categories":[18],"tags":[96],"_links":{"self":[{"href":"https:\/\/www.casasrurales.net\/blog\/wp-json\/wp\/v2\/posts\/3416"}],"collection":[{"href":"https:\/\/www.casasrurales.net\/blog\/wp-json\/wp\/v2\/posts"}],"about":[{"href":"https:\/\/www.casasrurales.net\/blog\/wp-json\/wp\/v2\/types\/post"}],"author":[{"embeddable":true,"href":"https:\/\/www.casasrurales.net\/blog\/wp-json\/wp\/v2\/users\/1"}],"replies":[{"embeddable":true,"href":"https:\/\/www.casasrurales.net\/blog\/wp-json\/wp\/v2\/comments?post=3416"}],"version-history":[{"count":4,"href":"https:\/\/www.casasrurales.net\/blog\/wp-json\/wp\/v2\/posts\/3416\/revisions"}],"predecessor-version":[{"id":3428,"href":"https:\/\/www.casasrurales.net\/blog\/wp-json\/wp\/v2\/posts\/3416\/revisions\/3428"}],"wp:featuredmedia":[{"embeddable":true,"href":"https:\/\/www.casasrurales.net\/blog\/wp-json\/wp\/v2\/media\/3422"}],"wp:attachment":[{"href":"https:\/\/www.casasrurales.net\/blog\/wp-json\/wp\/v2\/media?parent=3416"}],"wp:term":[{"taxonomy":"category","embeddable":true,"href":"https:\/\/www.casasrurales.net\/blog\/wp-json\/wp\/v2\/categories?post=3416"},{"taxonomy":"post_tag","embeddable":true,"href":"https:\/\/www.casasrurales.net\/blog\/wp-json\/wp\/v2\/tags?post=3416"}],"curies":[{"name":"wp","href":"https:\/\/api.w.org\/{rel}","templated":true}]}}