
{"id":3268,"date":"2021-02-12T10:49:54","date_gmt":"2021-02-12T10:49:54","guid":{"rendered":"https:\/\/www.casasrurales.net\/blog\/?p=3268"},"modified":"2021-02-16T14:32:31","modified_gmt":"2021-02-16T14:32:31","slug":"una-escapada-a-las-playas-mas-bonitas-de-pontevedra","status":"publish","type":"post","link":"https:\/\/www.casasrurales.net\/blog\/una-escapada-a-las-playas-mas-bonitas-de-pontevedra","title":{"rendered":"Una escapada a las playas m\u00e1s bonitas de Pontevedra"},"content":{"rendered":"<p><span lang=\"es-ES\">Est\u00e1 claro que Galicia es un destino ideal para todos aquellos que quieran disfrutar de la playa y al mismo tiempo huir del turismo de masas. Y es que, adem\u00e1s de <\/span><span lang=\"es-ES\"><b>una gastronom\u00eda con sello propio<\/b><\/span><span lang=\"es-ES\"> y una <\/span><span lang=\"es-ES\"><b>riqueza natural <\/b><\/span><span lang=\"es-ES\">que habla por s\u00ed sola, los m\u00e1s de <\/span><span lang=\"es-ES\"><b>1.500 kil\u00f3metros de costa gallega<\/b><\/span><span lang=\"es-ES\"> se cubren con playas urbanas y otras m\u00e1s \u00edntimas y rec\u00f3nditas.<\/span><\/p>\n<p align=\"JUSTIFY\"><span lang=\"es-ES\">Hoy nos vamos a detener <a href=\"https:\/\/www.casasrurales.net\/casas-rurales\/pontevedra\">en una de sus cuatro provincias<\/a>, la de <\/span><span lang=\"es-ES\"><b>Pontevedra<\/b><\/span><span lang=\"es-ES\">, para hacer un recorrido por sus playas m\u00e1s bonitas. <\/span><\/p>\n<p align=\"JUSTIFY\"><span lang=\"es-ES\">Prepara la c\u00e1mara, porque con estos paisajes<strong> te convertir\u00e1s en el rey de Instagram.<\/strong><\/span><\/p>\n<h2 align=\"JUSTIFY\"><b>Playa de A Lanzada<\/b><\/h2>\n<div id=\"attachment_3274\" style=\"width: 650px\" class=\"wp-caption alignnone\"><a href=\"https:\/\/cdn1.es.casasrurales.net\/blog\/wp-content\/emp\/blogcasas\/2017\/07\/relaxingeye.com_Flickr.jpg\"><img aria-describedby=\"caption-attachment-3274\" class=\"wp-image-3274 size-full\" src=\"https:\/\/cdn1.es.casasrurales.net\/blog\/wp-content\/emp\/blogcasas\/2017\/07\/relaxingeye.com_Flickr.jpg\" alt=\"relaxingeye.com_Flickr\" width=\"640\" height=\"360\" srcset=\"https:\/\/cdn1.es.casasrurales.net\/blog\/wp-content\/emp\/blogcasas\/2017\/07\/relaxingeye.com_Flickr.jpg 640w, https:\/\/cdn1.es.casasrurales.net\/blog\/wp-content\/emp\/blogcasas\/2017\/07\/relaxingeye.com_Flickr-300x169.jpg 300w\" sizes=\"(max-width: 640px) 100vw, 640px\" \/><\/a><p id=\"caption-attachment-3274\" class=\"wp-caption-text\">relaxingeye.com_Flickr<\/p><\/div>\n<p align=\"JUSTIFY\"><span lang=\"es-ES\">Entre los concejos de <\/span><span lang=\"es-ES\"><b>O Grove<\/b><\/span><span lang=\"es-ES\">\u00a0y <\/span><span lang=\"es-ES\"><b>Sanxenxo<\/b><\/span><span lang=\"es-ES\">\u00a0se encuentra una de las playas m\u00e1s emblem\u00e1ticas de toda Galicia: la playa de A Lanzada. <\/span><\/p>\n<p align=\"JUSTIFY\"><span lang=\"es-ES\">Su <\/span><span lang=\"es-ES\"><b>largo y blanquecino arenal<\/b><\/span><span lang=\"es-ES\">, que se prolonga durante m\u00e1s de 2 kil\u00f3metros, se ba\u00f1a con las aguas del oc\u00e9ano Atl\u00e1ntico, formando olas por las que cabalgan <\/span><span lang=\"es-ES\"><b>surfistas<\/b><\/span><span lang=\"es-ES\"> de todo el mundo. <\/span><\/p>\n<p align=\"JUSTIFY\"><span lang=\"es-ES\">Enmarcando este entorno de postal, la playa se rodea de <\/span><span lang=\"es-ES\"><b>frondosa vegetaci\u00f3n<\/b><\/span><span lang=\"es-ES\"> y rocas puntiagudas que se adentran en el mar. Espectacular, se queda corto.<\/span><\/p>\n<h2 align=\"JUSTIFY\"><b>Playa de Areas<\/b><\/h2>\n<div id=\"attachment_3269\" style=\"width: 650px\" class=\"wp-caption alignnone\"><a href=\"https:\/\/cdn1.es.casasrurales.net\/blog\/wp-content\/emp\/blogcasas\/2017\/07\/Ricardo-Samaniego_Flickr.jpg\"><img aria-describedby=\"caption-attachment-3269\" class=\"wp-image-3269 size-full\" src=\"https:\/\/cdn1.es.casasrurales.net\/blog\/wp-content\/emp\/blogcasas\/2017\/07\/Ricardo-Samaniego_Flickr.jpg\" alt=\"Ricardo Samaniego_Flickr\" width=\"640\" height=\"428\" srcset=\"https:\/\/cdn1.es.casasrurales.net\/blog\/wp-content\/emp\/blogcasas\/2017\/07\/Ricardo-Samaniego_Flickr.jpg 640w, https:\/\/cdn1.es.casasrurales.net\/blog\/wp-content\/emp\/blogcasas\/2017\/07\/Ricardo-Samaniego_Flickr-300x201.jpg 300w, https:\/\/cdn1.es.casasrurales.net\/blog\/wp-content\/emp\/blogcasas\/2017\/07\/Ricardo-Samaniego_Flickr-320x213.jpg 320w\" sizes=\"(max-width: 640px) 100vw, 640px\" \/><\/a><p id=\"caption-attachment-3269\" class=\"wp-caption-text\">Ricardo Samaniego_Flickr<\/p><\/div>\n<p align=\"JUSTIFY\"><span lang=\"es-ES\">Continuamos en el municipio de <\/span><span lang=\"es-ES\"><b>Sanxenxo<span style=\"font-size: 11.6667px;\">\u00a0<\/span><\/b><\/span><span lang=\"es-ES\">para visitar la <\/span><span lang=\"es-ES\"><b>playa de Areas<\/b><\/span><span lang=\"es-ES\">, una de las m\u00e1s pr\u00f3ximas al centro de Pontevedra.<\/span><\/p>\n<p align=\"JUSTIFY\"><span lang=\"es-ES\">Su arenal se prolonga a lo largo de casi un kil\u00f3metro, desde el que podr\u00e9is disfrutar de unas <\/span><span lang=\"es-ES\"><b>vistas incre\u00edbles a la<\/b><\/span> <span lang=\"es-ES\"><b>r\u00eda de Pontevedra.<\/b><\/span><\/p>\n<p align=\"JUSTIFY\"><span lang=\"es-ES\">Los amantes a las <\/span><span lang=\"es-ES\"><b>actividades acu\u00e1ticas<\/b><\/span><span lang=\"es-ES\">, como el windsurf o el esqu\u00ed n\u00e1utico, encuentran en sus apacibles aguas un entorno ideal para divertirse y ponerse en forma. Belleza natural y deporte, \u00bfpodr\u00eda haber una combinaci\u00f3n mejor?<\/span><\/p>\n<h2 align=\"JUSTIFY\"><b>Playa de Samil<\/b><\/h2>\n<div id=\"attachment_3272\" style=\"width: 650px\" class=\"wp-caption alignnone\"><a href=\"https:\/\/cdn1.es.casasrurales.net\/blog\/wp-content\/emp\/blogcasas\/2017\/07\/Javier-Caride-Ulloa_Flickr.jpg\"><img aria-describedby=\"caption-attachment-3272\" class=\"wp-image-3272 size-full\" src=\"https:\/\/cdn1.es.casasrurales.net\/blog\/wp-content\/emp\/blogcasas\/2017\/07\/Javier-Caride-Ulloa_Flickr.jpg\" alt=\"Javier Caride Ulloa_Flickr\" width=\"640\" height=\"424\" srcset=\"https:\/\/cdn1.es.casasrurales.net\/blog\/wp-content\/emp\/blogcasas\/2017\/07\/Javier-Caride-Ulloa_Flickr.jpg 640w, https:\/\/cdn1.es.casasrurales.net\/blog\/wp-content\/emp\/blogcasas\/2017\/07\/Javier-Caride-Ulloa_Flickr-300x199.jpg 300w, https:\/\/cdn1.es.casasrurales.net\/blog\/wp-content\/emp\/blogcasas\/2017\/07\/Javier-Caride-Ulloa_Flickr-320x213.jpg 320w\" sizes=\"(max-width: 640px) 100vw, 640px\" \/><\/a><p id=\"caption-attachment-3272\" class=\"wp-caption-text\">Javier Caride Ulloa_Flickr<\/p><\/div>\n<p align=\"JUSTIFY\"><span lang=\"es-ES\">Junto a la desembocadura del <\/span><span lang=\"es-ES\"><b>r\u00edo Lagares<\/b><\/span><span lang=\"es-ES\"> se localiza nuestro siguiente destino: la <\/span><span lang=\"es-ES\"><b>playa de Samil<\/b><\/span><span lang=\"es-ES\">, la m\u00e1s importante de la <\/span><span lang=\"es-ES\"><b>ciudad de Vigo<\/b><\/span><span lang=\"es-ES\">.<\/span><\/p>\n<p align=\"JUSTIFY\"><span lang=\"es-ES\">El paisaje natural en el que se encuentra es un motivo m\u00e1s que suficiente para visitarla, pero si a la lista sumamos los <\/span><span lang=\"es-ES\"><b>numerosos servicios<\/b><\/span><span lang=\"es-ES\"> con los que cuentan, hacen de esta playa la ideal incluso para aquellos a los que no les guste el mar: restaurantes con gastronom\u00eda popular, museos que cuentan la tradici\u00f3n de la regi\u00f3n, o incluso pistas deportivas para mantener la forma f\u00edsica. <\/span><\/p>\n<p align=\"JUSTIFY\"><span lang=\"es-ES\">Una playa perfecta para una escapada redonda.<\/span><\/p>\n<h2 align=\"JUSTIFY\"><b>Playa de Melide<\/b><\/h2>\n<div id=\"attachment_3273\" style=\"width: 650px\" class=\"wp-caption alignnone\"><a href=\"https:\/\/cdn1.es.casasrurales.net\/blog\/wp-content\/emp\/blogcasas\/2017\/07\/Jesus-Dieguez-Fernandez_Flickr.jpg\"><img aria-describedby=\"caption-attachment-3273\" class=\"wp-image-3273 size-full\" src=\"https:\/\/cdn1.es.casasrurales.net\/blog\/wp-content\/emp\/blogcasas\/2017\/07\/Jesus-Dieguez-Fernandez_Flickr.jpg\" alt=\"Jesus Dieguez Fernandez_Flickr\" width=\"640\" height=\"426\" srcset=\"https:\/\/cdn1.es.casasrurales.net\/blog\/wp-content\/emp\/blogcasas\/2017\/07\/Jesus-Dieguez-Fernandez_Flickr.jpg 640w, https:\/\/cdn1.es.casasrurales.net\/blog\/wp-content\/emp\/blogcasas\/2017\/07\/Jesus-Dieguez-Fernandez_Flickr-300x200.jpg 300w, https:\/\/cdn1.es.casasrurales.net\/blog\/wp-content\/emp\/blogcasas\/2017\/07\/Jesus-Dieguez-Fernandez_Flickr-320x213.jpg 320w\" sizes=\"(max-width: 640px) 100vw, 640px\" \/><\/a><p id=\"caption-attachment-3273\" class=\"wp-caption-text\">Jesus Dieguez Fernandez_Flickr<\/p><\/div>\n<p align=\"JUSTIFY\"><span lang=\"es-ES\">La <\/span><span lang=\"es-ES\"><b>playa de Melide<\/b><\/span><span lang=\"es-ES\">, conocida por muchos como la playa de Cabo Home, ten\u00eda que tener un hueco en esta lista. <\/span><\/p>\n<p align=\"JUSTIFY\"><span lang=\"es-ES\">Ubicada en el municipio de <\/span><span lang=\"es-ES\"><b>Cangas de Morrazo<\/b><\/span><span lang=\"es-ES\">, frente a las <strong>Islas C\u00edes<\/strong>, su fino y blanquecino arenal se extiende por unos 250 metros de largo, tras los que se sit\u00faan enormes <\/span><span lang=\"es-ES\"><b>pinos y eucaliptos<\/b><\/span><span lang=\"es-ES\"> bajo los que disfrutar de una agradable siesta. <\/span><\/p>\n<p align=\"JUSTIFY\"><span lang=\"es-ES\">Tras el descanso, pod\u00e9is pasear hasta el <\/span><span lang=\"es-ES\"><b>Faro de Punta Robaleira<\/b><\/span><span lang=\"es-ES\"> o hasta el de <\/span><span lang=\"es-ES\"><b>Punta Subrido<\/b><\/span><span lang=\"es-ES\">, cada uno ubicado en un extremo.<\/span><\/p>\n<h2 align=\"JUSTIFY\"><b>Playa de A Fonti\u00f1a<\/b><\/h2>\n<div id=\"attachment_9003\" style=\"width: 810px\" class=\"wp-caption aligncenter\"><img aria-describedby=\"caption-attachment-9003\" class=\"size-full wp-image-9003\" src=\"https:\/\/cdn1.es.casasrurales.net\/blog\/wp-content\/emp\/blogcasas\/2017\/07\/Contando-Estrelas-FLICKR-1.jpg\" alt=\"Contando Estrelas-FLICKR\" width=\"800\" height=\"533\" srcset=\"https:\/\/cdn1.es.casasrurales.net\/blog\/wp-content\/emp\/blogcasas\/2017\/07\/Contando-Estrelas-FLICKR-1.jpg 800w, https:\/\/cdn1.es.casasrurales.net\/blog\/wp-content\/emp\/blogcasas\/2017\/07\/Contando-Estrelas-FLICKR-1-300x200.jpg 300w, https:\/\/cdn1.es.casasrurales.net\/blog\/wp-content\/emp\/blogcasas\/2017\/07\/Contando-Estrelas-FLICKR-1-768x512.jpg 768w, https:\/\/cdn1.es.casasrurales.net\/blog\/wp-content\/emp\/blogcasas\/2017\/07\/Contando-Estrelas-FLICKR-1-320x213.jpg 320w\" sizes=\"(max-width: 800px) 100vw, 800px\" \/><p id=\"caption-attachment-9003\" class=\"wp-caption-text\">Contando Estrelas-FLICKR<\/p><\/div>\n<p align=\"JUSTIFY\"><span lang=\"es-ES\">Viajamos hasta las <\/span><span lang=\"es-ES\"><b>afueras de Cambados<\/b><\/span><span lang=\"es-ES\">\u00a0para recorrer una playa de aspecto salvaje protegida bajo la categor\u00eda de <\/span><span lang=\"es-ES\"><b>Espacio Natural<\/b><\/span><span lang=\"es-ES\">: la playa de A Fonti\u00f1a. <\/span><\/p>\n<p align=\"JUSTIFY\"><span lang=\"es-ES\">Sus trasl\u00facidas aguas se mezclan con el color negro de su arenal y el verde intenso de la naturaleza que la rodea, formando un <\/span><span lang=\"es-ES\"><b>contraste \u00fanico<\/b><\/span><span lang=\"es-ES\"> del que no podr\u00e1s quitar ojo.<\/span><\/p>\n<h2 align=\"JUSTIFY\"><b>Playa de Rodas<\/b><\/h2>\n<div id=\"attachment_3271\" style=\"width: 650px\" class=\"wp-caption alignnone\"><a href=\"https:\/\/cdn1.es.casasrurales.net\/blog\/wp-content\/emp\/blogcasas\/2017\/07\/Ignorant-Walking_Flickr.jpg\"><img aria-describedby=\"caption-attachment-3271\" class=\"wp-image-3271 size-full\" src=\"https:\/\/cdn1.es.casasrurales.net\/blog\/wp-content\/emp\/blogcasas\/2017\/07\/Ignorant-Walking_Flickr.jpg\" alt=\"Ignorant Walking_Flickr\" width=\"640\" height=\"320\" srcset=\"https:\/\/cdn1.es.casasrurales.net\/blog\/wp-content\/emp\/blogcasas\/2017\/07\/Ignorant-Walking_Flickr.jpg 640w, https:\/\/cdn1.es.casasrurales.net\/blog\/wp-content\/emp\/blogcasas\/2017\/07\/Ignorant-Walking_Flickr-300x150.jpg 300w\" sizes=\"(max-width: 640px) 100vw, 640px\" \/><\/a><p id=\"caption-attachment-3271\" class=\"wp-caption-text\">Ignorant Walking_Flickr<\/p><\/div>\n<p align=\"JUSTIFY\"><span lang=\"es-ES\">Terminamos nuestro viaje en una playa que no necesita presentaci\u00f3n: la <\/span><span lang=\"es-ES\"><b>playa de Rodas<\/b><\/span><span lang=\"es-ES\">, ubicada en las m\u00e1gicas <\/span><span lang=\"es-ES\"><b>Islas C\u00edes<\/b><\/span><span lang=\"es-ES\">. Y es que esta playa perteneciente al municipio de Vigo<\/span><span lang=\"es-ES\">, ha sido declarada por el prestigioso diario The Guardian como <\/span><span lang=\"es-ES\"><b>la m\u00e1s bella del mundo<\/b><\/span><span lang=\"es-ES\">.<\/span><\/p>\n<p align=\"JUSTIFY\"><span lang=\"es-ES\">Su limpio arenal y la pureza de sus aguas (aunque te avisamos que est\u00e1n bastantes fresquitas), se envuelven en una <\/span><span lang=\"es-ES\"><b>naturaleza salvaje<\/b><\/span><span lang=\"es-ES\"> creando un paisaje de pel\u00edcula. <\/span><\/p>\n<p align=\"JUSTIFY\"><span lang=\"es-ES\">Sin lugar a dudas, una playa que quita el hipo.<\/span><\/p>\n<p align=\"JUSTIFY\"><span lang=\"es-ES\">Seguramente eches en falta alguna que otra playa preciosa, pero es que entre lo bueno y lo mejor, la elecci\u00f3n se hace dif\u00edcil. As\u00ed que ya sabes, si quieres a\u00f1adir alguna m\u00e1s a nuestra lista, solo tienes que compartirla con nosotros. <\/span><\/p>\n<div id=\"sdendnote1\">\n<p><span style=\"font-size: small;\"><a class=\"sdendnotesym\" href=\"#sdendnote1anc\" name=\"sdendnote1sym\"><\/a><\/span><\/p>\n<\/div>\n<div id=\"sdendnote8\"><\/div>\n","protected":false},"excerpt":{"rendered":"<p>Est\u00e1 claro que Galicia es un destino ideal para todos aquellos que quieran disfrutar de la playa y al mismo tiempo huir del turismo de masas. Y es que, adem\u00e1s de una gastronom\u00eda con sello propio y una riqueza natural&hellip; <br \/><a class=\"read-more-button\" href=\"https:\/\/www.casasrurales.net\/blog\/una-escapada-a-las-playas-mas-bonitas-de-pontevedra\">Leer m\u00e1s<\/a><\/p>\n","protected":false},"author":1,"featured_media":3270,"comment_status":"open","ping_status":"open","sticky":false,"template":"","format":"standard","meta":[],"categories":[11],"tags":[58],"_links":{"self":[{"href":"https:\/\/www.casasrurales.net\/blog\/wp-json\/wp\/v2\/posts\/3268"}],"collection":[{"href":"https:\/\/www.casasrurales.net\/blog\/wp-json\/wp\/v2\/posts"}],"about":[{"href":"https:\/\/www.casasrurales.net\/blog\/wp-json\/wp\/v2\/types\/post"}],"author":[{"embeddable":true,"href":"https:\/\/www.casasrurales.net\/blog\/wp-json\/wp\/v2\/users\/1"}],"replies":[{"embeddable":true,"href":"https:\/\/www.casasrurales.net\/blog\/wp-json\/wp\/v2\/comments?post=3268"}],"version-history":[{"count":5,"href":"https:\/\/www.casasrurales.net\/blog\/wp-json\/wp\/v2\/posts\/3268\/revisions"}],"predecessor-version":[{"id":9006,"href":"https:\/\/www.casasrurales.net\/blog\/wp-json\/wp\/v2\/posts\/3268\/revisions\/9006"}],"wp:featuredmedia":[{"embeddable":true,"href":"https:\/\/www.casasrurales.net\/blog\/wp-json\/wp\/v2\/media\/3270"}],"wp:attachment":[{"href":"https:\/\/www.casasrurales.net\/blog\/wp-json\/wp\/v2\/media?parent=3268"}],"wp:term":[{"taxonomy":"category","embeddable":true,"href":"https:\/\/www.casasrurales.net\/blog\/wp-json\/wp\/v2\/categories?post=3268"},{"taxonomy":"post_tag","embeddable":true,"href":"https:\/\/www.casasrurales.net\/blog\/wp-json\/wp\/v2\/tags?post=3268"}],"curies":[{"name":"wp","href":"https:\/\/api.w.org\/{rel}","templated":true}]}}