
{"id":3221,"date":"2017-07-02T11:00:01","date_gmt":"2017-07-02T11:00:01","guid":{"rendered":"https:\/\/www.casasrurales.net\/blog\/?p=3221"},"modified":"2017-06-30T08:12:16","modified_gmt":"2017-06-30T08:12:16","slug":"una-ruta-descubriendo-los-seres-mitologicos-de-la-peninsula","status":"publish","type":"post","link":"https:\/\/www.casasrurales.net\/blog\/una-ruta-descubriendo-los-seres-mitologicos-de-la-peninsula","title":{"rendered":"Una ruta descubriendo los seres mitol\u00f3gicos de la Pen\u00ednsula"},"content":{"rendered":"<p><b><\/b><span lang=\"es-ES\">Por si a veces la realidad no fuese suficiente, <\/span><span lang=\"es-ES\"><b>el folclore y la mitolog\u00eda<\/b><\/span><span lang=\"es-ES\"> se encargan de proveernos de ideas il\u00f3gicas, pero lo suficientemente atractivas como para mantener a nuestro cerebro ocupado. Todo el mundo ha <\/span><span lang=\"es-ES\"><b>sucumbido alguna vez a la sugesti\u00f3n<\/b><\/span><span lang=\"es-ES\">, todo el mundo ha pasado por una <\/span><span lang=\"es-ES\"><b>experiencia<\/b><\/span> <span lang=\"es-ES\"><b>inexplicable<\/b><\/span><span lang=\"es-ES\">, y ha tratando de convencerse, in\u00fatilmente, de que lo ocurrido es \u00fanicamente fruto de una ilusi\u00f3n.<\/span><\/p>\n<p><span lang=\"es-ES\">Tal vez parezca que la <\/span><span lang=\"es-ES\"><b>Pen\u00ednsula Ib\u00e9rica<\/b><\/span><span lang=\"es-ES\"> no sea uno de esos lugares donde <\/span><span lang=\"es-ES\"><b>la mitolog\u00eda adquiere un papel importante<\/b><\/span><span lang=\"es-ES\">, a pesar de que la <\/span><span lang=\"es-ES\">religi\u00f3n<\/span><span lang=\"es-ES\"> siga siendo actualmente uno de los pilares fundamentales de la sociedad. Sin embargo, existen un <\/span><span lang=\"es-ES\"><b>buen n\u00famero de criaturas<\/b><\/span><span lang=\"es-ES\"> que habitan en nuestros <\/span><span lang=\"es-ES\"><b>bosques<\/b><\/span><span lang=\"es-ES\">, e incluso <\/span><span lang=\"es-ES\"><b>ciudades<\/b><\/span><span lang=\"es-ES\">, esperando a aquellos insensatos que no crean en supersticiones. <\/span><\/p>\n<p><span lang=\"es-ES\">A fin de cuentas, todos estos seres se han creado para asustar a los ni\u00f1os, \u00bfno?<\/span><\/p>\n<h2><span lang=\"es-ES\"><b>Martinico<\/b><\/span><\/h2>\n<div id=\"attachment_3228\" style=\"width: 215px\" class=\"wp-caption alignnone\"><a href=\"https:\/\/cdn1.es.casasrurales.net\/blog\/wp-content\/emp\/blogcasas\/2017\/06\/Francisco-de-Goya-WIKIPEDIA-copia.jpg\"><img aria-describedby=\"caption-attachment-3228\" class=\"size-medium wp-image-3228\" src=\"https:\/\/cdn1.es.casasrurales.net\/blog\/wp-content\/emp\/blogcasas\/2017\/06\/Francisco-de-Goya-WIKIPEDIA-copia-205x300.jpg\" alt=\"Francisco de Goya WIKIPEDIA\" width=\"205\" height=\"300\" srcset=\"https:\/\/cdn1.es.casasrurales.net\/blog\/wp-content\/emp\/blogcasas\/2017\/06\/Francisco-de-Goya-WIKIPEDIA-copia-205x300.jpg 205w, https:\/\/cdn1.es.casasrurales.net\/blog\/wp-content\/emp\/blogcasas\/2017\/06\/Francisco-de-Goya-WIKIPEDIA-copia.jpg 526w\" sizes=\"(max-width: 205px) 100vw, 205px\" \/><\/a><p id=\"caption-attachment-3228\" class=\"wp-caption-text\">Francisco de Goya WIKIPEDIA<\/p><\/div>\n<p><span lang=\"es-ES\">Un\u00a0<\/span><span lang=\"es-ES\"><b>peque\u00f1o<\/b><\/span>\u00a0<span lang=\"es-ES\"><b>duende<\/b><\/span><span lang=\"es-ES\">\u00a0cuya existencia se presume en\u00a0<\/span><span lang=\"es-ES\"><b>muchas regiones<\/b><\/span><span lang=\"es-ES\">\u00a0de la geograf\u00eda espa\u00f1ola. Existe en la <a href=\"https:\/\/www.casasrurales.net\/casas-rurales\/zaragoza\">mitolog\u00eda de comunidades\u00a0<\/a><\/span><span lang=\"es-ES\"><a href=\"https:\/\/www.casasrurales.net\/casas-rurales\/zaragoza\">como Arag\u00f3n<\/a>,<b> Castilla y Le\u00f3n, Castilla-La Mancha o Andaluc\u00eda<\/b><\/span><span lang=\"es-ES\">, y en todas ellas cuenta con las mismas caracter\u00edsticas. Al contrario que la mayor\u00eda de seres mitol\u00f3gicos, este duende no es maligno; \u00fanicamente se dedica a\u00a0<\/span><span lang=\"es-ES\"><b>gastar bromas a los inquilinos<\/b><\/span><span lang=\"es-ES\">\u00a0de las casas donde \u00e9l habita, moviendo cosas de su lugar o haciendo ruido, aunque no dudar\u00e1 en\u00a0<\/span><span lang=\"es-ES\"><b>ayudar<\/b><\/span><span lang=\"es-ES\">\u00a0a quienes se porten bien con \u00e9l.<\/span><\/p>\n<p>&nbsp;<\/p>\n<h2><span lang=\"es-ES\"><b>Cuegle<\/b><\/span><\/h2>\n<div id=\"attachment_3230\" style=\"width: 310px\" class=\"wp-caption alignnone\"><a href=\"https:\/\/cdn1.es.casasrurales.net\/blog\/wp-content\/emp\/blogcasas\/2017\/06\/Grimmaniac-GRIMM.WIKIA-copia.jpg\"><img aria-describedby=\"caption-attachment-3230\" class=\"size-medium wp-image-3230\" src=\"https:\/\/cdn1.es.casasrurales.net\/blog\/wp-content\/emp\/blogcasas\/2017\/06\/Grimmaniac-GRIMM.WIKIA-copia-300x169.jpg\" alt=\"Grimmaniac GRIMM.WIKIA\" width=\"300\" height=\"169\" srcset=\"https:\/\/cdn1.es.casasrurales.net\/blog\/wp-content\/emp\/blogcasas\/2017\/06\/Grimmaniac-GRIMM.WIKIA-copia-300x169.jpg 300w, https:\/\/cdn1.es.casasrurales.net\/blog\/wp-content\/emp\/blogcasas\/2017\/06\/Grimmaniac-GRIMM.WIKIA-copia.jpg 956w\" sizes=\"(max-width: 300px) 100vw, 300px\" \/><\/a><p id=\"caption-attachment-3230\" class=\"wp-caption-text\">Grimmaniac GRIMM.WIKIA<\/p><\/div>\n<p><span lang=\"es-ES\"><b>Ser<\/b><\/span> <span lang=\"es-ES\"><b>monstruoso<\/b><\/span><span lang=\"es-ES\"> t\u00edpico de la <\/span><span lang=\"es-ES\"><b>mitolog\u00eda<\/b><\/span> <strong><span lang=\"es-ES\">c\u00e1ntabra<\/span><\/strong><span lang=\"es-ES\">. Su forma es <\/span><span lang=\"es-ES\"><b>similar a la de una persona<\/b><\/span><span lang=\"es-ES\">, con dos patas con las que camina, brazos sin manos, piel negra, cinco filas de dientes, un cuerno y entre uno y tres ojos en la cabeza. Es una criatura que habitualmente <\/span><span lang=\"es-ES\"><b>ataca al ganado y roba a los beb\u00e9s<\/b><\/span><span lang=\"es-ES\"> de las cunas. La \u00fanica protecci\u00f3n para los peque\u00f1os reside en colocar en la cuna madera de roble u hojas de acebo, como repelente del invasor.<\/span><\/p>\n<h2><span lang=\"es-ES\"><b>Oj\u00e1ncanu<\/b><\/span><\/h2>\n<div id=\"attachment_3226\" style=\"width: 310px\" class=\"wp-caption alignnone\"><a href=\"https:\/\/cdn1.es.casasrurales.net\/blog\/wp-content\/emp\/blogcasas\/2017\/06\/RubenHC-CRUPTIDZ.WIKIA-copia.jpg\"><img aria-describedby=\"caption-attachment-3226\" class=\"size-medium wp-image-3226\" src=\"https:\/\/cdn1.es.casasrurales.net\/blog\/wp-content\/emp\/blogcasas\/2017\/06\/RubenHC-CRUPTIDZ.WIKIA-copia-300x257.jpg\" alt=\"RubenHC CRUPTIDZ.WIKIA\" width=\"300\" height=\"257\" srcset=\"https:\/\/cdn1.es.casasrurales.net\/blog\/wp-content\/emp\/blogcasas\/2017\/06\/RubenHC-CRUPTIDZ.WIKIA-copia-300x257.jpg 300w, https:\/\/cdn1.es.casasrurales.net\/blog\/wp-content\/emp\/blogcasas\/2017\/06\/RubenHC-CRUPTIDZ.WIKIA-copia.jpg 452w\" sizes=\"(max-width: 300px) 100vw, 300px\" \/><\/a><p id=\"caption-attachment-3226\" class=\"wp-caption-text\">RubenHC CRUPTIDZ.WIKIA<\/p><\/div>\n<p><span lang=\"es-ES\">Esta criatura es la <\/span><span lang=\"es-ES\"><b>personificaci\u00f3n del mal, la crueldad y la brutalidad<\/b><\/span><span lang=\"es-ES\">. Es originario de <\/span><span lang=\"es-ES\"><b>Cantabria<\/b><\/span><span lang=\"es-ES\">, y se trata de un <\/span><span lang=\"es-ES\"><b>ser salvaje y fiero<\/b><\/span><span lang=\"es-ES\"> que habita en los lugares m\u00e1s rec\u00f3nditos de las grutas de monta\u00f1a, oculto por grandes rocas y maleza. La cultura cuenta que los desfiladeros y barrancos de la zona se han formado a causa de la acci\u00f3n de estos singulares seres.<\/span><\/p>\n<h2><span lang=\"es-ES\"><b>Nuberu<\/b><\/span><\/h2>\n<p><span lang=\"es-ES\">Estos seres cambian levemente de nombre dependiendo del lugar en el que nos encontremos. Son tradicionales de la <\/span><span lang=\"es-ES\"><b>mitolog\u00eda asturiana, c\u00e1ntabra y gallega<\/b><\/span><span lang=\"es-ES\">, zonas en la que comparten historia. Son supuestamente seres que <\/span><span lang=\"es-ES\"><b>controlan el tiempo meteorol\u00f3gico<\/b><\/span><span lang=\"es-ES\"> y que se entretienen <\/span><span lang=\"es-ES\"><b>provocando tormentas, tempestades y granizo<\/b><\/span><span lang=\"es-ES\"> que arruinan las cosechas y asustan a los animales.<\/span><\/p>\n<h2><span lang=\"es-ES\"><b>Herensuge<\/b><\/span><\/h2>\n<div id=\"attachment_3225\" style=\"width: 259px\" class=\"wp-caption alignnone\"><a href=\"https:\/\/cdn1.es.casasrurales.net\/blog\/wp-content\/emp\/blogcasas\/2017\/06\/Nordisk-familjebok-WIKIPEDIA-copia.png\"><img aria-describedby=\"caption-attachment-3225\" class=\"size-full wp-image-3225\" src=\"https:\/\/cdn1.es.casasrurales.net\/blog\/wp-content\/emp\/blogcasas\/2017\/06\/Nordisk-familjebok-WIKIPEDIA-copia.png\" alt=\"Nordisk familjebok WIKIPEDIA\" width=\"249\" height=\"294\" \/><\/a><p id=\"caption-attachment-3225\" class=\"wp-caption-text\">Nordisk familjebok WIKIPEDIA<\/p><\/div>\n<p><span lang=\"es-ES\">Originario de la <\/span><span lang=\"es-ES\"><b>mitolog\u00eda<\/b><\/span> <span lang=\"es-ES\"><b>vasca<\/b><\/span><span lang=\"es-ES\">, este ser con <\/span><span lang=\"es-ES\"><b>forma de drag\u00f3n<\/b><\/span><span lang=\"es-ES\"> es un <\/span><span lang=\"es-ES\"><b>esp\u00edritu<\/b><\/span> <span lang=\"es-ES\"><b>demon\u00edaco<\/b><\/span><span lang=\"es-ES\"> que se alimenta de caballos y burros, cazando algunas veces a manjares m\u00e1s suculentos, como seres humanos. Tradicionalmente se dice que <\/span><span lang=\"es-ES\"><b>vuela dejando un rastro de fuego<\/b><\/span><span lang=\"es-ES\"> y haciendo un <\/span><span lang=\"es-ES\"><b>ruido<\/b><\/span> <span lang=\"es-ES\"><b>siniestro<\/b><\/span><span lang=\"es-ES\">, que indica que el fin est\u00e1 pr\u00f3ximo.<\/span><\/p>\n<h2><span lang=\"es-ES\"><b>Dip<\/b><\/span><\/h2>\n<div id=\"attachment_3231\" style=\"width: 196px\" class=\"wp-caption alignnone\"><a href=\"https:\/\/cdn1.es.casasrurales.net\/blog\/wp-content\/emp\/blogcasas\/2017\/06\/Willtron-WIKIPEDIA.png\"><img aria-describedby=\"caption-attachment-3231\" class=\"size-medium wp-image-3231\" src=\"https:\/\/cdn1.es.casasrurales.net\/blog\/wp-content\/emp\/blogcasas\/2017\/06\/Willtron-WIKIPEDIA-186x300.png\" alt=\"Willtron WIKIPEDIA\" width=\"186\" height=\"300\" srcset=\"https:\/\/cdn1.es.casasrurales.net\/blog\/wp-content\/emp\/blogcasas\/2017\/06\/Willtron-WIKIPEDIA-186x300.png 186w, https:\/\/cdn1.es.casasrurales.net\/blog\/wp-content\/emp\/blogcasas\/2017\/06\/Willtron-WIKIPEDIA.png 605w\" sizes=\"(max-width: 186px) 100vw, 186px\" \/><\/a><p id=\"caption-attachment-3231\" class=\"wp-caption-text\">Willtron WIKIPEDIA<\/p><\/div>\n<p><span lang=\"es-ES\">Entre todas las criaturas mitol\u00f3gicas que pueblan la pen\u00ednsula, quiz\u00e1 sea \u00e9ste el caso que m\u00e1s se <\/span><span lang=\"es-ES\"><b>vive en la actualidad<\/b><\/span><span lang=\"es-ES\">. Y es que el <\/span><span lang=\"es-ES\"><b>dip<\/b><\/span><span lang=\"es-ES\"> es incluso el <\/span><span lang=\"es-ES\"><b>s\u00edmbolo<\/b><\/span><span lang=\"es-ES\"> que aparece en el <\/span><span lang=\"es-ES\"><b>escudo<\/b><\/span><span lang=\"es-ES\"> de la <\/span><span lang=\"es-ES\"><b>localidad de Pratdip<\/b><\/span><span lang=\"es-ES\">, en la provincia de <\/span><span lang=\"es-ES\"><b>Tarragona<\/b><\/span><span lang=\"es-ES\">. Se trata de un <\/span><span lang=\"es-ES\"><b>ser<\/b><\/span> <span lang=\"es-ES\"><b>demon\u00edaco<\/b><\/span><span lang=\"es-ES\"> con forma de <\/span><span lang=\"es-ES\"><b>perro<\/b><\/span> <span lang=\"es-ES\"><b>negro<\/b><\/span><span lang=\"es-ES\"> y peludo, cojo de una pata, que se alimenta con la sangre de los humanos.<\/span><\/p>\n<h2><span lang=\"es-ES\"><b>Juancaballo<\/b><\/span><\/h2>\n<div id=\"attachment_3227\" style=\"width: 310px\" class=\"wp-caption alignnone\"><a href=\"https:\/\/cdn1.es.casasrurales.net\/blog\/wp-content\/emp\/blogcasas\/2017\/06\/Agon-S.-Buchholz-WIKIPEDIA-copia.jpg\"><img aria-describedby=\"caption-attachment-3227\" class=\"size-medium wp-image-3227\" src=\"https:\/\/cdn1.es.casasrurales.net\/blog\/wp-content\/emp\/blogcasas\/2017\/06\/Agon-S.-Buchholz-WIKIPEDIA-copia-300x273.jpg\" alt=\"Agon-S.-Buchholz-WIKIPEDIA\" width=\"300\" height=\"273\" srcset=\"https:\/\/cdn1.es.casasrurales.net\/blog\/wp-content\/emp\/blogcasas\/2017\/06\/Agon-S.-Buchholz-WIKIPEDIA-copia-300x273.jpg 300w, https:\/\/cdn1.es.casasrurales.net\/blog\/wp-content\/emp\/blogcasas\/2017\/06\/Agon-S.-Buchholz-WIKIPEDIA-copia.jpg 640w\" sizes=\"(max-width: 300px) 100vw, 300px\" \/><\/a><p id=\"caption-attachment-3227\" class=\"wp-caption-text\">Agon-S.-Buchholz-WIKIPEDIA<\/p><\/div>\n<p><span lang=\"es-ES\">Se dice que este ser, <\/span><span lang=\"es-ES\"><b>mitad hombre, mitad caballo<\/b><\/span><span lang=\"es-ES\">, habita en <\/span><span lang=\"es-ES\"><b>Sierra M\u00e1gina<\/b><\/span><span lang=\"es-ES\">, en la provincia de <\/span><span lang=\"es-ES\"><b>Ja\u00e9n<\/b><\/span><span lang=\"es-ES\">. Es una criatura muy parecida a un <\/span><span lang=\"es-ES\"><b>centauro<\/b><\/span><span lang=\"es-ES\">, ya que sigue sus caracter\u00edsticas f\u00edsicas, adem\u00e1s de poseer fuerza, ferocidad y astucia. Normalmente se encuentra <\/span><span lang=\"es-ES\"><b>oculto en las cavernas de los cerros<\/b><\/span><span lang=\"es-ES\"> de <\/span><span lang=\"es-ES\"><b>Huelma<\/b><\/span><span lang=\"es-ES\"> y sierra del <\/span><span lang=\"es-ES\"><b>Natin<\/b><\/span><span lang=\"es-ES\">, pero no dudar\u00e1 en defenderse y atacar a aquellos que lo molesten.<\/span><\/p>\n<h2><span lang=\"es-ES\"><b>Mano Negra<\/b><\/span><\/h2>\n<div id=\"attachment_3224\" style=\"width: 310px\" class=\"wp-caption alignnone\"><a href=\"https:\/\/cdn1.es.casasrurales.net\/blog\/wp-content\/emp\/blogcasas\/2017\/06\/Megistos-86-MITOLOGIAIBERICA.WIKIA-copia.jpg\"><img aria-describedby=\"caption-attachment-3224\" class=\"size-medium wp-image-3224\" src=\"https:\/\/cdn1.es.casasrurales.net\/blog\/wp-content\/emp\/blogcasas\/2017\/06\/Megistos-86-MITOLOGIAIBERICA.WIKIA-copia-300x268.jpg\" alt=\"Megistos 86 MITOLOGIAIBERICA.WIKIA\" width=\"300\" height=\"268\" srcset=\"https:\/\/cdn1.es.casasrurales.net\/blog\/wp-content\/emp\/blogcasas\/2017\/06\/Megistos-86-MITOLOGIAIBERICA.WIKIA-copia-300x268.jpg 300w, https:\/\/cdn1.es.casasrurales.net\/blog\/wp-content\/emp\/blogcasas\/2017\/06\/Megistos-86-MITOLOGIAIBERICA.WIKIA-copia.jpg 417w\" sizes=\"(max-width: 300px) 100vw, 300px\" \/><\/a><p id=\"caption-attachment-3224\" class=\"wp-caption-text\">Megistos 86 MITOLOGIAIBERICA.WIKIA<\/p><\/div>\n<p><span lang=\"es-ES\">Otro de los <\/span><span lang=\"es-ES\"><b>mitos m\u00e1s extendidos<\/b><\/span><span lang=\"es-ES\"> en el territorio espa\u00f1ol es de la <\/span><span lang=\"es-ES\"><b>Mano Negra<\/b><\/span><span lang=\"es-ES\">. Un ser <\/span><span lang=\"es-ES\"><b>et\u00e9reo y sombr\u00edo<\/b><\/span><span lang=\"es-ES\"> con forma de inmensa mano negra, que dependiendo de la zona, se dedica a hacer el mal de una manera. <\/span><\/p>\n<p><span lang=\"es-ES\">Destaca por ejemplo la creencia en <\/span><span lang=\"es-ES\"><b>Segovia<\/b><\/span><span lang=\"es-ES\">, donde se dice que este ser <\/span><span lang=\"es-ES\"><b>ataca<\/b><\/span><span lang=\"es-ES\"> a las personas cuando est\u00e1n <\/span><span lang=\"es-ES\"><b>distra\u00eddas<\/b><\/span><span lang=\"es-ES\">, para <\/span><span lang=\"es-ES\"><b>arrancar sus ojos<\/b><\/span><span lang=\"es-ES\"> cuando se giran a comprobar qu\u00e9 es lo que ocurre.<\/span><\/p>\n<p><span lang=\"es-ES\">Alejados de esta idea, los vecinos de <\/span><span lang=\"es-ES\"><b>Torre de Juan Abad<\/b><\/span><span lang=\"es-ES\">, un pueblo de <\/span><span lang=\"es-ES\"><b>Ciudad<\/b><\/span> <span lang=\"es-ES\"><b>Real<\/b><\/span><span lang=\"es-ES\">, aseguran que esta criatura es un <\/span><span lang=\"es-ES\"><b>ente femenino<\/b><\/span><span lang=\"es-ES\"> ataviado <\/span><span lang=\"es-ES\"><b>con ropas y unas negras<\/b><\/span><span lang=\"es-ES\">. Seg\u00fan la tradici\u00f3n, habitar\u00eda en <\/span><span lang=\"es-ES\"><b>charcas<\/b><\/span><span lang=\"es-ES\"> y <\/span><span lang=\"es-ES\"><b>pozos<\/b><\/span><span lang=\"es-ES\">, donde arrastrar\u00eda a los ni\u00f1os que raptaba para matarlos.<\/span><\/p>\n<h2><span lang=\"es-ES\"><b>El Coco<\/b><\/span><\/h2>\n<div id=\"attachment_3229\" style=\"width: 226px\" class=\"wp-caption alignnone\"><a href=\"https:\/\/cdn1.es.casasrurales.net\/blog\/wp-content\/emp\/blogcasas\/2017\/06\/Francisco-de-Goya-WIKIPEDIA-2-copia.jpg\"><img aria-describedby=\"caption-attachment-3229\" class=\"size-medium wp-image-3229\" src=\"https:\/\/cdn1.es.casasrurales.net\/blog\/wp-content\/emp\/blogcasas\/2017\/06\/Francisco-de-Goya-WIKIPEDIA-2-copia-216x300.jpg\" alt=\"Francisco de Goya WIKIPEDIA\" width=\"216\" height=\"300\" srcset=\"https:\/\/cdn1.es.casasrurales.net\/blog\/wp-content\/emp\/blogcasas\/2017\/06\/Francisco-de-Goya-WIKIPEDIA-2-copia-216x300.jpg 216w, https:\/\/cdn1.es.casasrurales.net\/blog\/wp-content\/emp\/blogcasas\/2017\/06\/Francisco-de-Goya-WIKIPEDIA-2-copia-739x1024.jpg 739w, https:\/\/cdn1.es.casasrurales.net\/blog\/wp-content\/emp\/blogcasas\/2017\/06\/Francisco-de-Goya-WIKIPEDIA-2-copia.jpg 800w\" sizes=\"(max-width: 216px) 100vw, 216px\" \/><\/a><p id=\"caption-attachment-3229\" class=\"wp-caption-text\">Francisco de Goya WIKIPEDIA<\/p><\/div>\n<p><span lang=\"es-ES\">Sin duda el ser <\/span><span lang=\"es-ES\"><b>m\u00e1s caracter\u00edstico<\/b><\/span><span lang=\"es-ES\"> de todo pueblo y ciudad de Espa\u00f1a. El <\/span><span lang=\"es-ES\"><b>Coco<\/b><\/span><span lang=\"es-ES\"> es por excelencia la criatura a quien <\/span><span lang=\"es-ES\"><b>m\u00e1s temen los peque\u00f1os,<\/b><\/span><span lang=\"es-ES\"> y a veces tambi\u00e9n los mayores. Ese ser con <\/span><span lang=\"es-ES\"><b>apariencia<\/b><\/span> <span lang=\"es-ES\"><b>humana<\/b><\/span><span lang=\"es-ES\">, que en ocasiones <\/span><span lang=\"es-ES\"><b>cubre su rostro<\/b><\/span><span lang=\"es-ES\"> con una m\u00e1scara agujereada, y que <\/span><span lang=\"es-ES\"><b>rapta a los ni\u00f1os<\/b><\/span><span lang=\"es-ES\"> para com\u00e9rselos. Quiz\u00e1 incluso viva bajo la cama, por eso es mejor dormir sin mirar nunca abajo, lejos de la protecci\u00f3n de las s\u00e1banas.<\/span><\/p>\n<p>&nbsp;<\/p>\n<h2><span lang=\"es-ES\"><b>El Gamusino<\/b><\/span><\/h2>\n<div id=\"attachment_3223\" style=\"width: 310px\" class=\"wp-caption alignnone\"><a href=\"https:\/\/cdn1.es.casasrurales.net\/blog\/wp-content\/emp\/blogcasas\/2017\/06\/Julc-Jogan-WIKIPEDIA-copia.jpg\"><img aria-describedby=\"caption-attachment-3223\" class=\"size-medium wp-image-3223\" src=\"https:\/\/cdn1.es.casasrurales.net\/blog\/wp-content\/emp\/blogcasas\/2017\/06\/Julc-Jogan-WIKIPEDIA-copia-300x256.jpg\" alt=\"Julc Jogan WIKIPEDIA\" width=\"300\" height=\"256\" srcset=\"https:\/\/cdn1.es.casasrurales.net\/blog\/wp-content\/emp\/blogcasas\/2017\/06\/Julc-Jogan-WIKIPEDIA-copia-300x256.jpg 300w, https:\/\/cdn1.es.casasrurales.net\/blog\/wp-content\/emp\/blogcasas\/2017\/06\/Julc-Jogan-WIKIPEDIA-copia.jpg 340w\" sizes=\"(max-width: 300px) 100vw, 300px\" \/><\/a><p id=\"caption-attachment-3223\" class=\"wp-caption-text\">Julc Jogan WIKIPEDIA<\/p><\/div>\n<p><span lang=\"es-ES\">Y si el anterior era el m\u00e1s terror\u00edfico, este ser es <\/span><span lang=\"es-ES\"><b>el m\u00e1s simp\u00e1tico<\/b><\/span><span lang=\"es-ES\"> de todos los imaginados por la creencia popular. Este mito est\u00e1 igualmente <\/span><span lang=\"es-ES\"><b>extendido por la mayor parte de la pen\u00ednsula<\/b><\/span><span lang=\"es-ES\">, aunque destaca en tierras <\/span><span lang=\"es-ES\"><b>castellanas<\/b><\/span><span lang=\"es-ES\">, <\/span><span lang=\"es-ES\"><b>extreme\u00f1as<\/b><\/span><span lang=\"es-ES\">, <\/span><span lang=\"es-ES\"><b>gallegas<\/b><\/span><span lang=\"es-ES\"> o <\/span><span lang=\"es-ES\"><b>catalanas<\/b><\/span><span lang=\"es-ES\">.<\/span><\/p>\n<p><span lang=\"es-ES\">El <\/span><span lang=\"es-ES\"><b>Gamusino<\/b><\/span><span lang=\"es-ES\"> es la criatura a la que se refieren los habitantes de las zonas m\u00e1s rurales, para <\/span><span lang=\"es-ES\"><b>enga\u00f1ar a los forasteros<\/b><\/span><span lang=\"es-ES\"> de las ciudades, los m\u00e1s inexpertos y cr\u00e9dulos. Se tratar\u00eda de un <\/span><span lang=\"es-ES\"><b>animalillo con forma similar a la de un rat\u00f3n o conejo<\/b><\/span><span lang=\"es-ES\">, \u00e1gil y r\u00e1pido, que \u00fanicamente se deja ver durante la noche, si es que los cazadores son lo bastante avispados.<\/span><\/p>\n","protected":false},"excerpt":{"rendered":"<p>Por si a veces la realidad no fuese suficiente, el folclore y la mitolog\u00eda se encargan de proveernos de ideas il\u00f3gicas, pero lo suficientemente atractivas como para mantener a nuestro cerebro ocupado. Todo el mundo ha sucumbido alguna vez a&hellip; <br \/><a class=\"read-more-button\" href=\"https:\/\/www.casasrurales.net\/blog\/una-ruta-descubriendo-los-seres-mitologicos-de-la-peninsula\">Leer m\u00e1s<\/a><\/p>\n","protected":false},"author":1,"featured_media":3222,"comment_status":"open","ping_status":"open","sticky":false,"template":"","format":"standard","meta":[],"categories":[18],"tags":[],"_links":{"self":[{"href":"https:\/\/www.casasrurales.net\/blog\/wp-json\/wp\/v2\/posts\/3221"}],"collection":[{"href":"https:\/\/www.casasrurales.net\/blog\/wp-json\/wp\/v2\/posts"}],"about":[{"href":"https:\/\/www.casasrurales.net\/blog\/wp-json\/wp\/v2\/types\/post"}],"author":[{"embeddable":true,"href":"https:\/\/www.casasrurales.net\/blog\/wp-json\/wp\/v2\/users\/1"}],"replies":[{"embeddable":true,"href":"https:\/\/www.casasrurales.net\/blog\/wp-json\/wp\/v2\/comments?post=3221"}],"version-history":[{"count":2,"href":"https:\/\/www.casasrurales.net\/blog\/wp-json\/wp\/v2\/posts\/3221\/revisions"}],"predecessor-version":[{"id":3254,"href":"https:\/\/www.casasrurales.net\/blog\/wp-json\/wp\/v2\/posts\/3221\/revisions\/3254"}],"wp:featuredmedia":[{"embeddable":true,"href":"https:\/\/www.casasrurales.net\/blog\/wp-json\/wp\/v2\/media\/3222"}],"wp:attachment":[{"href":"https:\/\/www.casasrurales.net\/blog\/wp-json\/wp\/v2\/media?parent=3221"}],"wp:term":[{"taxonomy":"category","embeddable":true,"href":"https:\/\/www.casasrurales.net\/blog\/wp-json\/wp\/v2\/categories?post=3221"},{"taxonomy":"post_tag","embeddable":true,"href":"https:\/\/www.casasrurales.net\/blog\/wp-json\/wp\/v2\/tags?post=3221"}],"curies":[{"name":"wp","href":"https:\/\/api.w.org\/{rel}","templated":true}]}}