
{"id":3175,"date":"2017-06-28T15:01:28","date_gmt":"2017-06-28T15:01:28","guid":{"rendered":"https:\/\/www.casasrurales.net\/blog\/?p=3175"},"modified":"2023-10-31T14:55:30","modified_gmt":"2023-10-31T14:55:30","slug":"una-escapada-por-zumaia","status":"publish","type":"post","link":"https:\/\/www.casasrurales.net\/blog\/una-escapada-por-zumaia","title":{"rendered":"Una escapada por Zumaia"},"content":{"rendered":"<p align=\"JUSTIFY\">El <strong>Pa\u00eds Vasco\u00a0<\/strong>es un enclave natural que fascina a cualquiera que visite la tierra.<\/p>\n<p align=\"JUSTIFY\">Una de sus provincias, la de <strong>Guip\u00fazcoa<\/strong>, es<strong> la m\u00e1s peque\u00f1a de toda la Pen\u00ednsula<\/strong>. Pero eso no es problema para que encontremos en Zumaia, un espacio de 9500 habitantes, <a href=\"https:\/\/www.casasrurales.net\/casas-rurales\/guipuzcoa\">algunos paisajes que te conquistar\u00e1n<\/a>.<\/p>\n<p align=\"JUSTIFY\">En la<strong> d\u00e9cada de los 90<\/strong> se propuso que albergase<strong> un circuito de F\u00f3rmula 1;<\/strong> pero el proyecto no fragu\u00f3 y, menos mal, porque as\u00ed podemos disfrutar en su totalidad de las maravillas naturales.<\/p>\n<div id=\"attachment_3178\" style=\"width: 310px\" class=\"wp-caption alignnone\"><a href=\"https:\/\/cdn1.es.casasrurales.net\/blog\/wp-content\/emp\/blogcasas\/2017\/06\/Albert-Torell\u00f3-Flickr-1.jpg\"><img aria-describedby=\"caption-attachment-3178\" class=\"size-medium wp-image-3178\" src=\"https:\/\/cdn1.es.casasrurales.net\/blog\/wp-content\/emp\/blogcasas\/2017\/06\/Albert-Torell\u00f3-Flickr-1-300x225.jpg\" alt=\"Albert Torell\u00f3 (Flickr)\" width=\"300\" height=\"225\" srcset=\"https:\/\/cdn1.es.casasrurales.net\/blog\/wp-content\/emp\/blogcasas\/2017\/06\/Albert-Torell\u00f3-Flickr-1-300x225.jpg 300w, https:\/\/cdn1.es.casasrurales.net\/blog\/wp-content\/emp\/blogcasas\/2017\/06\/Albert-Torell\u00f3-Flickr-1-156x117.jpg 156w, https:\/\/cdn1.es.casasrurales.net\/blog\/wp-content\/emp\/blogcasas\/2017\/06\/Albert-Torell\u00f3-Flickr-1.jpg 640w\" sizes=\"(max-width: 300px) 100vw, 300px\" \/><\/a><p id=\"caption-attachment-3178\" class=\"wp-caption-text\">Albert Torell\u00f3 (Flickr)<\/p><\/div>\n<h2 align=\"JUSTIFY\"><em><strong>\u00bfC\u00f3mo es Zumaia?<\/strong><\/em><\/h2>\n<p align=\"JUSTIFY\">Entre las calles de esta localidad, de <strong>marcada arquitectura vasca,<\/strong> los verdes de los campos se entremezclan con los azules del mar, admirables a\u00fan m\u00e1s <strong>desde el barrio de San Miguel de Artadi, el punto m\u00e1s alto.<\/strong> Antiguo punto importante en el Camino de Santiago, que conserva el<strong> Museo Zuloaga<\/strong>, en el que podr\u00e1s visitar las maravillas art\u00edsticas del pueblo.<\/p>\n<div id=\"attachment_3179\" style=\"width: 310px\" class=\"wp-caption alignnone\"><a href=\"https:\/\/cdn1.es.casasrurales.net\/blog\/wp-content\/emp\/blogcasas\/2017\/06\/Asier-Sarasua-Aranberri-Flickr.jpg\"><img aria-describedby=\"caption-attachment-3179\" class=\"size-medium wp-image-3179\" src=\"https:\/\/cdn1.es.casasrurales.net\/blog\/wp-content\/emp\/blogcasas\/2017\/06\/Asier-Sarasua-Aranberri-Flickr-300x200.jpg\" alt=\"Asier Sarasua Aranberri (Flickr)\" width=\"300\" height=\"200\" srcset=\"https:\/\/cdn1.es.casasrurales.net\/blog\/wp-content\/emp\/blogcasas\/2017\/06\/Asier-Sarasua-Aranberri-Flickr-300x200.jpg 300w, https:\/\/cdn1.es.casasrurales.net\/blog\/wp-content\/emp\/blogcasas\/2017\/06\/Asier-Sarasua-Aranberri-Flickr-320x213.jpg 320w, https:\/\/cdn1.es.casasrurales.net\/blog\/wp-content\/emp\/blogcasas\/2017\/06\/Asier-Sarasua-Aranberri-Flickr.jpg 500w\" sizes=\"(max-width: 300px) 100vw, 300px\" \/><\/a><p id=\"caption-attachment-3179\" class=\"wp-caption-text\">Asier Sarasua Aranberri (Flickr)<\/p><\/div>\n<p align=\"JUSTIFY\">El <strong>Mar Cant\u00e1brico ba\u00f1a las playas<\/strong> de este municipio situado en el centro de la provincia. En sus aguas <strong>desemboca el r\u00edo Urola<\/strong> que, con una longitud de 59 kil\u00f3metros, <strong>nace en el Monte Aitzgorri,<\/strong> en plenos Montes Vascos. Su entrada al mar alberga el <strong>puerto deportivo de la ciudad<\/strong>, una infraestructura en la que encontrar\u00e1s<strong> desde un centro comercial hasta una estaci\u00f3n de trenes.<\/strong><\/p>\n<div id=\"attachment_3184\" style=\"width: 310px\" class=\"wp-caption alignnone\"><a href=\"https:\/\/cdn1.es.casasrurales.net\/blog\/wp-content\/emp\/blogcasas\/2017\/06\/Markus-Tacker-Flickr.jpg\"><img aria-describedby=\"caption-attachment-3184\" class=\"size-medium wp-image-3184\" src=\"https:\/\/cdn1.es.casasrurales.net\/blog\/wp-content\/emp\/blogcasas\/2017\/06\/Markus-Tacker-Flickr-300x200.jpg\" alt=\"Markus Tacker (Flickr)\" width=\"300\" height=\"200\" srcset=\"https:\/\/cdn1.es.casasrurales.net\/blog\/wp-content\/emp\/blogcasas\/2017\/06\/Markus-Tacker-Flickr-300x200.jpg 300w, https:\/\/cdn1.es.casasrurales.net\/blog\/wp-content\/emp\/blogcasas\/2017\/06\/Markus-Tacker-Flickr-320x213.jpg 320w, https:\/\/cdn1.es.casasrurales.net\/blog\/wp-content\/emp\/blogcasas\/2017\/06\/Markus-Tacker-Flickr.jpg 640w\" sizes=\"(max-width: 300px) 100vw, 300px\" \/><\/a><p id=\"caption-attachment-3184\" class=\"wp-caption-text\">Markus Tacker (Flickr)<\/p><\/div>\n<p align=\"JUSTIFY\">La playa<strong> se divide en 2 zonas:<\/strong> la de <strong>San Sebasti\u00e1n<\/strong>, m\u00e1s tranquila e ideal <strong>para ir con los peques de la casa;\u00a0<\/strong>y<strong> la de Itzurun<\/strong>. Esta \u00faltima, con <strong>bandera azul y de f\u00e1cil acceso para personas con movilidad reducida,<\/strong> se trata de un lugar perfecto para practicar deportes como el surf o el bodyboard a lo largo de sus 270 metros debido a su fuerte oleaje.<\/p>\n<p align=\"JUSTIFY\">Pero no solo eso. A\u00a0pie de playa podr\u00e1s disfrutar de<strong> un restaurante que te ofrece comidas t\u00edpicas;\u00a0<\/strong>adem\u00e1s de un centro de Talasoterapia en el que sentir\u00e1s que est\u00e1s en el mar.<\/p>\n<div id=\"attachment_3182\" style=\"width: 310px\" class=\"wp-caption alignnone\"><a href=\"https:\/\/cdn1.es.casasrurales.net\/blog\/wp-content\/emp\/blogcasas\/2017\/06\/Manel-Flickr.jpg\"><img aria-describedby=\"caption-attachment-3182\" class=\"size-medium wp-image-3182\" src=\"https:\/\/cdn1.es.casasrurales.net\/blog\/wp-content\/emp\/blogcasas\/2017\/06\/Manel-Flickr-300x225.jpg\" alt=\"Manel (Flickr)\" width=\"300\" height=\"225\" srcset=\"https:\/\/cdn1.es.casasrurales.net\/blog\/wp-content\/emp\/blogcasas\/2017\/06\/Manel-Flickr-300x225.jpg 300w, https:\/\/cdn1.es.casasrurales.net\/blog\/wp-content\/emp\/blogcasas\/2017\/06\/Manel-Flickr-156x117.jpg 156w, https:\/\/cdn1.es.casasrurales.net\/blog\/wp-content\/emp\/blogcasas\/2017\/06\/Manel-Flickr.jpg 640w\" sizes=\"(max-width: 300px) 100vw, 300px\" \/><\/a><p id=\"caption-attachment-3182\" class=\"wp-caption-text\">Manel (Flickr)<\/p><\/div>\n<p align=\"JUSTIFY\">Est\u00e1 <strong>rodeada de acantilados escarpados<\/strong>, aunque tambi\u00e9n hay espacios que recorrer a pie, formados por la erosi\u00f3n, que te dejar\u00e1n sin palabras, y desde los que las vistas sobre todo el territorio te impresionar\u00e1n. Ese fen\u00f3meno geol\u00f3gico es llamado <strong>Flysch y hay una ruta de 13 kil\u00f3metros<\/strong>\u00a0que recorre los municipios de Zumaia, Deba, y Mutriku, que forman el <strong>Geoparque Mundial de la Costa Vasca.<\/strong><\/p>\n<div id=\"attachment_3181\" style=\"width: 310px\" class=\"wp-caption alignnone\"><a href=\"https:\/\/cdn1.es.casasrurales.net\/blog\/wp-content\/emp\/blogcasas\/2017\/06\/Julen-Iturbe-Ormaetxe-Flickr.jpg\"><img aria-describedby=\"caption-attachment-3181\" class=\"size-medium wp-image-3181\" src=\"https:\/\/cdn1.es.casasrurales.net\/blog\/wp-content\/emp\/blogcasas\/2017\/06\/Julen-Iturbe-Ormaetxe-Flickr-300x169.jpg\" alt=\"Julen Iturbe-Ormaetxe (Flickr)\" width=\"300\" height=\"169\" srcset=\"https:\/\/cdn1.es.casasrurales.net\/blog\/wp-content\/emp\/blogcasas\/2017\/06\/Julen-Iturbe-Ormaetxe-Flickr-300x169.jpg 300w, https:\/\/cdn1.es.casasrurales.net\/blog\/wp-content\/emp\/blogcasas\/2017\/06\/Julen-Iturbe-Ormaetxe-Flickr.jpg 640w\" sizes=\"(max-width: 300px) 100vw, 300px\" \/><\/a><p id=\"caption-attachment-3181\" class=\"wp-caption-text\">Julen Iturbe-Ormaetxe (Flickr)<\/p><\/div>\n<p align=\"JUSTIFY\">Las<strong> algas adheridas a estas rocas son de una riqueza biol\u00f3gica<\/strong> sin igual, a la par que la fauna marina formada por estrellas y pulpos entre otras especies, que quedan al descubierto en la bajar mar y entre la que se pueden observar abundantes restos f\u00f3siles.<\/p>\n<div id=\"attachment_3183\" style=\"width: 310px\" class=\"wp-caption alignnone\"><a href=\"https:\/\/cdn1.es.casasrurales.net\/blog\/wp-content\/emp\/blogcasas\/2017\/06\/Manel-2-Flickr.jpg\"><img aria-describedby=\"caption-attachment-3183\" class=\"size-medium wp-image-3183\" src=\"https:\/\/cdn1.es.casasrurales.net\/blog\/wp-content\/emp\/blogcasas\/2017\/06\/Manel-2-Flickr-300x300.jpg\" alt=\"Manel 2 (Flickr)\" width=\"300\" height=\"300\" srcset=\"https:\/\/cdn1.es.casasrurales.net\/blog\/wp-content\/emp\/blogcasas\/2017\/06\/Manel-2-Flickr-300x300.jpg 300w, https:\/\/cdn1.es.casasrurales.net\/blog\/wp-content\/emp\/blogcasas\/2017\/06\/Manel-2-Flickr-150x150.jpg 150w, https:\/\/cdn1.es.casasrurales.net\/blog\/wp-content\/emp\/blogcasas\/2017\/06\/Manel-2-Flickr-60x60.jpg 60w, https:\/\/cdn1.es.casasrurales.net\/blog\/wp-content\/emp\/blogcasas\/2017\/06\/Manel-2-Flickr.jpg 640w\" sizes=\"(max-width: 300px) 100vw, 300px\" \/><\/a><p id=\"caption-attachment-3183\" class=\"wp-caption-text\">Manel 2 (Flickr)<\/p><\/div>\n<p align=\"JUSTIFY\"><strong>Un lugar ideal para visitar con toda la familia<\/strong> y que os encantar\u00e1. Disfrutar de la gastronom\u00eda, de las vistas, los acantilados, sus rutas, el deporte y las playas ser\u00e1 una experiencia que os llenar\u00e1, y que estar\u00e9is deseando repetir.<\/p>\n","protected":false},"excerpt":{"rendered":"<p>El Pa\u00eds Vasco\u00a0es un enclave natural que fascina a cualquiera que visite la tierra. Una de sus provincias, la de Guip\u00fazcoa, es la m\u00e1s peque\u00f1a de toda la Pen\u00ednsula. Pero eso no es problema para que encontremos en Zumaia, un&hellip; <br \/><a class=\"read-more-button\" href=\"https:\/\/www.casasrurales.net\/blog\/una-escapada-por-zumaia\">Leer m\u00e1s<\/a><\/p>\n","protected":false},"author":1,"featured_media":3180,"comment_status":"open","ping_status":"open","sticky":false,"template":"","format":"standard","meta":[],"categories":[11],"tags":[44],"_links":{"self":[{"href":"https:\/\/www.casasrurales.net\/blog\/wp-json\/wp\/v2\/posts\/3175"}],"collection":[{"href":"https:\/\/www.casasrurales.net\/blog\/wp-json\/wp\/v2\/posts"}],"about":[{"href":"https:\/\/www.casasrurales.net\/blog\/wp-json\/wp\/v2\/types\/post"}],"author":[{"embeddable":true,"href":"https:\/\/www.casasrurales.net\/blog\/wp-json\/wp\/v2\/users\/1"}],"replies":[{"embeddable":true,"href":"https:\/\/www.casasrurales.net\/blog\/wp-json\/wp\/v2\/comments?post=3175"}],"version-history":[{"count":4,"href":"https:\/\/www.casasrurales.net\/blog\/wp-json\/wp\/v2\/posts\/3175\/revisions"}],"predecessor-version":[{"id":12016,"href":"https:\/\/www.casasrurales.net\/blog\/wp-json\/wp\/v2\/posts\/3175\/revisions\/12016"}],"wp:featuredmedia":[{"embeddable":true,"href":"https:\/\/www.casasrurales.net\/blog\/wp-json\/wp\/v2\/media\/3180"}],"wp:attachment":[{"href":"https:\/\/www.casasrurales.net\/blog\/wp-json\/wp\/v2\/media?parent=3175"}],"wp:term":[{"taxonomy":"category","embeddable":true,"href":"https:\/\/www.casasrurales.net\/blog\/wp-json\/wp\/v2\/categories?post=3175"},{"taxonomy":"post_tag","embeddable":true,"href":"https:\/\/www.casasrurales.net\/blog\/wp-json\/wp\/v2\/tags?post=3175"}],"curies":[{"name":"wp","href":"https:\/\/api.w.org\/{rel}","templated":true}]}}