
{"id":2380,"date":"2017-04-13T10:00:30","date_gmt":"2017-04-13T10:00:30","guid":{"rendered":"https:\/\/www.casasrurales.net\/blog\/?p=2380"},"modified":"2017-06-21T14:26:40","modified_gmt":"2017-06-21T14:26:40","slug":"ruta-de-los-pueblos-negros","status":"publish","type":"post","link":"https:\/\/www.casasrurales.net\/blog\/ruta-de-los-pueblos-negros","title":{"rendered":"Ruta de los pueblos negros"},"content":{"rendered":"<p>Si en Andaluc\u00eda existe <em>la Ruta de los Pueblos Blancos<\/em>, a la que ya hemos hecho menci\u00f3n, en <strong>Guadalajara<\/strong> tenemos <em><strong>la Ruta de los Pueblos Negros<\/strong><\/em>, otro itinerario que muestra la peculiaridad de un conjunto de poblaciones donde <strong>la pizarra y la piedra de color oscuro, le aportan una apariencia muy original.<\/strong><\/p>\n<p>Caprichos de la naturaleza\u00a0que aprovecharon las antiguas comunidades para la construcci\u00f3n de las viviendas que har\u00e1n de este conjunto de espacios, una de las rutas m\u00e1s bonitas que podr\u00e1s ver.<\/p>\n<p>No podemos dejar de lado la espectacularidad de los espacios verdes con los que contrasta la<strong> Arquitectura Negra,<\/strong> que provienen del <strong>Parque Natural del Hayedo de Tejeda Negra<\/strong>, uno de los m\u00e1s bonitos que podr\u00e1s disfrutar.<\/p>\n<p>Si eres de esos a los que les gusta hacer <strong>senderismo, montar en bici o disfrutar de la monta\u00f1a<\/strong>, sin duda <strong>\u00e9sta es una ruta perfecta<\/strong> para ti. \u00c9chale un ojo a <a href=\"https:\/\/www.casasrurales.net\/casas-rurales\/guadalajara\">las joyas que forman este recorrido en Guadalajara<\/a>, y prep\u00e1rate para alucinar con sus paisajes.<\/p>\n<h2><span style=\"text-decoration: underline;\"><strong>CAMPILLEJO<\/strong><\/span><\/h2>\n<div id=\"attachment_2382\" style=\"width: 650px\" class=\"wp-caption aligncenter\"><a href=\"https:\/\/cdn1.es.casasrurales.net\/blog\/wp-content\/emp\/blogcasas\/2017\/04\/santiago-lopez-pastor-FLICKR.jpg\"><img aria-describedby=\"caption-attachment-2382\" class=\"size-full wp-image-2382\" src=\"https:\/\/cdn1.es.casasrurales.net\/blog\/wp-content\/emp\/blogcasas\/2017\/04\/santiago-lopez-pastor-FLICKR.jpg\" alt=\"santiago lopez-pastor-FLICKR\" width=\"640\" height=\"480\" srcset=\"https:\/\/cdn1.es.casasrurales.net\/blog\/wp-content\/emp\/blogcasas\/2017\/04\/santiago-lopez-pastor-FLICKR.jpg 640w, https:\/\/cdn1.es.casasrurales.net\/blog\/wp-content\/emp\/blogcasas\/2017\/04\/santiago-lopez-pastor-FLICKR-300x225.jpg 300w, https:\/\/cdn1.es.casasrurales.net\/blog\/wp-content\/emp\/blogcasas\/2017\/04\/santiago-lopez-pastor-FLICKR-156x117.jpg 156w\" sizes=\"(max-width: 640px) 100vw, 640px\" \/><\/a><p id=\"caption-attachment-2382\" class=\"wp-caption-text\">santiago lopez-pastor-FLICKR<\/p><\/div>\n<p>Es una peque\u00f1a aldea en la que la originalidad se respira por todas partes. Su entramado, de<strong> callejones estrechos<\/strong> y empedrados, los componen las fachadas de <strong>casas de baja altura<\/strong>, que se han hecho con amplias lascas de pizarra.<\/p>\n<p>Todo esto, rodeado de la m\u00e1s intensa <strong>vegetaci\u00f3n<\/strong>, hacen que sea uno de los pueblos m\u00e1s visitados.<\/p>\n<p>&nbsp;<\/p>\n<h2><span style=\"text-decoration: underline;\"><strong>EL ESPINAR<\/strong><\/span><\/h2>\n<p>Tiene una de las m\u00e1s impresionantes vistas de la zona, contando con una ubicaci\u00f3n ideal para los que no tienen v\u00e9rtigo, que<strong> se localiza sobre una colina<\/strong> que parece precipitarse al vac\u00edo.<\/p>\n<p>En el casco urbano, sus<strong> casas oscuras con amplios tejados<\/strong> van formando las calles que os llevar\u00e1n hasta la zona de la iglesia, una de las reliquias de su casco urbano.<\/p>\n<p>&nbsp;<\/p>\n<h2><span style=\"text-decoration: underline;\"><strong>ROBLELUENGO<\/strong><\/span><\/h2>\n<p>Con un invitado de excepci\u00f3n que es el<strong> Pico Ocej\u00f3n,<\/strong> de quien se sit\u00faa justo al lado, nos encontramos con una aldea que <strong>forma parte de Campillo de Ranas<\/strong>, y que cuenta con la peculiaridad de que es uno de los que m\u00e1s huertos tiene en su entramado.<\/p>\n<p>Adem\u00e1s, se destaca<strong> en todo su casco urbano la iglesia, y tambi\u00e9n su plaza<\/strong>, que son puntos neur\u00e1lgicos de actividad para los habitantes. Los <strong>robles<\/strong> acompa\u00f1ar\u00e1n vuestra visita dejando la mejor panor\u00e1mica hacia el horizonte.<\/p>\n<p>&nbsp;<\/p>\n<h2><u>MAJAELRAYO<\/u><\/h2>\n<div id=\"attachment_2381\" style=\"width: 650px\" class=\"wp-caption aligncenter\"><a href=\"https:\/\/cdn1.es.casasrurales.net\/blog\/wp-content\/emp\/blogcasas\/2017\/04\/santiago-lopez-FLICKR.jpg\"><img aria-describedby=\"caption-attachment-2381\" class=\"size-full wp-image-2381\" src=\"https:\/\/cdn1.es.casasrurales.net\/blog\/wp-content\/emp\/blogcasas\/2017\/04\/santiago-lopez-FLICKR.jpg\" alt=\"santiago lopez-FLICKR\" width=\"640\" height=\"408\" srcset=\"https:\/\/cdn1.es.casasrurales.net\/blog\/wp-content\/emp\/blogcasas\/2017\/04\/santiago-lopez-FLICKR.jpg 640w, https:\/\/cdn1.es.casasrurales.net\/blog\/wp-content\/emp\/blogcasas\/2017\/04\/santiago-lopez-FLICKR-300x191.jpg 300w\" sizes=\"(max-width: 640px) 100vw, 640px\" \/><\/a><p id=\"caption-attachment-2381\" class=\"wp-caption-text\">santiago lopez-FLICKR<\/p><\/div>\n<p>Tambi\u00e9n tiene una vista privilegiada del Pico Ocej\u00f3n, y su casco urbano se desarrolla<strong> a casi 2.000 metros de altitud<\/strong>, donde la<strong> sierra de Ayll\u00f3n<\/strong> crea un paraje incomparable.<\/p>\n<p>Las casas tienen <strong>estructura en piedra pizarra oscura,<\/strong> que se mezcla con la madera presente en balcones y vallas que delimitan cada terreno.<\/p>\n<p>&nbsp;<\/p>\n<h2><span style=\"text-decoration: underline;\"><strong>CAMPILLO DE RANAS<\/strong><\/span><\/h2>\n<p>A poco m\u00e1s de <strong>60 kil\u00f3metros del centro de Guadalajara<\/strong>, nos encontramos con este municipio en el que las muestras de la Arquitectura Negra pueden verse desde el primer momento.<\/p>\n<p>Se encuentra <strong>a m\u00e1s de 1.000 metros,<\/strong> por lo que su fotograf\u00eda es impresionante. En el casco urbano adem\u00e1s, destacamos la <strong>iglesia parroquial,<\/strong> que es una de las joyas que guarda su entramado, donde las casas disponen de la tradicional estructura, con<strong> corrales y huertos.<\/strong><\/p>\n<p>&nbsp;<\/p>\n<h2><span style=\"text-decoration: underline;\"><strong>ROBLELACASA<\/strong><\/span><\/h2>\n<div id=\"attachment_2383\" style=\"width: 650px\" class=\"wp-caption aligncenter\"><a href=\"https:\/\/cdn1.es.casasrurales.net\/blog\/wp-content\/emp\/blogcasas\/2017\/04\/jacinta-lluch-valero-FLICKR.jpg\"><img aria-describedby=\"caption-attachment-2383\" class=\"size-full wp-image-2383\" src=\"https:\/\/cdn1.es.casasrurales.net\/blog\/wp-content\/emp\/blogcasas\/2017\/04\/jacinta-lluch-valero-FLICKR.jpg\" alt=\"jacinta lluch valero-FLICKR\" width=\"640\" height=\"480\" srcset=\"https:\/\/cdn1.es.casasrurales.net\/blog\/wp-content\/emp\/blogcasas\/2017\/04\/jacinta-lluch-valero-FLICKR.jpg 640w, https:\/\/cdn1.es.casasrurales.net\/blog\/wp-content\/emp\/blogcasas\/2017\/04\/jacinta-lluch-valero-FLICKR-300x225.jpg 300w, https:\/\/cdn1.es.casasrurales.net\/blog\/wp-content\/emp\/blogcasas\/2017\/04\/jacinta-lluch-valero-FLICKR-156x117.jpg 156w\" sizes=\"(max-width: 640px) 100vw, 640px\" \/><\/a><p id=\"caption-attachment-2383\" class=\"wp-caption-text\">jacinta lluch valero-FLICKR<\/p><\/div>\n<p><strong>En plena Sierra de Ayll\u00f3n<\/strong> y muy cerca de los puntos m\u00e1s atractivos de su naturaleza, nos encontramos con una aldea de ensue\u00f1o.<\/p>\n<p>Alrededor de su casco urbano se pueden ver las im\u00e1genes m\u00e1s paradis\u00edacas, como es el caso de las que forman la <strong>Cascada del Aljibe, y el Pico del Ocej\u00f3n<\/strong>, que son dos de los recursos principales que le otorgan un valor paisaj\u00edstico muy elevado.<\/p>\n<p>Si paseas por su casco urbano adem\u00e1s, vas a poder conocer los restos de la<strong> antigua iglesia<\/strong>, que tambi\u00e9n sigue la l\u00ednea constructiva de las casas.<\/p>\n<p>&nbsp;<\/p>\n<h2><span style=\"text-decoration: underline;\"><strong>CABIDA<\/strong><\/span><\/h2>\n<p>El <strong>r\u00edo Berbellido<\/strong> es uno de los recursos naturales de esta adea, por excelencia, aport\u00e1ndole una dosis de naturaleza que hace de la zona, un lugar \u00fanico para visitar.<\/p>\n<p>La <strong>iglesia en honor a su patr\u00f3n, que es San Miguel Arc\u00e1ngel,<\/strong> re\u00fane la principal actividad tur\u00edstica de la zona, que se encuentra a <strong>1.400 metros de altitud,<\/strong> y en plena sierra.<\/p>\n<p>&nbsp;<\/p>\n<h2><span style=\"text-decoration: underline;\"><strong>COLMENAR DE LA SIERRA<\/strong><\/span><\/h2>\n<p>A una hora aproximadamente, del centro de Guadalajara, nos encontramos con la siguiente parada en la Ruta de los Pueblos Negros.<\/p>\n<p>Si has conseguido llegar, debes saber que est\u00e1s<strong> a unos 1.200 metros de altitud,<\/strong> as\u00ed que prepara tu c\u00e1mara y disfruta de las vistas. Aqu\u00ed la paz y la tranquilidad est\u00e1n aseguradas, especialmente en invierno, que<strong> est\u00e1 casi despoblado<\/strong> por lo que, si viajas hasta aqu\u00ed, estar\u00e1s casi solo.<\/p>\n<p>Su afluencia es distinta<strong> en verano,<\/strong> ya que recibe la visita de turistas, especialmente la segunda quincena de agosto, que es cuando se celebran sus<strong> fiestas patronales en honor a San Crist\u00f3bal.<\/strong><\/p>\n<p>&nbsp;<\/p>\n<h2><span style=\"text-decoration: underline;\"><strong>CORRALEJO<\/strong><\/span><\/h2>\n<div id=\"attachment_2384\" style=\"width: 650px\" class=\"wp-caption aligncenter\"><a href=\"https:\/\/cdn1.es.casasrurales.net\/blog\/wp-content\/emp\/blogcasas\/2017\/04\/jacinta-lluch-FLICKR.jpg\"><img aria-describedby=\"caption-attachment-2384\" class=\"size-full wp-image-2384\" src=\"https:\/\/cdn1.es.casasrurales.net\/blog\/wp-content\/emp\/blogcasas\/2017\/04\/jacinta-lluch-FLICKR.jpg\" alt=\"jacinta lluch-FLICKR\" width=\"640\" height=\"324\" srcset=\"https:\/\/cdn1.es.casasrurales.net\/blog\/wp-content\/emp\/blogcasas\/2017\/04\/jacinta-lluch-FLICKR.jpg 640w, https:\/\/cdn1.es.casasrurales.net\/blog\/wp-content\/emp\/blogcasas\/2017\/04\/jacinta-lluch-FLICKR-300x152.jpg 300w\" sizes=\"(max-width: 640px) 100vw, 640px\" \/><\/a><p id=\"caption-attachment-2384\" class=\"wp-caption-text\">jacinta lluch-FLICKR<\/p><\/div>\n<p><strong>Uno de los pueblos m\u00e1s peque\u00f1os que hayas visto<\/strong> en la vida. Eso seguro. Aunque no significa que se pierda la magia.<\/p>\n<p>De hecho es al contrario, ya que, como pasaba en el anterior, su poca poblaci\u00f3n har\u00e1 que el descanso y la desconexi\u00f3n sean posibles, disfrutando adem\u00e1s, de la naturaleza m\u00e1s caracter\u00edstica.<\/p>\n<p>El punto neur\u00e1lgico lo ocupa<strong> la Plaza Mayor, a partir de la que salen las dos calles principales<\/strong> del pueblo.<\/p>\n<p>&nbsp;<\/p>\n<h2><span style=\"text-decoration: underline;\"><strong>BOC\u00cdGANO<\/strong><\/span><\/h2>\n<p>Enclavado<strong> entre valles visitados por dos de los arroyos m\u00e1s importantes<\/strong> de la zona, que son Butar y Berbellido, este pueblo invita a respirar aire fresco, y conocer su naturaleza de primera mano.<\/p>\n<p>Su casco urbano es uno de los m\u00e1s interesantes en esta ruta, donde vas a poder conocer el antiguo<strong> Monasterio Cisterciense del Real Sitio de Santuy<\/strong>, y descubrir la esencia de esta zona.<\/p>\n<p>Tambi\u00e9n merece la pena visitar la<strong> iglesia de Santa Mar\u00eda la Blanca;<\/strong> as\u00ed como conocer su folklore, que tiene su m\u00e1xima expresi\u00f3n durante las <strong>fiestas de San Miguel Arc\u00e1ngel<\/strong>, en agosto.<\/p>\n<p>&nbsp;<\/p>\n<h2><span style=\"text-decoration: underline;\"><strong>EL CARDOSO DE LA SIERRA<\/strong><\/span><\/h2>\n<div id=\"attachment_2385\" style=\"width: 650px\" class=\"wp-caption aligncenter\"><a href=\"https:\/\/cdn1.es.casasrurales.net\/blog\/wp-content\/emp\/blogcasas\/2017\/04\/pegatina1-FLICKR.jpg\"><img aria-describedby=\"caption-attachment-2385\" class=\"size-full wp-image-2385\" src=\"https:\/\/cdn1.es.casasrurales.net\/blog\/wp-content\/emp\/blogcasas\/2017\/04\/pegatina1-FLICKR.jpg\" alt=\"pegatina1-FLICKR\" width=\"640\" height=\"425\" srcset=\"https:\/\/cdn1.es.casasrurales.net\/blog\/wp-content\/emp\/blogcasas\/2017\/04\/pegatina1-FLICKR.jpg 640w, https:\/\/cdn1.es.casasrurales.net\/blog\/wp-content\/emp\/blogcasas\/2017\/04\/pegatina1-FLICKR-300x199.jpg 300w, https:\/\/cdn1.es.casasrurales.net\/blog\/wp-content\/emp\/blogcasas\/2017\/04\/pegatina1-FLICKR-320x213.jpg 320w\" sizes=\"(max-width: 640px) 100vw, 640px\" \/><\/a><p id=\"caption-attachment-2385\" class=\"wp-caption-text\">pegatina1-FLICKR<\/p><\/div>\n<p>Este municipio es la <strong>cuna del Jarama, y el Jaramilla<\/strong>, que son los r\u00edos m\u00e1s importantes de la comarca, y que dejan a su paso la vegetaci\u00f3n m\u00e1s agradable de la que disfrutar.<\/p>\n<p><strong>Ciervos, zorros, corzos o \u00e1guilas reales<\/strong>, son algunos de los habitantes que vas a encontrar en esta zona qu<strong>e est\u00e1 a 1.275 metros de altitud,<\/strong> y que cuenta en su casco urbano, con un sinf\u00edn de puntos del <strong>patrimonio<\/strong> que merecen la pena explorar, como por ejemplo la<strong> iglesia de Santiago Ap\u00f3stol, o la Fuente Malilla<\/strong>, que es la m\u00e1s antigua de la zona.<\/p>\n","protected":false},"excerpt":{"rendered":"<p>Si en Andaluc\u00eda existe la Ruta de los Pueblos Blancos, a la que ya hemos hecho menci\u00f3n, en Guadalajara tenemos la Ruta de los Pueblos Negros, otro itinerario que muestra la peculiaridad de un conjunto de poblaciones donde la pizarra&hellip; <br \/><a class=\"read-more-button\" href=\"https:\/\/www.casasrurales.net\/blog\/ruta-de-los-pueblos-negros\">Leer m\u00e1s<\/a><\/p>\n","protected":false},"author":6,"featured_media":2386,"comment_status":"open","ping_status":"open","sticky":false,"template":"","format":"standard","meta":[],"categories":[13],"tags":[],"_links":{"self":[{"href":"https:\/\/www.casasrurales.net\/blog\/wp-json\/wp\/v2\/posts\/2380"}],"collection":[{"href":"https:\/\/www.casasrurales.net\/blog\/wp-json\/wp\/v2\/posts"}],"about":[{"href":"https:\/\/www.casasrurales.net\/blog\/wp-json\/wp\/v2\/types\/post"}],"author":[{"embeddable":true,"href":"https:\/\/www.casasrurales.net\/blog\/wp-json\/wp\/v2\/users\/6"}],"replies":[{"embeddable":true,"href":"https:\/\/www.casasrurales.net\/blog\/wp-json\/wp\/v2\/comments?post=2380"}],"version-history":[{"count":2,"href":"https:\/\/www.casasrurales.net\/blog\/wp-json\/wp\/v2\/posts\/2380\/revisions"}],"predecessor-version":[{"id":2480,"href":"https:\/\/www.casasrurales.net\/blog\/wp-json\/wp\/v2\/posts\/2380\/revisions\/2480"}],"wp:featuredmedia":[{"embeddable":true,"href":"https:\/\/www.casasrurales.net\/blog\/wp-json\/wp\/v2\/media\/2386"}],"wp:attachment":[{"href":"https:\/\/www.casasrurales.net\/blog\/wp-json\/wp\/v2\/media?parent=2380"}],"wp:term":[{"taxonomy":"category","embeddable":true,"href":"https:\/\/www.casasrurales.net\/blog\/wp-json\/wp\/v2\/categories?post=2380"},{"taxonomy":"post_tag","embeddable":true,"href":"https:\/\/www.casasrurales.net\/blog\/wp-json\/wp\/v2\/tags?post=2380"}],"curies":[{"name":"wp","href":"https:\/\/api.w.org\/{rel}","templated":true}]}}