
{"id":1999,"date":"2020-10-09T12:11:49","date_gmt":"2020-10-09T12:11:49","guid":{"rendered":"https:\/\/www.casasrurales.net\/blog\/?p=1999"},"modified":"2020-10-09T12:11:29","modified_gmt":"2020-10-09T12:11:29","slug":"los-20-pueblos-mas-bonitos-de-navarra","status":"publish","type":"post","link":"https:\/\/www.casasrurales.net\/blog\/los-20-pueblos-mas-bonitos-de-navarra","title":{"rendered":"Los 20 pueblos m\u00e1s bonitos de Navarra"},"content":{"rendered":"<p>Imagina un <strong>escenario de bosques<\/strong>, de paisajes protegidos por las altas monta\u00f1as, verdes llanuras y<strong> r\u00edos de colores sorprendentes.<\/strong> Imagina castillos y cuevas abrigando los pueblos con m\u00e1s historia, <strong>naturaleza en estado puro y tradici\u00f3n<\/strong>.<\/p>\n<p><strong>Imagina Navarra.<\/strong><\/p>\n<p>Y es que mucho m\u00e1s all\u00e1 de los <strong>Sanfermines<\/strong>, que son sin duda el sello de indentidad de la zona, existen incontables rincones en los que merece la pena perderse.<\/p>\n<p>Ya sab\u00e9is de sobra que no podemos estar quietos, y que nuestro af\u00e1n aventurero nos ha llevado a descubrir <strong>alguno de los pueblos m\u00e1s bonitos de Navarra<\/strong>, aunque estamos seguros de que no todos.<\/p>\n<p>Hoy te vamos a descubrir alguna de estas <a href=\"https:\/\/www.casasrurales.net\/casas-rurales\/navarra\">joyas que tienes que visitar<\/a>.<\/p>\n<p>Abre el mapa, saca el l\u00e1piz y apunta. \u00a1Te vamos a dejar con la boca abierta!<\/p>\n<p>&nbsp;<\/p>\n<h2>Olite<\/h2>\n<div id=\"attachment_2003\" style=\"width: 650px\" class=\"wp-caption aligncenter\"><a href=\"https:\/\/cdn1.es.casasrurales.net\/blog\/wp-content\/emp\/blogcasas\/2016\/11\/Albert-Torrell\u00f3-FLICKR.jpg\"><img aria-describedby=\"caption-attachment-2003\" class=\"size-full wp-image-2003\" src=\"https:\/\/cdn1.es.casasrurales.net\/blog\/wp-content\/emp\/blogcasas\/2016\/11\/Albert-Torrell\u00f3-FLICKR.jpg\" alt=\"Albert Torrell\u00f3-FLICKR\" width=\"640\" height=\"426\" srcset=\"https:\/\/cdn1.es.casasrurales.net\/blog\/wp-content\/emp\/blogcasas\/2016\/11\/Albert-Torrell\u00f3-FLICKR.jpg 640w, https:\/\/cdn1.es.casasrurales.net\/blog\/wp-content\/emp\/blogcasas\/2016\/11\/Albert-Torrell\u00f3-FLICKR-300x200.jpg 300w, https:\/\/cdn1.es.casasrurales.net\/blog\/wp-content\/emp\/blogcasas\/2016\/11\/Albert-Torrell\u00f3-FLICKR-320x213.jpg 320w\" sizes=\"(max-width: 640px) 100vw, 640px\" \/><\/a><p id=\"caption-attachment-2003\" class=\"wp-caption-text\">Albert Torrell\u00f3-FLICKR<\/p><\/div>\n<p>El reinado de Carlos III fue sin duda, el comienzo del esplendor de este pueblo, que vio como su panor\u00e1mica comenzaba a cambiar, llegando a adquirir\u00a0una belleza que dura hasta d\u00eda de hoy.<\/p>\n<p>Sin duda, uno de los papeles protagonistas lo juega el <strong>Palacio Real<\/strong>, que en la \u00e9poca fue <strong>uno de los m\u00e1s bonitos y reconocidos<\/strong> incluso fuera de la Pen\u00ednsula.<\/p>\n<p>Es un pueblo medieval en el que parece haberse detenido el tiempo, y haber atrapado tambi\u00e9n las construcciones que lo forman, como es el caso de las <strong>iglesias de Santa Mar\u00eda la Real, y San Pedro<\/strong>.<\/p>\n<h2><strong>Estella<\/strong><\/h2>\n<div id=\"attachment_8526\" style=\"width: 810px\" class=\"wp-caption aligncenter\"><img aria-describedby=\"caption-attachment-8526\" class=\"size-full wp-image-8526\" src=\"https:\/\/cdn1.es.casasrurales.net\/blog\/wp-content\/emp\/blogcasas\/2017\/09\/santiago-lopez-pastor-FLICKR.jpg\" alt=\"santiago lopez-pastor-FLICKR\" width=\"800\" height=\"600\" srcset=\"https:\/\/cdn1.es.casasrurales.net\/blog\/wp-content\/emp\/blogcasas\/2017\/09\/santiago-lopez-pastor-FLICKR.jpg 800w, https:\/\/cdn1.es.casasrurales.net\/blog\/wp-content\/emp\/blogcasas\/2017\/09\/santiago-lopez-pastor-FLICKR-300x225.jpg 300w, https:\/\/cdn1.es.casasrurales.net\/blog\/wp-content\/emp\/blogcasas\/2017\/09\/santiago-lopez-pastor-FLICKR-768x576.jpg 768w, https:\/\/cdn1.es.casasrurales.net\/blog\/wp-content\/emp\/blogcasas\/2017\/09\/santiago-lopez-pastor-FLICKR-156x117.jpg 156w\" sizes=\"(max-width: 800px) 100vw, 800px\" \/><p id=\"caption-attachment-8526\" class=\"wp-caption-text\">santiago lopez-pastor-FLICKR<\/p><\/div>\n<p><strong><span class=\"amp-wp-inline-19abe3af762e36598d015ac55f6ba803\">Estella<\/span><\/strong>\u00a0es un <strong><a href=\"https:\/\/www.casasrurales.net\/casas-rurales\/navarra\/estella-lizarra\">pueblo monumental<\/a><\/strong> de <strong>calles medievales y arquitectura rom\u00e1nica<\/strong>. El<strong> Palacio de los Reyes de Navarra<\/strong> es testigo involuntario del trasiego de miles de peregrinos al atravesar tierras navarras. Imprescindible es tambi\u00e9n<strong> el puente de la C\u00e1rcel sobre el r\u00edo Ega<\/strong>, rodeado de coquetas casitas.<\/p>\n<h2>Ochagav\u00eda<\/h2>\n<div id=\"attachment_2001\" style=\"width: 650px\" class=\"wp-caption aligncenter\"><a href=\"https:\/\/cdn1.es.casasrurales.net\/blog\/wp-content\/emp\/blogcasas\/2016\/11\/Turol-Jones-FLICKR.jpg\"><img aria-describedby=\"caption-attachment-2001\" class=\"size-full wp-image-2001\" src=\"https:\/\/cdn1.es.casasrurales.net\/blog\/wp-content\/emp\/blogcasas\/2016\/11\/Turol-Jones-FLICKR.jpg\" alt=\"Turol Jones-FLICKR\" width=\"640\" height=\"360\" srcset=\"https:\/\/cdn1.es.casasrurales.net\/blog\/wp-content\/emp\/blogcasas\/2016\/11\/Turol-Jones-FLICKR.jpg 640w, https:\/\/cdn1.es.casasrurales.net\/blog\/wp-content\/emp\/blogcasas\/2016\/11\/Turol-Jones-FLICKR-300x169.jpg 300w\" sizes=\"(max-width: 640px) 100vw, 640px\" \/><\/a><p id=\"caption-attachment-2001\" class=\"wp-caption-text\">Turol Jones-FLICKR<\/p><\/div>\n<p>Sin duda, aqu\u00ed la c\u00e1mara podr\u00e1 captar una de las mejores panor\u00e1micas de la zona. Este pueblo no entiende de perfiles malos, ni de filtros.<\/p>\n<p>Con la eterna compa\u00f1\u00eda del perfil que forma el <strong>Pirineo navarro<\/strong>, el pueblo se resuelve en <strong>calles empedradas<\/strong> y casas que conservan la esencia de anta\u00f1o y cuentan con la originalidad de sus materiales, y de su historia.<\/p>\n<p>En el casco urbano adem\u00e1s, <strong>las casas se disponen a lo largo de su r\u00edo<\/strong>, que ba\u00f1a la estampa de tejados rojizos, en pico y de poca altura.<\/p>\n<p>Como colof\u00f3n, su <strong>puente medieval y la iglesia construida en piedra<\/strong> que ponen el broche de oro.<\/p>\n<h2><strong>Lesaka<\/strong><\/h2>\n<div id=\"attachment_8527\" style=\"width: 810px\" class=\"wp-caption aligncenter\"><img aria-describedby=\"caption-attachment-8527\" class=\"size-full wp-image-8527\" src=\"https:\/\/cdn1.es.casasrurales.net\/blog\/wp-content\/emp\/blogcasas\/2017\/09\/Batto0-FLICKR-1.jpg\" alt=\"Batto0-FLICKR\" width=\"800\" height=\"569\" srcset=\"https:\/\/cdn1.es.casasrurales.net\/blog\/wp-content\/emp\/blogcasas\/2017\/09\/Batto0-FLICKR-1.jpg 800w, https:\/\/cdn1.es.casasrurales.net\/blog\/wp-content\/emp\/blogcasas\/2017\/09\/Batto0-FLICKR-1-300x213.jpg 300w, https:\/\/cdn1.es.casasrurales.net\/blog\/wp-content\/emp\/blogcasas\/2017\/09\/Batto0-FLICKR-1-768x546.jpg 768w\" sizes=\"(max-width: 800px) 100vw, 800px\" \/><p id=\"caption-attachment-8527\" class=\"wp-caption-text\">Batto0-FLICKR<\/p><\/div>\n<p><span class=\"amp-wp-inline-19abe3af762e36598d015ac55f6ba803\"><strong>Lesaka<\/strong><\/span>\u00a0es el <strong><a href=\"https:\/\/www.casasrurales.net\/casas-rurales\/navarra\/lesaca-lesaka\">pueblo m\u00e1s urbano<\/a><\/strong> de la<strong> comarca de Cinco Villas,<\/strong> a la que pertenece junto a otros cuatro municipios. Su car\u00e1cter rural de anta\u00f1o ha ido perdi\u00e9ndose paulatinamente hasta convertirse en <strong>uno de los principales focos industriales<\/strong> de la zona. En la villa conviven<strong> elegantes edificios<\/strong> con <strong>construcciones hist\u00f3ricas<\/strong>, como la<strong> iglesia de San Mart\u00edn de Tours<\/strong>, y numerosas <strong>casas-torres medievales,<\/strong> como Zabaleta.<\/p>\n<h2>Roncesvalles<\/h2>\n<p>Si hay un pueblo por excelencia que deba recibir la denominaci\u00f3n de hist\u00f3rico, ese es Roncesvalles.<\/p>\n<div id=\"attachment_2005\" style=\"width: 650px\" class=\"wp-caption aligncenter\"><a href=\"https:\/\/cdn1.es.casasrurales.net\/blog\/wp-content\/emp\/blogcasas\/2016\/11\/Henri-Bergius-FLICKR.jpg\"><img aria-describedby=\"caption-attachment-2005\" class=\"size-full wp-image-2005\" src=\"https:\/\/cdn1.es.casasrurales.net\/blog\/wp-content\/emp\/blogcasas\/2016\/11\/Henri-Bergius-FLICKR.jpg\" alt=\"Henri Bergius-FLICKR\" width=\"640\" height=\"480\" srcset=\"https:\/\/cdn1.es.casasrurales.net\/blog\/wp-content\/emp\/blogcasas\/2016\/11\/Henri-Bergius-FLICKR.jpg 640w, https:\/\/cdn1.es.casasrurales.net\/blog\/wp-content\/emp\/blogcasas\/2016\/11\/Henri-Bergius-FLICKR-300x225.jpg 300w, https:\/\/cdn1.es.casasrurales.net\/blog\/wp-content\/emp\/blogcasas\/2016\/11\/Henri-Bergius-FLICKR-156x117.jpg 156w\" sizes=\"(max-width: 640px) 100vw, 640px\" \/><\/a><p id=\"caption-attachment-2005\" class=\"wp-caption-text\">Henri Bergius-FLICKR<\/p><\/div>\n<p>En su postal, el protagonismo absoluto se lo lleva el <strong>paisaje forestal<\/strong> que viene por su situaci\u00f3n geogr\u00e1fica, en el Pirineo navarro, por lo que <strong>es una joya de la naturaleza.<\/strong><\/p>\n<p>Tras la derrota de <strong>Carlomagno<\/strong>, son muchos los motivos por los que es uno de los pueblos m\u00e1s bonitos. Entre otros, que es uno de los <strong>puntos de paso del Camino de Santiago.<\/strong><\/p>\n<p>Su iglesia de piedra, la <strong>Colegiata de Orreaga<\/strong>, y las antiguas danzas en honor a la <strong>Virgen de Muskilda<\/strong> son algunos elementos culturales que han hecho ganarse a pulso su puesto a la cabeza de la lista.<\/p>\n<h2><strong>Sang\u00fcesa<\/strong><\/h2>\n<div id=\"attachment_8528\" style=\"width: 810px\" class=\"wp-caption aligncenter\"><img aria-describedby=\"caption-attachment-8528\" class=\"size-full wp-image-8528\" src=\"https:\/\/cdn1.es.casasrurales.net\/blog\/wp-content\/emp\/blogcasas\/2017\/09\/Brian-Adamson-FLICKR.jpg\" alt=\"Brian Adamson-FLICKR\" width=\"800\" height=\"600\" srcset=\"https:\/\/cdn1.es.casasrurales.net\/blog\/wp-content\/emp\/blogcasas\/2017\/09\/Brian-Adamson-FLICKR.jpg 800w, https:\/\/cdn1.es.casasrurales.net\/blog\/wp-content\/emp\/blogcasas\/2017\/09\/Brian-Adamson-FLICKR-300x225.jpg 300w, https:\/\/cdn1.es.casasrurales.net\/blog\/wp-content\/emp\/blogcasas\/2017\/09\/Brian-Adamson-FLICKR-768x576.jpg 768w, https:\/\/cdn1.es.casasrurales.net\/blog\/wp-content\/emp\/blogcasas\/2017\/09\/Brian-Adamson-FLICKR-156x117.jpg 156w\" sizes=\"(max-width: 800px) 100vw, 800px\" \/><p id=\"caption-attachment-8528\" class=\"wp-caption-text\">Brian Adamson-FLICKR<\/p><\/div>\n<p>Cada rinc\u00f3n de\u00a0<span class=\"amp-wp-inline-19abe3af762e36598d015ac55f6ba803\"><strong>Sang\u00fcesa<\/strong><\/span>\u00a0<strong><a href=\"https:\/\/www.casasrurales.net\/casas-rurales\/navarra\/sanguesa\">desborda historia<\/a><\/strong>. De hecho, se suele decir que este municipio alberga<strong> un monumento en cada calle.<\/strong> Destaca el <strong>Castillo de San Javier<\/strong> y el <strong>monasterio de San Salvador de Leire.<\/strong> Igual de imprescindible es la <strong>iglesia de Santa Mar\u00eda la Real<\/strong> o la gastronom\u00eda del lugar, donde predominan <strong>el queso, las carnes de caza o las setas.<\/strong><\/p>\n<h2>Uju\u00e9<\/h2>\n<p>Uno de los pueblos m\u00e1s tranquilos y bonitos que hemos visitado.<\/p>\n<div id=\"attachment_2006\" style=\"width: 650px\" class=\"wp-caption aligncenter\"><a href=\"https:\/\/cdn1.es.casasrurales.net\/blog\/wp-content\/emp\/blogcasas\/2016\/11\/Ignorant-Walking-FLICKR.jpg\"><img aria-describedby=\"caption-attachment-2006\" class=\"size-full wp-image-2006\" src=\"https:\/\/cdn1.es.casasrurales.net\/blog\/wp-content\/emp\/blogcasas\/2016\/11\/Ignorant-Walking-FLICKR.jpg\" alt=\"Ignorant Walking-FLICKR\" width=\"640\" height=\"486\" srcset=\"https:\/\/cdn1.es.casasrurales.net\/blog\/wp-content\/emp\/blogcasas\/2016\/11\/Ignorant-Walking-FLICKR.jpg 640w, https:\/\/cdn1.es.casasrurales.net\/blog\/wp-content\/emp\/blogcasas\/2016\/11\/Ignorant-Walking-FLICKR-300x228.jpg 300w, https:\/\/cdn1.es.casasrurales.net\/blog\/wp-content\/emp\/blogcasas\/2016\/11\/Ignorant-Walking-FLICKR-156x117.jpg 156w\" sizes=\"(max-width: 640px) 100vw, 640px\" \/><\/a><p id=\"caption-attachment-2006\" class=\"wp-caption-text\">Ignorant Walking-FLICKR<\/p><\/div>\n<p>Una de las cosas que enganchan es su situaci\u00f3n, e<strong>n la parte m\u00e1s alta de una meseta<\/strong>, y actuando casi como pueblo-mirador hacia las zonas m\u00e1s bajas de su perfil.<\/p>\n<p>El colof\u00f3n lo pone el <strong>Santuario- Fortaleza en honor a Santa Mar\u00eda<\/strong>, que es vigilante de excepci\u00f3n del resto del pueblo, que se forma a sus pies.<\/p>\n<p>La sierra es de quien recibe nombre este pueblo en el que n<strong>o hay m\u00e1s de 200 habitantes<\/strong> durante todo el a\u00f1o, lo que proporciona una calma como en pocos lugares existe.<\/p>\n<p>Un remanso de paz <strong>a poco m\u00e1s de 50 kil\u00f3metros de Pamplona<\/strong>.<\/p>\n<h2><strong>Tafalla<\/strong><\/h2>\n<div id=\"attachment_8529\" style=\"width: 809px\" class=\"wp-caption aligncenter\"><img aria-describedby=\"caption-attachment-8529\" class=\"size-full wp-image-8529\" src=\"https:\/\/cdn1.es.casasrurales.net\/blog\/wp-content\/emp\/blogcasas\/2017\/09\/thierry-llansades-FLICKR.jpg\" alt=\"thierry llansades-FLICKR\" width=\"799\" height=\"533\" srcset=\"https:\/\/cdn1.es.casasrurales.net\/blog\/wp-content\/emp\/blogcasas\/2017\/09\/thierry-llansades-FLICKR.jpg 799w, https:\/\/cdn1.es.casasrurales.net\/blog\/wp-content\/emp\/blogcasas\/2017\/09\/thierry-llansades-FLICKR-300x200.jpg 300w, https:\/\/cdn1.es.casasrurales.net\/blog\/wp-content\/emp\/blogcasas\/2017\/09\/thierry-llansades-FLICKR-768x512.jpg 768w, https:\/\/cdn1.es.casasrurales.net\/blog\/wp-content\/emp\/blogcasas\/2017\/09\/thierry-llansades-FLICKR-320x213.jpg 320w\" sizes=\"(max-width: 799px) 100vw, 799px\" \/><p id=\"caption-attachment-8529\" class=\"wp-caption-text\">thierry llansades-FLICKR<\/p><\/div>\n<p>Seg\u00fan la leyenda, T\u00fabal, <strong>primer habitante<\/strong> de la pen\u00ednsula ib\u00e9rica, <strong>fund\u00f3 esta poblaci\u00f3n<\/strong>. De ah\u00ed que una de las calles principales y el restaurante m\u00e1s famoso de\u00a0<strong><a href=\"https:\/\/www.casasrurales.net\/casas-rurales\/navarra\/tafalla\"><span class=\"amp-wp-inline-19abe3af762e36598d015ac55f6ba803\">Tafalla<\/span><\/a><\/strong>\u00a0se denominen as\u00ed. En la parte vieja, destaca la <strong>plaza de los Fueros<\/strong> y tambi\u00e9n la<strong> iglesia de Santa Mar\u00eda<\/strong>. Desde el siglo XV, <strong>cada febrero<\/strong> Tafalla celebra una de las <strong>ferias de ganado<\/strong> m\u00e1s concurridas de Navarra.<\/p>\n<h2>Artajona<\/h2>\n<div id=\"attachment_2002\" style=\"width: 650px\" class=\"wp-caption aligncenter\"><a href=\"https:\/\/cdn1.es.casasrurales.net\/blog\/wp-content\/emp\/blogcasas\/2016\/11\/Albert-Torrello-FLICKR.jpg\"><img aria-describedby=\"caption-attachment-2002\" class=\"size-full wp-image-2002\" src=\"https:\/\/cdn1.es.casasrurales.net\/blog\/wp-content\/emp\/blogcasas\/2016\/11\/Albert-Torrello-FLICKR.jpg\" alt=\"Albert Torrello-FLICKR\" width=\"640\" height=\"480\" srcset=\"https:\/\/cdn1.es.casasrurales.net\/blog\/wp-content\/emp\/blogcasas\/2016\/11\/Albert-Torrello-FLICKR.jpg 640w, https:\/\/cdn1.es.casasrurales.net\/blog\/wp-content\/emp\/blogcasas\/2016\/11\/Albert-Torrello-FLICKR-300x225.jpg 300w, https:\/\/cdn1.es.casasrurales.net\/blog\/wp-content\/emp\/blogcasas\/2016\/11\/Albert-Torrello-FLICKR-156x117.jpg 156w\" sizes=\"(max-width: 640px) 100vw, 640px\" \/><\/a><p id=\"caption-attachment-2002\" class=\"wp-caption-text\">Albert Torrello-FLICKR<\/p><\/div>\n<p>Es uno de los m\u00e1s llamativos de Navarra; concretamente se encuentra dentro de la <strong>comarca de Tafalla<\/strong>, y a unos <strong>30 kil\u00f3metros de Pamplona<\/strong>.<\/p>\n<p>Si hay un elemento que haga reconocible a Artajona, ese es <em><strong>El Cerco,<\/strong><\/em> un conjunto de construcciones que crean una <strong>fortificaci\u00f3n medieval<\/strong>, en piedra, de una belleza inigualable.<\/p>\n<p>Entre sus calles, que cuentan con la piedra como esencia, la estrechez de su entramado da paso a sus monumentos.<\/p>\n<p>Alguno de los m\u00e1s importantes son <strong>la iglesia de San Pedro<\/strong>, y la <strong>ermita de Nuestra Se\u00f1ora de Jerusal\u00e9n<\/strong>.<\/p>\n<h2><strong>Burguete<\/strong><\/h2>\n<div id=\"attachment_8530\" style=\"width: 810px\" class=\"wp-caption aligncenter\"><img aria-describedby=\"caption-attachment-8530\" class=\"size-full wp-image-8530\" src=\"https:\/\/cdn1.es.casasrurales.net\/blog\/wp-content\/emp\/blogcasas\/2017\/09\/Batto0-FLICKR-2.jpg\" alt=\"Batto0-FLICKR\" width=\"800\" height=\"560\" srcset=\"https:\/\/cdn1.es.casasrurales.net\/blog\/wp-content\/emp\/blogcasas\/2017\/09\/Batto0-FLICKR-2.jpg 800w, https:\/\/cdn1.es.casasrurales.net\/blog\/wp-content\/emp\/blogcasas\/2017\/09\/Batto0-FLICKR-2-300x210.jpg 300w, https:\/\/cdn1.es.casasrurales.net\/blog\/wp-content\/emp\/blogcasas\/2017\/09\/Batto0-FLICKR-2-768x538.jpg 768w\" sizes=\"(max-width: 800px) 100vw, 800px\" \/><p id=\"caption-attachment-8530\" class=\"wp-caption-text\">Batto0-FLICKR<\/p><\/div>\n<p>Este enclave del Pirineo navarro <strong>atrap\u00f3 a Ernest Hemingway<\/strong>, tal y como revelan sus escritos. La belleza de sus paisajes invita a la tranquilidad y a disfrutar de la<strong> variedad de rutas senderistas<\/strong> para adentrarse en este rinc\u00f3n privilegiado de la regi\u00f3n. La<strong> iglesia de San Nicol\u00e1s de Bari<\/strong> es su monumento m\u00e1s emblem\u00e1tico y las<strong> truchas, el plato m\u00e1s delicioso<\/strong> que degustar en este lugar.<\/p>\n<h2>Zugarramurdi<\/h2>\n<p>Este municipio merece un hueco en vuestras agendas sin duda, ya que es uno de los m\u00e1s curiosos y de los que m\u00e1s historias y leyendas encierra.<\/p>\n<div id=\"attachment_2009\" style=\"width: 650px\" class=\"wp-caption aligncenter\"><a href=\"https:\/\/cdn1.es.casasrurales.net\/blog\/wp-content\/emp\/blogcasas\/2016\/11\/Mikel-Iturbe-Urretxa-FLICKR.jpg\"><img aria-describedby=\"caption-attachment-2009\" class=\"size-full wp-image-2009\" src=\"https:\/\/cdn1.es.casasrurales.net\/blog\/wp-content\/emp\/blogcasas\/2016\/11\/Mikel-Iturbe-Urretxa-FLICKR.jpg\" alt=\"Mikel Iturbe Urretxa-FLICKR\" width=\"640\" height=\"300\" srcset=\"https:\/\/cdn1.es.casasrurales.net\/blog\/wp-content\/emp\/blogcasas\/2016\/11\/Mikel-Iturbe-Urretxa-FLICKR.jpg 640w, https:\/\/cdn1.es.casasrurales.net\/blog\/wp-content\/emp\/blogcasas\/2016\/11\/Mikel-Iturbe-Urretxa-FLICKR-300x141.jpg 300w\" sizes=\"(max-width: 640px) 100vw, 640px\" \/><\/a><p id=\"caption-attachment-2009\" class=\"wp-caption-text\">Mikel Iturbe Urretxa-FLICKR<\/p><\/div>\n<p>\u00bfQui\u00e9n no ha escuchado <strong>alguna leyenda de brujas que tiene Zugarramurdi<\/strong> como paisaje?<\/p>\n<p>Si hay algo que visitar son<strong> las cuevas<\/strong>, excavadas por la acci\u00f3n del agua del <strong>r\u00edo Olabidea<\/strong>, que cre\u00f3 entre las rocas algunos canales de hasta 3<strong>0 metros de ancho y m\u00e1s de 100 de largo.<\/strong><\/p>\n<p>Pero no todo son cuentos. La realidad es que es un paraje incomparable que merece la pena visitar.<\/p>\n<h2><strong>Roncal<\/strong><\/h2>\n<div id=\"attachment_8531\" style=\"width: 809px\" class=\"wp-caption aligncenter\"><img aria-describedby=\"caption-attachment-8531\" class=\"size-full wp-image-8531\" src=\"https:\/\/cdn1.es.casasrurales.net\/blog\/wp-content\/emp\/blogcasas\/2017\/09\/Esqui-Ando-con-T\u00f2nho-FLICKR.jpg\" alt=\"Esqui-Ando con T\u00f2nho-FLICKR\" width=\"799\" height=\"533\" srcset=\"https:\/\/cdn1.es.casasrurales.net\/blog\/wp-content\/emp\/blogcasas\/2017\/09\/Esqui-Ando-con-T\u00f2nho-FLICKR.jpg 799w, https:\/\/cdn1.es.casasrurales.net\/blog\/wp-content\/emp\/blogcasas\/2017\/09\/Esqui-Ando-con-T\u00f2nho-FLICKR-300x200.jpg 300w, https:\/\/cdn1.es.casasrurales.net\/blog\/wp-content\/emp\/blogcasas\/2017\/09\/Esqui-Ando-con-T\u00f2nho-FLICKR-768x512.jpg 768w, https:\/\/cdn1.es.casasrurales.net\/blog\/wp-content\/emp\/blogcasas\/2017\/09\/Esqui-Ando-con-T\u00f2nho-FLICKR-320x213.jpg 320w\" sizes=\"(max-width: 799px) 100vw, 799px\" \/><p id=\"caption-attachment-8531\" class=\"wp-caption-text\">Esqui-Ando con T\u00f2nho-FLICKR<\/p><\/div>\n<p><strong>Roncal<\/strong> es una de las <strong><a href=\"https:\/\/www.casasrurales.net\/casas-rurales\/navarra\/roncal\">paradas esenciales<\/a><\/strong> si est\u00e1s de visita en el Valle del Roncal. <strong>Localidad natal del tenor Juli\u00e1n Gayarre<\/strong>, en ella sobresale la <strong>parroquia de San Esteban<\/strong> de estilo g\u00f3tico renacentista, que data del <strong>siglo XVI.<\/strong> No desaproveches la oportunidad de<strong> saborear el queso Roncal,<\/strong> pionero en obtener la Denominaci\u00f3n de Origen de Quesos de Espa\u00f1a.<\/p>\n<h2>Elizondo<\/h2>\n<p>La capital del <strong>Valle de Bazt\u00e1n<\/strong> no pod\u00eda faltar en nuestro cuaderno de viajes.<\/p>\n<div id=\"attachment_2007\" style=\"width: 650px\" class=\"wp-caption aligncenter\"><a href=\"https:\/\/cdn1.es.casasrurales.net\/blog\/wp-content\/emp\/blogcasas\/2016\/11\/mertxe-iturrioz-FLICKR.jpg\"><img aria-describedby=\"caption-attachment-2007\" class=\"size-full wp-image-2007\" src=\"https:\/\/cdn1.es.casasrurales.net\/blog\/wp-content\/emp\/blogcasas\/2016\/11\/mertxe-iturrioz-FLICKR.jpg\" alt=\"mertxe iturrioz-FLICKR\" width=\"640\" height=\"480\" srcset=\"https:\/\/cdn1.es.casasrurales.net\/blog\/wp-content\/emp\/blogcasas\/2016\/11\/mertxe-iturrioz-FLICKR.jpg 640w, https:\/\/cdn1.es.casasrurales.net\/blog\/wp-content\/emp\/blogcasas\/2016\/11\/mertxe-iturrioz-FLICKR-300x225.jpg 300w, https:\/\/cdn1.es.casasrurales.net\/blog\/wp-content\/emp\/blogcasas\/2016\/11\/mertxe-iturrioz-FLICKR-156x117.jpg 156w\" sizes=\"(max-width: 640px) 100vw, 640px\" \/><\/a><p id=\"caption-attachment-2007\" class=\"wp-caption-text\">mertxe iturrioz-FLICKR<\/p><\/div>\n<p>Sus calles se dividen a ambos lados del r\u00edo Bazt\u00e1n, que ocupa el centro de las postales y fotograf\u00edas de aquellos que vienen a visitarnos. En las dos zonas adem\u00e1s, la estructura viene de la mano de las <strong>casas se\u00f1oriales,<\/strong> los<strong> palacios<\/strong> y los edificios imponentes.<\/p>\n<p>Por citar algunos, el <strong>palacio de Arizkunenea\u00a0y el de Datue.<\/strong><\/p>\n<p>Al <strong>norte de Navarra<\/strong>, y con un paisaje en el que su casco urbano se mezcla con la naturaleza m\u00e1s pura, esta zona cuenta adem\u00e1s con un <strong>folklore<\/strong> muy arraigado, <em><strong>Baztandarren Biltzarra<\/strong><\/em> es el <strong>conjunto de las danzas y bailes<\/strong> coloridos que tienen lugar en las fiestas que re\u00fanen a todos los pueblos de la comarca.<\/p>\n<h2>Bera de Bidasoa<\/h2>\n<div id=\"attachment_8532\" style=\"width: 809px\" class=\"wp-caption aligncenter\"><img aria-describedby=\"caption-attachment-8532\" class=\"size-full wp-image-8532\" src=\"https:\/\/cdn1.es.casasrurales.net\/blog\/wp-content\/emp\/blogcasas\/2017\/09\/Juan-de-la-Puente-FLICKR.jpg\" alt=\"Juan de la Puente-FLICKR\" width=\"799\" height=\"533\" srcset=\"https:\/\/cdn1.es.casasrurales.net\/blog\/wp-content\/emp\/blogcasas\/2017\/09\/Juan-de-la-Puente-FLICKR.jpg 799w, https:\/\/cdn1.es.casasrurales.net\/blog\/wp-content\/emp\/blogcasas\/2017\/09\/Juan-de-la-Puente-FLICKR-300x200.jpg 300w, https:\/\/cdn1.es.casasrurales.net\/blog\/wp-content\/emp\/blogcasas\/2017\/09\/Juan-de-la-Puente-FLICKR-768x512.jpg 768w, https:\/\/cdn1.es.casasrurales.net\/blog\/wp-content\/emp\/blogcasas\/2017\/09\/Juan-de-la-Puente-FLICKR-320x213.jpg 320w\" sizes=\"(max-width: 799px) 100vw, 799px\" \/><p id=\"caption-attachment-8532\" class=\"wp-caption-text\">Juan de la Puente-FLICKR<\/p><\/div>\n<p>Bera es el <strong><a href=\"https:\/\/www.casasrurales.net\/casas-rurales\/navarra\/bera-vera-de-bidasoa\">\u00faltimo pueblo de la comarca de Cinco Villas<\/a><\/strong>, un municipio <strong>repleto de casas solariegas<\/strong>. Merece la pena recorrer el <strong>vistoso barrio de Alzate<\/strong> y pasear por la <strong>calle Legia, la m\u00e1s fotog\u00e9nica<\/strong>. La <strong>iglesia de San Esteban<\/strong> es el principal monumento.<\/p>\n<h2><strong>Puente la Reina<\/strong><\/h2>\n<div id=\"attachment_3828\" style=\"width: 850px\" class=\"wp-caption alignnone\"><a href=\"https:\/\/cdn1.es.casasrurales.net\/blog\/wp-content\/emp\/blogcasas\/2016\/11\/aherrero-FLICKR.jpg\"><img aria-describedby=\"caption-attachment-3828\" class=\"wp-image-3828 size-large\" src=\"https:\/\/cdn1.es.casasrurales.net\/blog\/wp-content\/emp\/blogcasas\/2016\/11\/aherrero-FLICKR-1024x532.jpg\" alt=\"aherrero-FLICKR\" width=\"840\" height=\"436\" srcset=\"https:\/\/cdn1.es.casasrurales.net\/blog\/wp-content\/emp\/blogcasas\/2016\/11\/aherrero-FLICKR.jpg 1024w, https:\/\/cdn1.es.casasrurales.net\/blog\/wp-content\/emp\/blogcasas\/2016\/11\/aherrero-FLICKR-300x156.jpg 300w\" sizes=\"(max-width: 840px) 100vw, 840px\" \/><\/a><p id=\"caption-attachment-3828\" class=\"wp-caption-text\">aherrero-FLICKR<\/p><\/div>\n<p>Es un lugar m\u00e1gico para todo aquel que lo visita, contando con<strong> una panor\u00e1mica espectacular<\/strong> que une naturaleza y cultura en un lienzo perfecto.<\/p>\n<p>Es una<strong> zona de gran importancia en el Camino de Santiago<\/strong>, ya que es punto de uni\u00f3n entre diferentes rutas que emprenden los peregrinos.<\/p>\n<p>Adem\u00e1s, sus <strong>poco m\u00e1s de 2.000 habitantes<\/strong> han sabido conservar perfectamente las leyendas e historias que tienen como protagonista este lugar.<\/p>\n<h2><strong>Amaiur<\/strong><\/h2>\n<div id=\"attachment_8533\" style=\"width: 810px\" class=\"wp-caption aligncenter\"><img aria-describedby=\"caption-attachment-8533\" class=\"size-full wp-image-8533\" src=\"https:\/\/cdn1.es.casasrurales.net\/blog\/wp-content\/emp\/blogcasas\/2017\/09\/Josep-Maria-Vi\u00f1olas-Esteva-FLICKR.jpg\" alt=\"Josep Maria Vi\u00f1olas Esteva-FLICKR\" width=\"800\" height=\"600\" srcset=\"https:\/\/cdn1.es.casasrurales.net\/blog\/wp-content\/emp\/blogcasas\/2017\/09\/Josep-Maria-Vi\u00f1olas-Esteva-FLICKR.jpg 800w, https:\/\/cdn1.es.casasrurales.net\/blog\/wp-content\/emp\/blogcasas\/2017\/09\/Josep-Maria-Vi\u00f1olas-Esteva-FLICKR-300x225.jpg 300w, https:\/\/cdn1.es.casasrurales.net\/blog\/wp-content\/emp\/blogcasas\/2017\/09\/Josep-Maria-Vi\u00f1olas-Esteva-FLICKR-768x576.jpg 768w, https:\/\/cdn1.es.casasrurales.net\/blog\/wp-content\/emp\/blogcasas\/2017\/09\/Josep-Maria-Vi\u00f1olas-Esteva-FLICKR-156x117.jpg 156w\" sizes=\"(max-width: 800px) 100vw, 800px\" \/><p id=\"caption-attachment-8533\" class=\"wp-caption-text\">Josep Maria Vi\u00f1olas Esteva-FLICKR<\/p><\/div>\n<p>Un <strong>arco t\u00edpicamente navarro<\/strong> es el encargado de recibir a todo aquel que visita\u00a0<span class=\"amp-wp-inline-19abe3af762e36598d015ac55f6ba803\"><strong>Amaiur<\/strong><\/span>. Se trata de uno de los <strong><a href=\"https:\/\/www.casasrurales.net\/casas-rurales\/navarra\/maya-amaiur\">pueblos m\u00e1s emblem\u00e1ticos<\/a><\/strong> del <strong>Valle del Bazt\u00e1n,<\/strong> con sus casas blancas con <strong>marcos de madera y sus paisajes<\/strong>. Un monumento en el <strong>monte Gaztelu<\/strong> recuerda que ah\u00ed se alzaba la \u00faltima fortaleza que resisti\u00f3 la conquista de Castilla sobre el reino de Navarra.<\/p>\n<h2><strong>San Mart\u00edn de Unx<\/strong><\/h2>\n<div id=\"attachment_8534\" style=\"width: 810px\" class=\"wp-caption aligncenter\"><img aria-describedby=\"caption-attachment-8534\" class=\"size-full wp-image-8534\" src=\"https:\/\/cdn1.es.casasrurales.net\/blog\/wp-content\/emp\/blogcasas\/2017\/09\/Learn-by-doing-MU-FLICKR.jpg\" alt=\"Learn by doing MU-FLICKR\" width=\"800\" height=\"600\" srcset=\"https:\/\/cdn1.es.casasrurales.net\/blog\/wp-content\/emp\/blogcasas\/2017\/09\/Learn-by-doing-MU-FLICKR.jpg 800w, https:\/\/cdn1.es.casasrurales.net\/blog\/wp-content\/emp\/blogcasas\/2017\/09\/Learn-by-doing-MU-FLICKR-300x225.jpg 300w, https:\/\/cdn1.es.casasrurales.net\/blog\/wp-content\/emp\/blogcasas\/2017\/09\/Learn-by-doing-MU-FLICKR-768x576.jpg 768w, https:\/\/cdn1.es.casasrurales.net\/blog\/wp-content\/emp\/blogcasas\/2017\/09\/Learn-by-doing-MU-FLICKR-156x117.jpg 156w\" sizes=\"(max-width: 800px) 100vw, 800px\" \/><p id=\"caption-attachment-8534\" class=\"wp-caption-text\">Learn by doing MU-FLICKR<\/p><\/div>\n<p>Hablar de\u00a0<strong><a href=\"https:\/\/www.casasrurales.net\/casas-rurales\/navarra\/san-martin-de-unx\"><span class=\"amp-wp-inline-19abe3af762e36598d015ac55f6ba803\">San Mart\u00edn de Unx<\/span><\/a><\/strong>\u00a0es hablar de <strong>callejuelas medievales, iglesias rom\u00e1nicas y vinos.<\/strong> La<strong> iglesia de San Mart\u00edn de Tours, del siglo XII,<\/strong> es una de las<strong> joyas del rom\u00e1nico navarro<\/strong>, un aut\u00e9ntico placer para los sentidos. No puedes irte sin probar el<strong> t\u00edpico vino rosado<\/strong> ni las almendras garrapi\u00f1adas.<\/p>\n<h2><strong>Etxalar<\/strong><\/h2>\n<div id=\"attachment_8535\" style=\"width: 810px\" class=\"wp-caption aligncenter\"><img aria-describedby=\"caption-attachment-8535\" class=\"size-full wp-image-8535\" src=\"https:\/\/cdn1.es.casasrurales.net\/blog\/wp-content\/emp\/blogcasas\/2017\/09\/Yon-Mora-FLICKR.jpg\" alt=\"Yon Mora-FLICKR\" width=\"800\" height=\"600\" srcset=\"https:\/\/cdn1.es.casasrurales.net\/blog\/wp-content\/emp\/blogcasas\/2017\/09\/Yon-Mora-FLICKR.jpg 800w, https:\/\/cdn1.es.casasrurales.net\/blog\/wp-content\/emp\/blogcasas\/2017\/09\/Yon-Mora-FLICKR-300x225.jpg 300w, https:\/\/cdn1.es.casasrurales.net\/blog\/wp-content\/emp\/blogcasas\/2017\/09\/Yon-Mora-FLICKR-768x576.jpg 768w, https:\/\/cdn1.es.casasrurales.net\/blog\/wp-content\/emp\/blogcasas\/2017\/09\/Yon-Mora-FLICKR-156x117.jpg 156w\" sizes=\"(max-width: 800px) 100vw, 800px\" \/><p id=\"caption-attachment-8535\" class=\"wp-caption-text\">Yon Mora-FLICKR<\/p><\/div>\n<p><strong><a href=\"https:\/\/www.casasrurales.net\/casas-rurales\/navarra\/echalar-etxalar\">Esta localidad<\/a><\/strong> de la <strong>comarca de las Cinco Villas<\/strong> es principalmente conocida por sus palomeras, unas torres de gran altura construidas para la<strong> caza de palomas.<\/strong> Es en <strong>oto\u00f1o<\/strong> cuando tiene lugar esta centenaria forma de caza. Entonces, la tranquilidad habitual de\u00a0<span class=\"amp-wp-inline-19abe3af762e36598d015ac55f6ba803\"><strong>Etxalar<\/strong><\/span>\u00a0da paso a un <strong>ambiente fren\u00e9tico y festivo.<\/strong><\/p>\n<h2><strong>Isaba<\/strong><\/h2>\n<div id=\"attachment_8536\" style=\"width: 810px\" class=\"wp-caption aligncenter\"><img aria-describedby=\"caption-attachment-8536\" class=\"size-full wp-image-8536\" src=\"https:\/\/cdn1.es.casasrurales.net\/blog\/wp-content\/emp\/blogcasas\/2017\/09\/total-13-FLICKR.jpg\" alt=\"total 13-FLICKR\" width=\"800\" height=\"600\" srcset=\"https:\/\/cdn1.es.casasrurales.net\/blog\/wp-content\/emp\/blogcasas\/2017\/09\/total-13-FLICKR.jpg 800w, https:\/\/cdn1.es.casasrurales.net\/blog\/wp-content\/emp\/blogcasas\/2017\/09\/total-13-FLICKR-300x225.jpg 300w, https:\/\/cdn1.es.casasrurales.net\/blog\/wp-content\/emp\/blogcasas\/2017\/09\/total-13-FLICKR-768x576.jpg 768w, https:\/\/cdn1.es.casasrurales.net\/blog\/wp-content\/emp\/blogcasas\/2017\/09\/total-13-FLICKR-156x117.jpg 156w\" sizes=\"(max-width: 800px) 100vw, 800px\" \/><p id=\"caption-attachment-8536\" class=\"wp-caption-text\">total 13-FLICKR<\/p><\/div>\n<p><span class=\"amp-wp-inline-19abe3af762e36598d015ac55f6ba803\"><strong>Isaba<\/strong><\/span>\u00a0es otro de los <strong><a href=\"https:\/\/www.casasrurales.net\/casas-rurales\/navarra\/isaba\">tesoros que esconde el Valle del Roncal<\/a><\/strong>. Conserva su<strong> fisonom\u00eda arquitect\u00f3nica tradicional intacta<\/strong>, caracterizada por <strong>casas de piedra<\/strong> y tejados preparados para las intensas nevadas. En el centro del municipio se erige la <strong>iglesia de San Cipriano, del siglo XVI.<\/strong><\/p>\n<h2><strong>Arizkun<\/strong><\/h2>\n<div id=\"attachment_8537\" style=\"width: 810px\" class=\"wp-caption aligncenter\"><img aria-describedby=\"caption-attachment-8537\" class=\"size-full wp-image-8537\" src=\"https:\/\/cdn1.es.casasrurales.net\/blog\/wp-content\/emp\/blogcasas\/2017\/09\/Josep-Maria-Vi\u00f1olas-Esteva-FLICKR-2.jpg\" alt=\"Josep Maria Vi\u00f1olas Esteva-FLICKR \" width=\"800\" height=\"600\" srcset=\"https:\/\/cdn1.es.casasrurales.net\/blog\/wp-content\/emp\/blogcasas\/2017\/09\/Josep-Maria-Vi\u00f1olas-Esteva-FLICKR-2.jpg 800w, https:\/\/cdn1.es.casasrurales.net\/blog\/wp-content\/emp\/blogcasas\/2017\/09\/Josep-Maria-Vi\u00f1olas-Esteva-FLICKR-2-300x225.jpg 300w, https:\/\/cdn1.es.casasrurales.net\/blog\/wp-content\/emp\/blogcasas\/2017\/09\/Josep-Maria-Vi\u00f1olas-Esteva-FLICKR-2-768x576.jpg 768w, https:\/\/cdn1.es.casasrurales.net\/blog\/wp-content\/emp\/blogcasas\/2017\/09\/Josep-Maria-Vi\u00f1olas-Esteva-FLICKR-2-156x117.jpg 156w\" sizes=\"(max-width: 800px) 100vw, 800px\" \/><p id=\"caption-attachment-8537\" class=\"wp-caption-text\">Josep Maria Vi\u00f1olas Esteva-FLICKR<\/p><\/div>\n<p>A orillas del <strong>r\u00edo Bidasoa<\/strong> y en pleno <strong>verdor del Valle del Bazt\u00e1n<\/strong>, emerge este <strong><a href=\"https:\/\/www.casasrurales.net\/casas-rurales\/navarra\/arizcun-arizkun\">apacible pueblo de casonas nobles<\/a><\/strong> y larga tradici\u00f3n. Merece especial menci\u00f3n<strong> el barrio de Bozate<\/strong>, la <strong>iglesia de San Juan Bautista, el Palacio de los Urs\u00faa<\/strong> y el <strong>Museo Santxotena<\/strong>, un espacio al aire libre dedicado a la mitolog\u00eda vasca.<\/p>\n<div id=\"attachment_2004\" style=\"width: 650px\" class=\"wp-caption aligncenter\"><a href=\"https:\/\/cdn1.es.casasrurales.net\/blog\/wp-content\/emp\/blogcasas\/2016\/11\/Gustavo-Maximo-FLICKR.jpg\"><img aria-describedby=\"caption-attachment-2004\" class=\"size-full wp-image-2004\" src=\"https:\/\/cdn1.es.casasrurales.net\/blog\/wp-content\/emp\/blogcasas\/2016\/11\/Gustavo-Maximo-FLICKR.jpg\" alt=\"Gustavo Maximo-FLICKR\" width=\"640\" height=\"426\" srcset=\"https:\/\/cdn1.es.casasrurales.net\/blog\/wp-content\/emp\/blogcasas\/2016\/11\/Gustavo-Maximo-FLICKR.jpg 640w, https:\/\/cdn1.es.casasrurales.net\/blog\/wp-content\/emp\/blogcasas\/2016\/11\/Gustavo-Maximo-FLICKR-300x200.jpg 300w, https:\/\/cdn1.es.casasrurales.net\/blog\/wp-content\/emp\/blogcasas\/2016\/11\/Gustavo-Maximo-FLICKR-320x213.jpg 320w\" sizes=\"(max-width: 640px) 100vw, 640px\" \/><\/a><p id=\"caption-attachment-2004\" class=\"wp-caption-text\">Gustavo Maximo-FLICKR<\/p><\/div>\n<p>Aqu\u00ed acaba nuestra ruta por Navarra, y aunque estamos seguros de que sabes alg\u00fan pueblo m\u00e1s que merece estar en nuestra lista, \u00e9sta es una buena muestra de la maravilla de nuestro pa\u00eds.<\/p>\n","protected":false},"excerpt":{"rendered":"<p>Imagina un escenario de bosques, de paisajes protegidos por las altas monta\u00f1as, verdes llanuras y r\u00edos de colores sorprendentes. Imagina castillos y cuevas abrigando los pueblos con m\u00e1s historia, naturaleza en estado puro y tradici\u00f3n. Imagina Navarra. Y es que&hellip; <br \/><a class=\"read-more-button\" href=\"https:\/\/www.casasrurales.net\/blog\/los-20-pueblos-mas-bonitos-de-navarra\">Leer m\u00e1s<\/a><\/p>\n","protected":false},"author":6,"featured_media":2008,"comment_status":"open","ping_status":"open","sticky":false,"template":"","format":"standard","meta":[],"categories":[16],"tags":[55],"_links":{"self":[{"href":"https:\/\/www.casasrurales.net\/blog\/wp-json\/wp\/v2\/posts\/1999"}],"collection":[{"href":"https:\/\/www.casasrurales.net\/blog\/wp-json\/wp\/v2\/posts"}],"about":[{"href":"https:\/\/www.casasrurales.net\/blog\/wp-json\/wp\/v2\/types\/post"}],"author":[{"embeddable":true,"href":"https:\/\/www.casasrurales.net\/blog\/wp-json\/wp\/v2\/users\/6"}],"replies":[{"embeddable":true,"href":"https:\/\/www.casasrurales.net\/blog\/wp-json\/wp\/v2\/comments?post=1999"}],"version-history":[{"count":5,"href":"https:\/\/www.casasrurales.net\/blog\/wp-json\/wp\/v2\/posts\/1999\/revisions"}],"predecessor-version":[{"id":8538,"href":"https:\/\/www.casasrurales.net\/blog\/wp-json\/wp\/v2\/posts\/1999\/revisions\/8538"}],"wp:featuredmedia":[{"embeddable":true,"href":"https:\/\/www.casasrurales.net\/blog\/wp-json\/wp\/v2\/media\/2008"}],"wp:attachment":[{"href":"https:\/\/www.casasrurales.net\/blog\/wp-json\/wp\/v2\/media?parent=1999"}],"wp:term":[{"taxonomy":"category","embeddable":true,"href":"https:\/\/www.casasrurales.net\/blog\/wp-json\/wp\/v2\/categories?post=1999"},{"taxonomy":"post_tag","embeddable":true,"href":"https:\/\/www.casasrurales.net\/blog\/wp-json\/wp\/v2\/tags?post=1999"}],"curies":[{"name":"wp","href":"https:\/\/api.w.org\/{rel}","templated":true}]}}