
{"id":192,"date":"2015-10-09T12:09:40","date_gmt":"2015-10-09T12:09:40","guid":{"rendered":"https:\/\/www.casasrurales.net\/blog\/?p=192"},"modified":"2023-10-31T15:12:12","modified_gmt":"2023-10-31T15:12:12","slug":"que-dice-la-leyenda-de-ochate","status":"publish","type":"post","link":"https:\/\/www.casasrurales.net\/blog\/que-dice-la-leyenda-de-ochate","title":{"rendered":"Qu\u00e9 dice la leyenda de Ochate"},"content":{"rendered":"<p><span style=\"font-size: medium;\">Probablemente muchos de vosotros ya hay\u00e1is o\u00eddo hablar de Ochate y su leyenda. Libros, reportajes, prensa y programas de televisi\u00f3n han tratado la historia de este pueblo, directamente ligada a fen\u00f3menos paranormales. <\/span><\/p>\n<p><span style=\"font-size: medium;\">Aqu\u00ed voy a contar de manera clasificada, <strong>los sucesos que sit\u00faan al municipio como uno de los enclaves m\u00e1s misteriosos de nuestra geograf\u00eda<\/strong>: OVNIS, epidemias, desapariciones, psicofon\u00edas\u2026 completan un pasado de horrores. Atreveros a leer, para despu\u00e9s juzgar y por qu\u00e9 no, visitar. Si te llama lo paranormal o estas haciendo una escapada te dejamos <a href=\"https:\/\/www.casasrurales.net\/casas-rurales\/burgos\">una lista de alojamientos en Burgos<\/a> para que vayas haciendo reserva.<\/span><\/p>\n<p><b><a href=\"https:\/\/cdn1.es.casasrurales.net\/blog\/wp-content\/emp\/blogcasas\/2015\/10\/1.jpg\"><img class=\"alignnone size-full wp-image-193\" src=\"https:\/\/cdn1.es.casasrurales.net\/blog\/wp-content\/emp\/blogcasas\/2015\/10\/1.jpg\" alt=\"1\" width=\"640\" height=\"480\" srcset=\"https:\/\/cdn1.es.casasrurales.net\/blog\/wp-content\/emp\/blogcasas\/2015\/10\/1.jpg 640w, https:\/\/cdn1.es.casasrurales.net\/blog\/wp-content\/emp\/blogcasas\/2015\/10\/1-300x225.jpg 300w, https:\/\/cdn1.es.casasrurales.net\/blog\/wp-content\/emp\/blogcasas\/2015\/10\/1-156x117.jpg 156w\" sizes=\"(max-width: 640px) 100vw, 640px\" \/><\/a><\/b><\/p>\n<p><span style=\"font-size: medium;\">Situado en el condado de Trevi\u00f1o, a pie entre Burgos y Vitoria, <strong>el pueblo se presenta como un lugar absolutamente muerto<\/strong>. Apenas existe vegetaci\u00f3n, los \u00e1rboles los contamos con los dedos de una mano y sus ramas no tienen hojas. En cuanto a edificaciones, solo queda la Torre, las paredes de la ermita de Burgondo y alguna casa derruida. El panorama es terrible. Devastador. As\u00ed es a primera vista Ochate, cuyo nombre en euskera antiguo se traduce como, \u201cpuerta del fr\u00edo\u201d o \u201cpuerta secreta\u201d.<\/span><\/p>\n<p><span style=\"font-size: medium;\">Nos situamos a mediados del siglo XIX, que es cuando el pueblo empieza a sufrir extra\u00f1os acontecimientos. Todo comenz\u00f3, en forma de epidemias\u2026<\/span><\/p>\n<h2><strong><span style=\"font-size: medium;\"><u>Epidemias<\/u><\/span><span style=\"font-size: medium;\">:<\/span><\/strong><\/h2>\n<p><span style=\"font-size: medium;\">Terribles. Con apenas 3 \u2013 4 a\u00f1os de diferencia entre cada una.<strong> Terminaron con casi todos los habitantes del lugar.<\/strong> Lo m\u00e1s extra\u00f1o de \u00e9stas, es que solo sucedieron en Ochate, ninguna comarca, pueblo o ciudad cercana las sufri\u00f3.<\/span><\/p>\n<p><span style=\"font-size: medium;\">La primera ocurri\u00f3 en 1860, con la viruela como protagonista. Dej\u00f3 al municipio con apenas 10 habitantes.<\/span><\/p>\n<p><a href=\"https:\/\/cdn1.es.casasrurales.net\/blog\/wp-content\/emp\/blogcasas\/2015\/10\/3.jpg\"><img class=\"alignnone size-full wp-image-194\" src=\"https:\/\/cdn1.es.casasrurales.net\/blog\/wp-content\/emp\/blogcasas\/2015\/10\/3.jpg\" alt=\"3\" width=\"640\" height=\"429\" srcset=\"https:\/\/cdn1.es.casasrurales.net\/blog\/wp-content\/emp\/blogcasas\/2015\/10\/3.jpg 640w, https:\/\/cdn1.es.casasrurales.net\/blog\/wp-content\/emp\/blogcasas\/2015\/10\/3-300x201.jpg 300w\" sizes=\"(max-width: 640px) 100vw, 640px\" \/><\/a><\/p>\n<p><span style=\"font-size: medium;\">Cuatro a\u00f1os despu\u00e9s, cuando el lugar volv\u00eda a crecer demogr\u00e1ficamente lleg\u00f3 el tifus. Por \u00faltimo, en 1870 el c\u00f3lera remata a la comarca, dej\u00e1ndola sin vidas.<\/span><\/p>\n<p><span style=\"font-size: medium;\">Viruela, tifus y c\u00f3lera en apenas 10 a\u00f1os y en un \u00fanico y mismo lugar.<\/span><\/p>\n<p><span style=\"font-size: medium;\">Adem\u00e1s, si quedaba alguien a\u00fan con vida, desaparec\u00eda\u2026<\/span><\/p>\n<h2><strong><span style=\"font-size: medium;\"><u>Desapariciones<\/u><\/span><span style=\"font-size: medium;\">:<\/span><\/strong><\/h2>\n<p><span style=\"font-size: medium;\">La m\u00e1s destacada guarda relaci\u00f3n directa con las epidemias. El p\u00e1rroco del pueblo, Antonio Vilegas fue uno de los pocos supervivientes de las dos primeras plagas. Su fortuna le convirti\u00f3 en el mayor estandarte a la hora de reconstruir el pueblo, hasta que en noviembre de 1868, desapareci\u00f3.<strong> Vecinos afirmaron verle por \u00faltima vez subiendo la explanada que conduc\u00eda a la iglesia<\/strong>. No regres\u00f3.<\/span><\/p>\n<p><a href=\"https:\/\/cdn1.es.casasrurales.net\/blog\/wp-content\/emp\/blogcasas\/2015\/10\/4.jpg\"><img class=\"alignnone size-full wp-image-195\" src=\"https:\/\/cdn1.es.casasrurales.net\/blog\/wp-content\/emp\/blogcasas\/2015\/10\/4.jpg\" alt=\"4\" width=\"510\" height=\"353\" srcset=\"https:\/\/cdn1.es.casasrurales.net\/blog\/wp-content\/emp\/blogcasas\/2015\/10\/4.jpg 510w, https:\/\/cdn1.es.casasrurales.net\/blog\/wp-content\/emp\/blogcasas\/2015\/10\/4-300x208.jpg 300w\" sizes=\"(max-width: 510px) 100vw, 510px\" \/><\/a><\/p>\n<p><span style=\"font-size: medium;\">Dando un salto en el tiempo, el 20 de agosto de 1970, un agricultor, de nombre Juan Pech\u00e9, desapareci\u00f3 repentinamente. Dej\u00f3 aquella ma\u00f1ana la comida a medio hacer. Nadie volvi\u00f3 a saber nada de \u00e9l.<\/span><\/p>\n<p><span style=\"font-size: medium;\">Ese mismo d\u00eda, F. Amestoy, tambi\u00e9n agricultor, fue encontrado en el sendero que lleva al pueblo, totalmente calcinado.<strong> Se habl\u00f3 del primer caso de combusti\u00f3n espont\u00e1nea. <\/strong><\/span><\/p>\n<p><span style=\"font-size: medium;\">Ante estos hechos, los habitantes de las villas cercanas sufrieron aut\u00e9ntico pavor, al ver como en Ochate, de una forma u otra, la historia acababa con toda vida humana.<\/span><\/p>\n<p><span style=\"font-size: medium;\">La situaci\u00f3n empujaba a investigadores de lo paranormal a visitar el pueblo. Y con ellos, se dieron a conocer distintas psicofon\u00edas, pero una vez m\u00e1s, con terribles consecuencias\u2026<\/span><\/p>\n<h2><strong><span style=\"font-size: medium;\"><u>Psicofon\u00edas<\/u><\/span><span style=\"font-size: medium;\">:<\/span><\/strong><\/h2>\n<p><span style=\"font-size: medium;\">Las m\u00e1s reconocidas son dos. La primera data de 1980, en la torre del pueblo. <strong>Una voz de un ni\u00f1o dice claramente \u201cKanpora\u201d, palabra vasca que en castellano significa: \u201cfuera\u201d.<\/strong><\/span><\/p>\n<p><a href=\"https:\/\/cdn1.es.casasrurales.net\/blog\/wp-content\/emp\/blogcasas\/2015\/10\/5.jpg\"><img class=\"alignnone size-full wp-image-196\" src=\"https:\/\/cdn1.es.casasrurales.net\/blog\/wp-content\/emp\/blogcasas\/2015\/10\/5.jpg\" alt=\"5\" width=\"640\" height=\"424\" srcset=\"https:\/\/cdn1.es.casasrurales.net\/blog\/wp-content\/emp\/blogcasas\/2015\/10\/5.jpg 640w, https:\/\/cdn1.es.casasrurales.net\/blog\/wp-content\/emp\/blogcasas\/2015\/10\/5-300x199.jpg 300w, https:\/\/cdn1.es.casasrurales.net\/blog\/wp-content\/emp\/blogcasas\/2015\/10\/5-320x213.jpg 320w\" sizes=\"(max-width: 640px) 100vw, 640px\" \/><\/a><\/p>\n<p><span style=\"font-size: medium;\">La segunda, recogida en 1987 en el mismo lugar. Una mujer anciana pregunta: \u201c\u00bfQu\u00e9 hace la puerta cerrada?\u201d<\/span><\/p>\n<p><span style=\"font-size: medium;\">Ambas psicofon\u00edas fueron captadas por el mismo grupo de investigadores, con Alberto Fern\u00e1ndez a la cabeza. Pero de nuevo la desgracia se turna en protagonista. Alberto fue encontrado asfixiado en su coche la noche en que recogieron la segunda psicofon\u00eda, en 1987. Aquel suceso marco a sus compa\u00f1eros, quienes aseguraron volver a ver a su compa\u00f1ero\u2026<\/span><\/p>\n<h2><strong><span style=\"font-size: medium;\"><u>Im\u00e1genes y apariciones<\/u><\/span><span style=\"font-size: medium;\">:<\/span><\/strong><\/h2>\n<p><span style=\"font-size: medium;\">Porque meses despu\u00e9s de su muerte, los compa\u00f1eros de Alberto Fern\u00e1ndez afirmaron ver en un peque\u00f1o hueco en un cobertizo de la torre del pueblo, <strong>una imagen de rostro humano con nariz aguile\u00f1a y barba,<\/strong> que r\u00e1pidamente reconocieron como la cara del difunto Alberto Fern\u00e1ndez.<\/span><\/p>\n<p><a href=\"https:\/\/cdn1.es.casasrurales.net\/blog\/wp-content\/emp\/blogcasas\/2015\/10\/fuente-youtube.jpg\"><img class=\"alignnone size-large wp-image-200\" src=\"https:\/\/cdn1.es.casasrurales.net\/blog\/wp-content\/emp\/blogcasas\/2015\/10\/fuente-youtube.jpg\" alt=\"fuente youtube\" width=\"427\" height=\"340\" srcset=\"https:\/\/cdn1.es.casasrurales.net\/blog\/wp-content\/emp\/blogcasas\/2015\/10\/fuente-youtube.jpg 427w, https:\/\/cdn1.es.casasrurales.net\/blog\/wp-content\/emp\/blogcasas\/2015\/10\/fuente-youtube-300x239.jpg 300w\" sizes=\"(max-width: 427px) 100vw, 427px\" \/><\/a><\/p>\n<p><span style=\"font-size: medium;\">(fuente youtube)<\/span><\/p>\n<p><span style=\"font-size: medium;\">En ese mismo a\u00f1o, un joven radioaficionado, Mikel Colmenero, afirm\u00f3 ver seres humanoides. Ocurri\u00f3 una noche en la que \u00e9l y varios amigos se disponian a probar su nuevo equipo de grabaci\u00f3n. Mikel decidi\u00f3 alejarse de sus compa\u00f1eros con el equipo encendido y tras \u00e9l escuch\u00f3 pasos. Dici\u00e9ndose a s\u00ed mismo en voz alta \u201caqu\u00ed no hay nadie\u201d se gir\u00f3 y observ\u00f3, contado por boca del propio protagonista, dos seres de m\u00e1s de 2 metros de altura sin rostro y ropa ce\u00f1ida que le acompa\u00f1aban en el camino. Huy\u00f3 y al reunirse con sus amigos, lleg\u00f3 la mayor prueba, pues en la grabadora que llevaba consigo se hab\u00eda registrado un audio que dec\u00eda: \u201cyo s\u00ed estoy\u201d, contestando as\u00ed a su afirmaci\u00f3n \u201caqu\u00ed no hay nadie\u201d.<\/span><\/p>\n<p><span style=\"font-size: medium;\"><a href=\"https:\/\/cdn1.es.casasrurales.net\/blog\/wp-content\/emp\/blogcasas\/2015\/10\/7.jpg\"><img class=\"alignnone size-full wp-image-197\" src=\"https:\/\/cdn1.es.casasrurales.net\/blog\/wp-content\/emp\/blogcasas\/2015\/10\/7.jpg\" alt=\"7\" width=\"480\" height=\"640\" srcset=\"https:\/\/cdn1.es.casasrurales.net\/blog\/wp-content\/emp\/blogcasas\/2015\/10\/7.jpg 480w, https:\/\/cdn1.es.casasrurales.net\/blog\/wp-content\/emp\/blogcasas\/2015\/10\/7-225x300.jpg 225w\" sizes=\"(max-width: 480px) 100vw, 480px\" \/><\/a> <\/span><\/p>\n<h2><strong><span style=\"font-size: medium;\"><u>OVNIS<\/u><\/span><span style=\"font-size: medium;\">:<\/span><\/strong><\/h2>\n<p><span style=\"font-size: medium;\">Pero sin duda, todos estos fen\u00f3menos paranormales saltaron al p\u00fablico con lo ocurrido la noche del 24 de junio de 1981. Cuando <strong>Prudencio Murguza observ\u00f3 un gran anillo luminoso que consigui\u00f3 fotografiar<\/strong>. La imagen fue portada de la revista \u201cMundo Desconocido\u201d bajo el titular \u201cLuces en la puerta secreta\u201d. Laboratorios de Bilbao afirmaron que bajo esa luz se hallaba un objeto de grandes dimensiones que viajaba por el cielo.<\/span><\/p>\n<p><a href=\"https:\/\/cdn1.es.casasrurales.net\/blog\/wp-content\/emp\/blogcasas\/2015\/10\/Fuente-ochate.com-Portada-Mundo-Desconocido.jpg\"><img class=\"alignnone size-large wp-image-198\" src=\"https:\/\/cdn1.es.casasrurales.net\/blog\/wp-content\/emp\/blogcasas\/2015\/10\/Fuente-ochate.com-Portada-Mundo-Desconocido.jpg\" alt=\"Fuente ochate.com Portada Mundo Desconocido\" width=\"412\" height=\"514\" srcset=\"https:\/\/cdn1.es.casasrurales.net\/blog\/wp-content\/emp\/blogcasas\/2015\/10\/Fuente-ochate.com-Portada-Mundo-Desconocido.jpg 412w, https:\/\/cdn1.es.casasrurales.net\/blog\/wp-content\/emp\/blogcasas\/2015\/10\/Fuente-ochate.com-Portada-Mundo-Desconocido-240x300.jpg 240w\" sizes=\"(max-width: 412px) 100vw, 412px\" \/><\/a><\/p>\n<p><span style=\"font-size: medium;\">(Fuente ochate.com Portada Mundo Desconocido)<\/span><\/p>\n<p><span style=\"font-size: medium;\">Y hasta aqu\u00ed todo, o casi todo. Pues cabe remarcar, que a cada uno de estos sucesos le han sucedido opositores, justificando de manera m\u00e1s o menos acertada lo irreal o incoherente de lo contado. Quien escribe, opina que lo \u00fanico cierto a d\u00eda de hoy es que el pueblo se encuentra abandonado y lo aqu\u00ed contado ha sido, es y ser\u00e1 motivo de peregrinaci\u00f3n de curiosos. <\/span><\/p>\n<p><a name=\"_GoBack\"><\/a><span style=\"font-size: medium;\">Quien sabe, quiz\u00e1s estar all\u00ed es la \u00fanica forma y la mejor prueba de saber si<strong> la leyenda de Ochate es mito o realidad. \u00bfTe atreves?<\/strong><\/span><\/p>\n","protected":false},"excerpt":{"rendered":"<p>Probablemente muchos de vosotros ya hay\u00e1is o\u00eddo hablar de Ochate y su leyenda. Libros, reportajes, prensa y programas de televisi\u00f3n han tratado la historia de este pueblo, directamente ligada a fen\u00f3menos paranormales. Aqu\u00ed voy a contar de manera clasificada, los&hellip; <br \/><a class=\"read-more-button\" href=\"https:\/\/www.casasrurales.net\/blog\/que-dice-la-leyenda-de-ochate\">Leer m\u00e1s<\/a><\/p>\n","protected":false},"author":4,"featured_media":199,"comment_status":"open","ping_status":"open","sticky":false,"template":"","format":"standard","meta":[],"categories":[13],"tags":[],"_links":{"self":[{"href":"https:\/\/www.casasrurales.net\/blog\/wp-json\/wp\/v2\/posts\/192"}],"collection":[{"href":"https:\/\/www.casasrurales.net\/blog\/wp-json\/wp\/v2\/posts"}],"about":[{"href":"https:\/\/www.casasrurales.net\/blog\/wp-json\/wp\/v2\/types\/post"}],"author":[{"embeddable":true,"href":"https:\/\/www.casasrurales.net\/blog\/wp-json\/wp\/v2\/users\/4"}],"replies":[{"embeddable":true,"href":"https:\/\/www.casasrurales.net\/blog\/wp-json\/wp\/v2\/comments?post=192"}],"version-history":[{"count":4,"href":"https:\/\/www.casasrurales.net\/blog\/wp-json\/wp\/v2\/posts\/192\/revisions"}],"predecessor-version":[{"id":12033,"href":"https:\/\/www.casasrurales.net\/blog\/wp-json\/wp\/v2\/posts\/192\/revisions\/12033"}],"wp:featuredmedia":[{"embeddable":true,"href":"https:\/\/www.casasrurales.net\/blog\/wp-json\/wp\/v2\/media\/199"}],"wp:attachment":[{"href":"https:\/\/www.casasrurales.net\/blog\/wp-json\/wp\/v2\/media?parent=192"}],"wp:term":[{"taxonomy":"category","embeddable":true,"href":"https:\/\/www.casasrurales.net\/blog\/wp-json\/wp\/v2\/categories?post=192"},{"taxonomy":"post_tag","embeddable":true,"href":"https:\/\/www.casasrurales.net\/blog\/wp-json\/wp\/v2\/tags?post=192"}],"curies":[{"name":"wp","href":"https:\/\/api.w.org\/{rel}","templated":true}]}}