
{"id":1692,"date":"2016-08-04T15:49:57","date_gmt":"2016-08-04T15:49:57","guid":{"rendered":"https:\/\/www.casasrurales.net\/blog\/?p=1692"},"modified":"2023-10-31T14:09:15","modified_gmt":"2023-10-31T14:09:15","slug":"oviedo-frente-a-gijon","status":"publish","type":"post","link":"https:\/\/www.casasrurales.net\/blog\/oviedo-frente-a-gijon","title":{"rendered":"Oviedo frente a Gij\u00f3n"},"content":{"rendered":"<p><strong>Hermanos<\/strong> y rivales. No es algo que s\u00f3lo pase entre los gijoneses y los ovetenses pero, est\u00e1 claro que la rivalidad de estos vecinos traspasa fronteras. Nunca, y repito, nunca, confundas a alguien de Gij\u00f3n con uno de Oviedo y viceversa. \u00bfPor qu\u00e9 ser\u00e1? No queremos que elijas. <a href=\"https:\/\/www.casasrurales.net\/casas-rurales\/asturias\">Queremos que sepas lo bueno de uno y lo bueno del otro<\/a> para que te quedes sin conocerlo todo.<\/p>\n<h2><strong>Gij\u00f3n Vs Oviedo<\/strong><\/h2>\n<p>Gij\u00f3n, por extensi\u00f3n muy superior en superficie a la de la capital, cuenta con un pasado obrero presente en su historia. Con el paso de los a\u00f1os, ha sabido reconvertirse al sector servicios siendo uno de los referentes en el mundo de la cultura por La Laboral y tur\u00edstico por sus costas.<\/p>\n<div id=\"attachment_1697\" style=\"width: 653px\" class=\"wp-caption aligncenter\"><a href=\"https:\/\/cdn1.es.casasrurales.net\/blog\/wp-content\/emp\/blogcasas\/2016\/08\/Playa-San-Lorenzo.jpg\"><img aria-describedby=\"caption-attachment-1697\" class=\"size-full wp-image-1697\" src=\"https:\/\/cdn1.es.casasrurales.net\/blog\/wp-content\/emp\/blogcasas\/2016\/08\/Playa-San-Lorenzo.jpg\" alt=\"Playa San Lorenzo\" width=\"643\" height=\"427\" srcset=\"https:\/\/cdn1.es.casasrurales.net\/blog\/wp-content\/emp\/blogcasas\/2016\/08\/Playa-San-Lorenzo.jpg 643w, https:\/\/cdn1.es.casasrurales.net\/blog\/wp-content\/emp\/blogcasas\/2016\/08\/Playa-San-Lorenzo-300x199.jpg 300w, https:\/\/cdn1.es.casasrurales.net\/blog\/wp-content\/emp\/blogcasas\/2016\/08\/Playa-San-Lorenzo-320x213.jpg 320w\" sizes=\"(max-width: 643px) 100vw, 643px\" \/><\/a><p id=\"caption-attachment-1697\" class=\"wp-caption-text\">Manuel \/ FLICKR<\/p><\/div>\n<p>Playa de San <strong>Lorenzo<\/strong>, de Poniente y el paseo mar\u00edtimo. Sin duda algo que Oviedo nunca podr\u00e1 tener (o al menos hasta que las leyes de la f\u00edsica cambien) es su costa y sus playas. Por eso, la primera caracter\u00edstica que s\u00ed o s\u00ed Gij\u00f3n es mejor que Oviedo es la <strong>Playa<\/strong> de San Lorenzo, su puerto mar\u00edtimo o su <strong>Elogio<\/strong> al Horizonte en el que <strong>Chillida<\/strong> quiso potenciar los relajantes sonidos del Mar Cant\u00e1brico.<\/p>\n<div id=\"attachment_1698\" style=\"width: 580px\" class=\"wp-caption aligncenter\"><a href=\"https:\/\/cdn1.es.casasrurales.net\/blog\/wp-content\/emp\/blogcasas\/2016\/08\/Elogio-al-horizonte.jpg\"><img aria-describedby=\"caption-attachment-1698\" class=\"size-full wp-image-1698\" src=\"https:\/\/cdn1.es.casasrurales.net\/blog\/wp-content\/emp\/blogcasas\/2016\/08\/Elogio-al-horizonte.jpg\" alt=\"Elogio al horizonte\" width=\"570\" height=\"333\" srcset=\"https:\/\/cdn1.es.casasrurales.net\/blog\/wp-content\/emp\/blogcasas\/2016\/08\/Elogio-al-horizonte.jpg 570w, https:\/\/cdn1.es.casasrurales.net\/blog\/wp-content\/emp\/blogcasas\/2016\/08\/Elogio-al-horizonte-300x175.jpg 300w\" sizes=\"(max-width: 570px) 100vw, 570px\" \/><\/a><p id=\"caption-attachment-1698\" class=\"wp-caption-text\">Javier Habladorcito\/ FLICKR<\/p><\/div>\n<p>Barrio de <strong>Cimadevilla<\/strong>.\u00a0Si quieres disfrutar de una buena sidra, tienes que dejarte caer por este barrio tan emblem\u00e1tico y meterte en cualquiera de los <strong>chigres<\/strong>. Sin duda, esta zona es tan conocida por el buen comer y el buen beber pero, no lo descuides y no pierdas la oportunidad de ver lo que te rodea, como el Museo <strong>Jovellanos \u00a0<\/strong>o las termas romanas. Y, adem\u00e1s, no s\u00f3lo sidras bebe el asturiano, as\u00ed que ahora lo m\u00e1s <strong>chic<\/strong> es salir por este antiguo barrio de marineros<a href=\"https:\/\/www.casasrurales.net\/casas-rurales\/asturias\/romanticas\"> a tomarse una copa de buen vino<\/a>.<\/p>\n<p>Calle <strong>Corrida<\/strong>. Si te apetece un poco de shopping, es tu calle. Es una de las principales calles de la ciudad y, si quieres ir a la \u00faltima, sin duda tienes que acercarte por esta zona para saber qu\u00e9 es lo que se lleva.<\/p>\n<div id=\"attachment_1699\" style=\"width: 713px\" class=\"wp-caption aligncenter\"><a href=\"https:\/\/cdn1.es.casasrurales.net\/blog\/wp-content\/emp\/blogcasas\/2016\/08\/Sophoco-Laboral-Gijon.jpg\"><img aria-describedby=\"caption-attachment-1699\" class=\"size-full wp-image-1699\" src=\"https:\/\/cdn1.es.casasrurales.net\/blog\/wp-content\/emp\/blogcasas\/2016\/08\/Sophoco-Laboral-Gijon.jpg\" alt=\"Laboral Gij\u00f3n\" width=\"703\" height=\"423\" srcset=\"https:\/\/cdn1.es.casasrurales.net\/blog\/wp-content\/emp\/blogcasas\/2016\/08\/Sophoco-Laboral-Gijon.jpg 703w, https:\/\/cdn1.es.casasrurales.net\/blog\/wp-content\/emp\/blogcasas\/2016\/08\/Sophoco-Laboral-Gijon-300x181.jpg 300w\" sizes=\"(max-width: 703px) 100vw, 703px\" \/><\/a><p id=\"caption-attachment-1699\" class=\"wp-caption-text\">Sophoco \/FLICKR<\/p><\/div>\n<p>Universidad <strong>Laboral<\/strong>. No s\u00f3lo es centro de cultura universitaria sino que es uno de los pulmones de Gij\u00f3n ya que con sus numerosos encuentros y actividades, consigue atraer a un gran n\u00famero de p\u00fablico de forma constante. No es dif\u00edcil ver conciertos e, incluso, <strong>patinar<\/strong> sobre hielo en la \u00e9poca de Navidad. Adem\u00e1s, \u00bfsabes que ha sido escenario de pel\u00edculas? \u00bfNo te recuerda al Oxford de Fuga de Cerebros?<\/p>\n<p>Plaza mayor. Podr\u00edamos decir que es el <strong>coraz\u00f3n<\/strong> de Gij\u00f3n. Cuenta con dos de los edificios con m\u00e1s nombre en la villa como son el <strong>Ayuntamiento<\/strong> y la Antigua Pescader\u00eda. Nos sirve tanto de escenario de espect\u00e1culos musicales o como exposici\u00f3n de productos artesanales.<\/p>\n<div id=\"attachment_1696\" style=\"width: 798px\" class=\"wp-caption aligncenter\"><a href=\"https:\/\/cdn1.es.casasrurales.net\/blog\/wp-content\/emp\/blogcasas\/2016\/08\/Manuel-Iglesia-San-Pedro.jpg\"><img aria-describedby=\"caption-attachment-1696\" class=\"size-full wp-image-1696\" src=\"https:\/\/cdn1.es.casasrurales.net\/blog\/wp-content\/emp\/blogcasas\/2016\/08\/Manuel-Iglesia-San-Pedro.jpg\" alt=\"Iglesia San Pedro\" width=\"788\" height=\"412\" srcset=\"https:\/\/cdn1.es.casasrurales.net\/blog\/wp-content\/emp\/blogcasas\/2016\/08\/Manuel-Iglesia-San-Pedro.jpg 788w, https:\/\/cdn1.es.casasrurales.net\/blog\/wp-content\/emp\/blogcasas\/2016\/08\/Manuel-Iglesia-San-Pedro-300x157.jpg 300w\" sizes=\"(max-width: 788px) 100vw, 788px\" \/><\/a><p id=\"caption-attachment-1696\" class=\"wp-caption-text\">Manuel \/FLICKR<\/p><\/div>\n<p><strong>Iglesia San Pedro<\/strong>. A uno de los extremos de la playa de San Lorenzo, al inicio (o fin) del barrio de Cimadevilla es una de las estampas m\u00e1s <strong>populares<\/strong> de la villa. Algo que Oviedo no podr\u00e1 tener, una Iglesia a los pues del mar.<\/p>\n<p>Mirador de la <strong>Providencia<\/strong>. Ll\u00e9vate un libro, m\u00fasica relajante&#8230; s\u00f3lo mira la inmensidad del Cant\u00e1brico, la brisa y el olor a salitre. Disfruta.<\/p>\n<p><strong>Fiestas<\/strong>. Las m\u00e1s importantes son la Semana Negra con su parte dedicada a la novela de misterio y del mismo nombre. Tambi\u00e9n tenemos la Feria Internacional de Muestras de Gij\u00f3n donde se presentan productos novedosos en distintos pabellones. En agosto ambas.<\/p>\n<h2><strong>Oviedo Vs Gij\u00f3n<\/strong><\/h2>\n<p>Oviedo, capital del <strong>Principado<\/strong>, evoca se\u00f1or\u00edo por todas sus limpias calles, las m\u00e1s de Europa, dicen los numerosos premios otorgados a la ciudad. Puede que Oviedo en su extensi\u00f3n sea peque\u00f1o pero cuenta con todos los servicios de una capital de primer <strong>orden<\/strong>. Que s\u00ed, que no tiene playa pero lo suple con una gran <strong>cantidad<\/strong> de pros de gran peso.<\/p>\n<div id=\"attachment_1700\" style=\"width: 649px\" class=\"wp-caption aligncenter\"><a href=\"https:\/\/cdn1.es.casasrurales.net\/blog\/wp-content\/emp\/blogcasas\/2016\/08\/Parque-San-Francisco.jpg\"><img aria-describedby=\"caption-attachment-1700\" class=\"size-full wp-image-1700\" src=\"https:\/\/cdn1.es.casasrurales.net\/blog\/wp-content\/emp\/blogcasas\/2016\/08\/Parque-San-Francisco.jpg\" alt=\"Parque San Francisco\" width=\"639\" height=\"434\" srcset=\"https:\/\/cdn1.es.casasrurales.net\/blog\/wp-content\/emp\/blogcasas\/2016\/08\/Parque-San-Francisco.jpg 639w, https:\/\/cdn1.es.casasrurales.net\/blog\/wp-content\/emp\/blogcasas\/2016\/08\/Parque-San-Francisco-300x204.jpg 300w\" sizes=\"(max-width: 639px) 100vw, 639px\" \/><\/a><p id=\"caption-attachment-1700\" class=\"wp-caption-text\">Nacho \/FLICKR<\/p><\/div>\n<p>Parque San <strong>Francisco<\/strong>. El pulm\u00f3n de la ciudad. Cuenta con \u00e1rboles centenarios, estanques de agua con numerosos patos y cisnes (incluso ahora tortugas), fuentes, ardillas y, \u00a1pavos reales! S\u00ed, los <strong>pavos reales<\/strong> son una de las joyas de la ciudad. Campan a sus anchas,\u00a0\u00a0y no es dif\u00edcil poder verlos llegando incluso al Hotel Reconquista, otro de los buques insignia de Vetusta, sobre todo, durante la concentraci\u00f3n de los <strong>Premios Princesa<\/strong> de Asturias.<\/p>\n<div id=\"attachment_1701\" style=\"width: 584px\" class=\"wp-caption aligncenter\"><a href=\"https:\/\/cdn1.es.casasrurales.net\/blog\/wp-content\/emp\/blogcasas\/2016\/08\/Teatro-Campoamor.jpg\"><img aria-describedby=\"caption-attachment-1701\" class=\"size-full wp-image-1701\" src=\"https:\/\/cdn1.es.casasrurales.net\/blog\/wp-content\/emp\/blogcasas\/2016\/08\/Teatro-Campoamor.jpg\" alt=\"Teatro Campoamor\" width=\"574\" height=\"428\" srcset=\"https:\/\/cdn1.es.casasrurales.net\/blog\/wp-content\/emp\/blogcasas\/2016\/08\/Teatro-Campoamor.jpg 574w, https:\/\/cdn1.es.casasrurales.net\/blog\/wp-content\/emp\/blogcasas\/2016\/08\/Teatro-Campoamor-300x224.jpg 300w, https:\/\/cdn1.es.casasrurales.net\/blog\/wp-content\/emp\/blogcasas\/2016\/08\/Teatro-Campoamor-156x117.jpg 156w\" sizes=\"(max-width: 574px) 100vw, 574px\" \/><\/a><p id=\"caption-attachment-1701\" class=\"wp-caption-text\">Nacho \/FLCIKR<\/p><\/div>\n<p>Teatro <strong>Campoamor<\/strong>. Situado en la arteria principal de la ciudad, este centenario teatro no s\u00f3lo acoge obras de \u00f3pera y zarzuela de primera escala sino que es el escenario elegido a\u00f1o tras a\u00f1o para la entrega de los Premios Princesa de Asturias. Una maravilla para la vista tanto por fuera como por dentro, adem\u00e1s, la estampa se completa con una calle peatonal con una de las populares esculturas\u00a0de <strong>Botero<\/strong> dedicada a la parte baja de la espalda donde pierde su casto nombre.<\/p>\n<p>Monte <strong>Naranco<\/strong> y El Cristo. \u00bfQuieres unas vistas impresionantes de la ciudad? Pues s\u00f3lo tienes que salir un poquito a las afueras, subir al monte que abriga la ciudad y disfrutar. All\u00ed se sit\u00faa el Cristo, como protector de la metr\u00f3polis y de sus habitantes, con los brazos abiertos en clara se\u00f1al de amparo y cari\u00f1o.<\/p>\n<div id=\"attachment_1702\" style=\"width: 580px\" class=\"wp-caption aligncenter\"><a href=\"https:\/\/cdn1.es.casasrurales.net\/blog\/wp-content\/emp\/blogcasas\/2016\/08\/Calle-Gascona.jpg\"><img aria-describedby=\"caption-attachment-1702\" class=\"size-full wp-image-1702\" src=\"https:\/\/cdn1.es.casasrurales.net\/blog\/wp-content\/emp\/blogcasas\/2016\/08\/Calle-Gascona.jpg\" alt=\"Calle Gascona\" width=\"570\" height=\"429\" srcset=\"https:\/\/cdn1.es.casasrurales.net\/blog\/wp-content\/emp\/blogcasas\/2016\/08\/Calle-Gascona.jpg 570w, https:\/\/cdn1.es.casasrurales.net\/blog\/wp-content\/emp\/blogcasas\/2016\/08\/Calle-Gascona-300x226.jpg 300w, https:\/\/cdn1.es.casasrurales.net\/blog\/wp-content\/emp\/blogcasas\/2016\/08\/Calle-Gascona-156x117.jpg 156w\" sizes=\"(max-width: 570px) 100vw, 570px\" \/><\/a><p id=\"caption-attachment-1702\" class=\"wp-caption-text\">Nacho \/FLICKR<\/p><\/div>\n<p>Calle <strong>Gascona<\/strong>. Una de las calles m\u00e1s concurridas a la hora de salir a tomar algo y, los asturianos somos muy de eso, de salir a tomar algo. En cada uno de los chigres podr\u00e1s degustar de buenos culines de sidra y buen pescado y carne. Ahora s\u00ed, prepara las piernas porque la calle se caracteriza por una pronunciada pendiente.<\/p>\n<div id=\"attachment_1703\" style=\"width: 580px\" class=\"wp-caption aligncenter\"><a href=\"https:\/\/cdn1.es.casasrurales.net\/blog\/wp-content\/emp\/blogcasas\/2016\/08\/Catedral-de-Oviedo.jpg\"><img aria-describedby=\"caption-attachment-1703\" class=\"size-full wp-image-1703\" src=\"https:\/\/cdn1.es.casasrurales.net\/blog\/wp-content\/emp\/blogcasas\/2016\/08\/Catedral-de-Oviedo.jpg\" alt=\"Catedral de Oviedo\" width=\"570\" height=\"424\" srcset=\"https:\/\/cdn1.es.casasrurales.net\/blog\/wp-content\/emp\/blogcasas\/2016\/08\/Catedral-de-Oviedo.jpg 570w, https:\/\/cdn1.es.casasrurales.net\/blog\/wp-content\/emp\/blogcasas\/2016\/08\/Catedral-de-Oviedo-300x223.jpg 300w, https:\/\/cdn1.es.casasrurales.net\/blog\/wp-content\/emp\/blogcasas\/2016\/08\/Catedral-de-Oviedo-156x117.jpg 156w\" sizes=\"(max-width: 570px) 100vw, 570px\" \/><\/a><p id=\"caption-attachment-1703\" class=\"wp-caption-text\">Javier Losa \/FLICKR<\/p><\/div>\n<p>Plaza de la Catedral. La Catedral es una de las m\u00e1s bonitas de Espa\u00f1a. Con su estilo g\u00f3tico, el edificio tendr\u00eda que haber contado con dos torres, la leyenda cuenta que el dinero insuficiente hizo que se quedara con una, otros hablan de que fue una decisi\u00f3n del responsable. Como colof\u00f3n de la plaza, justo encima de una peque\u00f1a fuente, est\u00e1 Ana <strong>Ozores<\/strong>, s\u00ed, La Regenta, contemplando su querida Vetusta. No puedes perder hacerte una foto con ella.<\/p>\n<div id=\"attachment_1704\" style=\"width: 637px\" class=\"wp-caption aligncenter\"><a href=\"https:\/\/cdn1.es.casasrurales.net\/blog\/wp-content\/emp\/blogcasas\/2016\/08\/San-Julian-de-los-Prados.jpg\"><img aria-describedby=\"caption-attachment-1704\" class=\"size-full wp-image-1704\" src=\"https:\/\/cdn1.es.casasrurales.net\/blog\/wp-content\/emp\/blogcasas\/2016\/08\/San-Julian-de-los-Prados.jpg\" alt=\"San Juli\u00e1n de los Prados\" width=\"627\" height=\"413\" srcset=\"https:\/\/cdn1.es.casasrurales.net\/blog\/wp-content\/emp\/blogcasas\/2016\/08\/San-Julian-de-los-Prados.jpg 627w, https:\/\/cdn1.es.casasrurales.net\/blog\/wp-content\/emp\/blogcasas\/2016\/08\/San-Julian-de-los-Prados-300x198.jpg 300w\" sizes=\"(max-width: 627px) 100vw, 627px\" \/><\/a><p id=\"caption-attachment-1704\" class=\"wp-caption-text\">Manuel \/FLICKR<\/p><\/div>\n<p>San Miguel de Lillo, Santa Mar\u00eda del <strong>Naranco<\/strong> y San Juli\u00e1n de los Prados. Tres obras arquitect\u00f3nicas del arte prerrom\u00e1nico, las dos primeras estudiadas en cualquier libro de historia. Tal es la importancia de estas obras y su belleza anclada que, el cineasta neoyorkino <strong>Woody Allen<\/strong> se enamor\u00f3 de ellas y de la ciudad. Obviamente, el sentimiento fue rec\u00edproco, para muestra, un bot\u00f3n: contamos con una popular escultura de Allen en bronce en la Calle Ur\u00eda.<\/p>\n<p><strong>Fiestas<\/strong>. San Mateo en septiembre, \u00a1que vivan los bollos pre\u00f1aos! Martes de Campo o la Ascensi\u00f3n.<\/p>\n<p>\u00bfNos aconsejas alg\u00fan punto que no debemos perdernos? \u00a1Seguro que se nos ha quedado alguno en el tintero! Y es que estas dos ciudades tienen mucho bueno por lo que rivalizar.<\/p>\n","protected":false},"excerpt":{"rendered":"<p>Hermanos y rivales. No es algo que s\u00f3lo pase entre los gijoneses y los ovetenses pero, est\u00e1 claro que la rivalidad de estos vecinos traspasa fronteras. Nunca, y repito, nunca, confundas a alguien de Gij\u00f3n con uno de Oviedo y&hellip; <br \/><a class=\"read-more-button\" href=\"https:\/\/www.casasrurales.net\/blog\/oviedo-frente-a-gijon\">Leer m\u00e1s<\/a><\/p>\n","protected":false},"author":3,"featured_media":1706,"comment_status":"open","ping_status":"open","sticky":false,"template":"","format":"standard","meta":[],"categories":[11],"tags":[],"_links":{"self":[{"href":"https:\/\/www.casasrurales.net\/blog\/wp-json\/wp\/v2\/posts\/1692"}],"collection":[{"href":"https:\/\/www.casasrurales.net\/blog\/wp-json\/wp\/v2\/posts"}],"about":[{"href":"https:\/\/www.casasrurales.net\/blog\/wp-json\/wp\/v2\/types\/post"}],"author":[{"embeddable":true,"href":"https:\/\/www.casasrurales.net\/blog\/wp-json\/wp\/v2\/users\/3"}],"replies":[{"embeddable":true,"href":"https:\/\/www.casasrurales.net\/blog\/wp-json\/wp\/v2\/comments?post=1692"}],"version-history":[{"count":6,"href":"https:\/\/www.casasrurales.net\/blog\/wp-json\/wp\/v2\/posts\/1692\/revisions"}],"predecessor-version":[{"id":11954,"href":"https:\/\/www.casasrurales.net\/blog\/wp-json\/wp\/v2\/posts\/1692\/revisions\/11954"}],"wp:featuredmedia":[{"embeddable":true,"href":"https:\/\/www.casasrurales.net\/blog\/wp-json\/wp\/v2\/media\/1706"}],"wp:attachment":[{"href":"https:\/\/www.casasrurales.net\/blog\/wp-json\/wp\/v2\/media?parent=1692"}],"wp:term":[{"taxonomy":"category","embeddable":true,"href":"https:\/\/www.casasrurales.net\/blog\/wp-json\/wp\/v2\/categories?post=1692"},{"taxonomy":"post_tag","embeddable":true,"href":"https:\/\/www.casasrurales.net\/blog\/wp-json\/wp\/v2\/tags?post=1692"}],"curies":[{"name":"wp","href":"https:\/\/api.w.org\/{rel}","templated":true}]}}