
{"id":150,"date":"2015-09-17T15:10:07","date_gmt":"2015-09-17T15:10:07","guid":{"rendered":"https:\/\/www.casasrurales.net\/blog\/?p=150"},"modified":"2023-10-31T15:13:25","modified_gmt":"2023-10-31T15:13:25","slug":"fiestas-de-los-pueblos-en-septiembre","status":"publish","type":"post","link":"https:\/\/www.casasrurales.net\/blog\/fiestas-de-los-pueblos-en-septiembre","title":{"rendered":"Fiestas de los pueblos en septiembre"},"content":{"rendered":"<p>Acaba el verano y yo saco una conclusi\u00f3n en claro: <strong>los pueblos son maravillosos<\/strong>. As\u00ed de directo, claro y conciso (por ahora). S\u00ed se\u00f1or, son pura esencia de nuestra geograf\u00eda. Y lo son por muchos motivos, pero yo voy a dar uno de los m\u00e1s razonables \u2013 o no \u2013 que me ha regalado esta temporada estival<strong>: sus fiestas<\/strong>.<\/p>\n<p><img class=\"alignnone size-full wp-image-156\" src=\"https:\/\/cdn1.es.casasrurales.net\/blog\/wp-content\/emp\/blogcasas\/2015\/09\/11.jpg\" alt=\"1\" width=\"640\" height=\"480\" srcset=\"https:\/\/cdn1.es.casasrurales.net\/blog\/wp-content\/emp\/blogcasas\/2015\/09\/11.jpg 640w, https:\/\/cdn1.es.casasrurales.net\/blog\/wp-content\/emp\/blogcasas\/2015\/09\/11-300x225.jpg 300w, https:\/\/cdn1.es.casasrurales.net\/blog\/wp-content\/emp\/blogcasas\/2015\/09\/11-156x117.jpg 156w\" sizes=\"(max-width: 640px) 100vw, 640px\" \/><\/p>\n<p>Porque las fiestas de los pueblos, queridos, <strong>se han convertido en un<\/strong> <strong>\u201cnecesario\u201d<\/strong> y <strong>\u201cm\u00edtico\u201d<\/strong>. Un saborcillo caracter\u00edstico, ese que nos empuja a emigrar hacia nuestros municipios cuando Lorenzo se cobra el protagonismo del calendario.<\/p>\n<p><strong>\u00a1Cantantes!<\/strong> Deb\u00e9is saber que <strong>los pueblos y sus<\/strong> <strong>verbenas<\/strong> decidir\u00e1n si vuestra canci\u00f3n se har\u00e1 inmortal. O si no, que se lo pregunten a Paquito El Chocolatero, Los Pajaritos, El Tibur\u00f3n, Olv\u00eddame y pega la vuelta, La ventanita del amor, Cachete pechito y ombligo, Sarandonga, Fiesta Pagana, The Final Countdown o Que la detengan. Es as\u00ed, grandes \u00e9xitos.<\/p>\n<p><img class=\"alignnone size-large wp-image-157\" src=\"https:\/\/cdn1.es.casasrurales.net\/blog\/wp-content\/emp\/blogcasas\/2015\/09\/2-11.jpg\" alt=\"2 (1)\" width=\"640\" height=\"480\" srcset=\"https:\/\/cdn1.es.casasrurales.net\/blog\/wp-content\/emp\/blogcasas\/2015\/09\/2-11.jpg 640w, https:\/\/cdn1.es.casasrurales.net\/blog\/wp-content\/emp\/blogcasas\/2015\/09\/2-11-300x225.jpg 300w, https:\/\/cdn1.es.casasrurales.net\/blog\/wp-content\/emp\/blogcasas\/2015\/09\/2-11-156x117.jpg 156w\" sizes=\"(max-width: 640px) 100vw, 640px\" \/><\/p>\n<p><strong>Y deportistas.<\/strong> Si os hab\u00e9is asomado alguna vez a unas fiestas municipales ver\u00e9is como \u00e9stas son la cuna de nuevas modalidades. V\u00e9ase <strong>\u201cLanzamiento de DNI\u201d,<\/strong> que empez\u00f3 en Osona y ya ha llegado a Vallecas. El <strong>\u201clanzamiento de hueso de aceituna\u201d<\/strong> o el <strong>\u201cBrutathlon\u201d<\/strong>, que tira por tierra aquello de m\u00e1s vale ma\u00f1a que fuerza.<\/p>\n<p><img class=\"alignnone size-full wp-image-167\" src=\"https:\/\/cdn1.es.casasrurales.net\/blog\/wp-content\/emp\/blogcasas\/2015\/09\/Brutathlon-fuente-elmundo.es-1.jpg\" alt=\"Brutathlon fuente elmundo.es (1)\" width=\"470\" height=\"314\" srcset=\"https:\/\/cdn1.es.casasrurales.net\/blog\/wp-content\/emp\/blogcasas\/2015\/09\/Brutathlon-fuente-elmundo.es-1.jpg 470w, https:\/\/cdn1.es.casasrurales.net\/blog\/wp-content\/emp\/blogcasas\/2015\/09\/Brutathlon-fuente-elmundo.es-1-300x200.jpg 300w, https:\/\/cdn1.es.casasrurales.net\/blog\/wp-content\/emp\/blogcasas\/2015\/09\/Brutathlon-fuente-elmundo.es-1-320x213.jpg 320w\" sizes=\"(max-width: 470px) 100vw, 470px\" \/><\/p>\n<p>Fuente: elmundo.es<\/p>\n<p>Son lo mejor. <strong>Despiertan tambi\u00e9n nuestro esp\u00edritu m\u00e1s creativo<\/strong> cuando se escogen los nombres de las <strong>pe\u00f1as <\/strong>y sus coloridas camisetas. Creatividad, hay que apuntar, que a veces se aviva debido a las garrafas, calderos o barre\u00f1os de sangr\u00eda y calimocho. Todo finalmente asentado con una buena <strong>paellada<\/strong>. Todo a lo grande.<\/p>\n<p>Y el caso, como iba diciendo, es que el verano toca a su fin. Pero en estos \u00faltimos d\u00edas del mes de septiembre a\u00fan hay muchos <strong>pueblos<\/strong> <strong>que celebran sus<\/strong> <strong>fiestas<\/strong>. Por ello, a continuaci\u00f3n os apuntalo alguno de ellos, no siendo que os anim\u00e1is a marcaros la \u00faltima coreograf\u00eda de los rayos de sol.<\/p>\n<h2><strong><u>-Pozoblanco (C\u00f3rdoba)<\/u><\/strong><\/h2>\n<p>Del <strong>22 al 27 de Septiembre<\/strong> Pozoblanco celebra sus ferias y fiestas. En ellas rinde homenaje a Nuestra Se\u00f1ora de las Mercedes de Pozoblanco.<\/p>\n<p><img class=\"alignnone size-large wp-image-165\" src=\"https:\/\/cdn1.es.casasrurales.net\/blog\/wp-content\/emp\/blogcasas\/2015\/09\/Fuente-portalfiestas.jpg\" alt=\"Fuente portalfiestas\" width=\"566\" height=\"800\" srcset=\"https:\/\/cdn1.es.casasrurales.net\/blog\/wp-content\/emp\/blogcasas\/2015\/09\/Fuente-portalfiestas.jpg 566w, https:\/\/cdn1.es.casasrurales.net\/blog\/wp-content\/emp\/blogcasas\/2015\/09\/Fuente-portalfiestas-212x300.jpg 212w\" sizes=\"(max-width: 566px) 100vw, 566px\" \/><\/p>\n<p>Foto: portalfiestas.com<\/p>\n<p>En su programa festivo destaca la presencia de diferentes <strong>dianas<\/strong>, as\u00ed como importantes <strong>eventos taurinos<\/strong>. Para los peques,<strong> taller de juegos y concurso de pancartas<\/strong>.<\/p>\n<p>Todas las actividades <strong>se llevan a cabo en un<\/strong> <strong>recinto ferial<\/strong>, donde se habilitan diferentes casetas.<\/p>\n<p>Para conocerlas y disfrutarlas, te dejamos aqu\u00ed una serie de <a href=\"https:\/\/www.casasrurales.net\/casas-rurales\/cordoba\/pozoblanco\">alojamientos en los que hospedarte<\/a> para que tu experiencia sea completa.<\/p>\n<p><img class=\"alignnone size-large wp-image-160\" src=\"https:\/\/cdn1.es.casasrurales.net\/blog\/wp-content\/emp\/blogcasas\/2015\/09\/5-1.jpg\" alt=\"5 (1)\" width=\"755\" height=\"566\" srcset=\"https:\/\/cdn1.es.casasrurales.net\/blog\/wp-content\/emp\/blogcasas\/2015\/09\/5-1.jpg 755w, https:\/\/cdn1.es.casasrurales.net\/blog\/wp-content\/emp\/blogcasas\/2015\/09\/5-1-300x225.jpg 300w, https:\/\/cdn1.es.casasrurales.net\/blog\/wp-content\/emp\/blogcasas\/2015\/09\/5-1-156x117.jpg 156w\" sizes=\"(max-width: 755px) 100vw, 755px\" \/><\/p>\n<h2><strong>&#8211;<u>Mejorada del Campo (Madrid)<\/u><\/strong><\/h2>\n<p>Gran tradici\u00f3n la que ofrece Mejorada del Campo con un programa amplio y diverso. Asomarte a este municipio durante el pr\u00f3ximo fin de semana es disfrutar de actividades en todos los \u00e1mbitos. En el <strong>deportivo<\/strong>, campeonatos de f\u00fatbol sala, tenis, tiro al plato\u2026<\/p>\n<p><img class=\"alignnone size-large wp-image-164\" src=\"https:\/\/cdn1.es.casasrurales.net\/blog\/wp-content\/emp\/blogcasas\/2015\/09\/Fuente-Kedin.es_-1024x512.jpg\" alt=\"Fuente Kedin.es\" width=\"840\" height=\"420\" srcset=\"https:\/\/cdn1.es.casasrurales.net\/blog\/wp-content\/emp\/blogcasas\/2015\/09\/Fuente-Kedin.es_-1024x512.jpg 1024w, https:\/\/cdn1.es.casasrurales.net\/blog\/wp-content\/emp\/blogcasas\/2015\/09\/Fuente-Kedin.es_-300x150.jpg 300w, https:\/\/cdn1.es.casasrurales.net\/blog\/wp-content\/emp\/blogcasas\/2015\/09\/Fuente-Kedin.es_-1170x585.jpg 1170w, https:\/\/cdn1.es.casasrurales.net\/blog\/wp-content\/emp\/blogcasas\/2015\/09\/Fuente-Kedin.es_.jpg 1200w\" sizes=\"(max-width: 840px) 100vw, 840px\" \/><\/p>\n<p>Foto: kedin.es<\/p>\n<p>Tambi\u00e9n <strong>encierros taurinos<\/strong>, para grandes y peque\u00f1os y por supuesto, a media noche del s\u00e1bado los <strong>fuegos artificiales<\/strong>. En el plano musical, adem\u00e1s de las diferentes orquestas, Mejorada cuenta este a\u00f1o con la presencia del reconocido <strong>David De Mar\u00eda<\/strong>.<\/p>\n<h2><strong>&#8211;<u>Algemes\u00ed (Valencia)<\/u><\/strong><\/h2>\n<p>Algemes\u00ed celebra del <strong>18 al 27 de septiembre<\/strong> su <strong>\u201cSetmana de bous\u201d,<\/strong> una delicia para los amantes del mundo <strong>taurino<\/strong>.<\/p>\n<p>Para ello, se construye una <strong>plaza de toros rectangular<\/strong>, donde se celebran las <strong>novilladas<\/strong> m\u00e1s importantes de nuestra geograf\u00eda. Sin duda, una plaza muy importante para aquellos que se quieran destapar en el mundo taurino.<\/p>\n<p><img class=\"alignnone size-large wp-image-166\" src=\"https:\/\/cdn1.es.casasrurales.net\/blog\/wp-content\/emp\/blogcasas\/2015\/09\/fuente-riberaexpress.es_-1024x680.jpg\" alt=\"fuente riberaexpress.es\" width=\"840\" height=\"558\" srcset=\"https:\/\/cdn1.es.casasrurales.net\/blog\/wp-content\/emp\/blogcasas\/2015\/09\/fuente-riberaexpress.es_.jpg 1024w, https:\/\/cdn1.es.casasrurales.net\/blog\/wp-content\/emp\/blogcasas\/2015\/09\/fuente-riberaexpress.es_-300x199.jpg 300w, https:\/\/cdn1.es.casasrurales.net\/blog\/wp-content\/emp\/blogcasas\/2015\/09\/fuente-riberaexpress.es_-320x213.jpg 320w\" sizes=\"(max-width: 840px) 100vw, 840px\" \/><\/p>\n<p>Foto: riberaexpress.es<\/p>\n<p>Por otro lado, en el <strong>parque de Salvador Castell<\/strong>\u00a0 se sit\u00faan todas las casetas de las pe\u00f1as, en las que degustar <strong>la gastronom\u00eda local<\/strong>.<\/p>\n<p>Si eres amante de los toros y el buen comer y te animas a pasar por Algemes\u00ed, te recomendamos para descansar la <strong>casa rural<\/strong> <a href=\"https:\/\/www.casasrurales.net\/apartamentos-rurales\/huerto-del-medico--c8819\">El Huerto del M\u00e9dico<\/a>.<\/p>\n<p><img class=\"alignnone size-large wp-image-161\" src=\"https:\/\/cdn1.es.casasrurales.net\/blog\/wp-content\/emp\/blogcasas\/2015\/09\/6.jpg\" alt=\"6\" width=\"640\" height=\"480\" srcset=\"https:\/\/cdn1.es.casasrurales.net\/blog\/wp-content\/emp\/blogcasas\/2015\/09\/6.jpg 640w, https:\/\/cdn1.es.casasrurales.net\/blog\/wp-content\/emp\/blogcasas\/2015\/09\/6-300x225.jpg 300w, https:\/\/cdn1.es.casasrurales.net\/blog\/wp-content\/emp\/blogcasas\/2015\/09\/6-156x117.jpg 156w\" sizes=\"(max-width: 640px) 100vw, 640px\" \/><\/p>\n<h2><strong>&#8211;<u>Azuqueca de Henares (Guadalajara)<\/u><\/strong><\/h2>\n<p>Del <strong>19 al 27 de septiembre<\/strong>. Su mayor reclamo es el <strong>Desfile de Carrozas de las Pe\u00f1as P\u00fablicas<\/strong>. Tal es el tir\u00f3n de \u00e9ste, que ha sido declarado <strong>Fiesta de Inter\u00e9s Tur\u00edstico Regional<\/strong>.<\/p>\n<p><img class=\"alignnone size-large wp-image-163\" src=\"https:\/\/cdn1.es.casasrurales.net\/blog\/wp-content\/emp\/blogcasas\/2015\/09\/Fuente-guadalajaradiario.es_.jpg\" alt=\"Fuente guadalajaradiario.es\" width=\"800\" height=\"532\" srcset=\"https:\/\/cdn1.es.casasrurales.net\/blog\/wp-content\/emp\/blogcasas\/2015\/09\/Fuente-guadalajaradiario.es_.jpg 800w, https:\/\/cdn1.es.casasrurales.net\/blog\/wp-content\/emp\/blogcasas\/2015\/09\/Fuente-guadalajaradiario.es_-300x200.jpg 300w, https:\/\/cdn1.es.casasrurales.net\/blog\/wp-content\/emp\/blogcasas\/2015\/09\/Fuente-guadalajaradiario.es_-320x213.jpg 320w\" sizes=\"(max-width: 800px) 100vw, 800px\" \/><\/p>\n<p>Foto: guadalajara.es<\/p>\n<p>Por otro lado, Azuqueca de Henares otorga en su festividad gran importancia al aspecto <strong>gastron\u00f3mico<\/strong>, <strong>con la comida de Pe\u00f1as y la comida Popular<\/strong>. A su vez, el programa abraza otros campos con la Feria Taurina, y actividades musicales y culturales.<\/p>\n<p>Pero sobre todo, lo que tiene Azuqueca es unas fiestas dirigidas por una Comisi\u00f3n formada por las propias <strong>pe\u00f1as p\u00fablicas<\/strong> del lugar, por lo que dif\u00edcilmente fallan a la hora de divertir a quienes las vive.<\/p>\n<p><img class=\"alignnone size-full wp-image-162\" src=\"https:\/\/cdn1.es.casasrurales.net\/blog\/wp-content\/emp\/blogcasas\/2015\/09\/7-1.jpg\" alt=\"7 (1)\" width=\"480\" height=\"640\" srcset=\"https:\/\/cdn1.es.casasrurales.net\/blog\/wp-content\/emp\/blogcasas\/2015\/09\/7-1.jpg 480w, https:\/\/cdn1.es.casasrurales.net\/blog\/wp-content\/emp\/blogcasas\/2015\/09\/7-1-225x300.jpg 225w\" sizes=\"(max-width: 480px) 100vw, 480px\" \/><\/p>\n<p>Visto est\u00e1 que queda verano, que queda septiembre, y queda mucha, pero que mucha fiesta. Yo me voy a por mi gorro de paja y mi vaso de sangr\u00eda, \u00bfy t\u00fa? \u00a1Venga no te quedes ah\u00ed parado! Te invito a terminar de leer y a ponerte en pie al final de esta l\u00ednea<strong>. \u00a1Felices fiestas!<\/strong><\/p>\n","protected":false},"excerpt":{"rendered":"<p>Acaba el verano y yo saco una conclusi\u00f3n en claro: los pueblos son maravillosos. As\u00ed de directo, claro y conciso (por ahora). S\u00ed se\u00f1or, son pura esencia de nuestra geograf\u00eda. Y lo son por muchos motivos, pero yo voy a&hellip; <br \/><a class=\"read-more-button\" href=\"https:\/\/www.casasrurales.net\/blog\/fiestas-de-los-pueblos-en-septiembre\">Leer m\u00e1s<\/a><\/p>\n","protected":false},"author":4,"featured_media":159,"comment_status":"open","ping_status":"open","sticky":false,"template":"","format":"standard","meta":[],"categories":[13],"tags":[],"_links":{"self":[{"href":"https:\/\/www.casasrurales.net\/blog\/wp-json\/wp\/v2\/posts\/150"}],"collection":[{"href":"https:\/\/www.casasrurales.net\/blog\/wp-json\/wp\/v2\/posts"}],"about":[{"href":"https:\/\/www.casasrurales.net\/blog\/wp-json\/wp\/v2\/types\/post"}],"author":[{"embeddable":true,"href":"https:\/\/www.casasrurales.net\/blog\/wp-json\/wp\/v2\/users\/4"}],"replies":[{"embeddable":true,"href":"https:\/\/www.casasrurales.net\/blog\/wp-json\/wp\/v2\/comments?post=150"}],"version-history":[{"count":5,"href":"https:\/\/www.casasrurales.net\/blog\/wp-json\/wp\/v2\/posts\/150\/revisions"}],"predecessor-version":[{"id":12035,"href":"https:\/\/www.casasrurales.net\/blog\/wp-json\/wp\/v2\/posts\/150\/revisions\/12035"}],"wp:featuredmedia":[{"embeddable":true,"href":"https:\/\/www.casasrurales.net\/blog\/wp-json\/wp\/v2\/media\/159"}],"wp:attachment":[{"href":"https:\/\/www.casasrurales.net\/blog\/wp-json\/wp\/v2\/media?parent=150"}],"wp:term":[{"taxonomy":"category","embeddable":true,"href":"https:\/\/www.casasrurales.net\/blog\/wp-json\/wp\/v2\/categories?post=150"},{"taxonomy":"post_tag","embeddable":true,"href":"https:\/\/www.casasrurales.net\/blog\/wp-json\/wp\/v2\/tags?post=150"}],"curies":[{"name":"wp","href":"https:\/\/api.w.org\/{rel}","templated":true}]}}