
{"id":12597,"date":"2025-07-16T07:55:05","date_gmt":"2025-07-16T07:55:05","guid":{"rendered":"https:\/\/www.casasrurales.net\/blog\/?p=12597"},"modified":"2025-07-29T10:48:44","modified_gmt":"2025-07-29T10:48:44","slug":"refugios-para-huir-de-las-olas-de-calor-este-verano","status":"publish","type":"post","link":"https:\/\/www.casasrurales.net\/blog\/refugios-para-huir-de-las-olas-de-calor-este-verano","title":{"rendered":"Refugios para huir de las olas de calor este verano"},"content":{"rendered":"\n<p>Las <strong>vacaciones de verano<\/strong> son para relajarse y descansar, pero para muchos hay un impedimento, las altas temperaturas. Y es que el<strong> calor ha llegado para quedarse.<\/strong><\/p>\n\n\n\n<p>Maneras para combatirlo hay muchas, escaparse a la playa o refrescarse en<a rel=\"noreferrer noopener\" href=\"https:\/\/www.casasrurales.net\/blog\/ruta-por-las-piscinas-naturales-mas-impresionantes-de-espana\" data-type=\"URL\" data-id=\"https:\/\/www.casasrurales.net\/blog\/ruta-por-las-piscinas-naturales-mas-impresionantes-de-espana\" target=\"_blank\"> piscinas naturales<\/a> son algunas de ellas. <\/p>\n\n\n\n<p>Pero en&nbsp; <a href=\"http:\/\/casasrurales.net\">casasrurales.net<\/a> tenemos la clave para disfrutar de un<strong> verano diferente<\/strong> alejado del calor: destinos que son refugio donde el frescor no es ef\u00edmero cuando uno se seca, donde la sensaci\u00f3n de derretirse al salir a la calle es un espejismo, y donde las<strong> olas de calor<\/strong> se surfean con \u00e1nimo.<\/p>\n\n\n\n<h1>La Hiruela (Madrid)<\/h1>\n\n\n\n<p>S\u00ed, en <strong>Madrid <\/strong>tambi\u00e9n hay rincones en los que no todo es bullicio, basta con alejarse un poco para huir del calor del asfalto de la capital y adentrarse en un <strong>entorno natural<\/strong> que se entremezcla con calles empedradas y un <strong>patrimonio arquitect\u00f3nico \u00fanico<\/strong>. <\/p>\n\n\n\n<p>Este pueblo ubicado en pleno coraz\u00f3n de la<strong> Sierra del Rinc\u00f3n<\/strong>, <strong>Reserva de la Biosfera por la UNESCO<\/strong>,&nbsp;se trata de un enclave desde donde parten rutas de senderismo se\u00f1alizadas como la <strong>Senda de la Fuente Lugar o la Ruta del Molino Harinero.<\/strong><\/p>\n\n\n\n<figure class=\"wp-block-image size-large\"><img width=\"1024\" height=\"680\" src=\"https:\/\/cdn1.es.casasrurales.net\/blog\/wp-content\/emp\/blogcasas\/2025\/07\/La-Hiluera-1-1024x680.jpg\" alt=\"\" class=\"wp-image-12604\" srcset=\"https:\/\/cdn1.es.casasrurales.net\/blog\/wp-content\/emp\/blogcasas\/2025\/07\/La-Hiluera-1-1024x680.jpg 1024w, https:\/\/cdn1.es.casasrurales.net\/blog\/wp-content\/emp\/blogcasas\/2025\/07\/La-Hiluera-1-300x199.jpg 300w, https:\/\/cdn1.es.casasrurales.net\/blog\/wp-content\/emp\/blogcasas\/2025\/07\/La-Hiluera-1-768x510.jpg 768w, https:\/\/cdn1.es.casasrurales.net\/blog\/wp-content\/emp\/blogcasas\/2025\/07\/La-Hiluera-1-1536x1020.jpg 1536w, https:\/\/cdn1.es.casasrurales.net\/blog\/wp-content\/emp\/blogcasas\/2025\/07\/La-Hiluera-1-320x213.jpg 320w, https:\/\/cdn1.es.casasrurales.net\/blog\/wp-content\/emp\/blogcasas\/2025\/07\/La-Hiluera-1-1170x777.jpg 1170w, https:\/\/cdn1.es.casasrurales.net\/blog\/wp-content\/emp\/blogcasas\/2025\/07\/La-Hiluera-1.jpg 1920w\" sizes=\"(max-width: 1024px) 100vw, 1024px\" \/><\/figure>\n\n\n\n<p>Al estar emplazado en la sierra hay un <strong>microclima<\/strong> con un <strong>ambiente fresco<\/strong>, tal es as\u00ed que durante los meses de verano las <strong>m\u00e1ximas rondan los 24- 28\u202f\u00b0C<\/strong> y las <strong>m\u00ednimas llegan a bajar hasta los 10\u00b0C.<\/strong><\/p>\n\n\n\n<h1>Trev\u00e9lez (Granada)<\/h1>\n\n\n\n<p>Ya lo dec\u00eda el poeta Francisco de Icaza, <em><strong>Dale limosna, mujer, que no hay en la vida nada como la pena de ser ciego en Granada<\/strong><\/em>. Y es que el calor no puede ser un impedimento para disfrutar de esta provincia.&nbsp;<\/p>\n\n\n\n<figure class=\"wp-block-image size-large\"><img width=\"1024\" height=\"683\" src=\"https:\/\/cdn1.es.casasrurales.net\/blog\/wp-content\/emp\/blogcasas\/2025\/07\/Trevelez-1-1-1024x683.jpg\" alt=\"\" class=\"wp-image-12605\" srcset=\"https:\/\/cdn1.es.casasrurales.net\/blog\/wp-content\/emp\/blogcasas\/2025\/07\/Trevelez-1-1-1024x683.jpg 1024w, https:\/\/cdn1.es.casasrurales.net\/blog\/wp-content\/emp\/blogcasas\/2025\/07\/Trevelez-1-1-300x200.jpg 300w, https:\/\/cdn1.es.casasrurales.net\/blog\/wp-content\/emp\/blogcasas\/2025\/07\/Trevelez-1-1-768x512.jpg 768w, https:\/\/cdn1.es.casasrurales.net\/blog\/wp-content\/emp\/blogcasas\/2025\/07\/Trevelez-1-1-320x213.jpg 320w, https:\/\/cdn1.es.casasrurales.net\/blog\/wp-content\/emp\/blogcasas\/2025\/07\/Trevelez-1-1-1170x780.jpg 1170w, https:\/\/cdn1.es.casasrurales.net\/blog\/wp-content\/emp\/blogcasas\/2025\/07\/Trevelez-1-1.jpg 1300w\" sizes=\"(max-width: 1024px) 100vw, 1024px\" \/><figcaption>Fuente: Ayuntamiento de Trev\u00e9lez<\/figcaption><\/figure>\n\n\n\n<p>Situado en la <strong>Alpujarra granadina<\/strong> se ubica Trev\u00e9lez, el <strong>pueblo m\u00e1s alto de la pen\u00ednsula<\/strong>. Si a la arquitectura t\u00edpica andalus\u00ed de<strong> casas de fachadas blancas<\/strong> que ayudan a mantener <strong>temperaturas agradables<\/strong> y <strong>calles estrechas<\/strong> que <strong>evita una exposici\u00f3n del sol directa<\/strong>, se le suma que se encuentra a pies del<strong> Mulhac\u00e9n<\/strong> y a casi <strong>1.500 metros sobre el nivel del mar<\/strong>, convierte a esta localidad en un <strong>refugio perfecto<\/strong> para sobrevivir a las olas de calor.<\/p>\n\n\n\n<h1>Fredes (Castell\u00f3n)<\/h1>\n\n\n\n<p>No es casualidad que hayan bautizado a este peque\u00f1a joya de la<strong> Comunidad de Valenciana<\/strong> como el \u00abpueblo fr\u00edo\u00bb. La ubicaci\u00f3n a 1.090 metros de altitud de esta <strong>pedan\u00eda <\/strong>perteneciente al municipio de <strong>La Pobla de Benifass\u00e0<\/strong>, <strong>Castell\u00f3n<\/strong>, garantiza unas <strong>temperaturas suaves<\/strong>, con <strong>m\u00e1ximas <\/strong>durante el d\u00eda que rara vez superan los <strong>28\u202f\u00b0C<\/strong> y con<strong> noches frescas <\/strong>que har\u00e1n que <strong>duermas del tir\u00f3n<\/strong>, \u00a1incluso arropado!<\/p>\n\n\n\n<figure class=\"wp-block-image size-large\"><img width=\"1024\" height=\"683\" src=\"https:\/\/cdn1.es.casasrurales.net\/blog\/wp-content\/emp\/blogcasas\/2025\/07\/Fredes-1024x683.jpg\" alt=\"\" class=\"wp-image-12603\" srcset=\"https:\/\/cdn1.es.casasrurales.net\/blog\/wp-content\/emp\/blogcasas\/2025\/07\/Fredes-1024x683.jpg 1024w, https:\/\/cdn1.es.casasrurales.net\/blog\/wp-content\/emp\/blogcasas\/2025\/07\/Fredes-300x200.jpg 300w, https:\/\/cdn1.es.casasrurales.net\/blog\/wp-content\/emp\/blogcasas\/2025\/07\/Fredes-768x512.jpg 768w, https:\/\/cdn1.es.casasrurales.net\/blog\/wp-content\/emp\/blogcasas\/2025\/07\/Fredes-1536x1024.jpg 1536w, https:\/\/cdn1.es.casasrurales.net\/blog\/wp-content\/emp\/blogcasas\/2025\/07\/Fredes-320x213.jpg 320w, https:\/\/cdn1.es.casasrurales.net\/blog\/wp-content\/emp\/blogcasas\/2025\/07\/Fredes-1170x780.jpg 1170w, https:\/\/cdn1.es.casasrurales.net\/blog\/wp-content\/emp\/blogcasas\/2025\/07\/Fredes.jpg 1920w\" sizes=\"(max-width: 1024px) 100vw, 1024px\" \/><\/figure>\n\n\n\n<h1>Tejedo de Ancares (Le\u00f3n)<\/h1>\n\n\n\n<p>Ubicada en el <strong>Valle de Ancares<\/strong>, el clima monta\u00f1oso de esta localidad del <strong>Bierzo <\/strong>lo convierte en un entorno en el que parece que el calor no existe. <\/p>\n\n\n\n<figure class=\"wp-block-image size-large\"><img width=\"1024\" height=\"683\" src=\"https:\/\/cdn1.es.casasrurales.net\/blog\/wp-content\/emp\/blogcasas\/2025\/07\/Tejedo-de-Ancares-1.jpg\" alt=\"\" class=\"wp-image-12606\" srcset=\"https:\/\/cdn1.es.casasrurales.net\/blog\/wp-content\/emp\/blogcasas\/2025\/07\/Tejedo-de-Ancares-1.jpg 1024w, https:\/\/cdn1.es.casasrurales.net\/blog\/wp-content\/emp\/blogcasas\/2025\/07\/Tejedo-de-Ancares-1-300x200.jpg 300w, https:\/\/cdn1.es.casasrurales.net\/blog\/wp-content\/emp\/blogcasas\/2025\/07\/Tejedo-de-Ancares-1-768x512.jpg 768w, https:\/\/cdn1.es.casasrurales.net\/blog\/wp-content\/emp\/blogcasas\/2025\/07\/Tejedo-de-Ancares-1-320x213.jpg 320w\" sizes=\"(max-width: 1024px) 100vw, 1024px\" \/><\/figure>\n\n\n\n<p>Las <strong>temperaturas <\/strong>durante el d\u00eda son agradables, en ocasiones el term\u00f3metro llega a los <strong>27\u202f\u00b0C<\/strong>, pero es un calor de monta\u00f1a, m\u00e1s amable, donde el bochorno no existe al estar rodeado de vegetaci\u00f3n. Y llegada la noche, puede que necesites un complemento que seguro que tienes guardado, una <strong>manta fina<\/strong>, porque llegan a caer hasta los <strong>10\u202f\u00b0C- 14\u00b0C<\/strong>.<\/p>\n\n\n\n<h1>Pola de Somiedo (Asturias)<\/h1>\n\n\n\n<p>Este destino es mucho m\u00e1s que un refugio donde<strong> escapar en los d\u00edas m\u00e1s calurosos del verano. <\/strong>Es un lugar con un paisaje espectacular en el que poder hacer <strong>rutas de senderismo<\/strong>. Se ubica en el interior del espacio protegido del <strong>Parque Nacional de Somiedo<\/strong>. <\/p>\n\n\n\n<p>El paisaje verde de monta\u00f1a, bosques y lagos que lo envuelve mantiene una <strong>humedad en el ambiente<\/strong> que har\u00e1 que te olvides del <strong>abanico<\/strong> y puedas disfrutar de actividades al<strong> aire libre<\/strong>, pues las temperaturas m\u00e1s altas llegan hasta los<strong> 26\u00b0C<\/strong> y las bajas rondan los <strong>12-14<\/strong> <strong>\u00b0C<\/strong>.<\/p>\n\n\n\n<figure class=\"wp-block-image size-large\"><img width=\"1024\" height=\"768\" src=\"https:\/\/cdn1.es.casasrurales.net\/blog\/wp-content\/emp\/blogcasas\/2025\/07\/Pola-de-Somiedo-1024x768.jpg\" alt=\"\" class=\"wp-image-12602\" srcset=\"https:\/\/cdn1.es.casasrurales.net\/blog\/wp-content\/emp\/blogcasas\/2025\/07\/Pola-de-Somiedo-1024x768.jpg 1024w, https:\/\/cdn1.es.casasrurales.net\/blog\/wp-content\/emp\/blogcasas\/2025\/07\/Pola-de-Somiedo-300x225.jpg 300w, https:\/\/cdn1.es.casasrurales.net\/blog\/wp-content\/emp\/blogcasas\/2025\/07\/Pola-de-Somiedo-768x576.jpg 768w, https:\/\/cdn1.es.casasrurales.net\/blog\/wp-content\/emp\/blogcasas\/2025\/07\/Pola-de-Somiedo-1536x1152.jpg 1536w, https:\/\/cdn1.es.casasrurales.net\/blog\/wp-content\/emp\/blogcasas\/2025\/07\/Pola-de-Somiedo-1170x878.jpg 1170w, https:\/\/cdn1.es.casasrurales.net\/blog\/wp-content\/emp\/blogcasas\/2025\/07\/Pola-de-Somiedo-156x117.jpg 156w, https:\/\/cdn1.es.casasrurales.net\/blog\/wp-content\/emp\/blogcasas\/2025\/07\/Pola-de-Somiedo-800x600.jpg 800w, https:\/\/cdn1.es.casasrurales.net\/blog\/wp-content\/emp\/blogcasas\/2025\/07\/Pola-de-Somiedo.jpg 1920w\" sizes=\"(max-width: 1024px) 100vw, 1024px\" \/><\/figure>\n\n\n\n<p>\u00a1Ya no hay excusas para sacar el m\u00e1ximo partido al <strong>verano<\/strong>! Anota estos lugares y disfruta <strong>sin calores sofocantes<\/strong>, ideales para <strong>descansar pl\u00e1cidamente en la noche<\/strong> y <strong>disfrutar al m\u00e1ximo las ma\u00f1anas en las calles<\/strong>, como cuando \u00e9ramos ni\u00f1os y el calor no importaba.<\/p>\n","protected":false},"excerpt":{"rendered":"<p>Las vacaciones de verano son para relajarse y descansar, pero para muchos hay un impedimento, las altas temperaturas. Y es que el calor ha llegado para quedarse. Maneras para combatirlo hay muchas, escaparse a la playa o refrescarse en piscinas&hellip; <br \/><a class=\"read-more-button\" href=\"https:\/\/www.casasrurales.net\/blog\/refugios-para-huir-de-las-olas-de-calor-este-verano\">Leer m\u00e1s<\/a><\/p>\n","protected":false},"author":12,"featured_media":12607,"comment_status":"open","ping_status":"open","sticky":false,"template":"","format":"standard","meta":[],"categories":[86],"tags":[29],"_links":{"self":[{"href":"https:\/\/www.casasrurales.net\/blog\/wp-json\/wp\/v2\/posts\/12597"}],"collection":[{"href":"https:\/\/www.casasrurales.net\/blog\/wp-json\/wp\/v2\/posts"}],"about":[{"href":"https:\/\/www.casasrurales.net\/blog\/wp-json\/wp\/v2\/types\/post"}],"author":[{"embeddable":true,"href":"https:\/\/www.casasrurales.net\/blog\/wp-json\/wp\/v2\/users\/12"}],"replies":[{"embeddable":true,"href":"https:\/\/www.casasrurales.net\/blog\/wp-json\/wp\/v2\/comments?post=12597"}],"version-history":[{"count":3,"href":"https:\/\/www.casasrurales.net\/blog\/wp-json\/wp\/v2\/posts\/12597\/revisions"}],"predecessor-version":[{"id":12609,"href":"https:\/\/www.casasrurales.net\/blog\/wp-json\/wp\/v2\/posts\/12597\/revisions\/12609"}],"wp:featuredmedia":[{"embeddable":true,"href":"https:\/\/www.casasrurales.net\/blog\/wp-json\/wp\/v2\/media\/12607"}],"wp:attachment":[{"href":"https:\/\/www.casasrurales.net\/blog\/wp-json\/wp\/v2\/media?parent=12597"}],"wp:term":[{"taxonomy":"category","embeddable":true,"href":"https:\/\/www.casasrurales.net\/blog\/wp-json\/wp\/v2\/categories?post=12597"},{"taxonomy":"post_tag","embeddable":true,"href":"https:\/\/www.casasrurales.net\/blog\/wp-json\/wp\/v2\/tags?post=12597"}],"curies":[{"name":"wp","href":"https:\/\/api.w.org\/{rel}","templated":true}]}}