
{"id":12269,"date":"2024-05-07T09:56:23","date_gmt":"2024-05-07T09:56:23","guid":{"rendered":"https:\/\/www.casasrurales.net\/blog\/?p=12269"},"modified":"2024-05-07T09:56:23","modified_gmt":"2024-05-07T09:56:23","slug":"los-6-pueblos-con-menos-habitantes-de-espana","status":"publish","type":"post","link":"https:\/\/www.casasrurales.net\/blog\/los-6-pueblos-con-menos-habitantes-de-espana","title":{"rendered":"Los 6 pueblos con menos habitantes de Espa\u00f1a"},"content":{"rendered":"\n<p>\u00bfTe molesta el ruido? <strong><em>\u00bfN<\/em><\/strong><em><strong>ecesitas cambiar de aires y disfrutar, aunque s\u00f3lo sea un par de d\u00edas, del silencio?<\/strong><\/em> La tranquilidad es uno de esos lujos que perdemos en el d\u00eda a d\u00eda y que buscamos recuperar en mitad de la naturaleza, en rincones pocos conocidos o parajes poco frecuentados por el turismo.<\/p>\n\n\n\n<p>Si te reconoces en estos pensamientos, <strong>\u00a1tenemos el plan perfecto! <\/strong>y es que, en Espa\u00f1a, hay mucho por descubrir que te lleva de la mano a la calma y al silencio. Prueba de ello son estos <strong>pueblos <\/strong>de los que te vamos a hablar que son los que <strong>menos habitantes<\/strong> tienen de toda Espa\u00f1a.<\/p>\n\n\n\n<p>\u00bfTe imaginas c\u00f3mo ser\u00eda pasear por un pueblo que s\u00f3lo tiene tres habitantes? Ahora puedes hacerlo realidad si visitas estos lugares que te proponemos. \u00bfPreparado? Pues&#8230;<em>.sssssshhhhh<\/em><\/p>\n\n\n\n<h2><strong>ILL\u00c1N DE VACAS (TOLEDO)<\/strong><\/h2>\n\n\n\n<figure class=\"wp-block-image size-large\"><img width=\"800\" height=\"535\" src=\"https:\/\/cdn1.es.casasrurales.net\/blog\/wp-content\/emp\/blogcasas\/2024\/05\/Javier-Hernandez-Porras-FLICKR.jpg\" alt=\"\" class=\"wp-image-12274\" srcset=\"https:\/\/cdn1.es.casasrurales.net\/blog\/wp-content\/emp\/blogcasas\/2024\/05\/Javier-Hernandez-Porras-FLICKR.jpg 800w, https:\/\/cdn1.es.casasrurales.net\/blog\/wp-content\/emp\/blogcasas\/2024\/05\/Javier-Hernandez-Porras-FLICKR-300x201.jpg 300w, https:\/\/cdn1.es.casasrurales.net\/blog\/wp-content\/emp\/blogcasas\/2024\/05\/Javier-Hernandez-Porras-FLICKR-768x514.jpg 768w, https:\/\/cdn1.es.casasrurales.net\/blog\/wp-content\/emp\/blogcasas\/2024\/05\/Javier-Hernandez-Porras-FLICKR-320x213.jpg 320w\" sizes=\"(max-width: 800px) 100vw, 800px\" \/><\/figure>\n\n\n\n<p>Ubicado en la provincia de Toledo y a <strong>menos de 50 kil\u00f3metros de la capital<\/strong> se encuentra el pueblo con menos habitantes de toda Espa\u00f1a. Tan<strong> s\u00f3lo 3 personas<\/strong> viven en este peque\u00f1o refugio de la<strong> comarca de Torrijos.<\/strong><\/p>\n\n\n\n<p>A pesar de ser peque\u00f1o, tiene varios datos curiosos. El primero de ellos es su entramado, sencillo y con tan <strong>s\u00f3lo cuatro calles <\/strong>de las cuales dos de ellas se llaman <em>Calle A<\/em> y<em> Calle B<\/em> -desde luego, no se rompieron la cabeza-. Pero entre las peculiaridades, a pesar de ser su peque\u00f1o tama\u00f1o y su poca poblaci\u00f3n s\u00ed cuenta con<strong> Ayuntamiento propio <\/strong>y hasta tres concejales -los mismos que habitantes-.<\/p>\n\n\n\n<p>La historia de Ill\u00e1n de Vacas se podr\u00eda contar como en muchos otros pueblos vac\u00edos de Espa\u00f1a: sus habitantes tuvieron que emigrar por razones laborales, dejando<strong> calles repletas de eco<\/strong> y muy poca vida. Ahora, <strong><a href=\"https:\/\/www.casasrurales.net\/casas-rurales\/toledo\" data-type=\"URL\" data-id=\"https:\/\/www.casasrurales.net\/casas-rurales\/toledo\" target=\"_blank\" rel=\"noreferrer noopener\">queremos que lo conozcas<\/a><\/strong> y que disfrutes de su tranquilidad.<\/p>\n\n\n\n<p><\/p>\n\n\n\n<h2><strong>VILLARROYA (LA RIOJA)<\/strong><\/h2>\n\n\n\n<figure class=\"wp-block-image size-large\"><img width=\"799\" height=\"533\" src=\"https:\/\/cdn1.es.casasrurales.net\/blog\/wp-content\/emp\/blogcasas\/2024\/05\/Ana-P.-Bosque-FLICKR.jpg\" alt=\"\" class=\"wp-image-12273\" srcset=\"https:\/\/cdn1.es.casasrurales.net\/blog\/wp-content\/emp\/blogcasas\/2024\/05\/Ana-P.-Bosque-FLICKR.jpg 799w, https:\/\/cdn1.es.casasrurales.net\/blog\/wp-content\/emp\/blogcasas\/2024\/05\/Ana-P.-Bosque-FLICKR-300x200.jpg 300w, https:\/\/cdn1.es.casasrurales.net\/blog\/wp-content\/emp\/blogcasas\/2024\/05\/Ana-P.-Bosque-FLICKR-768x512.jpg 768w, https:\/\/cdn1.es.casasrurales.net\/blog\/wp-content\/emp\/blogcasas\/2024\/05\/Ana-P.-Bosque-FLICKR-320x213.jpg 320w\" sizes=\"(max-width: 799px) 100vw, 799px\" \/><\/figure>\n\n\n\n<p>Con poco m\u00e1s de <strong>11 kil\u00f3metros cuadrados<\/strong>, el pueblo de Villarroya, en la <strong>Rioja Baja <\/strong>es el que menos poblaci\u00f3n tiene de La Rioja. Comparte el primer puesto junto con Ill\u00e1n de Vacas ya que <strong>s\u00f3lo hay tres habitantes <\/strong>censados que disfrutan de las vistas de la <strong><a href=\"https:\/\/www.casasrurales.net\/casas-rurales\/la-rioja\" data-type=\"URL\" data-id=\"https:\/\/www.casasrurales.net\/casas-rurales\/la-rioja\" target=\"_blank\" rel=\"noreferrer noopener\">comarca de Arnedo<\/a><\/strong>.<\/p>\n\n\n\n<p>Su poblaci\u00f3n tuvo que emigrar en el siglo XX hacia Am\u00e9rica en busca de oportunidades ante la poca prosperidad que ofrec\u00eda el campo, aunque se mantuvo en unos <strong>300 habitantes hasta los a\u00f1os 60<\/strong>, que fue cuando empez\u00f3 a decaer este n\u00famero hasta nuestros d\u00edas. Sin duda, una de las zonas que no puedes perderte si buscas disfrutar del silencio y de la tranquilidad.<\/p>\n\n\n\n<p><\/p>\n\n\n\n<h2><strong>VALTABLADO DEL R\u00cdO (GUADALAJARA)<\/strong><\/h2>\n\n\n\n<figure class=\"wp-block-image size-large\"><img width=\"799\" height=\"533\" src=\"https:\/\/cdn1.es.casasrurales.net\/blog\/wp-content\/emp\/blogcasas\/2024\/05\/M.Peinado-FLICKR.jpg\" alt=\"\" class=\"wp-image-12272\" srcset=\"https:\/\/cdn1.es.casasrurales.net\/blog\/wp-content\/emp\/blogcasas\/2024\/05\/M.Peinado-FLICKR.jpg 799w, https:\/\/cdn1.es.casasrurales.net\/blog\/wp-content\/emp\/blogcasas\/2024\/05\/M.Peinado-FLICKR-300x200.jpg 300w, https:\/\/cdn1.es.casasrurales.net\/blog\/wp-content\/emp\/blogcasas\/2024\/05\/M.Peinado-FLICKR-768x512.jpg 768w, https:\/\/cdn1.es.casasrurales.net\/blog\/wp-content\/emp\/blogcasas\/2024\/05\/M.Peinado-FLICKR-320x213.jpg 320w\" sizes=\"(max-width: 799px) 100vw, 799px\" \/><\/figure>\n\n\n\n<p>Si tienes pensado viajar hasta la provincia de <strong><a href=\"https:\/\/www.casasrurales.net\/casas-rurales\/guadalajara\" data-type=\"URL\" data-id=\"https:\/\/www.casasrurales.net\/casas-rurales\/guadalajara\" target=\"_blank\" rel=\"noreferrer noopener\">Guadalajara<\/a><\/strong> y quieres disfrutar de la tranquilidad, nada como desplazarte hasta <strong>Valtablado del R\u00edo<\/strong>, que cuenta entre sus poco m\u00e1s de 25 kil\u00f3metros cuadrados con <strong>s\u00f3lo ocho habitantes censados.<\/strong><\/p>\n\n\n\n<p>Se trata de la<strong> segunda poblaci\u00f3n m\u00e1s peque\u00f1a<\/strong> de Guadalajara, donde adem\u00e1s de descansar y disfrutar del silencio que protagoniza su entramado desde la despoblaci\u00f3n -en el siglo XIX era de poco m\u00e1s de 100 habitantes- podr\u00e1s contemplar el magn\u00edfico paisaje que deja el <strong>Parque Natural del Alto Tajo<\/strong> as\u00ed como visitar sus dos atractivos principales: la <strong>iglesia <\/strong>que data del siglo XVI y el edificio del <strong>Ayuntamiento<\/strong>.<\/p>\n\n\n\n<p><\/p>\n\n\n\n<h2><strong>JARAMILLO QUEMADO (BURGOS)<\/strong><\/h2>\n\n\n\n<figure class=\"wp-block-image size-large\"><img width=\"800\" height=\"600\" src=\"https:\/\/cdn1.es.casasrurales.net\/blog\/wp-content\/emp\/blogcasas\/2024\/05\/Aitor-Fernandez-Arizmendi-FLICKR-1.jpg\" alt=\"\" class=\"wp-image-12276\" srcset=\"https:\/\/cdn1.es.casasrurales.net\/blog\/wp-content\/emp\/blogcasas\/2024\/05\/Aitor-Fernandez-Arizmendi-FLICKR-1.jpg 800w, https:\/\/cdn1.es.casasrurales.net\/blog\/wp-content\/emp\/blogcasas\/2024\/05\/Aitor-Fernandez-Arizmendi-FLICKR-1-300x225.jpg 300w, https:\/\/cdn1.es.casasrurales.net\/blog\/wp-content\/emp\/blogcasas\/2024\/05\/Aitor-Fernandez-Arizmendi-FLICKR-1-768x576.jpg 768w, https:\/\/cdn1.es.casasrurales.net\/blog\/wp-content\/emp\/blogcasas\/2024\/05\/Aitor-Fernandez-Arizmendi-FLICKR-1-156x117.jpg 156w\" sizes=\"(max-width: 800px) 100vw, 800px\" \/><\/figure>\n\n\n\n<p>En la <strong><a href=\"https:\/\/www.casasrurales.net\/casas-rurales\/burgos\" data-type=\"URL\" data-id=\"https:\/\/www.casasrurales.net\/casas-rurales\/burgos\" target=\"_blank\" rel=\"noreferrer noopener\">provincia de Burgos<\/a><\/strong> nos encontramos con otro de esos pueblos en los que el silencio se hace fuerte entre sus calles. Tiene poco m\u00e1s de <strong>17 kil\u00f3metros cuadrados<\/strong> que se distribuyen en tres barrios en los que habitan <strong>\u00fanicamente nueve habitantes.<\/strong><\/p>\n\n\n\n<p>Este pueblo vivi\u00f3 sus a\u00f1os dorados gracias al <strong>Monasterio de San Pedro de Arlanza<\/strong>, que se ubica en las proximidades y que es sin duda, uno de los lugares que tienes que visitar si decides viajar hasta este pueblo burgal\u00e9s. Tambi\u00e9n podr\u00e1s conocer la <strong>iglesia de San Mart\u00edn de Tours <\/strong>o pasear por sus tranquilas calles y disfrutar de la arquitectura a la vez que contemplas la belleza de la <strong>Sierra de la Demanda.<\/strong><\/p>\n\n\n\n<p><\/p>\n\n\n\n<h2><strong>SALCEDILLO (TERUEL)<\/strong><\/h2>\n\n\n\n<figure class=\"wp-block-image size-large\"><img width=\"799\" height=\"533\" src=\"https:\/\/cdn1.es.casasrurales.net\/blog\/wp-content\/emp\/blogcasas\/2024\/05\/Fernando-FLICKR.jpg\" alt=\"Sendas cercanas\" class=\"wp-image-12271\" srcset=\"https:\/\/cdn1.es.casasrurales.net\/blog\/wp-content\/emp\/blogcasas\/2024\/05\/Fernando-FLICKR.jpg 799w, https:\/\/cdn1.es.casasrurales.net\/blog\/wp-content\/emp\/blogcasas\/2024\/05\/Fernando-FLICKR-300x200.jpg 300w, https:\/\/cdn1.es.casasrurales.net\/blog\/wp-content\/emp\/blogcasas\/2024\/05\/Fernando-FLICKR-768x512.jpg 768w, https:\/\/cdn1.es.casasrurales.net\/blog\/wp-content\/emp\/blogcasas\/2024\/05\/Fernando-FLICKR-320x213.jpg 320w\" sizes=\"(max-width: 799px) 100vw, 799px\" \/><figcaption>Paisajes cercanos<\/figcaption><\/figure>\n\n\n\n<p>Si nos desplazamos hasta la <strong><a href=\"https:\/\/www.casasrurales.net\/casas-rurales\/teruel\" data-type=\"URL\" data-id=\"https:\/\/www.casasrurales.net\/casas-rurales\/teruel\" target=\"_blank\" rel=\"noreferrer noopener\">provincia de Teruel<\/a><\/strong> nos encontramos con el <strong>pueblo con menos habitantes<\/strong> no s\u00f3lo de la provincia, sino tambi\u00e9n de todo Arag\u00f3n. Sin duda, la despoblaci\u00f3n es un tema que ha atacado mucho a esta zona de Espa\u00f1a y <strong>Salcedillo <\/strong>es la mejor prueba de ello.<\/p>\n\n\n\n<p>En la historia de este pueblo la poblaci\u00f3n no ha sido nunca muy superior al centenar de habitantes, pero es que en la actualidad, el que se considera el pueblo m\u00e1s peque\u00f1o de Teruel y Arag\u00f3n cuenta con<strong> s\u00f3lo 13 habitantes <\/strong>que un d\u00eda vieron c\u00f3mo la miner\u00eda pon\u00eda a este pueblo en el mapa.<\/p>\n\n\n\n<p>Sus calles se inundan de silencio y sus alrededores se decoran con los<strong> bonitos paisajes<\/strong> que le rodean. \u00a1Merece la pena conocerlo!<\/p>\n\n\n\n<p><\/p>\n\n\n\n<h2><strong>PE\u00d1ALBA DE SANTIAGO (LE\u00d3N)<\/strong><\/h2>\n\n\n\n<figure class=\"wp-block-image size-large\"><img width=\"800\" height=\"600\" src=\"https:\/\/cdn1.es.casasrurales.net\/blog\/wp-content\/emp\/blogcasas\/2024\/05\/santiago-lopez-pastor-FLICKR.jpg\" alt=\"Pe\u00f1alba de Santiago\" class=\"wp-image-12270\" srcset=\"https:\/\/cdn1.es.casasrurales.net\/blog\/wp-content\/emp\/blogcasas\/2024\/05\/santiago-lopez-pastor-FLICKR.jpg 800w, https:\/\/cdn1.es.casasrurales.net\/blog\/wp-content\/emp\/blogcasas\/2024\/05\/santiago-lopez-pastor-FLICKR-300x225.jpg 300w, https:\/\/cdn1.es.casasrurales.net\/blog\/wp-content\/emp\/blogcasas\/2024\/05\/santiago-lopez-pastor-FLICKR-768x576.jpg 768w, https:\/\/cdn1.es.casasrurales.net\/blog\/wp-content\/emp\/blogcasas\/2024\/05\/santiago-lopez-pastor-FLICKR-156x117.jpg 156w\" sizes=\"(max-width: 800px) 100vw, 800px\" \/><figcaption>Calles de Pe\u00f1alba de Santiago<\/figcaption><\/figure>\n\n\n\n<p>En la <strong><a href=\"https:\/\/www.casasrurales.net\/casas-rurales\/leon\" data-type=\"URL\" data-id=\"https:\/\/www.casasrurales.net\/casas-rurales\/leon\" target=\"_blank\" rel=\"noreferrer noopener\">provincia de Le\u00f3n<\/a><\/strong> te mostramos nuestra \u00faltima ubicaci\u00f3n con poqu\u00edsimos habitantes. Se trata de un pueblo en el que su belleza es inversamente proporcional a la poblaci\u00f3n que lo habita. Recorrer sus<strong> calles empedradas<\/strong> es disfrutar de unas vistas espectaculares que le han servido para ser incluido en la lista de los <strong><em>Pueblos m\u00e1s bonitos de Espa\u00f1a.<\/em><\/strong><\/p>\n\n\n\n<p>Sus<strong> 15 habitantes censados <\/strong>tienen la suerte adem\u00e1s, de residir en una zona declarada, desde el a\u00f1o 2008, como <strong>Bien de Inter\u00e9s Cultural<\/strong> y es que adem\u00e1s de la tranquilidad que reina aqu\u00ed, tiene atractivos patrimoniales como su iglesia, que data del siglo X. <\/p>\n\n\n\n<p>Es perfecto tanto para desconectar como para disfrutar de la tranquilidad y la naturaleza que ofrece la <strong>comarca de El Bierzo <\/strong>en la que se enclava.<\/p>\n","protected":false},"excerpt":{"rendered":"<p>\u00bfTe molesta el ruido? \u00bfNecesitas cambiar de aires y disfrutar, aunque s\u00f3lo sea un par de d\u00edas, del silencio? La tranquilidad es uno de esos lujos que perdemos en el d\u00eda a d\u00eda y que buscamos recuperar en mitad de&hellip; <br \/><a class=\"read-more-button\" href=\"https:\/\/www.casasrurales.net\/blog\/los-6-pueblos-con-menos-habitantes-de-espana\">Leer m\u00e1s<\/a><\/p>\n","protected":false},"author":6,"featured_media":12279,"comment_status":"open","ping_status":"open","sticky":false,"template":"","format":"standard","meta":[],"categories":[13],"tags":[65],"_links":{"self":[{"href":"https:\/\/www.casasrurales.net\/blog\/wp-json\/wp\/v2\/posts\/12269"}],"collection":[{"href":"https:\/\/www.casasrurales.net\/blog\/wp-json\/wp\/v2\/posts"}],"about":[{"href":"https:\/\/www.casasrurales.net\/blog\/wp-json\/wp\/v2\/types\/post"}],"author":[{"embeddable":true,"href":"https:\/\/www.casasrurales.net\/blog\/wp-json\/wp\/v2\/users\/6"}],"replies":[{"embeddable":true,"href":"https:\/\/www.casasrurales.net\/blog\/wp-json\/wp\/v2\/comments?post=12269"}],"version-history":[{"count":1,"href":"https:\/\/www.casasrurales.net\/blog\/wp-json\/wp\/v2\/posts\/12269\/revisions"}],"predecessor-version":[{"id":12278,"href":"https:\/\/www.casasrurales.net\/blog\/wp-json\/wp\/v2\/posts\/12269\/revisions\/12278"}],"wp:featuredmedia":[{"embeddable":true,"href":"https:\/\/www.casasrurales.net\/blog\/wp-json\/wp\/v2\/media\/12279"}],"wp:attachment":[{"href":"https:\/\/www.casasrurales.net\/blog\/wp-json\/wp\/v2\/media?parent=12269"}],"wp:term":[{"taxonomy":"category","embeddable":true,"href":"https:\/\/www.casasrurales.net\/blog\/wp-json\/wp\/v2\/categories?post=12269"},{"taxonomy":"post_tag","embeddable":true,"href":"https:\/\/www.casasrurales.net\/blog\/wp-json\/wp\/v2\/tags?post=12269"}],"curies":[{"name":"wp","href":"https:\/\/api.w.org\/{rel}","templated":true}]}}