
{"id":12205,"date":"2024-04-09T10:57:02","date_gmt":"2024-04-09T10:57:02","guid":{"rendered":"https:\/\/www.casasrurales.net\/blog\/?p=12205"},"modified":"2024-04-09T10:57:03","modified_gmt":"2024-04-09T10:57:03","slug":"los-edificios-mas-raros-de-espana","status":"publish","type":"post","link":"https:\/\/www.casasrurales.net\/blog\/los-edificios-mas-raros-de-espana","title":{"rendered":"Los edificios m\u00e1s raros de Espa\u00f1a"},"content":{"rendered":"\n<p>Hemos hablado en numerosas ocasiones de que, haciendo <strong>turismo rural,<\/strong> se conoce el bonito patrimonio que tienen las ciudades, pueblos y localidades que componen nuestro mapa. Un patrimonio en el que nos enfocamos en la belleza de sus composiciones y la armon\u00eda de sus formas pero..<em><strong>.\u00bfqu\u00e9 pasa cuando la arquitectura nos muestra su lado m\u00e1s raro o extravagante? <\/strong><\/em>Hoy queremos ense\u00f1arte algunas de las <strong>construcciones m\u00e1s bizarras de Espa\u00f1a<\/strong>, puntos discordantes cuya rareza les hace ser atractivos para el turismo.<\/p>\n\n\n\n<p>Son edificios de viviendas, <strong>lugares institucionales<\/strong>, culturales e incluso <strong>casas rurales<\/strong> en las que puedes alojarte y est\u00e1n donde menos te lo esperas. Se han convertido en protagonistas de las fotos de los turistas y algunos de ellos no puedes dejar de visitarlos.<\/p>\n\n\n\n<p>Nosotros nos vamos de ruta a ense\u00f1arte las construcciones m\u00e1s raras de Espa\u00f1a y t\u00fa, <em><strong>\u00bfte vienes con nosotros?<\/strong><\/em><\/p>\n\n\n\n<p><\/p>\n\n\n\n<h2><strong>LAS BOAS (IBIZA)<\/strong><\/h2>\n\n\n\n<figure class=\"wp-block-image size-large\"><img width=\"800\" height=\"520\" src=\"https:\/\/cdn1.es.casasrurales.net\/blog\/wp-content\/emp\/blogcasas\/2024\/04\/33456728154_fd82a42792_c.jpg\" alt=\"Las Boas en Ibiza\" class=\"wp-image-12214\" srcset=\"https:\/\/cdn1.es.casasrurales.net\/blog\/wp-content\/emp\/blogcasas\/2024\/04\/33456728154_fd82a42792_c.jpg 800w, https:\/\/cdn1.es.casasrurales.net\/blog\/wp-content\/emp\/blogcasas\/2024\/04\/33456728154_fd82a42792_c-300x195.jpg 300w, https:\/\/cdn1.es.casasrurales.net\/blog\/wp-content\/emp\/blogcasas\/2024\/04\/33456728154_fd82a42792_c-768x499.jpg 768w\" sizes=\"(max-width: 800px) 100vw, 800px\" \/><figcaption>Ibiza tiene lugares incre\u00edbles<\/figcaption><\/figure>\n\n\n\n<p>Se trata de un complejo de apartamentos ubicado en pleno <strong>Paseo Mar\u00edtimo de Ibiza<\/strong>. Un lugar sorprendente tanto por sus insuperables vistas hacia el mar, como por lo curioso de su fachada, que se dispone en forma de teatro, con <strong>espacios abalconados<\/strong> coloridos tanto por las plantas que los decoran, como por el <strong>color del acero<\/strong> que se ha usado para su construcci\u00f3n.<\/p>\n\n\n\n<p>Este curioso y singular edificio tiene en el centro una piscina con <strong>vistas hacia el puerto y el mar<\/strong> que el arquitecto Jean Nouvel supo aprovechar para darle mayor atractivo a su obra. \u00a1<strong><a href=\"https:\/\/www.casasrurales.net\/casas-rurales\/ibiza\" data-type=\"URL\" data-id=\"https:\/\/www.casasrurales.net\/casas-rurales\/ibiza\" target=\"_blank\" rel=\"noreferrer noopener\">Qu\u00e9date unos d\u00edas en Ibiza<\/a><\/strong> y con\u00f3celo!.<\/p>\n\n\n\n<p><\/p>\n\n\n\n<h2><strong>CASTILLO DE COLOMARES (M\u00c1LAGA)<\/strong><\/h2>\n\n\n\n<figure class=\"wp-block-image size-large\"><img width=\"799\" height=\"533\" src=\"https:\/\/cdn1.es.casasrurales.net\/blog\/wp-content\/emp\/blogcasas\/2024\/04\/Kent-Wang-FLICKR.jpg\" alt=\"Un castillo espectacular\" class=\"wp-image-12215\" srcset=\"https:\/\/cdn1.es.casasrurales.net\/blog\/wp-content\/emp\/blogcasas\/2024\/04\/Kent-Wang-FLICKR.jpg 799w, https:\/\/cdn1.es.casasrurales.net\/blog\/wp-content\/emp\/blogcasas\/2024\/04\/Kent-Wang-FLICKR-300x200.jpg 300w, https:\/\/cdn1.es.casasrurales.net\/blog\/wp-content\/emp\/blogcasas\/2024\/04\/Kent-Wang-FLICKR-768x512.jpg 768w, https:\/\/cdn1.es.casasrurales.net\/blog\/wp-content\/emp\/blogcasas\/2024\/04\/Kent-Wang-FLICKR-320x213.jpg 320w\" sizes=\"(max-width: 799px) 100vw, 799px\" \/><figcaption>Es una obra muy curiosa<\/figcaption><\/figure>\n\n\n\n<p>Esta espectacular construcci\u00f3n, adem\u00e1s de lo evidente de su fachada y los detalles que las adornan, tambi\u00e9n tiene varias curiosidades. La primera de ellas reside en su gran tama\u00f1o y es que dispone de <strong>1.500 metros cuadrados<\/strong> que le han servido para entrar en el libro de los <strong>R\u00e9cords Guinness.<\/strong><\/p>\n\n\n\n<p>Todo lo contrario ocurre en <strong>la capilla <\/strong>que alberga en su interior, que es, contra todo pron\u00f3stico, la <strong>m\u00e1s peque\u00f1a del mundo<\/strong> ya que s\u00f3lo cuenta con<strong> 2 metros cuadrados<\/strong> pero eso s\u00ed, se pueden celebrar <strong>bodas <\/strong>-si no llevas muchos invitados, suponemos-.<\/p>\n\n\n\n<p>Si te adentras en esta espectacular construcci\u00f3n obra del <strong>Doctor Esteban Mart\u00edn y Mart\u00edn<\/strong>, podr\u00e1s descubrir entre sus diferentes estancias elementos<strong> dedicados a Crist\u00f3bal Col\u00f3n<\/strong> y a sus expediciones. Sin duda, uno de los mejores planes que puedes hacer <strong><a href=\"https:\/\/www.casasrurales.net\/casas-rurales\/malaga\/benalmadena-costa\" data-type=\"URL\" data-id=\"https:\/\/www.casasrurales.net\/casas-rurales\/malaga\/benalmadena-costa\" target=\"_blank\" rel=\"noreferrer noopener\">en Benalm\u00e1dena<\/a><\/strong>.<\/p>\n\n\n\n<p><\/p>\n\n\n\n<h2><strong>MURALLA ROJA (ALICANTE)<\/strong><\/h2>\n\n\n\n<figure class=\"wp-block-image size-large\"><img width=\"796\" height=\"633\" src=\"https:\/\/cdn1.es.casasrurales.net\/blog\/wp-content\/emp\/blogcasas\/2024\/04\/erichology-FLICKR.jpg\" alt=\"Un lugar curioso de Calpe\" class=\"wp-image-12208\" srcset=\"https:\/\/cdn1.es.casasrurales.net\/blog\/wp-content\/emp\/blogcasas\/2024\/04\/erichology-FLICKR.jpg 796w, https:\/\/cdn1.es.casasrurales.net\/blog\/wp-content\/emp\/blogcasas\/2024\/04\/erichology-FLICKR-300x239.jpg 300w, https:\/\/cdn1.es.casasrurales.net\/blog\/wp-content\/emp\/blogcasas\/2024\/04\/erichology-FLICKR-768x611.jpg 768w\" sizes=\"(max-width: 796px) 100vw, 796px\" \/><figcaption>Disfruta de uno de los sitios curiosos de Calpe<\/figcaption><\/figure>\n\n\n\n<p>\u00bfSab\u00edas que existe una aut\u00e9ntica muralla de color rojo en la <strong><a href=\"https:\/\/www.casasrurales.net\/casas-rurales\/alicante\/calp-calpe\" data-type=\"URL\" data-id=\"https:\/\/www.casasrurales.net\/casas-rurales\/alicante\/calp-calpe\" target=\"_blank\" rel=\"noreferrer noopener\">poblaci\u00f3n costera de Calpe<\/a><\/strong>? Adem\u00e1s de sus amplias <strong>playas <\/strong>llenas de servicios y de su buen clima, ahora tienes otra excusa para visitar esta zona.<\/p>\n\n\n\n<p>Esta obra convertida en viviendas no pod\u00eda ser de otro arquitecto que no fuera <strong>Ricardo Bofill, <\/strong>y es que su estilo es bastante reconocible. Se levant\u00f3 en el <strong>a\u00f1o 1973<\/strong> y est\u00e1 inspirado en las casas africanas. Podr\u00e1s visitarlo en la <strong>Urbanizaci\u00f3n de la Manzanera <\/strong>y no te damos muchos m\u00e1s datos porque estamos seguros de que ser\u00e1s capaz de reconocerlo incluso a lo lejos.<\/p>\n\n\n\n<p><\/p>\n\n\n\n<h2><strong>TEATRO-MUSEO DAL\u00cd (GIRONA)<\/strong><\/h2>\n\n\n\n<figure class=\"wp-block-image size-large\"><img width=\"800\" height=\"536\" src=\"https:\/\/cdn1.es.casasrurales.net\/blog\/wp-content\/emp\/blogcasas\/2024\/04\/Jerome-Decq-FLICKR.jpg\" alt=\"Teatro Museo Dal\u00ed\" class=\"wp-image-12207\" srcset=\"https:\/\/cdn1.es.casasrurales.net\/blog\/wp-content\/emp\/blogcasas\/2024\/04\/Jerome-Decq-FLICKR.jpg 800w, https:\/\/cdn1.es.casasrurales.net\/blog\/wp-content\/emp\/blogcasas\/2024\/04\/Jerome-Decq-FLICKR-300x201.jpg 300w, https:\/\/cdn1.es.casasrurales.net\/blog\/wp-content\/emp\/blogcasas\/2024\/04\/Jerome-Decq-FLICKR-768x515.jpg 768w, https:\/\/cdn1.es.casasrurales.net\/blog\/wp-content\/emp\/blogcasas\/2024\/04\/Jerome-Decq-FLICKR-320x213.jpg 320w\" sizes=\"(max-width: 800px) 100vw, 800px\" \/><figcaption>Es uno de los museos m\u00e1s visitados de Espa\u00f1a<\/figcaption><\/figure>\n\n\n\n<p><strong><a href=\"https:\/\/www.casasrurales.net\/casas-rurales\/girona\" data-type=\"URL\" data-id=\"https:\/\/www.casasrurales.net\/casas-rurales\/girona\" target=\"_blank\" rel=\"noreferrer noopener\">Girona es un buen destino<\/a><\/strong> de vacaciones y ubicado en la poblaci\u00f3n de <strong>Figueres <\/strong>se encuentra esta espectacular construcci\u00f3n levantada sobre las ruinas del que fue el<strong> Teatro Municipal de Figueres<\/strong>, que se quem\u00f3 en un <strong>incendio<\/strong>. El artista quiso que una de sus obras m\u00e1s importantes tuviera exactamente esa localizaci\u00f3n y por eso, en 1974 abri\u00f3 sus puertas el que hoy es el museo dedicado a su vida y sus obras.<\/p>\n\n\n\n<p>Ubicado en la <strong>Plaza Gala-Salvador Dal\u00ed<\/strong>, lo reconocer\u00e1s por su fachada en color rojo y esa especie de huevos que decoran la parte superior. Una de las genialidades del artista de las que podr\u00e1s disfrutar un poco m\u00e1s ampliamente en el interior.<\/p>\n\n\n\n<p><\/p>\n\n\n\n<h2><strong>LAS SETAS (SEVILLA)<\/strong><\/h2>\n\n\n\n<figure class=\"wp-block-image size-large\"><img width=\"800\" height=\"552\" src=\"https:\/\/cdn1.es.casasrurales.net\/blog\/wp-content\/emp\/blogcasas\/2024\/04\/F-Delventhal-FLICKR.jpg\" alt=\"Las Setas de Sevilla\" class=\"wp-image-12206\" srcset=\"https:\/\/cdn1.es.casasrurales.net\/blog\/wp-content\/emp\/blogcasas\/2024\/04\/F-Delventhal-FLICKR.jpg 800w, https:\/\/cdn1.es.casasrurales.net\/blog\/wp-content\/emp\/blogcasas\/2024\/04\/F-Delventhal-FLICKR-300x207.jpg 300w, https:\/\/cdn1.es.casasrurales.net\/blog\/wp-content\/emp\/blogcasas\/2024\/04\/F-Delventhal-FLICKR-768x530.jpg 768w\" sizes=\"(max-width: 800px) 100vw, 800px\" \/><figcaption>Visita las famosas Setas sevillanas<\/figcaption><\/figure>\n\n\n\n<p>Esta curiosa construcci\u00f3n se encuentra en pleno centro de la <strong><a href=\"https:\/\/www.casasrurales.net\/casas-rurales\/sevilla\" data-type=\"URL\" data-id=\"https:\/\/www.casasrurales.net\/casas-rurales\/sevilla\" target=\"_blank\" rel=\"noreferrer noopener\">ciudad de Sevilla<\/a><\/strong> y concretamente en la <strong>Plaza de la Encarnaci\u00f3n <\/strong>donde destacan incluso desde lo lejos. Se trata del <strong><em>Metropol Parasol<\/em><\/strong>, que es el nombre original aunque todo el mundo lo conoce como <strong><em>Las Setas de Sevilla<\/em><\/strong> por su evidente parecido.<\/p>\n\n\n\n<p>Es una obra hecha en <strong>hormig\u00f3n y madera laminada <\/strong>principalmente y cuyo interior est\u00e1 compuesto desde locales de restauraci\u00f3n, hasta un mercado, pasando por una zona cultural para espect\u00e1culos y el Museo Arqueol\u00f3gico. <strong>Merece la pena el paseo<\/strong> para disfrutar en primera persona de la inmensidad de esta construcci\u00f3n.<\/p>\n\n\n\n<p><\/p>\n\n\n\n<h2><strong>EDIFICIO MIRADOR (MADRID)<\/strong><\/h2>\n\n\n\n<figure class=\"wp-block-image size-large\"><img width=\"800\" height=\"703\" src=\"https:\/\/cdn1.es.casasrurales.net\/blog\/wp-content\/emp\/blogcasas\/2024\/04\/M.Peinado-FLICKR.jpg\" alt=\"Original construcci\u00f3n en Sanchinarro\" class=\"wp-image-12213\" srcset=\"https:\/\/cdn1.es.casasrurales.net\/blog\/wp-content\/emp\/blogcasas\/2024\/04\/M.Peinado-FLICKR.jpg 800w, https:\/\/cdn1.es.casasrurales.net\/blog\/wp-content\/emp\/blogcasas\/2024\/04\/M.Peinado-FLICKR-300x264.jpg 300w, https:\/\/cdn1.es.casasrurales.net\/blog\/wp-content\/emp\/blogcasas\/2024\/04\/M.Peinado-FLICKR-768x675.jpg 768w\" sizes=\"(max-width: 800px) 100vw, 800px\" \/><figcaption>Este edificio-mirador est\u00e1 en Madrid<\/figcaption><\/figure>\n\n\n\n<p>En el barrio madrile\u00f1o de <strong>Sanchinarro <\/strong>se levant\u00f3 en el a\u00f1o 2005 este curioso y llamativo edificio con <strong>m\u00e1s de 63 metros <\/strong>de alto que deja en el centro una especie de ventana que enmarcar las <strong>vistas directas a la Sierra de Guadarrama,<\/strong> motivo por el que recibi\u00f3 su nombre.<\/p>\n\n\n\n<p>Ha recibido un <strong>Premio de Urbanismo y Arquitectura<\/strong> y no es para menos porque desde luego, curioso y llamativo es. Adem\u00e1s en su interior hay viviendas con diferentes distribuciones -m\u00e1s de 50 tipos de apartamentos-.<\/p>\n\n\n\n<p><\/p>\n\n\n\n<h2><strong>AUDITORIO AD\u00c1N MART\u00cdN (TENERIFE)<\/strong><\/h2>\n\n\n\n<figure class=\"wp-block-image size-large\"><img width=\"800\" height=\"354\" src=\"https:\/\/cdn1.es.casasrurales.net\/blog\/wp-content\/emp\/blogcasas\/2024\/04\/Carlos-Lopez-Echeto-Marrero-FLICKR.jpg\" alt=\"Auditorio de Tenerife\" class=\"wp-image-12212\" srcset=\"https:\/\/cdn1.es.casasrurales.net\/blog\/wp-content\/emp\/blogcasas\/2024\/04\/Carlos-Lopez-Echeto-Marrero-FLICKR.jpg 800w, https:\/\/cdn1.es.casasrurales.net\/blog\/wp-content\/emp\/blogcasas\/2024\/04\/Carlos-Lopez-Echeto-Marrero-FLICKR-300x133.jpg 300w, https:\/\/cdn1.es.casasrurales.net\/blog\/wp-content\/emp\/blogcasas\/2024\/04\/Carlos-Lopez-Echeto-Marrero-FLICKR-768x340.jpg 768w\" sizes=\"(max-width: 800px) 100vw, 800px\" \/><figcaption>Disfruta del original Auditorio de Tenerife<\/figcaption><\/figure>\n\n\n\n<p>En <strong>plena capital canaria,<\/strong> esta construcci\u00f3n es una de las m\u00e1s espectaculares de la is<strong>la de Tenerife<\/strong> y no s\u00f3lo por su ubicaci\u00f3n<strong> junto al Oc\u00e9ano Atl\u00e1ntico,<\/strong> sino por la curiosa forma que tiene y que es obra de uno de los arquitectos m\u00e1s controvertidos: <strong>Santiago Calatrava<\/strong>, que se inspir\u00f3 en algunos edificios futuristas de otros pa\u00edses.<\/p>\n\n\n\n<p>Sea como sea este lugar es uno de los m\u00e1s reconocibles de Tenerife y adem\u00e1s en su interior se celebran<strong> actos culturales<\/strong> de todo tipo. Si lo quieres visitar, aprovecha porque est\u00e1 muy<strong> cerca de la estaci\u00f3n de tranv\u00eda<\/strong>, as\u00ed como de otros puntos de inter\u00e9s de la zona, como el<strong> Parque C\u00e9sar Manrique.<\/strong><\/p>\n\n\n\n<p><\/p>\n\n\n\n<h2><strong>MUSEO GUGGENHEIM (BILBAO)<\/strong><\/h2>\n\n\n\n<figure class=\"wp-block-image size-large\"><img width=\"800\" height=\"571\" src=\"https:\/\/cdn1.es.casasrurales.net\/blog\/wp-content\/emp\/blogcasas\/2024\/04\/Mark-B.-Schlemmer-FLICKR.jpg\" alt=\"Guggenheim Bilbao\" class=\"wp-image-12211\" srcset=\"https:\/\/cdn1.es.casasrurales.net\/blog\/wp-content\/emp\/blogcasas\/2024\/04\/Mark-B.-Schlemmer-FLICKR.jpg 800w, https:\/\/cdn1.es.casasrurales.net\/blog\/wp-content\/emp\/blogcasas\/2024\/04\/Mark-B.-Schlemmer-FLICKR-300x214.jpg 300w, https:\/\/cdn1.es.casasrurales.net\/blog\/wp-content\/emp\/blogcasas\/2024\/04\/Mark-B.-Schlemmer-FLICKR-768x548.jpg 768w\" sizes=\"(max-width: 800px) 100vw, 800px\" \/><figcaption>Disfruta del Guggenheim en Bilbao<\/figcaption><\/figure>\n\n\n\n<p>Sin duda es una de las construcciones m\u00e1s curiosas que hay en nuestro pa\u00eds y adem\u00e1s, un emblema para la <strong>ciudad de Bilbao<\/strong> y para el turismo en general. Abri\u00f3 sus puertas en el a\u00f1o <strong>1997 <\/strong>y es una obra del arquitecto <strong>Frank Gehry<\/strong> que actualmente administra la Fundaci\u00f3n Solomon Guggenheim.<\/p>\n\n\n\n<p>Si su innovadora y espectacular fachada te sorprende desde sus exteriores, donde te da la bienvenida la imponente mascota floral del museo, <strong>Puppy<\/strong>, uno de los puntos m\u00e1s fotografiados am\u00e9n de la gigantesca ara\u00f1a, <strong>Maman<\/strong>, de 9 metros que hay fuera del museo. Pero dentro tambi\u00e9n hay atractivos y es que est\u00e1 dedicado al <strong>arte contempor\u00e1neo.<\/strong><\/p>\n\n\n\n<p><\/p>\n\n\n\n<h2><strong>EL CAPRICHO DE COTRINA (EXTREMADURA)<\/strong><\/h2>\n\n\n\n<figure class=\"wp-block-image size-large\"><img width=\"800\" height=\"533\" src=\"https:\/\/cdn1.es.casasrurales.net\/blog\/wp-content\/emp\/blogcasas\/2024\/04\/Gotardo-Gonzalez-FLICKR.jpg\" alt=\"El Capricho de Cotrina\" class=\"wp-image-12210\" srcset=\"https:\/\/cdn1.es.casasrurales.net\/blog\/wp-content\/emp\/blogcasas\/2024\/04\/Gotardo-Gonzalez-FLICKR.jpg 800w, https:\/\/cdn1.es.casasrurales.net\/blog\/wp-content\/emp\/blogcasas\/2024\/04\/Gotardo-Gonzalez-FLICKR-300x200.jpg 300w, https:\/\/cdn1.es.casasrurales.net\/blog\/wp-content\/emp\/blogcasas\/2024\/04\/Gotardo-Gonzalez-FLICKR-768x512.jpg 768w, https:\/\/cdn1.es.casasrurales.net\/blog\/wp-content\/emp\/blogcasas\/2024\/04\/Gotardo-Gonzalez-FLICKR-320x213.jpg 320w\" sizes=\"(max-width: 800px) 100vw, 800px\" \/><figcaption>El Capricho de Cotrina en Badajoz<\/figcaption><\/figure>\n\n\n\n<p>A simple vista podr\u00edas confundirlo con una obra de Gaud\u00ed pero la realidad es que <strong><em>el Gaud\u00ed extreme\u00f1o<\/em><\/strong> se llama <strong>Francisco Gonz\u00e1lez Gragera<\/strong> y es un marmolista con unas ideas muy curiosas. Prueba de ello es este edificio que se encuentra en Los Santos de Maimona, <strong><a href=\"https:\/\/www.casasrurales.net\/casas-rurales\/badajoz\" data-type=\"URL\" data-id=\"https:\/\/www.casasrurales.net\/casas-rurales\/badajoz\" target=\"_blank\" rel=\"noreferrer noopener\">Badajoz<\/a><\/strong>.<\/p>\n\n\n\n<p>La historia comenz\u00f3 cuando una de las hijas de <strong><em>Cotrina <\/em><\/strong>-que es como se conoce a Gonz\u00e1lez Gragera- le dijo que quer\u00eda <strong>una casa diferente <\/strong>a todo lo que hab\u00eda en la zona as\u00ed que&#8230;\u00a1dicho y hecho! Se puso manos a la obra y sin apenas estudios de arquitectura, construy\u00f3 uno de los <strong>atractivos de la zona<\/strong>. Impresionante, \u00bfverdad?.<\/p>\n\n\n\n<p><\/p>\n\n\n\n<h2><strong>MUSEO PABLO SERRANO (ZARAGOZA)<\/strong><\/h2>\n\n\n\n<figure class=\"wp-block-image size-large\"><img width=\"800\" height=\"600\" src=\"https:\/\/cdn1.es.casasrurales.net\/blog\/wp-content\/emp\/blogcasas\/2024\/04\/ffuentes-FLICKR.jpg\" alt=\"Museo de Pablo Serrano\" class=\"wp-image-12209\" srcset=\"https:\/\/cdn1.es.casasrurales.net\/blog\/wp-content\/emp\/blogcasas\/2024\/04\/ffuentes-FLICKR.jpg 800w, https:\/\/cdn1.es.casasrurales.net\/blog\/wp-content\/emp\/blogcasas\/2024\/04\/ffuentes-FLICKR-300x225.jpg 300w, https:\/\/cdn1.es.casasrurales.net\/blog\/wp-content\/emp\/blogcasas\/2024\/04\/ffuentes-FLICKR-768x576.jpg 768w, https:\/\/cdn1.es.casasrurales.net\/blog\/wp-content\/emp\/blogcasas\/2024\/04\/ffuentes-FLICKR-156x117.jpg 156w\" sizes=\"(max-width: 800px) 100vw, 800px\" \/><figcaption>Visita este museo en el centro de la ciudad de Zaragoza<\/figcaption><\/figure>\n\n\n\n<p>Si antes reconoc\u00edas perfectamente la Bas\u00edlica del Pilar de la <strong>ciudad de Zaragoza<\/strong>, a partir de ahora tambi\u00e9n la vas a poder reconocer por este llamativo museo ubicado en el<strong> Paseo Mar\u00eda Agust\u00edn. <\/strong>Una de las construcciones m\u00e1s curiosas y llamativas con las que cuenta la ciudad.<\/p>\n\n\n\n<p>Est\u00e1 dedicado al prol\u00edfico <strong>escultor aragon\u00e9s<\/strong>, uno de los m\u00e1s importantes y con obras repartidas en los museos m\u00e1s importantes de todo el mundo como el MoMA, el Reina Sof\u00eda o el Guggenheim de Nueva York. Algunas de sus obras se encuentran en este centro y corresponden a elementos que don\u00f3 \u00e9l mismo a la ciudad. Cuenta con<strong> varias salas de exposiciones p<\/strong>ermanentes y temporales.<strong><em> \u00a1Merece la pena visitarlo!<\/em><\/strong><\/p>\n","protected":false},"excerpt":{"rendered":"<p>Hemos hablado en numerosas ocasiones de que, haciendo turismo rural, se conoce el bonito patrimonio que tienen las ciudades, pueblos y localidades que componen nuestro mapa. Un patrimonio en el que nos enfocamos en la belleza de sus composiciones y&hellip; <br \/><a class=\"read-more-button\" href=\"https:\/\/www.casasrurales.net\/blog\/los-edificios-mas-raros-de-espana\">Leer m\u00e1s<\/a><\/p>\n","protected":false},"author":6,"featured_media":12216,"comment_status":"open","ping_status":"open","sticky":false,"template":"","format":"standard","meta":[],"categories":[20],"tags":[75],"_links":{"self":[{"href":"https:\/\/www.casasrurales.net\/blog\/wp-json\/wp\/v2\/posts\/12205"}],"collection":[{"href":"https:\/\/www.casasrurales.net\/blog\/wp-json\/wp\/v2\/posts"}],"about":[{"href":"https:\/\/www.casasrurales.net\/blog\/wp-json\/wp\/v2\/types\/post"}],"author":[{"embeddable":true,"href":"https:\/\/www.casasrurales.net\/blog\/wp-json\/wp\/v2\/users\/6"}],"replies":[{"embeddable":true,"href":"https:\/\/www.casasrurales.net\/blog\/wp-json\/wp\/v2\/comments?post=12205"}],"version-history":[{"count":1,"href":"https:\/\/www.casasrurales.net\/blog\/wp-json\/wp\/v2\/posts\/12205\/revisions"}],"predecessor-version":[{"id":12217,"href":"https:\/\/www.casasrurales.net\/blog\/wp-json\/wp\/v2\/posts\/12205\/revisions\/12217"}],"wp:featuredmedia":[{"embeddable":true,"href":"https:\/\/www.casasrurales.net\/blog\/wp-json\/wp\/v2\/media\/12216"}],"wp:attachment":[{"href":"https:\/\/www.casasrurales.net\/blog\/wp-json\/wp\/v2\/media?parent=12205"}],"wp:term":[{"taxonomy":"category","embeddable":true,"href":"https:\/\/www.casasrurales.net\/blog\/wp-json\/wp\/v2\/categories?post=12205"},{"taxonomy":"post_tag","embeddable":true,"href":"https:\/\/www.casasrurales.net\/blog\/wp-json\/wp\/v2\/tags?post=12205"}],"curies":[{"name":"wp","href":"https:\/\/api.w.org\/{rel}","templated":true}]}}