
{"id":11242,"date":"2022-12-01T13:07:32","date_gmt":"2022-12-01T13:07:32","guid":{"rendered":"https:\/\/www.casasrurales.net\/blog\/?p=11242"},"modified":"2022-12-01T13:08:08","modified_gmt":"2022-12-01T13:08:08","slug":"que-ver-en-la-alpujarra-granadina","status":"publish","type":"post","link":"https:\/\/www.casasrurales.net\/blog\/que-ver-en-la-alpujarra-granadina","title":{"rendered":"Qu\u00e9 ver en La Alpujarra granadina"},"content":{"rendered":"\n<p>La Alpujarra granadina es una de esas <strong>comarcas de Andaluc\u00eda<\/strong> en las que merece la pena pasar unos d\u00edas y disfrutar de la belleza que dejan sus paisajes y los pueblos que lo forman. Se encuentra a los <strong>pies de Sierra Nevada<\/strong> y fue el \u00faltimo reducto de la dominaci\u00f3n musulmana en Espa\u00f1a.<\/p>\n\n\n\n<p>Las huellas de su pasado est\u00e1n presentes en todos los pueblos que se integran en La Alpujarra de Granada, y lo hacen en forma de<strong> arquitectura bereber <\/strong>con originales y caracter\u00edsticas construcciones, y un impoluto color blanco que \u00fanicamente se altera con el verde de su vegetaci\u00f3n.<\/p>\n\n\n\n<p>Viajar a La Alpujarra es poder conocer sus famosos <strong><em>pueblos blancos<\/em><\/strong>, entre los que se encuentra hasta un pueblo de brujas que te dejar\u00e1 con la boca abierta, y donde tambi\u00e9n vas a poder disfrutar de una gastronom\u00eda espectacular.<\/p>\n\n\n\n<p>La comarca bien merece unos d\u00edas en los que hacer <strong>turismo rural sosegado<\/strong> y descansar entre sus <strong>alojamientos <\/strong>m\u00e1s singulares porque tendr\u00e1s un mont\u00f3n de planes que hacer y<strong> lugares que ver en La Alpujarra<\/strong>. <em>\u00bfPreparado?<\/em><\/p>\n\n\n\n<div class=\"wp-block-buttons is-content-justification-center\">\n<div class=\"wp-block-button\"><a class=\"wp-block-button__link has-white-color has-text-color has-background\" href=\"https:\/\/www.casasrurales.net\/casas-rurales\/la-alpujarra\" style=\"background-color:#19a300\" target=\"_blank\" rel=\"noreferrer noopener\"><strong>TU ALOJAMIENTO EN LA ALPUJARRA<\/strong><\/a><\/div>\n<\/div>\n\n\n\n<p><\/p>\n\n\n\n<h2><strong>Visita el pueblo de las brujas<\/strong><\/h2>\n\n\n\n<figure class=\"wp-block-image size-large\"><img width=\"800\" height=\"502\" src=\"https:\/\/cdn1.es.casasrurales.net\/blog\/wp-content\/emp\/blogcasas\/2022\/12\/OliBac-FLICKR.jpg\" alt=\"Soport\u00fajar, el pueblo de las brujas en La Alpujarra\n\" class=\"wp-image-11243\" srcset=\"https:\/\/cdn1.es.casasrurales.net\/blog\/wp-content\/emp\/blogcasas\/2022\/12\/OliBac-FLICKR.jpg 800w, https:\/\/cdn1.es.casasrurales.net\/blog\/wp-content\/emp\/blogcasas\/2022\/12\/OliBac-FLICKR-300x188.jpg 300w, https:\/\/cdn1.es.casasrurales.net\/blog\/wp-content\/emp\/blogcasas\/2022\/12\/OliBac-FLICKR-768x482.jpg 768w\" sizes=\"(max-width: 800px) 100vw, 800px\" \/><\/figure>\n\n\n\n<p>Efectivamente, en La Alpujarra existe el famoso pueblo en el que <strong>la magia est\u00e1 presente<\/strong> en cada calle y es que, tras la expulsi\u00f3n de los moriscos, llegaron a esta zona nuevos vecinos procedentes de diferentes lugares de Espa\u00f1a. Unos de los m\u00e1s numerosos fueron los gallegos, de los que se comentaba que practicaban la <strong>magia negra.<\/strong><\/p>\n\n\n\n<p>Se dice que aqu\u00ed se practicaba la magia negra y que muchos de sus nuevos habitantes eran brujas que practicaban aquelarres. <strong>Soport\u00fajar <\/strong>en la actualidad, est\u00e1 plagado de referencias a las brujas en forma de <strong>esculturas<\/strong>, fuentes que escupen agua y un mont\u00f3n de <strong>m\u00e1gicos y curiosos lugares<\/strong> que te embrujar\u00e1n.<\/p>\n\n\n\n<p>Si viajas en el mes de <strong>agosto <\/strong>y como no pod\u00eda ser de otra manera, se celebra la <strong><em>Feria del Embrujo<\/em><\/strong> que te dejamos que la descubras por ti mismo.<\/p>\n\n\n\n<p><\/p>\n\n\n\n<h2><strong>Conoce la capital de La Alpujarra<\/strong><\/h2>\n\n\n\n<figure class=\"wp-block-image size-large\"><img width=\"799\" height=\"533\" src=\"https:\/\/cdn1.es.casasrurales.net\/blog\/wp-content\/emp\/blogcasas\/2022\/12\/Tom-Maisey-FLICKR.jpg\" alt=\"\u00d3rgiva, la capital de La Alpujarra\" class=\"wp-image-11244\" srcset=\"https:\/\/cdn1.es.casasrurales.net\/blog\/wp-content\/emp\/blogcasas\/2022\/12\/Tom-Maisey-FLICKR.jpg 799w, https:\/\/cdn1.es.casasrurales.net\/blog\/wp-content\/emp\/blogcasas\/2022\/12\/Tom-Maisey-FLICKR-300x200.jpg 300w, https:\/\/cdn1.es.casasrurales.net\/blog\/wp-content\/emp\/blogcasas\/2022\/12\/Tom-Maisey-FLICKR-768x512.jpg 768w, https:\/\/cdn1.es.casasrurales.net\/blog\/wp-content\/emp\/blogcasas\/2022\/12\/Tom-Maisey-FLICKR-320x213.jpg 320w\" sizes=\"(max-width: 799px) 100vw, 799px\" \/><\/figure>\n\n\n\n<p>El pueblo de<strong> \u00d3rgiva es la capital<\/strong> de esta comarca y adem\u00e1s, la puerta de acceso a todas los rincones que queremos que descubras hoy. Adem\u00e1s, pasear por sus calles te va a permitir disfrutar de la esencia alpujarre\u00f1a, acompa\u00f1ado de <strong>tranquilidad <\/strong>y un ambiente en el que confluyen todas las culturas.<\/p>\n\n\n\n<p>Es tambi\u00e9n un poco hippie, muy adepto a eso del <strong><em>turismo slow <\/em><\/strong>y de hecho, muy cerca de este pueblo se encuentra la <strong>comunidad hippie<\/strong> m\u00e1s grande de Espa\u00f1a.<\/p>\n\n\n\n<p>Entre su <strong>patrimonio <\/strong>destable nos encontramos con la Parroquia de Nuestra Se\u00f1ora de la Expectaci\u00f3n y el Ayuntamiento, que fue la Casa Palacio de los Condes de S\u00e1stago.<\/p>\n\n\n\n<p><\/p>\n\n\n\n<h2><strong>Sube hasta el pueblo m\u00e1s alto<\/strong><\/h2>\n\n\n\n<figure class=\"wp-block-image size-large\"><img width=\"799\" height=\"551\" src=\"https:\/\/cdn1.es.casasrurales.net\/blog\/wp-content\/emp\/blogcasas\/2022\/12\/Jocelyn-Erskine-Kellie-FLICKR.jpg\" alt=\"El pueblo de Capileira en La Alpujarra\" class=\"wp-image-11245\" srcset=\"https:\/\/cdn1.es.casasrurales.net\/blog\/wp-content\/emp\/blogcasas\/2022\/12\/Jocelyn-Erskine-Kellie-FLICKR.jpg 799w, https:\/\/cdn1.es.casasrurales.net\/blog\/wp-content\/emp\/blogcasas\/2022\/12\/Jocelyn-Erskine-Kellie-FLICKR-300x207.jpg 300w, https:\/\/cdn1.es.casasrurales.net\/blog\/wp-content\/emp\/blogcasas\/2022\/12\/Jocelyn-Erskine-Kellie-FLICKR-768x530.jpg 768w\" sizes=\"(max-width: 799px) 100vw, 799px\" \/><\/figure>\n\n\n\n<p>Si te van las alturas, te proponemos una visita a <strong>m\u00e1s de 1.400 metros<\/strong> de altitud sobre el <strong>Barranco de Poqueira<\/strong> donde se localiza el pueblo de <strong>Capileira<\/strong>.<\/p>\n\n\n\n<p>Desde este pueblo y sus <strong>miradores <\/strong>de Capileira y Sierra Nevada, vas a poder disfrutar de una panor\u00e1mica espectacular de dos de los picos m\u00e1s espectaculares de la zona que son el <strong>Veleta y el Mulhac\u00e9n<\/strong> ya que se encuentra a los pies de ambos. Pero no es lo \u00fanico que vas a ver, y es que te esperan en el centro la <strong>iglesia <\/strong>de Santa Mar\u00eda de la Cabeza y la Plaza del Calvario.<\/p>\n\n\n\n<p><\/p>\n\n\n\n<h2><strong>Pasea por el pueblo m\u00e1s bonito de todos<\/strong><\/h2>\n\n\n\n<figure class=\"wp-block-image size-large\"><img width=\"799\" height=\"450\" src=\"https:\/\/cdn1.es.casasrurales.net\/blog\/wp-content\/emp\/blogcasas\/2022\/12\/mertxe-iturrioz-FLICKR.jpg\" alt=\"Pampaneira, uno de los pueblos m\u00e1s bonitos\" class=\"wp-image-11246\" srcset=\"https:\/\/cdn1.es.casasrurales.net\/blog\/wp-content\/emp\/blogcasas\/2022\/12\/mertxe-iturrioz-FLICKR.jpg 799w, https:\/\/cdn1.es.casasrurales.net\/blog\/wp-content\/emp\/blogcasas\/2022\/12\/mertxe-iturrioz-FLICKR-300x169.jpg 300w, https:\/\/cdn1.es.casasrurales.net\/blog\/wp-content\/emp\/blogcasas\/2022\/12\/mertxe-iturrioz-FLICKR-768x433.jpg 768w\" sizes=\"(max-width: 799px) 100vw, 799px\" \/><\/figure>\n\n\n\n<p><strong>Pampaneira <\/strong>es considerado el pueblo <strong>m\u00e1s bonito de La Alpujarra<\/strong> granadina y tambi\u00e9n uno de los m\u00e1s bellos de Andaluc\u00eda, as\u00ed que no pod\u00edamos dejar de recomend\u00e1rtelo.<\/p>\n\n\n\n<p>Es uno de los que, junto con <strong>Bubi\u00f3n <\/strong>(que tambi\u00e9n te recomendamos visitar) y <strong>Capileira <\/strong>se encuentran en el Barranco de Poqueira y estamos seguros de que no te va a dejar indiferente. Sus calles empedradas, plagadas de tiendas de oficios tradicionales, las <strong>jarapas <\/strong>expuestas y las casas adornadas con macetas, har\u00e1n que no quieras dejarte ni un solo rinc\u00f3n sin visitar.<\/p>\n\n\n\n<p>Al ser considerado como uno de los pueblos m\u00e1s bonitos, es tambi\u00e9n <strong>el m\u00e1s animado<\/strong>, por lo que podr\u00e1s disfrutar de un mont\u00f3n de opciones.<\/p>\n\n\n\n<p><\/p>\n\n\n\n<h2><strong>Visita el templo budista de O Sel Ling<\/strong><\/h2>\n\n\n\n<figure class=\"wp-block-image size-large\"><img width=\"799\" height=\"533\" src=\"https:\/\/cdn1.es.casasrurales.net\/blog\/wp-content\/emp\/blogcasas\/2022\/12\/lidealista-FLICKR.jpg\" alt=\"Un buddha en el Templo O Sel Ling\" class=\"wp-image-11247\" srcset=\"https:\/\/cdn1.es.casasrurales.net\/blog\/wp-content\/emp\/blogcasas\/2022\/12\/lidealista-FLICKR.jpg 799w, https:\/\/cdn1.es.casasrurales.net\/blog\/wp-content\/emp\/blogcasas\/2022\/12\/lidealista-FLICKR-300x200.jpg 300w, https:\/\/cdn1.es.casasrurales.net\/blog\/wp-content\/emp\/blogcasas\/2022\/12\/lidealista-FLICKR-768x512.jpg 768w, https:\/\/cdn1.es.casasrurales.net\/blog\/wp-content\/emp\/blogcasas\/2022\/12\/lidealista-FLICKR-320x213.jpg 320w\" sizes=\"(max-width: 799px) 100vw, 799px\" \/><\/figure>\n\n\n\n<p><strong>Viajar a otro continente<\/strong> es posible tambi\u00e9n sin salir de Granada, y adem\u00e1s <strong>se puede visitar gratis. <\/strong>Este curioso espacio es un <strong>centro de meditaci\u00f3n budista<\/strong> que llama sin duda la atenci\u00f3n.<\/p>\n\n\n\n<p>No es s\u00f3lo que el paisaje que le acompa\u00f1a invite a la tranquilidad y la desconexi\u00f3n, es que las grandes estatuas del <strong>Buda de la Medicina<\/strong> y de la<strong> Tara Verde <\/strong>son la tarjeta de bienvenida para los turistas que se acercan hasta<strong> O Sel Ling.<\/strong><\/p>\n\n\n\n<p>Un paseo por toda su extensi\u00f3n te permitir\u00e1 conocer las ruedas de oraciones y la famosa <strong>Sala de Meditaci\u00f3n<\/strong>, aunque todo esto en silencio. Este centro budista tiene un horario de 16 a 18 horas en invierno, y de 17 a 19.30 en la temporada de verano.<\/p>\n\n\n\n<p><\/p>\n\n\n\n<h2><strong>Rel\u00e1jate en el <em>pueblo del agua<\/em><\/strong><\/h2>\n\n\n\n<figure class=\"wp-block-image size-large\"><img width=\"800\" height=\"600\" src=\"https:\/\/cdn1.es.casasrurales.net\/blog\/wp-content\/emp\/blogcasas\/2022\/12\/Dennis-Howlett-FLICKR.jpg\" alt=\"Una fuente en Lanjar\u00f3n\" class=\"wp-image-11248\" srcset=\"https:\/\/cdn1.es.casasrurales.net\/blog\/wp-content\/emp\/blogcasas\/2022\/12\/Dennis-Howlett-FLICKR.jpg 800w, https:\/\/cdn1.es.casasrurales.net\/blog\/wp-content\/emp\/blogcasas\/2022\/12\/Dennis-Howlett-FLICKR-300x225.jpg 300w, https:\/\/cdn1.es.casasrurales.net\/blog\/wp-content\/emp\/blogcasas\/2022\/12\/Dennis-Howlett-FLICKR-768x576.jpg 768w, https:\/\/cdn1.es.casasrurales.net\/blog\/wp-content\/emp\/blogcasas\/2022\/12\/Dennis-Howlett-FLICKR-156x117.jpg 156w\" sizes=\"(max-width: 800px) 100vw, 800px\" \/><\/figure>\n\n\n\n<p>Seguro que te suena el agua de <strong>Lanjar\u00f3n <\/strong>\u00bfverdad? Pues el pueblo se encuentra en plena Alpujarra granadina y es conocido de esta manera porque tiene uno de los elementos b\u00e1sicos:<strong> el agua.<\/strong><\/p>\n\n\n\n<p>Dentro del pueblo, tenemos el <strong>Balneario de Lanjar\u00f3n<\/strong>, uno de los m\u00e1s importantes por la espectacular <strong>pureza de sus aguas <\/strong>entre las que te animamos a que te sumerjas. Imag\u00ednate las vistas, las<strong> aguas termales<\/strong> con una temperatura perfecta y la tranquilidad de sus instalaciones. <strong>Un plan perfecto.<\/strong><\/p>\n\n\n\n<p><\/p>\n\n\n\n<h2><strong>Curiosidades de La Alpujarra<\/strong><\/h2>\n\n\n\n<figure class=\"wp-block-image size-large\"><img width=\"800\" height=\"532\" src=\"https:\/\/cdn1.es.casasrurales.net\/blog\/wp-content\/emp\/blogcasas\/2022\/12\/Francisco-Liebana-FLICKR.jpg\" alt=\"Artesan\u00eda t\u00edpica de La Alpujarra\" class=\"wp-image-11250\" srcset=\"https:\/\/cdn1.es.casasrurales.net\/blog\/wp-content\/emp\/blogcasas\/2022\/12\/Francisco-Liebana-FLICKR.jpg 800w, https:\/\/cdn1.es.casasrurales.net\/blog\/wp-content\/emp\/blogcasas\/2022\/12\/Francisco-Liebana-FLICKR-300x200.jpg 300w, https:\/\/cdn1.es.casasrurales.net\/blog\/wp-content\/emp\/blogcasas\/2022\/12\/Francisco-Liebana-FLICKR-768x511.jpg 768w, https:\/\/cdn1.es.casasrurales.net\/blog\/wp-content\/emp\/blogcasas\/2022\/12\/Francisco-Liebana-FLICKR-320x213.jpg 320w\" sizes=\"(max-width: 800px) 100vw, 800px\" \/><\/figure>\n\n\n\n<p>Como te hemos dicho, esta comarca tiene mucha belleza y tambi\u00e9n<strong> muchas cosas curiosas<\/strong> que tienes que conocer antes de empezar el viaje.<\/p>\n\n\n\n<p>Una de ellas es que hay una <strong>fuente de agua gaseosa<\/strong>. \u00bfNo te lo crees? La verdad es que suena muy raro pero es lo que sucede en La <strong>Fuente Agria<\/strong>, uno de los cinco ca\u00f1os de la Ermita de la Virgen de las Angustias. Para saber cu\u00e1l es el que da ese agua con gas, tendr\u00e1s que probarlos todos (<strong>nosotros guardamos el secrero<\/strong>), aunque lo vas a reconocer por su fuerte sabor a hierro.<\/p>\n\n\n\n<p>La segunda de las curiosidades que te contamos es que la del<strong> Postigo de Pan<\/strong>, una peque\u00f1a ventanita que utilizaban las mujeres que se dedicaban a hornear pan tras quedarse viudas, para entregar este alimento por el miedo al estar solas.<\/p>\n\n\n\n<p>Si te gusta el buen comer, te recomendamos probar el rico <strong>jam\u00f3n de Tr\u00e9velez,<\/strong> que tiene una de las tres Denominaciones de Origen que existen en Espa\u00f1a.<\/p>\n","protected":false},"excerpt":{"rendered":"<p>La Alpujarra granadina es una de esas comarcas de Andaluc\u00eda en las que merece la pena pasar unos d\u00edas y disfrutar de la belleza que dejan sus paisajes y los pueblos que lo forman. Se encuentra a los pies de&hellip; <br \/><a class=\"read-more-button\" href=\"https:\/\/www.casasrurales.net\/blog\/que-ver-en-la-alpujarra-granadina\">Leer m\u00e1s<\/a><\/p>\n","protected":false},"author":6,"featured_media":11249,"comment_status":"open","ping_status":"open","sticky":false,"template":"","format":"standard","meta":[],"categories":[8],"tags":[42],"_links":{"self":[{"href":"https:\/\/www.casasrurales.net\/blog\/wp-json\/wp\/v2\/posts\/11242"}],"collection":[{"href":"https:\/\/www.casasrurales.net\/blog\/wp-json\/wp\/v2\/posts"}],"about":[{"href":"https:\/\/www.casasrurales.net\/blog\/wp-json\/wp\/v2\/types\/post"}],"author":[{"embeddable":true,"href":"https:\/\/www.casasrurales.net\/blog\/wp-json\/wp\/v2\/users\/6"}],"replies":[{"embeddable":true,"href":"https:\/\/www.casasrurales.net\/blog\/wp-json\/wp\/v2\/comments?post=11242"}],"version-history":[{"count":2,"href":"https:\/\/www.casasrurales.net\/blog\/wp-json\/wp\/v2\/posts\/11242\/revisions"}],"predecessor-version":[{"id":11252,"href":"https:\/\/www.casasrurales.net\/blog\/wp-json\/wp\/v2\/posts\/11242\/revisions\/11252"}],"wp:featuredmedia":[{"embeddable":true,"href":"https:\/\/www.casasrurales.net\/blog\/wp-json\/wp\/v2\/media\/11249"}],"wp:attachment":[{"href":"https:\/\/www.casasrurales.net\/blog\/wp-json\/wp\/v2\/media?parent=11242"}],"wp:term":[{"taxonomy":"category","embeddable":true,"href":"https:\/\/www.casasrurales.net\/blog\/wp-json\/wp\/v2\/categories?post=11242"},{"taxonomy":"post_tag","embeddable":true,"href":"https:\/\/www.casasrurales.net\/blog\/wp-json\/wp\/v2\/tags?post=11242"}],"curies":[{"name":"wp","href":"https:\/\/api.w.org\/{rel}","templated":true}]}}