
{"id":11209,"date":"2022-11-24T15:02:35","date_gmt":"2022-11-24T15:02:35","guid":{"rendered":"https:\/\/www.casasrurales.net\/blog\/?p=11209"},"modified":"2022-11-24T15:03:05","modified_gmt":"2022-11-24T15:03:05","slug":"lugares-para-esquiar-desde-este-fin-de-semana","status":"publish","type":"post","link":"https:\/\/www.casasrurales.net\/blog\/lugares-para-esquiar-desde-este-fin-de-semana","title":{"rendered":"Lugares para esquiar desde este fin de semana"},"content":{"rendered":"\n<p>Las primeras nieves del a\u00f1o ya han empezado a caer en algunas zonas de Espa\u00f1a, lo que hace que comiencen los preparativos para <strong>abrir las primeras estaciones de esqu\u00ed<\/strong> de la temporada. El momento de subirte sobre tus esqu\u00eds est\u00e1 muy cerca, tan cerca que&#8230; <strong><em>\u00a1hay una estaci\u00f3n que abre este fin de semana!<\/em><\/strong><\/p>\n\n\n\n<p>Para todos aquellos que estaban esperando la nueva temporada para practicar su <strong>deporte de nieve <\/strong>favorito y que no se quieren perder ni un d\u00eda descendiendo las pistas te\u00f1idas de un deseado color blanco, hoy os vamos a dar informaci\u00f3n de las <strong>pr\u00f3ximas aperturas de las estaciones.<\/strong><\/p>\n\n\n\n<p><em><strong>\u00bfQuieres ir organizando tu viaje?<\/strong><\/em> No dejes de leer que<strong> te lo explicamos todo.<\/strong><\/p>\n\n\n\n<p><\/p>\n\n\n\n<h2><strong>Baqueira Beret<\/strong><\/h2>\n\n\n\n<figure class=\"wp-block-image size-large\"><img width=\"800\" height=\"531\" src=\"https:\/\/cdn1.es.casasrurales.net\/blog\/wp-content\/emp\/blogcasas\/2022\/11\/FTarres-FLICKR.jpg\" alt=\"Alojamientos rurales cerca de la estaci\u00f3n de Baqueira\" class=\"wp-image-11217\" srcset=\"https:\/\/cdn1.es.casasrurales.net\/blog\/wp-content\/emp\/blogcasas\/2022\/11\/FTarres-FLICKR.jpg 800w, https:\/\/cdn1.es.casasrurales.net\/blog\/wp-content\/emp\/blogcasas\/2022\/11\/FTarres-FLICKR-300x199.jpg 300w, https:\/\/cdn1.es.casasrurales.net\/blog\/wp-content\/emp\/blogcasas\/2022\/11\/FTarres-FLICKR-768x510.jpg 768w, https:\/\/cdn1.es.casasrurales.net\/blog\/wp-content\/emp\/blogcasas\/2022\/11\/FTarres-FLICKR-320x213.jpg 320w\" sizes=\"(max-width: 800px) 100vw, 800px\" \/><\/figure>\n\n\n\n<p>S\u00ed. Esta es la <strong>primera estaci\u00f3n<\/strong> de esqu\u00ed que va a abrir, y lo har\u00e1 justo este pr\u00f3ximo<strong> s\u00e1bado 26 de noviembre.<\/strong> <\/p>\n\n\n\n<p>Tras las \u00faltimas nevadas ca\u00eddas en la zona, sus pistas han hecho acopio de entre los<strong> 30 y los 40 cent\u00edmetros de nieve<\/strong> que podr\u00e1s surcar sobre los esqu\u00eds o la tabla de snow. Han anunciado recientemente que abre con<strong> 36 kil\u00f3metros<\/strong> de extensi\u00f3n para el disfrute de sus usuarios, que adem\u00e1s este a\u00f1o ver\u00e1s incrementado el precio del forfait debido a la subida de los costes energ\u00e9ticos.<\/p>\n\n\n\n<p>Lo que est\u00e1 claro es que el blanco tel\u00f3n de fondo que nos deja <strong>Baqueira para este fin de semana <\/strong>va a ser la alegr\u00eda de muchos esquiadores.<\/p>\n\n\n\n<p>Si la noticia te ha pillado por sorpresa y no tienes d\u00f3nde dormir el fin de semana, te damos algunas opciones de <strong><a href=\"https:\/\/www.casasrurales.net\/casas-rurales\/valle-de-aran\" data-type=\"URL\" data-id=\"https:\/\/www.casasrurales.net\/casas-rurales\/valle-de-aran\" target=\"_blank\" rel=\"noreferrer noopener\">alojamientos cercanos<\/a><\/strong> para que nada falle en este inicio de temporada.<\/p>\n\n\n\n<p><\/p>\n\n\n\n<h2><strong>Port Ain\u00e9<\/strong><\/h2>\n\n\n\n<figure class=\"wp-block-image size-large\"><img width=\"800\" height=\"600\" src=\"https:\/\/cdn1.es.casasrurales.net\/blog\/wp-content\/emp\/blogcasas\/2022\/11\/Virginia-rm-FLICKR.jpg\" alt=\"Turismo estacional durante la temporada de invierno\" class=\"wp-image-11216\" srcset=\"https:\/\/cdn1.es.casasrurales.net\/blog\/wp-content\/emp\/blogcasas\/2022\/11\/Virginia-rm-FLICKR.jpg 800w, https:\/\/cdn1.es.casasrurales.net\/blog\/wp-content\/emp\/blogcasas\/2022\/11\/Virginia-rm-FLICKR-300x225.jpg 300w, https:\/\/cdn1.es.casasrurales.net\/blog\/wp-content\/emp\/blogcasas\/2022\/11\/Virginia-rm-FLICKR-768x576.jpg 768w, https:\/\/cdn1.es.casasrurales.net\/blog\/wp-content\/emp\/blogcasas\/2022\/11\/Virginia-rm-FLICKR-156x117.jpg 156w\" sizes=\"(max-width: 800px) 100vw, 800px\" \/><\/figure>\n\n\n\n<p>La segunda estaci\u00f3n de esqu\u00ed en abrir sus puertas esta temporada es esta, que se encuentra en la <strong>comarca del Pallars Sobir\u00e1<\/strong>, donde recorrer el<strong> pirineo catal\u00e1n <\/strong>de una forma diferente: sobre tus esqu\u00eds.<\/p>\n\n\n\n<p>El d\u00eda previsto para su<strong> apertura es el 1 de diciembre,<\/strong> dando<strong> fin a la temporada <\/strong>de nieve aproximadamente el <strong>9 de abril<\/strong>, as\u00ed que tienes unos cuantos meses para disfrutar de tu deporte favorito. Adem\u00e1s, esta estaci\u00f3n ha acondicionado sus accesos para hacer m\u00e1s c\u00f3moda la llegada hasta la estaci\u00f3n.<\/p>\n\n\n\n<p>Para aprovechar bien este deporte, nosotros te recomendamos que pases unos d\u00edas por la zona, y <em><strong>\u00bfqu\u00e9 mejor que un alojamiento rural para descansar?<\/strong><\/em><\/p>\n\n\n\n<p><\/p>\n\n\n\n<h2><strong>Ordino Arcal\u00eds y Grandvalira<\/strong><\/h2>\n\n\n\n<figure class=\"wp-block-image size-large\"><img width=\"800\" height=\"450\" src=\"https:\/\/cdn1.es.casasrurales.net\/blog\/wp-content\/emp\/blogcasas\/2022\/11\/Tnarik-Innael-FLICKR.jpg\" alt=\"Alojamientos rurales al lado de la estaci\u00f3n de esqu\u00ed en Andorra\" class=\"wp-image-11215\" srcset=\"https:\/\/cdn1.es.casasrurales.net\/blog\/wp-content\/emp\/blogcasas\/2022\/11\/Tnarik-Innael-FLICKR.jpg 800w, https:\/\/cdn1.es.casasrurales.net\/blog\/wp-content\/emp\/blogcasas\/2022\/11\/Tnarik-Innael-FLICKR-300x169.jpg 300w, https:\/\/cdn1.es.casasrurales.net\/blog\/wp-content\/emp\/blogcasas\/2022\/11\/Tnarik-Innael-FLICKR-768x432.jpg 768w\" sizes=\"(max-width: 800px) 100vw, 800px\" \/><\/figure>\n\n\n\n<p>Si nunca has visitado Andorra, el <strong>2 de diciembre<\/strong> tienes una buena excusa para hacerlo ya que estas estaciones<strong> abren por fin sus puertas<\/strong> para la nueva temporada 2022-2023 que, previsiblemente tendr\u00e1n una duraci\u00f3n de m\u00e1s de 4 meses, ya que<strong> cerrar\u00e1n sus puertas el 16 de abril<\/strong>, de las m\u00e1s tard\u00edas.<\/p>\n\n\n\n<p>Son sin duda, dos emblemas para los amantes de los deportes de nieve, y es que cuentan con amplios <strong>servicios<\/strong>, as\u00ed como una gran oferta de <strong>alojamientos <\/strong>muy cerca de las estaciones, para poder reponer fuerzas tras esas jornadas de deporte.<\/p>\n\n\n\n<p>Si no te quieres quedar sin un alojamiento para el inicio de temporada, te recomendamos que reserves cuanto antes alguno de estos <strong><a rel=\"noreferrer noopener\" href=\"https:\/\/www.casasrurales.net\/casas-rurales\/andorra\" data-type=\"URL\" data-id=\"https:\/\/www.casasrurales.net\/casas-rurales\/andorra\" target=\"_blank\">apartamentos en Andorra<\/a><\/strong>.<\/p>\n\n\n\n<p><\/p>\n\n\n\n<h2><strong>Cerler, Formigal y Panticosa<\/strong><\/h2>\n\n\n\n<figure class=\"wp-block-image size-large\"><img width=\"800\" height=\"600\" src=\"https:\/\/cdn1.es.casasrurales.net\/blog\/wp-content\/emp\/blogcasas\/2022\/11\/total-13-FLICKR.jpg\" alt=\"Turismo rural en verano junto a Cerler\" class=\"wp-image-11214\" srcset=\"https:\/\/cdn1.es.casasrurales.net\/blog\/wp-content\/emp\/blogcasas\/2022\/11\/total-13-FLICKR.jpg 800w, https:\/\/cdn1.es.casasrurales.net\/blog\/wp-content\/emp\/blogcasas\/2022\/11\/total-13-FLICKR-300x225.jpg 300w, https:\/\/cdn1.es.casasrurales.net\/blog\/wp-content\/emp\/blogcasas\/2022\/11\/total-13-FLICKR-768x576.jpg 768w, https:\/\/cdn1.es.casasrurales.net\/blog\/wp-content\/emp\/blogcasas\/2022\/11\/total-13-FLICKR-156x117.jpg 156w\" sizes=\"(max-width: 800px) 100vw, 800px\" \/><\/figure>\n\n\n\n<p>En el<strong> Pirineo Aragon\u00e9s<\/strong> tambi\u00e9n est\u00e1n con los preparativos para dar luz verde a la nueva temporada de esqu\u00ed 2022-2023 que ser\u00e1 el<strong> 2 de diciembre <\/strong>llegando a su <strong>fin el 9 de abril. <\/strong>Pero mientras tanto, tienes hasta cuatro meses para que puedas esquiar por todas sus piestas.<\/p>\n\n\n\n<p>Estas tres estaciones, de las<strong> m\u00e1s concurridas<\/strong> y propiedad del<strong> grupo Aram\u00f3n<\/strong> ser\u00e1n las terceras en el podio para dar el pistoletazo de salida gracias al temporal que ha hecho los \u00faltimos d\u00edas, y que ha permitido que se ti\u00f1an de blanco todas sus pistas.<\/p>\n\n\n\n<p>Seguro que no vas a pasar un d\u00eda s\u00f3lo en esta zona, as\u00ed que te dejamos algunas <strong><a href=\"https:\/\/www.casasrurales.net\/casas-rurales\/pirineo-aragones\" data-type=\"URL\" data-id=\"https:\/\/www.casasrurales.net\/casas-rurales\/pirineo-aragones\" target=\"_blank\" rel=\"noreferrer noopener\">opciones para que puedas dormir<\/a><\/strong> en el <strong>coraz\u00f3n del Pirineo Aragon\u00e9s <\/strong>ahora que todav\u00eda disponibilidad.<\/p>\n\n\n\n<p><\/p>\n\n\n\n<h2><strong>Javalambre y Valdelinares<\/strong><\/h2>\n\n\n\n<figure class=\"wp-block-image size-large\"><img width=\"800\" height=\"536\" src=\"https:\/\/cdn1.es.casasrurales.net\/blog\/wp-content\/emp\/blogcasas\/2022\/11\/K-\u039b-X-I-I-I-FLICKR.jpg\" alt=\"Disfruta del turismo de temporada en Javalambre\" class=\"wp-image-11213\" srcset=\"https:\/\/cdn1.es.casasrurales.net\/blog\/wp-content\/emp\/blogcasas\/2022\/11\/K-\u039b-X-I-I-I-FLICKR.jpg 800w, https:\/\/cdn1.es.casasrurales.net\/blog\/wp-content\/emp\/blogcasas\/2022\/11\/K-\u039b-X-I-I-I-FLICKR-300x201.jpg 300w, https:\/\/cdn1.es.casasrurales.net\/blog\/wp-content\/emp\/blogcasas\/2022\/11\/K-\u039b-X-I-I-I-FLICKR-768x515.jpg 768w, https:\/\/cdn1.es.casasrurales.net\/blog\/wp-content\/emp\/blogcasas\/2022\/11\/K-\u039b-X-I-I-I-FLICKR-320x213.jpg 320w\" sizes=\"(max-width: 800px) 100vw, 800px\" \/><\/figure>\n\n\n\n<p>Tambi\u00e9n del grupo <strong>Aram\u00f3n <\/strong>pero en este caso ubicadas en el<strong> Sistema Ib\u00e9rico,<\/strong> estas dos estaciones de esqu\u00ed tienen su apertura inminente.<\/p>\n\n\n\n<p>\u00bfCu\u00e1ndo? Marca en el calendario el <strong>2 de diciembre<\/strong> porque ser\u00e1 la fecha en la que puedas desempolvar tus esqu\u00eds o tu tabla de snow para surcar los mares de nieve que tienen ahora, y gracias a las recientes nevadas, sus pistas. Adem\u00e1s, estas estaciones son las m\u00e1s ef\u00edmeras para el disfrute, ya que <strong>cierran sus puertas el 26 de marzo.<\/strong><\/p>\n\n\n\n<p>Lo bueno de estas dos estaciones es que se encuentran en el <strong>coraz\u00f3n de Teruel<\/strong>, por lo que buscar un alojamiento ser\u00e1 m\u00e1s sencillo, pero no te duermas en los laureles porque sois muchos los amantes de los deportes de nieve. <\/p>\n\n\n\n<p>Aqu\u00ed te damos <strong><a href=\"https:\/\/www.casasrurales.net\/casas-rurales\/teruel\/camarena-de-la-sierra\" data-type=\"URL\" data-id=\"https:\/\/www.casasrurales.net\/casas-rurales\/teruel\/camarena-de-la-sierra\" target=\"_blank\" rel=\"noreferrer noopener\">algunas ideas de alojamientos<\/a><\/strong> cercanos.<\/p>\n\n\n\n<p><\/p>\n\n\n\n<h2><strong>Valdezcaray<\/strong><\/h2>\n\n\n\n<figure class=\"wp-block-image size-large\"><img width=\"800\" height=\"600\" src=\"https:\/\/cdn1.es.casasrurales.net\/blog\/wp-content\/emp\/blogcasas\/2022\/11\/Zaloa-Etxaniz-FLICKR.jpg\" alt=\"Tu estancia junto a la nieve para un viaje en familia\" class=\"wp-image-11212\" srcset=\"https:\/\/cdn1.es.casasrurales.net\/blog\/wp-content\/emp\/blogcasas\/2022\/11\/Zaloa-Etxaniz-FLICKR.jpg 800w, https:\/\/cdn1.es.casasrurales.net\/blog\/wp-content\/emp\/blogcasas\/2022\/11\/Zaloa-Etxaniz-FLICKR-300x225.jpg 300w, https:\/\/cdn1.es.casasrurales.net\/blog\/wp-content\/emp\/blogcasas\/2022\/11\/Zaloa-Etxaniz-FLICKR-768x576.jpg 768w, https:\/\/cdn1.es.casasrurales.net\/blog\/wp-content\/emp\/blogcasas\/2022\/11\/Zaloa-Etxaniz-FLICKR-156x117.jpg 156w\" sizes=\"(max-width: 800px) 100vw, 800px\" \/><\/figure>\n\n\n\n<p>Esta estaci\u00f3n de esqu\u00ed ubicada<strong> en La Rioja t<\/strong>e permite conocer la<strong> Sierra de la Demanda <\/strong>desde sus pistas cubiertas de nieve a partir del <strong>3 de diciembre <\/strong>que es cuando <strong>abrir\u00e1 sus puertas.<\/strong><\/p>\n\n\n\n<p>Ya no queda nada para que puedas disfrutar de tu deporte favorito en esta estaci\u00f3n que es<strong> ideal para ir en familia.<\/strong> Podr\u00e1s esquivar sus remontes, practicar o iniciarte en el esqu\u00ed <strong>hasta el 10 de abril,<\/strong> que es cuando tiene previsto terminar la temporada.<\/p>\n\n\n\n<p>Si vas a viajar en familia y quieres encontrar un alojamiento que os permita disfrutar de esta experiencia todos juntos, te damos algunas ideas de <strong><a rel=\"noreferrer noopener\" href=\"https:\/\/www.casasrurales.net\/casas-rurales\/la-rioja\/ezcaray\" data-type=\"URL\" data-id=\"https:\/\/www.casasrurales.net\/casas-rurales\/la-rioja\/ezcaray\" target=\"_blank\">alojamientos en Ezcaray y alrededores<\/a><\/strong>, que se encuentra al lado de la estaci\u00f3n.<\/p>\n\n\n\n<p><\/p>\n\n\n\n<h2><strong>Sierra Nevada<\/strong><\/h2>\n\n\n\n<figure class=\"wp-block-image size-large\"><img width=\"799\" height=\"533\" src=\"https:\/\/cdn1.es.casasrurales.net\/blog\/wp-content\/emp\/blogcasas\/2022\/11\/Nacho-Castejon-Martinez-FLICKR.jpg\" alt=\"Viaja a la estaci\u00f3n de Sierra Nevada y disfruta de tu estancia\" class=\"wp-image-11211\" srcset=\"https:\/\/cdn1.es.casasrurales.net\/blog\/wp-content\/emp\/blogcasas\/2022\/11\/Nacho-Castejon-Martinez-FLICKR.jpg 799w, https:\/\/cdn1.es.casasrurales.net\/blog\/wp-content\/emp\/blogcasas\/2022\/11\/Nacho-Castejon-Martinez-FLICKR-300x200.jpg 300w, https:\/\/cdn1.es.casasrurales.net\/blog\/wp-content\/emp\/blogcasas\/2022\/11\/Nacho-Castejon-Martinez-FLICKR-768x512.jpg 768w, https:\/\/cdn1.es.casasrurales.net\/blog\/wp-content\/emp\/blogcasas\/2022\/11\/Nacho-Castejon-Martinez-FLICKR-320x213.jpg 320w\" sizes=\"(max-width: 799px) 100vw, 799px\" \/><\/figure>\n\n\n\n<p>Es una de las estaciones m\u00e1s famosas de nuestro pa\u00eds y adem\u00e1s, una de la que m\u00e1s p\u00fablico recibe durante la temporada de esqu\u00ed, que este a\u00f1o <strong>comenzar\u00e1 el 3 de diciembre<\/strong>, y permanecer\u00e1 abierta <strong>hasta el 1 de mayo<\/strong>, siendo la estaci\u00f3n que m\u00e1s tarde cierra de todas.<\/p>\n\n\n\n<p>Si ten\u00edas los esqu\u00eds guardados en el trastero, ya puedes ir a por ellos y comenzar a organizar tu viaje hasta Sierra Nevada. <strong>Planea <\/strong>tus horarios, el forfait y por supuesto, no te olvides de <strong><a href=\"https:\/\/www.casasrurales.net\/casas-rurales\/granada\/sierra-nevada\" data-type=\"URL\" data-id=\"https:\/\/www.casasrurales.net\/casas-rurales\/granada\/sierra-nevada\" target=\"_blank\" rel=\"noreferrer noopener\">reservar un alojamiento cercano<\/a><\/strong> a la estaci\u00f3n para disfrutar al m\u00e1ximo de esta experiencia.<\/p>\n\n\n\n<p>No te lo puedes perder porque adem\u00e1s, durante esta temporada vas a poder disfrutar de novedades como los <strong>dos telesillas nuevos<\/strong> y diferentes ca\u00f1ones de nieve.<em><strong> \u00bfPreparado?<\/strong><\/em><\/p>\n\n\n\n<p><\/p>\n\n\n\n<h2><strong>La Covatilla<\/strong><\/h2>\n\n\n\n<figure class=\"wp-block-image size-large\"><img width=\"799\" height=\"530\" src=\"https:\/\/cdn1.es.casasrurales.net\/blog\/wp-content\/emp\/blogcasas\/2022\/11\/Jose-Antonio-Cotallo-Lopez-FLICKR.jpg\" alt=\"Al\u00f3jate cerca de La Covatilla\" class=\"wp-image-11210\" srcset=\"https:\/\/cdn1.es.casasrurales.net\/blog\/wp-content\/emp\/blogcasas\/2022\/11\/Jose-Antonio-Cotallo-Lopez-FLICKR.jpg 799w, https:\/\/cdn1.es.casasrurales.net\/blog\/wp-content\/emp\/blogcasas\/2022\/11\/Jose-Antonio-Cotallo-Lopez-FLICKR-300x199.jpg 300w, https:\/\/cdn1.es.casasrurales.net\/blog\/wp-content\/emp\/blogcasas\/2022\/11\/Jose-Antonio-Cotallo-Lopez-FLICKR-768x509.jpg 768w, https:\/\/cdn1.es.casasrurales.net\/blog\/wp-content\/emp\/blogcasas\/2022\/11\/Jose-Antonio-Cotallo-Lopez-FLICKR-320x213.jpg 320w\" sizes=\"(max-width: 799px) 100vw, 799px\" \/><\/figure>\n\n\n\n<p>Podr\u00e1s disfrutar de esta estaci\u00f3n de esqu\u00ed ubicada<strong> en plena Sierra de B\u00e9jar<\/strong> desde el <strong>3 de diciembre<\/strong> y <strong>hasta el 26 de marzo, <\/strong>que ser\u00e1 cuando toque a su fin la temporada para esta experiencia.<\/p>\n\n\n\n<p>A pesar de haber intentado abrir sus puertas recientemente, no fue posible por la baja cota de nieve que hab\u00eda en la zona, pero tras las \u00faltimas nevadas, todo indica que por fin <strong>se podr\u00e1 hacer efectiva la apertura <\/strong>en unos d\u00edas para el gran p\u00fablico.<\/p>\n\n\n\n<p>No desaproveches esta oportunidad y <strong>prepara tu viaje con tiempo<\/strong>. \u00a1Aqu\u00ed <strong><a href=\"https:\/\/www.casasrurales.net\/casas-rurales\/salamanca\/la-hoya\" data-type=\"URL\" data-id=\"https:\/\/www.casasrurales.net\/casas-rurales\/salamanca\/la-hoya\" target=\"_blank\" rel=\"noreferrer noopener\">te dejamos algunos alojamientos<\/a><\/strong> para que tengas la mejor experiencia!<\/p>\n","protected":false},"excerpt":{"rendered":"<p>Las primeras nieves del a\u00f1o ya han empezado a caer en algunas zonas de Espa\u00f1a, lo que hace que comiencen los preparativos para abrir las primeras estaciones de esqu\u00ed de la temporada. El momento de subirte sobre tus esqu\u00eds est\u00e1&hellip; <br \/><a class=\"read-more-button\" href=\"https:\/\/www.casasrurales.net\/blog\/lugares-para-esquiar-desde-este-fin-de-semana\">Leer m\u00e1s<\/a><\/p>\n","protected":false},"author":6,"featured_media":11218,"comment_status":"open","ping_status":"open","sticky":false,"template":"","format":"standard","meta":[],"categories":[8],"tags":[50],"_links":{"self":[{"href":"https:\/\/www.casasrurales.net\/blog\/wp-json\/wp\/v2\/posts\/11209"}],"collection":[{"href":"https:\/\/www.casasrurales.net\/blog\/wp-json\/wp\/v2\/posts"}],"about":[{"href":"https:\/\/www.casasrurales.net\/blog\/wp-json\/wp\/v2\/types\/post"}],"author":[{"embeddable":true,"href":"https:\/\/www.casasrurales.net\/blog\/wp-json\/wp\/v2\/users\/6"}],"replies":[{"embeddable":true,"href":"https:\/\/www.casasrurales.net\/blog\/wp-json\/wp\/v2\/comments?post=11209"}],"version-history":[{"count":3,"href":"https:\/\/www.casasrurales.net\/blog\/wp-json\/wp\/v2\/posts\/11209\/revisions"}],"predecessor-version":[{"id":11221,"href":"https:\/\/www.casasrurales.net\/blog\/wp-json\/wp\/v2\/posts\/11209\/revisions\/11221"}],"wp:featuredmedia":[{"embeddable":true,"href":"https:\/\/www.casasrurales.net\/blog\/wp-json\/wp\/v2\/media\/11218"}],"wp:attachment":[{"href":"https:\/\/www.casasrurales.net\/blog\/wp-json\/wp\/v2\/media?parent=11209"}],"wp:term":[{"taxonomy":"category","embeddable":true,"href":"https:\/\/www.casasrurales.net\/blog\/wp-json\/wp\/v2\/categories?post=11209"},{"taxonomy":"post_tag","embeddable":true,"href":"https:\/\/www.casasrurales.net\/blog\/wp-json\/wp\/v2\/tags?post=11209"}],"curies":[{"name":"wp","href":"https:\/\/api.w.org\/{rel}","templated":true}]}}