
{"id":10222,"date":"2021-12-28T16:23:36","date_gmt":"2021-12-28T16:23:36","guid":{"rendered":"https:\/\/www.casasrurales.net\/blog\/?p=10222"},"modified":"2021-12-28T16:23:36","modified_gmt":"2021-12-28T16:23:36","slug":"turismo-rural-en-la-palma-despues-del-volcan-cumbre-vieja","status":"publish","type":"post","link":"https:\/\/www.casasrurales.net\/blog\/turismo-rural-en-la-palma-despues-del-volcan-cumbre-vieja","title":{"rendered":"Turismo rural en La Palma despu\u00e9s del volc\u00e1n Cumbre Vieja"},"content":{"rendered":"\n<p>Tres meses ha durado activa la<strong> erupci\u00f3n volc\u00e1nica del Cumbre Vieja en La Palma. <\/strong>Un total de<strong> 85 d\u00edas de angustia<\/strong> para los palmeros que ahora s\u00f3lo piensan en <strong>c\u00f3mo empezar de nuevo<\/strong>. Un paisaje completamente diferente y cuya principal protagonista es ahora, la colada volc\u00e1nica que<strong> atrae a miles de turistas <\/strong>que quieren comprobar con sus propios ojos cu\u00e1les han sido los<strong> efectos <\/strong>de esta actividad volc\u00e1nica.<\/p>\n\n\n\n<p>Lo cierto es que La Palma siempre ha sido uno de los<strong> reclamos tur\u00edsticos en nuestro pa\u00eds,<\/strong> y es normal teniendo en cuenta que se le considera como<strong><em> La isla Bonita<\/em><\/strong>. Un paraje que re\u00fane bosques, playas y volcanes que merecen una visita y bien valen un viaje.<\/p>\n\n\n\n<p>Pero, despu\u00e9s de la tragedia, <em><strong>\u00bfqu\u00e9 hacer para ayudar a La Palma?<\/strong><\/em> <strong>Viajar<\/strong>. Y es que aunque parezca mentira, la afluencia tur\u00edstica no ha cesado durante la inesperada actividad del Cumbre Vieja, teniendo su r\u00e9cord durante el pasado puente de diciembre.<\/p>\n\n\n\n<p>Si bien es cierto, hay que hacerlo con <strong>mucha precauci\u00f3n<\/strong> y dejando a los equipos trabajar para devolver a la isla su esplendor, y por supuesto, sin acercarse de m\u00e1s a la colada volc\u00e1nica, <strong><a href=\"https:\/\/www.casasrurales.net\/casas-rurales\/la-palma\" data-type=\"URL\" data-id=\"https:\/\/www.casasrurales.net\/casas-rurales\/la-palma\" target=\"_blank\" rel=\"noreferrer noopener\">La Palma sigue siendo un destino ideal<\/a><\/strong> para unas vacaciones.<\/p>\n\n\n\n<p>Si te est\u00e1s planteando hacer<strong> un viaje para admirar la belleza,<\/strong> ahora modificada, de esta isla canaria, te recomendamos algunos<strong> lugares para disfrutar de ella.<\/strong><\/p>\n\n\n\n<p><\/p>\n\n\n\n<h2><strong>El Mirador de Tajuya<\/strong><\/h2>\n\n\n\n<figure class=\"wp-block-image size-large\"><img width=\"799\" height=\"533\" src=\"https:\/\/cdn1.es.casasrurales.net\/blog\/wp-content\/emp\/blogcasas\/2021\/12\/leopoldo-de-castro-FLICKR.jpg\" alt=\"\" class=\"wp-image-10224\" srcset=\"https:\/\/cdn1.es.casasrurales.net\/blog\/wp-content\/emp\/blogcasas\/2021\/12\/leopoldo-de-castro-FLICKR.jpg 799w, https:\/\/cdn1.es.casasrurales.net\/blog\/wp-content\/emp\/blogcasas\/2021\/12\/leopoldo-de-castro-FLICKR-300x200.jpg 300w, https:\/\/cdn1.es.casasrurales.net\/blog\/wp-content\/emp\/blogcasas\/2021\/12\/leopoldo-de-castro-FLICKR-768x512.jpg 768w, https:\/\/cdn1.es.casasrurales.net\/blog\/wp-content\/emp\/blogcasas\/2021\/12\/leopoldo-de-castro-FLICKR-320x213.jpg 320w\" sizes=\"(max-width: 799px) 100vw, 799px\" \/><\/figure>\n\n\n\n<p>Se ha convertido en <strong>destino de peregrinaje <\/strong>para los palmeros que observaban con horror los coletazos que dejaba el Cumbre Vieja y tambi\u00e9n para los curiosos que contemplaban c\u00f3mo se iba <strong>modificando el perfil de la isla.<\/strong><\/p>\n\n\n\n<p>Tras dar por <strong>finalizada la actividad del volc\u00e1n el pasado 13 de diciembre<\/strong>, es el punto m\u00e1s visitado de la isla y de hecho, lugar de encuentro para los residentes, periodistas que hacen conexiones en directo, y turistas que llegan incluso en crucero. Si viajas hasta La Palma, <strong>tienes que visitarlo.<\/strong><\/p>\n\n\n\n<p><\/p>\n\n\n\n<h2><strong>El Roque de los Muchachos<\/strong><\/h2>\n\n\n\n<figure class=\"wp-block-image size-large\"><img width=\"800\" height=\"600\" src=\"https:\/\/cdn1.es.casasrurales.net\/blog\/wp-content\/emp\/blogcasas\/2021\/12\/Susanne-Winter-FLICKR.jpg\" alt=\"\" class=\"wp-image-10225\" srcset=\"https:\/\/cdn1.es.casasrurales.net\/blog\/wp-content\/emp\/blogcasas\/2021\/12\/Susanne-Winter-FLICKR.jpg 800w, https:\/\/cdn1.es.casasrurales.net\/blog\/wp-content\/emp\/blogcasas\/2021\/12\/Susanne-Winter-FLICKR-300x225.jpg 300w, https:\/\/cdn1.es.casasrurales.net\/blog\/wp-content\/emp\/blogcasas\/2021\/12\/Susanne-Winter-FLICKR-768x576.jpg 768w, https:\/\/cdn1.es.casasrurales.net\/blog\/wp-content\/emp\/blogcasas\/2021\/12\/Susanne-Winter-FLICKR-156x117.jpg 156w\" sizes=\"(max-width: 800px) 100vw, 800px\" \/><\/figure>\n\n\n\n<p>Ubicado dentro de uno de los 15 parque nacionales con los que cuenta nuestro pa\u00eds, el<strong> Parque Nacional de la Caldera de Taburiente<\/strong>, se encuentra el Mirador del Roque de los Muchachos, que se ubica en la <strong>zona de mayor altitud <\/strong>de la isla, desde la que las vistas son impresionantes.<\/p>\n\n\n\n<p>Antes del volc\u00e1n se pod\u00eda acceder hasta \u00e9l en coche, pero en la actualidad <strong>existen algunas restricciones<\/strong> por carretera que te invitamos a que consultes antes de comenzar el viaje. Es probable que tengas que dejar el coche en un punto y continuar andando.<\/p>\n\n\n\n<p><\/p>\n\n\n\n<h2><strong>El Observatorio<\/strong><\/h2>\n\n\n\n<figure class=\"wp-block-image size-large\"><img width=\"799\" height=\"533\" src=\"https:\/\/cdn1.es.casasrurales.net\/blog\/wp-content\/emp\/blogcasas\/2021\/12\/Victor-R.-Ruiz-FLICKR.jpg\" alt=\"\" class=\"wp-image-10226\" srcset=\"https:\/\/cdn1.es.casasrurales.net\/blog\/wp-content\/emp\/blogcasas\/2021\/12\/Victor-R.-Ruiz-FLICKR.jpg 799w, https:\/\/cdn1.es.casasrurales.net\/blog\/wp-content\/emp\/blogcasas\/2021\/12\/Victor-R.-Ruiz-FLICKR-300x200.jpg 300w, https:\/\/cdn1.es.casasrurales.net\/blog\/wp-content\/emp\/blogcasas\/2021\/12\/Victor-R.-Ruiz-FLICKR-768x512.jpg 768w, https:\/\/cdn1.es.casasrurales.net\/blog\/wp-content\/emp\/blogcasas\/2021\/12\/Victor-R.-Ruiz-FLICKR-320x213.jpg 320w\" sizes=\"(max-width: 799px) 100vw, 799px\" \/><\/figure>\n\n\n\n<p>Se encuentra tambi\u00e9n <strong>dentro del Parque Nacional<\/strong>, y es un observatorio astrof\u00edsico en el que, antes del volc\u00e1n, se concertaban visitas y se aprend\u00eda a interpretar el cielo. Las <strong>cenizas <\/strong>que ha desprendido el volc\u00e1n hicieron que este lugar casi ni se viera.<\/p>\n\n\n\n<p>La erupci\u00f3n en esta zona se ha notado considerablemente, y debido a la <strong>contaminaci\u00f3n en el ambiente<\/strong> en la actualidad, las <strong>visitas han quedado suspendidas,<\/strong> aunque s\u00ed te recomendamos que te acerques a los alrededores y disfrutes de la panor\u00e1mica que dejan los imponentes <strong>telescopios<\/strong>.<\/p>\n\n\n\n<p><\/p>\n\n\n\n<h2><strong>El Bosque de Los Tilos<\/strong><\/h2>\n\n\n\n<figure class=\"wp-block-image size-large\"><img width=\"800\" height=\"640\" src=\"https:\/\/cdn1.es.casasrurales.net\/blog\/wp-content\/emp\/blogcasas\/2021\/12\/Carlos-Lopez-Echeto-Marrero-FLICKR.jpg\" alt=\"\" class=\"wp-image-10227\" srcset=\"https:\/\/cdn1.es.casasrurales.net\/blog\/wp-content\/emp\/blogcasas\/2021\/12\/Carlos-Lopez-Echeto-Marrero-FLICKR.jpg 800w, https:\/\/cdn1.es.casasrurales.net\/blog\/wp-content\/emp\/blogcasas\/2021\/12\/Carlos-Lopez-Echeto-Marrero-FLICKR-300x240.jpg 300w, https:\/\/cdn1.es.casasrurales.net\/blog\/wp-content\/emp\/blogcasas\/2021\/12\/Carlos-Lopez-Echeto-Marrero-FLICKR-768x614.jpg 768w\" sizes=\"(max-width: 800px) 100vw, 800px\" \/><\/figure>\n\n\n\n<p>Uno de los<strong> lugares que hacen olvidar la actividad del volc\u00e1n<\/strong> es este espectacular paraje considerado Reserva Mundial de la Biosfera en el que te adentras para disfrutar de la intensa<strong> vegetaci\u00f3n de la isla.<\/strong><\/p>\n\n\n\n<p>Est\u00e1 repleto de tiles y helechos que podr\u00e1s contemplar <strong>desde cualquiera de los senderos<\/strong> que recorren esta postal de cuento. Algunos<strong> saltos de agua<\/strong> y m\u00e1s de una decena de <strong>t\u00faneles <\/strong>son un recorrido que merece la pena disfrutar en La Palma.<\/p>\n\n\n\n<p>Como ves, tras los restos del horror causado por el volc\u00e1n,<strong> la isla sigue teniendo su encanto <\/strong>y por supuesto, rincones m\u00e1gicos donde disfrutar del turismo rural. Y esto es s\u00f3lo una<strong> peque\u00f1a muestra de ello.<\/strong><\/p>\n","protected":false},"excerpt":{"rendered":"<p>Tres meses ha durado activa la erupci\u00f3n volc\u00e1nica del Cumbre Vieja en La Palma. Un total de 85 d\u00edas de angustia para los palmeros que ahora s\u00f3lo piensan en c\u00f3mo empezar de nuevo. Un paisaje completamente diferente y cuya principal&hellip; <br \/><a class=\"read-more-button\" href=\"https:\/\/www.casasrurales.net\/blog\/turismo-rural-en-la-palma-despues-del-volcan-cumbre-vieja\">Leer m\u00e1s<\/a><\/p>\n","protected":false},"author":6,"featured_media":10223,"comment_status":"open","ping_status":"open","sticky":false,"template":"","format":"standard","meta":[],"categories":[87],"tags":[80],"_links":{"self":[{"href":"https:\/\/www.casasrurales.net\/blog\/wp-json\/wp\/v2\/posts\/10222"}],"collection":[{"href":"https:\/\/www.casasrurales.net\/blog\/wp-json\/wp\/v2\/posts"}],"about":[{"href":"https:\/\/www.casasrurales.net\/blog\/wp-json\/wp\/v2\/types\/post"}],"author":[{"embeddable":true,"href":"https:\/\/www.casasrurales.net\/blog\/wp-json\/wp\/v2\/users\/6"}],"replies":[{"embeddable":true,"href":"https:\/\/www.casasrurales.net\/blog\/wp-json\/wp\/v2\/comments?post=10222"}],"version-history":[{"count":2,"href":"https:\/\/www.casasrurales.net\/blog\/wp-json\/wp\/v2\/posts\/10222\/revisions"}],"predecessor-version":[{"id":10229,"href":"https:\/\/www.casasrurales.net\/blog\/wp-json\/wp\/v2\/posts\/10222\/revisions\/10229"}],"wp:featuredmedia":[{"embeddable":true,"href":"https:\/\/www.casasrurales.net\/blog\/wp-json\/wp\/v2\/media\/10223"}],"wp:attachment":[{"href":"https:\/\/www.casasrurales.net\/blog\/wp-json\/wp\/v2\/media?parent=10222"}],"wp:term":[{"taxonomy":"category","embeddable":true,"href":"https:\/\/www.casasrurales.net\/blog\/wp-json\/wp\/v2\/categories?post=10222"},{"taxonomy":"post_tag","embeddable":true,"href":"https:\/\/www.casasrurales.net\/blog\/wp-json\/wp\/v2\/tags?post=10222"}],"curies":[{"name":"wp","href":"https:\/\/api.w.org\/{rel}","templated":true}]}}