
{"id":10044,"date":"2021-10-05T13:22:12","date_gmt":"2021-10-05T13:22:12","guid":{"rendered":"https:\/\/www.casasrurales.net\/blog\/?p=10044"},"modified":"2023-10-04T07:40:14","modified_gmt":"2023-10-04T07:40:14","slug":"ruta-por-los-castillos-del-sio-en-lleida","status":"publish","type":"post","link":"https:\/\/www.casasrurales.net\/blog\/ruta-por-los-castillos-del-sio-en-lleida","title":{"rendered":"Ruta por los castillos del Si\u00f3 en Lleida"},"content":{"rendered":"\n<p>Esta ruta transcurre <strong>a lo largo del r\u00edo Si\u00f3<\/strong> -de ah\u00ed el origen de su nombre-, en la <strong><a href=\"https:\/\/www.casasrurales.net\/casas-rurales\/lleida\" data-type=\"URL\" data-id=\"https:\/\/www.casasrurales.net\/casas-rurales\/lleida\" target=\"_blank\" rel=\"noreferrer noopener\">provincia de Lleida<\/a><\/strong>, con castillos situados estrat\u00e9gicamente como<strong> puntos defensivos<\/strong>, puesto que el r\u00edo, en su \u00e9poca, serv\u00eda como frontera con Al-Andalus.<\/p>\n\n\n\n<p>Aunque no solamente vas a encontrar encanto en los castillos, sino que un paisaje de <strong>abundante vegetaci\u00f3n <\/strong>verde, ofrece un <strong>m\u00e1gico enclave <\/strong>donde viajar a tiempos pasados.<\/p>\n\n\n\n<p>Es una ruta que <strong>se puede hacer de varias maneras<\/strong>, pero la recomendaci\u00f3n que te damos es que sea<strong> en coche<\/strong>, puesto entre cada castillo puede haber <strong>bastante distancia <\/strong>y m\u00e1s a\u00fan, si quieres completarla en un solo d\u00eda.<\/p>\n\n\n\n<p>Sin m\u00e1s nos adentramos en la ruta\u2026 <em><strong>\u00bfNos acompa\u00f1as en este viaje a la Edad Media?<\/strong><\/em><\/p>\n\n\n\n<p><\/p>\n\n\n\n<h2><strong>1. CASTILLO DE MONTSON\u00cdS<\/strong><\/h2>\n\n\n\n<figure class=\"wp-block-image size-large\"><img width=\"800\" height=\"588\" src=\"https:\/\/cdn1.es.casasrurales.net\/blog\/wp-content\/emp\/blogcasas\/2021\/10\/Angela-Llop-flickr.jpg\" alt=\"\" class=\"wp-image-10050\" srcset=\"https:\/\/cdn1.es.casasrurales.net\/blog\/wp-content\/emp\/blogcasas\/2021\/10\/Angela-Llop-flickr.jpg 800w, https:\/\/cdn1.es.casasrurales.net\/blog\/wp-content\/emp\/blogcasas\/2021\/10\/Angela-Llop-flickr-300x221.jpg 300w, https:\/\/cdn1.es.casasrurales.net\/blog\/wp-content\/emp\/blogcasas\/2021\/10\/Angela-Llop-flickr-768x564.jpg 768w\" sizes=\"(max-width: 800px) 100vw, 800px\" \/><\/figure>\n\n\n\n<p>En la <strong><a href=\"https:\/\/www.casasrurales.net\/casas-rurales\/lleida\/montsonis\" data-type=\"URL\" data-id=\"https:\/\/www.casasrurales.net\/casas-rurales\/lleida\/montsonis\" target=\"_blank\" rel=\"noreferrer noopener\">localidad hom\u00f3nima<\/a><\/strong>, encontramos el primer castillo de nuestro recorrido.<\/p>\n\n\n\n<p>Su <strong>esplendor <\/strong>de anta\u00f1o todav\u00eda es palpable a trav\u00e9s de los <strong>robustos muros<\/strong> que componen esta impresionante fortaleza.<\/p>\n\n\n\n<p>A d\u00eda de hoy, hay una <strong>parte privada, <\/strong>mientras que otra <strong>parte est\u00e1 abierta al p\u00fablico,<\/strong> pudiendo recorrer su interior imaginando c\u00f3mo era la vida en un castillo medieval.<\/p>\n\n\n\n<p>Adem\u00e1s, fue de los <strong>primeros en abrir sus puertas<\/strong> y en su interior alberga la sede de la Fundaci\u00f3n Castillos Culturales de Catalu\u00f1a.<\/p>\n\n\n\n<p><\/p>\n\n\n\n<h2><strong>2. CASTILLO DE MONTCLAR<\/strong><\/h2>\n\n\n\n<figure class=\"wp-block-image size-large\"><img width=\"800\" height=\"533\" src=\"https:\/\/cdn1.es.casasrurales.net\/blog\/wp-content\/emp\/blogcasas\/2021\/10\/Patrick-Chabert-FLICKR.jpg\" alt=\"\" class=\"wp-image-10049\" srcset=\"https:\/\/cdn1.es.casasrurales.net\/blog\/wp-content\/emp\/blogcasas\/2021\/10\/Patrick-Chabert-FLICKR.jpg 800w, https:\/\/cdn1.es.casasrurales.net\/blog\/wp-content\/emp\/blogcasas\/2021\/10\/Patrick-Chabert-FLICKR-300x200.jpg 300w, https:\/\/cdn1.es.casasrurales.net\/blog\/wp-content\/emp\/blogcasas\/2021\/10\/Patrick-Chabert-FLICKR-768x512.jpg 768w, https:\/\/cdn1.es.casasrurales.net\/blog\/wp-content\/emp\/blogcasas\/2021\/10\/Patrick-Chabert-FLICKR-320x213.jpg 320w\" sizes=\"(max-width: 800px) 100vw, 800px\" \/><\/figure>\n\n\n\n<p>Est\u00e1 <strong>ubicado en Montclar<\/strong>, presidiendo la localidad desde su emplazamiento, en la<strong> <a href=\"https:\/\/www.casasrurales.net\/casas-rurales\/urgell\" data-type=\"URL\" data-id=\"https:\/\/www.casasrurales.net\/casas-rurales\/urgell\" target=\"_blank\" rel=\"noreferrer noopener\">comarca del Urgell<\/a>, <\/strong>y es uno de los <strong>m\u00e1s antiguos <\/strong>de la zona.<\/p>\n\n\n\n<p>Sus or\u00edgenes datan <strong>del siglo X,<\/strong> \u00e9poca en la que ya se tiene registro de \u00e9l, y se levant\u00f3 en torno a los restos de una torre romana.<\/p>\n\n\n\n<p>Est\u00e1 considerado como<strong> Monumento Nacional Hist\u00f3rico-Art\u00edstico,<\/strong> y, aunque fue construido como <strong>fortaleza defensiva, <\/strong>tambi\u00e9n tuvo uso como <strong>residencia para nobles<\/strong> de la \u00e9poca.<\/p>\n\n\n\n<p><\/p>\n\n\n\n<h2><strong>3. CASTILLO DE FLOREJACS<\/strong><\/h2>\n\n\n\n<figure class=\"wp-block-image size-large\"><img width=\"800\" height=\"600\" src=\"https:\/\/cdn1.es.casasrurales.net\/blog\/wp-content\/emp\/blogcasas\/2021\/10\/masia-vilalta-FLICKR.jpg\" alt=\"\" class=\"wp-image-10048\" srcset=\"https:\/\/cdn1.es.casasrurales.net\/blog\/wp-content\/emp\/blogcasas\/2021\/10\/masia-vilalta-FLICKR.jpg 800w, https:\/\/cdn1.es.casasrurales.net\/blog\/wp-content\/emp\/blogcasas\/2021\/10\/masia-vilalta-FLICKR-300x225.jpg 300w, https:\/\/cdn1.es.casasrurales.net\/blog\/wp-content\/emp\/blogcasas\/2021\/10\/masia-vilalta-FLICKR-768x576.jpg 768w, https:\/\/cdn1.es.casasrurales.net\/blog\/wp-content\/emp\/blogcasas\/2021\/10\/masia-vilalta-FLICKR-156x117.jpg 156w\" sizes=\"(max-width: 800px) 100vw, 800px\" \/><\/figure>\n\n\n\n<p><strong>Florejacs<\/strong> es donde encontramos este impresionante <strong>conjunto medieval<\/strong> que fue mandado construir por Arnau Mir de Tost, se\u00f1or de \u00c0ger, all\u00e1 por el <strong>siglo XII.<\/strong><\/p>\n\n\n\n<p>Desde su <strong>posici\u00f3n dominante en el pueblo,<\/strong> el torre\u00f3n nos ofrece una preciosa etapa de la villa, y donde, adem\u00e1s es posible alojarse o celebrar <strong>eventos <\/strong>de distinto tipo.<\/p>\n\n\n\n<p><\/p>\n\n\n\n<h2><strong>4. CASTILLO DE LES SITGES<\/strong><\/h2>\n\n\n\n<figure class=\"wp-block-image size-large\"><img width=\"799\" height=\"532\" src=\"https:\/\/cdn1.es.casasrurales.net\/blog\/wp-content\/emp\/blogcasas\/2021\/10\/Ferran-Llorens-FLICKR.jpg\" alt=\"\" class=\"wp-image-10047\" srcset=\"https:\/\/cdn1.es.casasrurales.net\/blog\/wp-content\/emp\/blogcasas\/2021\/10\/Ferran-Llorens-FLICKR.jpg 799w, https:\/\/cdn1.es.casasrurales.net\/blog\/wp-content\/emp\/blogcasas\/2021\/10\/Ferran-Llorens-FLICKR-300x200.jpg 300w, https:\/\/cdn1.es.casasrurales.net\/blog\/wp-content\/emp\/blogcasas\/2021\/10\/Ferran-Llorens-FLICKR-768x511.jpg 768w, https:\/\/cdn1.es.casasrurales.net\/blog\/wp-content\/emp\/blogcasas\/2021\/10\/Ferran-Llorens-FLICKR-320x213.jpg 320w\" sizes=\"(max-width: 799px) 100vw, 799px\" \/><\/figure>\n\n\n\n<p>Su historia va de la mano del <strong>Castillo de Florejacs<\/strong>, puesto que se encuentra <strong>dentro del mismo t\u00e9rmino municipal<\/strong>.<\/p>\n\n\n\n<p>A pesar de que su construcci\u00f3n inicial <strong>data del siglo XI,<\/strong> la mayor\u00eda de elementos que lo componen son del siglo XIV.<\/p>\n\n\n\n<p>La misma rama familiar, aunque con diferentes t\u00edtulos nobiliarios, ha sido la encargada de mantenerlo y, en la actualidad, sirve como lugar para<strong> eventos culturales y sociales.<\/strong><\/p>\n\n\n\n<p><\/p>\n\n\n\n<h2><strong>5. CASTILLO DE LES PALLARGUES<\/strong><\/h2>\n\n\n\n<figure class=\"wp-block-image size-large\"><img width=\"800\" height=\"533\" src=\"https:\/\/cdn1.es.casasrurales.net\/blog\/wp-content\/emp\/blogcasas\/2021\/10\/Ramon-Oromi-FLICKR.jpg\" alt=\"\" class=\"wp-image-10046\" srcset=\"https:\/\/cdn1.es.casasrurales.net\/blog\/wp-content\/emp\/blogcasas\/2021\/10\/Ramon-Oromi-FLICKR.jpg 800w, https:\/\/cdn1.es.casasrurales.net\/blog\/wp-content\/emp\/blogcasas\/2021\/10\/Ramon-Oromi-FLICKR-300x200.jpg 300w, https:\/\/cdn1.es.casasrurales.net\/blog\/wp-content\/emp\/blogcasas\/2021\/10\/Ramon-Oromi-FLICKR-768x512.jpg 768w, https:\/\/cdn1.es.casasrurales.net\/blog\/wp-content\/emp\/blogcasas\/2021\/10\/Ramon-Oromi-FLICKR-320x213.jpg 320w\" sizes=\"(max-width: 800px) 100vw, 800px\" \/><\/figure>\n\n\n\n<p>En su inicio, <strong>se alzaba \u00fanicamente una torre<\/strong> defensiva, y con el paso de los a\u00f1os, se fueron<strong> uniendo espacios,<\/strong> hasta convertirse en una casa se\u00f1orial magn\u00edfica.<\/p>\n\n\n\n<p>En su fachada<strong> sobresale el arco g\u00f3tico,<\/strong> con nada<strong> menos que 13 metros <\/strong>de altura, y su interior <strong>guarda un pozo<\/strong> en el que brota el agua, algo imprescindible en la \u00e9poca en caso de asedio al castillo.<\/p>\n\n\n\n<p>Gracias a su rehabilitaci\u00f3n, manteniendo las estructura y elementos originales, el castillo gan\u00f3 el <strong>premio Catalunya Nostra<\/strong>, el cual otorga la Fundaci\u00f3 Castells Culturals de Catalunya.<\/p>\n\n\n\n<p><\/p>\n\n\n\n<h2><strong>6. CASTILLO DE FORN\u00d3S<\/strong><\/h2>\n\n\n\n<figure class=\"wp-block-image size-large\"><img width=\"800\" height=\"600\" src=\"https:\/\/cdn1.es.casasrurales.net\/blog\/wp-content\/emp\/blogcasas\/2021\/10\/PCB75-FLICKR.jpg\" alt=\"\" class=\"wp-image-10045\" srcset=\"https:\/\/cdn1.es.casasrurales.net\/blog\/wp-content\/emp\/blogcasas\/2021\/10\/PCB75-FLICKR.jpg 800w, https:\/\/cdn1.es.casasrurales.net\/blog\/wp-content\/emp\/blogcasas\/2021\/10\/PCB75-FLICKR-300x225.jpg 300w, https:\/\/cdn1.es.casasrurales.net\/blog\/wp-content\/emp\/blogcasas\/2021\/10\/PCB75-FLICKR-768x576.jpg 768w, https:\/\/cdn1.es.casasrurales.net\/blog\/wp-content\/emp\/blogcasas\/2021\/10\/PCB75-FLICKR-156x117.jpg 156w\" sizes=\"(max-width: 800px) 100vw, 800px\" \/><\/figure>\n\n\n\n<p>Era la <strong>residencia de los condes de Urgel <\/strong>y su nombre, en castellano, significa <em><strong>Castillo Hermoso,<\/strong><\/em> y fue construido sobre los restos de una antigua <strong>fortaleza \u00e1rabe del siglo IX,<\/strong> aunque posteriormente, en la Revuelta del Conde de Urgel, fue <strong>destruido <\/strong>en gran parte y, despu\u00e9s, es <strong>reconstruido<\/strong>.<\/p>\n\n\n\n<p>Est\u00e1 situado en la <strong><a rel=\"noreferrer noopener\" href=\"https:\/\/www.casasrurales.net\/casas-rurales\/lleida\/balaguer\" data-type=\"URL\" data-id=\"https:\/\/www.casasrurales.net\/casas-rurales\/lleida\/balaguer\" target=\"_blank\">localidad de Balaguer<\/a><\/strong>, desde donde se puede disfrutar de una preciosa vista desde su zona amurallada.<\/p>\n\n\n\n<p><\/p>\n\n\n\n<h2><strong>7. CASTILLO DE CONCABELLA<\/strong><\/h2>\n\n\n\n<figure class=\"wp-block-image size-large\"><img width=\"800\" height=\"601\" src=\"https:\/\/cdn1.es.casasrurales.net\/blog\/wp-content\/emp\/blogcasas\/2021\/10\/juantiagues-FLICKR.jpg\" alt=\"\" class=\"wp-image-10052\" srcset=\"https:\/\/cdn1.es.casasrurales.net\/blog\/wp-content\/emp\/blogcasas\/2021\/10\/juantiagues-FLICKR.jpg 800w, https:\/\/cdn1.es.casasrurales.net\/blog\/wp-content\/emp\/blogcasas\/2021\/10\/juantiagues-FLICKR-300x225.jpg 300w, https:\/\/cdn1.es.casasrurales.net\/blog\/wp-content\/emp\/blogcasas\/2021\/10\/juantiagues-FLICKR-768x577.jpg 768w, https:\/\/cdn1.es.casasrurales.net\/blog\/wp-content\/emp\/blogcasas\/2021\/10\/juantiagues-FLICKR-156x117.jpg 156w\" sizes=\"(max-width: 800px) 100vw, 800px\" \/><\/figure>\n\n\n\n<p>En la localidad del mismo nombre, dentro del municipio de <strong>Els Plans de Si\u00f3<\/strong> se erige el<strong> castillo m\u00e1s grande<\/strong> de toda la ruta y de la <strong><a href=\"https:\/\/www.casasrurales.net\/casas-rurales\/segarra\" data-type=\"URL\" data-id=\"https:\/\/www.casasrurales.net\/casas-rurales\/segarra\" target=\"_blank\" rel=\"noreferrer noopener\">comarca de Segarra<\/a>,<\/strong> cuyos primeros datos que se conocen son del a\u00f1o 1031.<\/p>\n\n\n\n<p>M\u00e1s tarde el <strong>linaje de los Erill<\/strong> son los responsables de transformarlo en un <strong>palacio<\/strong>, durante el siglo XVI.<\/p>\n\n\n\n<p>Cuenta con su propia <strong>leyenda<\/strong>, en la que se dice que un <strong>barbero de Concabella,<\/strong> en venganza por el derecho de pernada de la \u00e9poca, <strong>mat\u00f3 al noble<\/strong> de turno y acab\u00f3 siendo decapitado, <strong>exponiendo su cabeza<\/strong> junto a la torre del castillo como se\u00f1al de advertencia al resto de la poblaci\u00f3n.<\/p>\n","protected":false},"excerpt":{"rendered":"<p>Esta ruta transcurre a lo largo del r\u00edo Si\u00f3 -de ah\u00ed el origen de su nombre-, en la provincia de Lleida, con castillos situados estrat\u00e9gicamente como puntos defensivos, puesto que el r\u00edo, en su \u00e9poca, serv\u00eda como frontera con Al-Andalus.&hellip; <br \/><a class=\"read-more-button\" href=\"https:\/\/www.casasrurales.net\/blog\/ruta-por-los-castillos-del-sio-en-lleida\">Leer m\u00e1s<\/a><\/p>\n","protected":false},"author":9,"featured_media":10051,"comment_status":"open","ping_status":"open","sticky":false,"template":"","format":"standard","meta":[],"categories":[18],"tags":[50],"_links":{"self":[{"href":"https:\/\/www.casasrurales.net\/blog\/wp-json\/wp\/v2\/posts\/10044"}],"collection":[{"href":"https:\/\/www.casasrurales.net\/blog\/wp-json\/wp\/v2\/posts"}],"about":[{"href":"https:\/\/www.casasrurales.net\/blog\/wp-json\/wp\/v2\/types\/post"}],"author":[{"embeddable":true,"href":"https:\/\/www.casasrurales.net\/blog\/wp-json\/wp\/v2\/users\/9"}],"replies":[{"embeddable":true,"href":"https:\/\/www.casasrurales.net\/blog\/wp-json\/wp\/v2\/comments?post=10044"}],"version-history":[{"count":4,"href":"https:\/\/www.casasrurales.net\/blog\/wp-json\/wp\/v2\/posts\/10044\/revisions"}],"predecessor-version":[{"id":11610,"href":"https:\/\/www.casasrurales.net\/blog\/wp-json\/wp\/v2\/posts\/10044\/revisions\/11610"}],"wp:featuredmedia":[{"embeddable":true,"href":"https:\/\/www.casasrurales.net\/blog\/wp-json\/wp\/v2\/media\/10051"}],"wp:attachment":[{"href":"https:\/\/www.casasrurales.net\/blog\/wp-json\/wp\/v2\/media?parent=10044"}],"wp:term":[{"taxonomy":"category","embeddable":true,"href":"https:\/\/www.casasrurales.net\/blog\/wp-json\/wp\/v2\/categories?post=10044"},{"taxonomy":"post_tag","embeddable":true,"href":"https:\/\/www.casasrurales.net\/blog\/wp-json\/wp\/v2\/tags?post=10044"}],"curies":[{"name":"wp","href":"https:\/\/api.w.org\/{rel}","templated":true}]}}